{"id":4412,"date":"2019-08-22T16:37:34","date_gmt":"2019-08-22T16:37:34","guid":{"rendered":"https:\/\/lesvolcansnews.net\/2019\/08\/22\/basket-ball-demarrage-de-la-coupe-du-congo-sans-le-nord-kivu\/"},"modified":"2019-08-22T16:37:34","modified_gmt":"2019-08-22T16:37:34","slug":"basket-ball-demarrage-de-la-coupe-du-congo-sans-le-nord-kivu","status":"publish","type":"post","link":"https:\/\/lesvolcansnews.net\/?p=4412","title":{"rendered":"Basket-ball : D\u00e9marrage de la coupe du Congo sans le Nord-Kivu."},"content":{"rendered":"<p>R\u00e9unissant les meilleures \u00e9quipes des provinces du pays chez les dames que les hommes, la 36e \u00e9dition de la coupe du Congo de basketball a ouvert ses portes le mercredi 21 ao\u00fbt 2019 au stadium des martyrs de Kinshasa par deux rencontres dans les deux versions.<\/p>\n<p>En premi\u00e8re confrontation les hommes de STPT tenants du titre ont r\u00e9ussi leur entame en dominant DCMP 80 points \u00e0 58 avant le match de dames qui n&#8217;a pas connu son terme suite \u00e0 l&#8217;insuffisance de la lumi\u00e8re au stadium des martyrs.<\/p>\n<p>Vclub et arc en ciel se sont quitt\u00e9 sur le score de 39 \u00e0 43 en attendant la poursuite du duel.<\/p>\n<p>Une comp\u00e9tition qui est suivie de loin maintenant par les ambassadeurs de la province du nord Kivu qui brillent par leur absence pour une 7e ann\u00e9e.<br \/>\nSi dans le pass\u00e9 les tickets de voyage bloquaient les \u00e9quipes, pour cette ann\u00e9e \u00e7a n&#8217;a \u00e9t\u00e9 le cas.<br \/>\nLa ligue de basket-ball du nord Kivu dirig\u00e9e par Th\u00e9o Mushayuma qui a relev\u00e9 d\u00e9fit regrette le non d\u00e9placement de ses repr\u00e9sentants s&#8217;est expliqu\u00e9 Vot\u00e9 Musuhuke deuxi\u00e8me vice-pr\u00e9sident de la Libanoki dans un entretien avec nos confr\u00e8res de totalement sport<br \/>\n\u00ab <em>Les tickets de voyage sont l\u00e0, \u00e7a ne veut pas dire que les moyens sont venus de X ou de Y, c&#8217;est la Ligue qui a disponibilis\u00e9 ses moyens pour faire d\u00e9placer l&#8217;\u00e9quipe mais dommage, elle n&#8217;est pas pr\u00eat<\/em>e \u00bb<br \/>\nVisiblement l&#8217;imbroglio a \u00e9t\u00e9 l&#8217;\u00e9l\u00e9ment cl\u00e9 de cette absence de la promo jeune basket-ball dont ses athl\u00e8tes \u00e9taient dor\u00e9navant \u00e0 l&#8217;a\u00e9roport ce mercredi le 21 ao\u00fbt 2019 pour le p\u00e9riple avant de d\u00e9sister pour un b\u00e9mol que le directeur technique de l&#8217;\u00e9quipe r\u00e9sume en quelques lignes.<br \/>\n\u00ab Notre \u00e9quipe a un souci logistique, \u00e7a veut dire la prise en charge une fois \u00e0 Kinshasa puisquon a introduit la demande de fonds en retard \u00bb<br \/>\nPr\u00e9cisons que l&#8217;Acad\u00e9mie de basket-ball Pjb \u00e9lite de Goma est d\u00e9tentrice du troph\u00e9e provincial dans les deux versions.<br \/>\nGeorges Ben Muhima<\/p>\n","protected":false},"excerpt":{"rendered":"<p>R\u00e9unissant les meilleures \u00e9quipes des provinces du pays chez les dames que les hommes, la 36e \u00e9dition de la coupe du Congo de basketball a ouvert ses portes le mercredi<\/p>\n","protected":false},"author":14,"featured_media":4410,"comment_status":"open","ping_status":"open","sticky":false,"template":"","format":"standard","meta":{"footnotes":""},"categories":[11],"tags":[],"class_list":["post-4412","post","type-post","status-publish","format-standard","has-post-thumbnail","hentry","category-sports"],"yoast_head":"<!-- This site is optimized with the Yoast SEO plugin v27.3 - https:\/\/yoast.com\/product\/yoast-seo-wordpress\/ -->\n<title>Basket-ball : D\u00e9marrage de la coupe du Congo sans le Nord-Kivu. - LES VOLCANS NEWS<\/title>\n<meta name=\"robots\" content=\"index, follow, max-snippet:-1, max-image-preview:large, max-video-preview:-1\" \/>\n<link rel=\"canonical\" href=\"https:\/\/lesvolcansnews.net\/?p=4412\" \/>\n<meta property=\"og:locale\" content=\"fr_FR\" \/>\n<meta property=\"og:type\" content=\"article\" \/>\n<meta property=\"og:title\" content=\"Basket-ball : D\u00e9marrage de la coupe du Congo sans le Nord-Kivu. - LES VOLCANS NEWS\" \/>\n<meta property=\"og:description\" content=\"R\u00e9unissant les meilleures \u00e9quipes des provinces du pays chez les dames que les hommes, la 36e \u00e9dition de la coupe du Congo de basketball a ouvert ses portes le mercredi\" \/>\n<meta property=\"og:url\" content=\"https:\/\/lesvolcansnews.net\/?p=4412\" \/>\n<meta property=\"og:site_name\" content=\"LES VOLCANS NEWS\" \/>\n<meta property=\"article:published_time\" content=\"2019-08-22T16:37:34+00:00\" \/>\n<meta property=\"og:image\" content=\"https:\/\/lesvolcansnews.net\/wp-content\/uploads\/2019\/08\/IMG-20190822-WA0060.jpg\" \/>\n\t<meta property=\"og:image:width\" content=\"474\" \/>\n\t<meta property=\"og:image:height\" content=\"315\" \/>\n\t<meta property=\"og:image:type\" content=\"image\/jpeg\" \/>\n<meta name=\"author\" content=\"R\u00e9daction - Les Volcans News\" \/>\n<meta name=\"twitter:card\" content=\"summary_large_image\" \/>\n<meta name=\"twitter:label1\" content=\"\u00c9crit par\" \/>\n\t<meta name=\"twitter:data1\" content=\"R\u00e9daction - Les Volcans News\" \/>\n\t<meta name=\"twitter:label2\" content=\"Dur\u00e9e de lecture estim\u00e9e\" \/>\n\t<meta name=\"twitter:data2\" content=\"2 minutes\" \/>\n<script type=\"application\/ld+json\" class=\"yoast-schema-graph\">{\"@context\":\"https:\\\/\\\/schema.org\",\"@graph\":[{\"@type\":\"Article\",\"@id\":\"https:\\\/\\\/lesvolcansnews.net\\\/?p=4412#article\",\"isPartOf\":{\"@id\":\"https:\\\/\\\/lesvolcansnews.net\\\/?p=4412\"},\"author\":{\"name\":\"R\u00e9daction - Les Volcans News\",\"@id\":\"https:\\\/\\\/lesvolcansnews.net\\\/#\\\/schema\\\/person\\\/82c8bed2e77879ecf6cca63441f57354\"},\"headline\":\"Basket-ball : D\u00e9marrage de la coupe du Congo sans le Nord-Kivu.\",\"datePublished\":\"2019-08-22T16:37:34+00:00\",\"mainEntityOfPage\":{\"@id\":\"https:\\\/\\\/lesvolcansnews.net\\\/?p=4412\"},\"wordCount\":367,\"commentCount\":0,\"image\":{\"@id\":\"https:\\\/\\\/lesvolcansnews.net\\\/?p=4412#primaryimage\"},\"thumbnailUrl\":\"https:\\\/\\\/lesvolcansnews.net\\\/wp-content\\\/uploads\\\/2019\\\/08\\\/IMG-20190822-WA0060.jpg\",\"articleSection\":[\"SPORTS\"],\"inLanguage\":\"fr-FR\",\"potentialAction\":[{\"@type\":\"CommentAction\",\"name\":\"Comment\",\"target\":[\"https:\\\/\\\/lesvolcansnews.net\\\/?p=4412#respond\"]}]},{\"@type\":\"WebPage\",\"@id\":\"https:\\\/\\\/lesvolcansnews.net\\\/?p=4412\",\"url\":\"https:\\\/\\\/lesvolcansnews.net\\\/?p=4412\",\"name\":\"Basket-ball : D\u00e9marrage de la coupe du Congo sans le Nord-Kivu. - LES VOLCANS NEWS\",\"isPartOf\":{\"@id\":\"https:\\\/\\\/lesvolcansnews.net\\\/#website\"},\"primaryImageOfPage\":{\"@id\":\"https:\\\/\\\/lesvolcansnews.net\\\/?p=4412#primaryimage\"},\"image\":{\"@id\":\"https:\\\/\\\/lesvolcansnews.net\\\/?p=4412#primaryimage\"},\"thumbnailUrl\":\"https:\\\/\\\/lesvolcansnews.net\\\/wp-content\\\/uploads\\\/2019\\\/08\\\/IMG-20190822-WA0060.jpg\",\"datePublished\":\"2019-08-22T16:37:34+00:00\",\"author\":{\"@id\":\"https:\\\/\\\/lesvolcansnews.net\\\/#\\\/schema\\\/person\\\/82c8bed2e77879ecf6cca63441f57354\"},\"breadcrumb\":{\"@id\":\"https:\\\/\\\/lesvolcansnews.net\\\/?p=4412#breadcrumb\"},\"inLanguage\":\"fr-FR\",\"potentialAction\":[{\"@type\":\"ReadAction\",\"target\":[\"https:\\\/\\\/lesvolcansnews.net\\\/?p=4412\"]}]},{\"@type\":\"ImageObject\",\"inLanguage\":\"fr-FR\",\"@id\":\"https:\\\/\\\/lesvolcansnews.net\\\/?p=4412#primaryimage\",\"url\":\"https:\\\/\\\/lesvolcansnews.net\\\/wp-content\\\/uploads\\\/2019\\\/08\\\/IMG-20190822-WA0060.jpg\",\"contentUrl\":\"https:\\\/\\\/lesvolcansnews.net\\\/wp-content\\\/uploads\\\/2019\\\/08\\\/IMG-20190822-WA0060.jpg\",\"width\":474,\"height\":315},{\"@type\":\"BreadcrumbList\",\"@id\":\"https:\\\/\\\/lesvolcansnews.net\\\/?p=4412#breadcrumb\",\"itemListElement\":[{\"@type\":\"ListItem\",\"position\":1,\"name\":\"Accueil\",\"item\":\"https:\\\/\\\/lesvolcansnews.net\\\/\"},{\"@type\":\"ListItem\",\"position\":2,\"name\":\"Basket-ball : D\u00e9marrage de la coupe du Congo sans le Nord-Kivu.\"}]},{\"@type\":\"WebSite\",\"@id\":\"https:\\\/\\\/lesvolcansnews.net\\\/#website\",\"url\":\"https:\\\/\\\/lesvolcansnews.net\\\/\",\"name\":\"LES VOLCANS NEWS\",\"description\":\"L&#039;INFORMATION C&#039;EST NOUS\",\"potentialAction\":[{\"@type\":\"SearchAction\",\"target\":{\"@type\":\"EntryPoint\",\"urlTemplate\":\"https:\\\/\\\/lesvolcansnews.net\\\/?s={search_term_string}\"},\"query-input\":{\"@type\":\"PropertyValueSpecification\",\"valueRequired\":true,\"valueName\":\"search_term_string\"}}],\"inLanguage\":\"fr-FR\"},{\"@type\":\"Person\",\"@id\":\"https:\\\/\\\/lesvolcansnews.net\\\/#\\\/schema\\\/person\\\/82c8bed2e77879ecf6cca63441f57354\",\"name\":\"R\u00e9daction - Les Volcans News\",\"image\":{\"@type\":\"ImageObject\",\"inLanguage\":\"fr-FR\",\"@id\":\"https:\\\/\\\/secure.gravatar.com\\\/avatar\\\/8408942dd851e8a9c09f3d382a661bc05d2b3cd9002139bc1795b9528cdc6c80?s=96&d=mm&r=g\",\"url\":\"https:\\\/\\\/secure.gravatar.com\\\/avatar\\\/8408942dd851e8a9c09f3d382a661bc05d2b3cd9002139bc1795b9528cdc6c80?s=96&d=mm&r=g\",\"contentUrl\":\"https:\\\/\\\/secure.gravatar.com\\\/avatar\\\/8408942dd851e8a9c09f3d382a661bc05d2b3cd9002139bc1795b9528cdc6c80?s=96&d=mm&r=g\",\"caption\":\"R\u00e9daction - Les Volcans News\"},\"url\":\"https:\\\/\\\/lesvolcansnews.net\\\/?author=14\"}]}<\/script>\n<!-- \/ Yoast SEO plugin. -->","yoast_head_json":{"title":"Basket-ball : D\u00e9marrage de la coupe du Congo sans le Nord-Kivu. - LES VOLCANS NEWS","robots":{"index":"index","follow":"follow","max-snippet":"max-snippet:-1","max-image-preview":"max-image-preview:large","max-video-preview":"max-video-preview:-1"},"canonical":"https:\/\/lesvolcansnews.net\/?p=4412","og_locale":"fr_FR","og_type":"article","og_title":"Basket-ball : D\u00e9marrage de la coupe du Congo sans le Nord-Kivu. - LES VOLCANS NEWS","og_description":"R\u00e9unissant les meilleures \u00e9quipes des provinces du pays chez les dames que les hommes, la 36e \u00e9dition de la coupe du Congo de basketball a ouvert ses portes le mercredi","og_url":"https:\/\/lesvolcansnews.net\/?p=4412","og_site_name":"LES VOLCANS NEWS","article_published_time":"2019-08-22T16:37:34+00:00","og_image":[{"width":474,"height":315,"url":"https:\/\/lesvolcansnews.net\/wp-content\/uploads\/2019\/08\/IMG-20190822-WA0060.jpg","type":"image\/jpeg"}],"author":"R\u00e9daction - Les Volcans News","twitter_card":"summary_large_image","twitter_misc":{"\u00c9crit par":"R\u00e9daction - Les Volcans News","Dur\u00e9e de lecture estim\u00e9e":"2 minutes"},"schema":{"@context":"https:\/\/schema.org","@graph":[{"@type":"Article","@id":"https:\/\/lesvolcansnews.net\/?p=4412#article","isPartOf":{"@id":"https:\/\/lesvolcansnews.net\/?p=4412"},"author":{"name":"R\u00e9daction - Les Volcans News","@id":"https:\/\/lesvolcansnews.net\/#\/schema\/person\/82c8bed2e77879ecf6cca63441f57354"},"headline":"Basket-ball : D\u00e9marrage de la coupe du Congo sans le Nord-Kivu.","datePublished":"2019-08-22T16:37:34+00:00","mainEntityOfPage":{"@id":"https:\/\/lesvolcansnews.net\/?p=4412"},"wordCount":367,"commentCount":0,"image":{"@id":"https:\/\/lesvolcansnews.net\/?p=4412#primaryimage"},"thumbnailUrl":"https:\/\/lesvolcansnews.net\/wp-content\/uploads\/2019\/08\/IMG-20190822-WA0060.jpg","articleSection":["SPORTS"],"inLanguage":"fr-FR","potentialAction":[{"@type":"CommentAction","name":"Comment","target":["https:\/\/lesvolcansnews.net\/?p=4412#respond"]}]},{"@type":"WebPage","@id":"https:\/\/lesvolcansnews.net\/?p=4412","url":"https:\/\/lesvolcansnews.net\/?p=4412","name":"Basket-ball : D\u00e9marrage de la coupe du Congo sans le Nord-Kivu. - LES VOLCANS NEWS","isPartOf":{"@id":"https:\/\/lesvolcansnews.net\/#website"},"primaryImageOfPage":{"@id":"https:\/\/lesvolcansnews.net\/?p=4412#primaryimage"},"image":{"@id":"https:\/\/lesvolcansnews.net\/?p=4412#primaryimage"},"thumbnailUrl":"https:\/\/lesvolcansnews.net\/wp-content\/uploads\/2019\/08\/IMG-20190822-WA0060.jpg","datePublished":"2019-08-22T16:37:34+00:00","author":{"@id":"https:\/\/lesvolcansnews.net\/#\/schema\/person\/82c8bed2e77879ecf6cca63441f57354"},"breadcrumb":{"@id":"https:\/\/lesvolcansnews.net\/?p=4412#breadcrumb"},"inLanguage":"fr-FR","potentialAction":[{"@type":"ReadAction","target":["https:\/\/lesvolcansnews.net\/?p=4412"]}]},{"@type":"ImageObject","inLanguage":"fr-FR","@id":"https:\/\/lesvolcansnews.net\/?p=4412#primaryimage","url":"https:\/\/lesvolcansnews.net\/wp-content\/uploads\/2019\/08\/IMG-20190822-WA0060.jpg","contentUrl":"https:\/\/lesvolcansnews.net\/wp-content\/uploads\/2019\/08\/IMG-20190822-WA0060.jpg","width":474,"height":315},{"@type":"BreadcrumbList","@id":"https:\/\/lesvolcansnews.net\/?p=4412#breadcrumb","itemListElement":[{"@type":"ListItem","position":1,"name":"Accueil","item":"https:\/\/lesvolcansnews.net\/"},{"@type":"ListItem","position":2,"name":"Basket-ball : D\u00e9marrage de la coupe du Congo sans le Nord-Kivu."}]},{"@type":"WebSite","@id":"https:\/\/lesvolcansnews.net\/#website","url":"https:\/\/lesvolcansnews.net\/","name":"LES VOLCANS NEWS","description":"L&#039;INFORMATION C&#039;EST NOUS","potentialAction":[{"@type":"SearchAction","target":{"@type":"EntryPoint","urlTemplate":"https:\/\/lesvolcansnews.net\/?s={search_term_string}"},"query-input":{"@type":"PropertyValueSpecification","valueRequired":true,"valueName":"search_term_string"}}],"inLanguage":"fr-FR"},{"@type":"Person","@id":"https:\/\/lesvolcansnews.net\/#\/schema\/person\/82c8bed2e77879ecf6cca63441f57354","name":"R\u00e9daction - Les Volcans News","image":{"@type":"ImageObject","inLanguage":"fr-FR","@id":"https:\/\/secure.gravatar.com\/avatar\/8408942dd851e8a9c09f3d382a661bc05d2b3cd9002139bc1795b9528cdc6c80?s=96&d=mm&r=g","url":"https:\/\/secure.gravatar.com\/avatar\/8408942dd851e8a9c09f3d382a661bc05d2b3cd9002139bc1795b9528cdc6c80?s=96&d=mm&r=g","contentUrl":"https:\/\/secure.gravatar.com\/avatar\/8408942dd851e8a9c09f3d382a661bc05d2b3cd9002139bc1795b9528cdc6c80?s=96&d=mm&r=g","caption":"R\u00e9daction - Les Volcans News"},"url":"https:\/\/lesvolcansnews.net\/?author=14"}]}},"_links":{"self":[{"href":"https:\/\/lesvolcansnews.net\/index.php?rest_route=\/wp\/v2\/posts\/4412","targetHints":{"allow":["GET"]}}],"collection":[{"href":"https:\/\/lesvolcansnews.net\/index.php?rest_route=\/wp\/v2\/posts"}],"about":[{"href":"https:\/\/lesvolcansnews.net\/index.php?rest_route=\/wp\/v2\/types\/post"}],"author":[{"embeddable":true,"href":"https:\/\/lesvolcansnews.net\/index.php?rest_route=\/wp\/v2\/users\/14"}],"replies":[{"embeddable":true,"href":"https:\/\/lesvolcansnews.net\/index.php?rest_route=%2Fwp%2Fv2%2Fcomments&post=4412"}],"version-history":[{"count":0,"href":"https:\/\/lesvolcansnews.net\/index.php?rest_route=\/wp\/v2\/posts\/4412\/revisions"}],"wp:featuredmedia":[{"embeddable":true,"href":"https:\/\/lesvolcansnews.net\/index.php?rest_route=\/wp\/v2\/media\/4410"}],"wp:attachment":[{"href":"https:\/\/lesvolcansnews.net\/index.php?rest_route=%2Fwp%2Fv2%2Fmedia&parent=4412"}],"wp:term":[{"taxonomy":"category","embeddable":true,"href":"https:\/\/lesvolcansnews.net\/index.php?rest_route=%2Fwp%2Fv2%2Fcategories&post=4412"},{"taxonomy":"post_tag","embeddable":true,"href":"https:\/\/lesvolcansnews.net\/index.php?rest_route=%2Fwp%2Fv2%2Ftags&post=4412"}],"curies":[{"name":"wp","href":"https:\/\/api.w.org\/{rel}","templated":true}]}}