{"id":4411,"date":"2019-08-22T16:58:31","date_gmt":"2019-08-22T16:58:31","guid":{"rendered":"https:\/\/lesvolcansnews.net\/?p=4411"},"modified":"2019-08-22T21:53:10","modified_gmt":"2019-08-22T21:53:10","slug":"vodacom-division-1-maniema-union-reussi-son-entree-dans-lelite-face-a-la-js-groupe-bazano","status":"publish","type":"post","link":"https:\/\/lesvolcansnews.net\/?p=4411","title":{"rendered":"Vodacom division 1 :\u00a0 Maniema union r\u00e9ussi son entr\u00e9e dans l&#8217;\u00e9lite face \u00e0 la JS groupe Bazano"},"content":{"rendered":"<p>\u00c9voluant \u00e0 domicile au stade Joseph Kabila de Kindu ce mercredi 21 ao\u00fbt 2019, l&#8217;AS Maniema union a dispos\u00e9 de la jeunesse sportive groupe Bazano de Lubumbashi sur la not\u00e9 de 2-0.<br \/>\nDans cette affiche avanc\u00e9e de la 2e journ\u00e9e, les locaux ont trouv\u00e9 la faille d\u00e8s la 20 minute sur une retourn\u00e9e acrobatique de TEGI Lutonadio.<\/p>\n<p>L&#8217;ancien joueur de l&#8217;AS Dauphin Noir de Goma a repris la tire de Ag\u00e9e Basiala avant d&#8217;\u00eatre imit\u00e9 par Denilson likwela par un but du break.<\/p>\n<p>Les Lushois qui ont pr\u00e9par\u00e9 leur saison en Zambie avec des matchs amicaux n&#8217;ont pas inqui\u00e9t\u00e9 Maniema union qui s&#8217;\u00e9tait servi du tournoi r\u00e9gional de la CECAFA kagame cup au Rwanda pour se mettre en jambe avant toute comp\u00e9tition officielle car l&#8217;\u00e9quipe est engag\u00e9e dans la vodacom division 1 et la coupe de la conf\u00e9d\u00e9ration de la CAF dont son match retour de 32eme de finale est pr\u00e9vu ce week-end \u00e0 kindu contre p\u00e9lican du Gabon.<br \/>\nSa premi\u00e8re victime du championnat national cette saison va continuer son p\u00e9riple puisqu&#8217;elle sera re\u00e7ue par  Nyuki au stade de l&#8217;unit\u00e9 le 27 ao\u00fbt prochain.<\/p>\n<p>Georges ben Muhima<\/p>\n","protected":false},"excerpt":{"rendered":"<p>\u00c9voluant \u00e0 domicile au stade Joseph Kabila de Kindu ce mercredi 21 ao\u00fbt 2019, l&#8217;AS Maniema union a dispos\u00e9 de la jeunesse sportive groupe Bazano de Lubumbashi sur la not\u00e9<\/p>\n","protected":false},"author":14,"featured_media":4418,"comment_status":"open","ping_status":"open","sticky":false,"template":"","format":"standard","meta":{"footnotes":""},"categories":[1],"tags":[],"class_list":["post-4411","post","type-post","status-publish","format-standard","has-post-thumbnail","hentry","category-actualite"],"yoast_head":"<!-- This site is optimized with the Yoast SEO plugin v27.3 - https:\/\/yoast.com\/product\/yoast-seo-wordpress\/ -->\n<title>Vodacom division 1 :\u00a0 Maniema union r\u00e9ussi son entr\u00e9e dans l&#039;\u00e9lite face \u00e0 la JS groupe Bazano - LES VOLCANS NEWS<\/title>\n<meta name=\"robots\" content=\"index, follow, max-snippet:-1, max-image-preview:large, max-video-preview:-1\" \/>\n<link rel=\"canonical\" href=\"https:\/\/lesvolcansnews.net\/?p=4411\" \/>\n<meta property=\"og:locale\" content=\"fr_FR\" \/>\n<meta property=\"og:type\" content=\"article\" \/>\n<meta property=\"og:title\" content=\"Vodacom division 1 :\u00a0 Maniema union r\u00e9ussi son entr\u00e9e dans l&#039;\u00e9lite face \u00e0 la JS groupe Bazano - LES VOLCANS NEWS\" \/>\n<meta property=\"og:description\" content=\"\u00c9voluant \u00e0 domicile au stade Joseph Kabila de Kindu ce mercredi 21 ao\u00fbt 2019, l&#8217;AS Maniema union a dispos\u00e9 de la jeunesse sportive groupe Bazano de Lubumbashi sur la not\u00e9\" \/>\n<meta property=\"og:url\" content=\"https:\/\/lesvolcansnews.net\/?p=4411\" \/>\n<meta property=\"og:site_name\" content=\"LES VOLCANS NEWS\" \/>\n<meta property=\"article:published_time\" content=\"2019-08-22T16:58:31+00:00\" \/>\n<meta property=\"article:modified_time\" content=\"2019-08-22T21:53:10+00:00\" \/>\n<meta property=\"og:image\" content=\"https:\/\/lesvolcansnews.net\/wp-content\/uploads\/2019\/08\/IMG-20190822-WA0063.jpg\" \/>\n\t<meta property=\"og:image:width\" content=\"474\" \/>\n\t<meta property=\"og:image:height\" content=\"266\" \/>\n\t<meta property=\"og:image:type\" content=\"image\/jpeg\" \/>\n<meta name=\"author\" content=\"R\u00e9daction - Les Volcans News\" \/>\n<meta name=\"twitter:card\" content=\"summary_large_image\" \/>\n<meta name=\"twitter:label1\" content=\"\u00c9crit par\" \/>\n\t<meta name=\"twitter:data1\" content=\"R\u00e9daction - Les Volcans News\" \/>\n\t<meta name=\"twitter:label2\" content=\"Dur\u00e9e de lecture estim\u00e9e\" \/>\n\t<meta name=\"twitter:data2\" content=\"1 minute\" \/>\n<script type=\"application\/ld+json\" class=\"yoast-schema-graph\">{\"@context\":\"https:\\\/\\\/schema.org\",\"@graph\":[{\"@type\":\"Article\",\"@id\":\"https:\\\/\\\/lesvolcansnews.net\\\/?p=4411#article\",\"isPartOf\":{\"@id\":\"https:\\\/\\\/lesvolcansnews.net\\\/?p=4411\"},\"author\":{\"name\":\"R\u00e9daction - Les Volcans News\",\"@id\":\"https:\\\/\\\/lesvolcansnews.net\\\/#\\\/schema\\\/person\\\/82c8bed2e77879ecf6cca63441f57354\"},\"headline\":\"Vodacom division 1 :\u00a0 Maniema union r\u00e9ussi son entr\u00e9e dans l&#8217;\u00e9lite face \u00e0 la JS groupe Bazano\",\"datePublished\":\"2019-08-22T16:58:31+00:00\",\"dateModified\":\"2019-08-22T21:53:10+00:00\",\"mainEntityOfPage\":{\"@id\":\"https:\\\/\\\/lesvolcansnews.net\\\/?p=4411\"},\"wordCount\":225,\"commentCount\":0,\"image\":{\"@id\":\"https:\\\/\\\/lesvolcansnews.net\\\/?p=4411#primaryimage\"},\"thumbnailUrl\":\"https:\\\/\\\/lesvolcansnews.net\\\/wp-content\\\/uploads\\\/2019\\\/08\\\/IMG-20190822-WA0063.jpg\",\"articleSection\":[\"ACTUALIT\u00c9\"],\"inLanguage\":\"fr-FR\",\"potentialAction\":[{\"@type\":\"CommentAction\",\"name\":\"Comment\",\"target\":[\"https:\\\/\\\/lesvolcansnews.net\\\/?p=4411#respond\"]}]},{\"@type\":\"WebPage\",\"@id\":\"https:\\\/\\\/lesvolcansnews.net\\\/?p=4411\",\"url\":\"https:\\\/\\\/lesvolcansnews.net\\\/?p=4411\",\"name\":\"Vodacom division 1 :\u00a0 Maniema union r\u00e9ussi son entr\u00e9e dans l'\u00e9lite face \u00e0 la JS groupe Bazano - LES VOLCANS NEWS\",\"isPartOf\":{\"@id\":\"https:\\\/\\\/lesvolcansnews.net\\\/#website\"},\"primaryImageOfPage\":{\"@id\":\"https:\\\/\\\/lesvolcansnews.net\\\/?p=4411#primaryimage\"},\"image\":{\"@id\":\"https:\\\/\\\/lesvolcansnews.net\\\/?p=4411#primaryimage\"},\"thumbnailUrl\":\"https:\\\/\\\/lesvolcansnews.net\\\/wp-content\\\/uploads\\\/2019\\\/08\\\/IMG-20190822-WA0063.jpg\",\"datePublished\":\"2019-08-22T16:58:31+00:00\",\"dateModified\":\"2019-08-22T21:53:10+00:00\",\"author\":{\"@id\":\"https:\\\/\\\/lesvolcansnews.net\\\/#\\\/schema\\\/person\\\/82c8bed2e77879ecf6cca63441f57354\"},\"breadcrumb\":{\"@id\":\"https:\\\/\\\/lesvolcansnews.net\\\/?p=4411#breadcrumb\"},\"inLanguage\":\"fr-FR\",\"potentialAction\":[{\"@type\":\"ReadAction\",\"target\":[\"https:\\\/\\\/lesvolcansnews.net\\\/?p=4411\"]}]},{\"@type\":\"ImageObject\",\"inLanguage\":\"fr-FR\",\"@id\":\"https:\\\/\\\/lesvolcansnews.net\\\/?p=4411#primaryimage\",\"url\":\"https:\\\/\\\/lesvolcansnews.net\\\/wp-content\\\/uploads\\\/2019\\\/08\\\/IMG-20190822-WA0063.jpg\",\"contentUrl\":\"https:\\\/\\\/lesvolcansnews.net\\\/wp-content\\\/uploads\\\/2019\\\/08\\\/IMG-20190822-WA0063.jpg\",\"width\":474,\"height\":266},{\"@type\":\"BreadcrumbList\",\"@id\":\"https:\\\/\\\/lesvolcansnews.net\\\/?p=4411#breadcrumb\",\"itemListElement\":[{\"@type\":\"ListItem\",\"position\":1,\"name\":\"Accueil\",\"item\":\"https:\\\/\\\/lesvolcansnews.net\\\/\"},{\"@type\":\"ListItem\",\"position\":2,\"name\":\"Vodacom division 1 :\u00a0 Maniema union r\u00e9ussi son entr\u00e9e dans l&#8217;\u00e9lite face \u00e0 la JS groupe Bazano\"}]},{\"@type\":\"WebSite\",\"@id\":\"https:\\\/\\\/lesvolcansnews.net\\\/#website\",\"url\":\"https:\\\/\\\/lesvolcansnews.net\\\/\",\"name\":\"LES VOLCANS NEWS\",\"description\":\"L&#039;INFORMATION C&#039;EST NOUS\",\"potentialAction\":[{\"@type\":\"SearchAction\",\"target\":{\"@type\":\"EntryPoint\",\"urlTemplate\":\"https:\\\/\\\/lesvolcansnews.net\\\/?s={search_term_string}\"},\"query-input\":{\"@type\":\"PropertyValueSpecification\",\"valueRequired\":true,\"valueName\":\"search_term_string\"}}],\"inLanguage\":\"fr-FR\"},{\"@type\":\"Person\",\"@id\":\"https:\\\/\\\/lesvolcansnews.net\\\/#\\\/schema\\\/person\\\/82c8bed2e77879ecf6cca63441f57354\",\"name\":\"R\u00e9daction - Les Volcans News\",\"image\":{\"@type\":\"ImageObject\",\"inLanguage\":\"fr-FR\",\"@id\":\"https:\\\/\\\/secure.gravatar.com\\\/avatar\\\/8408942dd851e8a9c09f3d382a661bc05d2b3cd9002139bc1795b9528cdc6c80?s=96&d=mm&r=g\",\"url\":\"https:\\\/\\\/secure.gravatar.com\\\/avatar\\\/8408942dd851e8a9c09f3d382a661bc05d2b3cd9002139bc1795b9528cdc6c80?s=96&d=mm&r=g\",\"contentUrl\":\"https:\\\/\\\/secure.gravatar.com\\\/avatar\\\/8408942dd851e8a9c09f3d382a661bc05d2b3cd9002139bc1795b9528cdc6c80?s=96&d=mm&r=g\",\"caption\":\"R\u00e9daction - Les Volcans News\"},\"url\":\"https:\\\/\\\/lesvolcansnews.net\\\/?author=14\"}]}<\/script>\n<!-- \/ Yoast SEO plugin. -->","yoast_head_json":{"title":"Vodacom division 1 :\u00a0 Maniema union r\u00e9ussi son entr\u00e9e dans l'\u00e9lite face \u00e0 la JS groupe Bazano - LES VOLCANS NEWS","robots":{"index":"index","follow":"follow","max-snippet":"max-snippet:-1","max-image-preview":"max-image-preview:large","max-video-preview":"max-video-preview:-1"},"canonical":"https:\/\/lesvolcansnews.net\/?p=4411","og_locale":"fr_FR","og_type":"article","og_title":"Vodacom division 1 :\u00a0 Maniema union r\u00e9ussi son entr\u00e9e dans l'\u00e9lite face \u00e0 la JS groupe Bazano - LES VOLCANS NEWS","og_description":"\u00c9voluant \u00e0 domicile au stade Joseph Kabila de Kindu ce mercredi 21 ao\u00fbt 2019, l&#8217;AS Maniema union a dispos\u00e9 de la jeunesse sportive groupe Bazano de Lubumbashi sur la not\u00e9","og_url":"https:\/\/lesvolcansnews.net\/?p=4411","og_site_name":"LES VOLCANS NEWS","article_published_time":"2019-08-22T16:58:31+00:00","article_modified_time":"2019-08-22T21:53:10+00:00","og_image":[{"width":474,"height":266,"url":"https:\/\/lesvolcansnews.net\/wp-content\/uploads\/2019\/08\/IMG-20190822-WA0063.jpg","type":"image\/jpeg"}],"author":"R\u00e9daction - Les Volcans News","twitter_card":"summary_large_image","twitter_misc":{"\u00c9crit par":"R\u00e9daction - Les Volcans News","Dur\u00e9e de lecture estim\u00e9e":"1 minute"},"schema":{"@context":"https:\/\/schema.org","@graph":[{"@type":"Article","@id":"https:\/\/lesvolcansnews.net\/?p=4411#article","isPartOf":{"@id":"https:\/\/lesvolcansnews.net\/?p=4411"},"author":{"name":"R\u00e9daction - Les Volcans News","@id":"https:\/\/lesvolcansnews.net\/#\/schema\/person\/82c8bed2e77879ecf6cca63441f57354"},"headline":"Vodacom division 1 :\u00a0 Maniema union r\u00e9ussi son entr\u00e9e dans l&#8217;\u00e9lite face \u00e0 la JS groupe Bazano","datePublished":"2019-08-22T16:58:31+00:00","dateModified":"2019-08-22T21:53:10+00:00","mainEntityOfPage":{"@id":"https:\/\/lesvolcansnews.net\/?p=4411"},"wordCount":225,"commentCount":0,"image":{"@id":"https:\/\/lesvolcansnews.net\/?p=4411#primaryimage"},"thumbnailUrl":"https:\/\/lesvolcansnews.net\/wp-content\/uploads\/2019\/08\/IMG-20190822-WA0063.jpg","articleSection":["ACTUALIT\u00c9"],"inLanguage":"fr-FR","potentialAction":[{"@type":"CommentAction","name":"Comment","target":["https:\/\/lesvolcansnews.net\/?p=4411#respond"]}]},{"@type":"WebPage","@id":"https:\/\/lesvolcansnews.net\/?p=4411","url":"https:\/\/lesvolcansnews.net\/?p=4411","name":"Vodacom division 1 :\u00a0 Maniema union r\u00e9ussi son entr\u00e9e dans l'\u00e9lite face \u00e0 la JS groupe Bazano - LES VOLCANS NEWS","isPartOf":{"@id":"https:\/\/lesvolcansnews.net\/#website"},"primaryImageOfPage":{"@id":"https:\/\/lesvolcansnews.net\/?p=4411#primaryimage"},"image":{"@id":"https:\/\/lesvolcansnews.net\/?p=4411#primaryimage"},"thumbnailUrl":"https:\/\/lesvolcansnews.net\/wp-content\/uploads\/2019\/08\/IMG-20190822-WA0063.jpg","datePublished":"2019-08-22T16:58:31+00:00","dateModified":"2019-08-22T21:53:10+00:00","author":{"@id":"https:\/\/lesvolcansnews.net\/#\/schema\/person\/82c8bed2e77879ecf6cca63441f57354"},"breadcrumb":{"@id":"https:\/\/lesvolcansnews.net\/?p=4411#breadcrumb"},"inLanguage":"fr-FR","potentialAction":[{"@type":"ReadAction","target":["https:\/\/lesvolcansnews.net\/?p=4411"]}]},{"@type":"ImageObject","inLanguage":"fr-FR","@id":"https:\/\/lesvolcansnews.net\/?p=4411#primaryimage","url":"https:\/\/lesvolcansnews.net\/wp-content\/uploads\/2019\/08\/IMG-20190822-WA0063.jpg","contentUrl":"https:\/\/lesvolcansnews.net\/wp-content\/uploads\/2019\/08\/IMG-20190822-WA0063.jpg","width":474,"height":266},{"@type":"BreadcrumbList","@id":"https:\/\/lesvolcansnews.net\/?p=4411#breadcrumb","itemListElement":[{"@type":"ListItem","position":1,"name":"Accueil","item":"https:\/\/lesvolcansnews.net\/"},{"@type":"ListItem","position":2,"name":"Vodacom division 1 :\u00a0 Maniema union r\u00e9ussi son entr\u00e9e dans l&#8217;\u00e9lite face \u00e0 la JS groupe Bazano"}]},{"@type":"WebSite","@id":"https:\/\/lesvolcansnews.net\/#website","url":"https:\/\/lesvolcansnews.net\/","name":"LES VOLCANS NEWS","description":"L&#039;INFORMATION C&#039;EST NOUS","potentialAction":[{"@type":"SearchAction","target":{"@type":"EntryPoint","urlTemplate":"https:\/\/lesvolcansnews.net\/?s={search_term_string}"},"query-input":{"@type":"PropertyValueSpecification","valueRequired":true,"valueName":"search_term_string"}}],"inLanguage":"fr-FR"},{"@type":"Person","@id":"https:\/\/lesvolcansnews.net\/#\/schema\/person\/82c8bed2e77879ecf6cca63441f57354","name":"R\u00e9daction - Les Volcans News","image":{"@type":"ImageObject","inLanguage":"fr-FR","@id":"https:\/\/secure.gravatar.com\/avatar\/8408942dd851e8a9c09f3d382a661bc05d2b3cd9002139bc1795b9528cdc6c80?s=96&d=mm&r=g","url":"https:\/\/secure.gravatar.com\/avatar\/8408942dd851e8a9c09f3d382a661bc05d2b3cd9002139bc1795b9528cdc6c80?s=96&d=mm&r=g","contentUrl":"https:\/\/secure.gravatar.com\/avatar\/8408942dd851e8a9c09f3d382a661bc05d2b3cd9002139bc1795b9528cdc6c80?s=96&d=mm&r=g","caption":"R\u00e9daction - Les Volcans News"},"url":"https:\/\/lesvolcansnews.net\/?author=14"}]}},"_links":{"self":[{"href":"https:\/\/lesvolcansnews.net\/index.php?rest_route=\/wp\/v2\/posts\/4411","targetHints":{"allow":["GET"]}}],"collection":[{"href":"https:\/\/lesvolcansnews.net\/index.php?rest_route=\/wp\/v2\/posts"}],"about":[{"href":"https:\/\/lesvolcansnews.net\/index.php?rest_route=\/wp\/v2\/types\/post"}],"author":[{"embeddable":true,"href":"https:\/\/lesvolcansnews.net\/index.php?rest_route=\/wp\/v2\/users\/14"}],"replies":[{"embeddable":true,"href":"https:\/\/lesvolcansnews.net\/index.php?rest_route=%2Fwp%2Fv2%2Fcomments&post=4411"}],"version-history":[{"count":1,"href":"https:\/\/lesvolcansnews.net\/index.php?rest_route=\/wp\/v2\/posts\/4411\/revisions"}],"predecessor-version":[{"id":4419,"href":"https:\/\/lesvolcansnews.net\/index.php?rest_route=\/wp\/v2\/posts\/4411\/revisions\/4419"}],"wp:featuredmedia":[{"embeddable":true,"href":"https:\/\/lesvolcansnews.net\/index.php?rest_route=\/wp\/v2\/media\/4418"}],"wp:attachment":[{"href":"https:\/\/lesvolcansnews.net\/index.php?rest_route=%2Fwp%2Fv2%2Fmedia&parent=4411"}],"wp:term":[{"taxonomy":"category","embeddable":true,"href":"https:\/\/lesvolcansnews.net\/index.php?rest_route=%2Fwp%2Fv2%2Fcategories&post=4411"},{"taxonomy":"post_tag","embeddable":true,"href":"https:\/\/lesvolcansnews.net\/index.php?rest_route=%2Fwp%2Fv2%2Ftags&post=4411"}],"curies":[{"name":"wp","href":"https:\/\/api.w.org\/{rel}","templated":true}]}}