{"id":4409,"date":"2019-08-22T12:27:16","date_gmt":"2019-08-22T12:27:16","guid":{"rendered":"https:\/\/lesvolcansnews.net\/2019\/08\/22\/les-mouvements-citoyens-rendent-un-dernier-hommage-a-jean-claude-tue-des-presumes-policiers\/"},"modified":"2019-08-22T12:27:16","modified_gmt":"2019-08-22T12:27:16","slug":"les-mouvements-citoyens-rendent-un-dernier-hommage-a-jean-claude-tue-des-presumes-policiers","status":"publish","type":"post","link":"https:\/\/lesvolcansnews.net\/?p=4409","title":{"rendered":"les mouvements citoyens rendent  un dernier hommage \u00e0 Jean Claude tu\u00e9 des pr\u00e9sum\u00e9s policiers"},"content":{"rendered":"<p>Depuis la matin\u00e9e du jeudi le 22 ao\u00fbt 2019, des membres des mouvements pro-d\u00e9mocratie, les jeunes du parlement des jeunes  et les \u00e9tudiants de Goma sont depuis ce matin rendus \u00e0 la morgue de l\u2019h\u00f4pital g\u00e9n\u00e9ral de la ville pour r\u00e9cup\u00e9rer le corps du jeune de 23ans d\u00e9c\u00e9d\u00e9 selon eux par balles des pr\u00e9sum\u00e9s policiers  et les autres par les bandits, dans la nuit du mardi 20 ao\u00fbt dernier.<\/p>\n<p>Avec plusieurs autres jeunes et chantres de mouvement des petits chanteurs, ont accompagn\u00e9 le cort\u00e8ge fun\u00e8bre jusque au domicile du d\u00e9funt avant la paroisse bienheureuse Anuarite  lieu de la messe dite par l&#8217;abb\u00e9 Jacques Letakamba chancelier de l&#8217;\u00e9v\u00eaque de Goma.<\/p>\n<p>Selon M.Jay le Coq du mouvement Filimbi, a part sa qualit\u00e9 de jeune, Jean Claude \u00e9tait militant contre la violation des droits humains. &#8220;Il \u00e9tait plusieurs fois dans les rencontres pour partager id\u00e9e avec les autres. Dans avait beaucoup d&#8217;ambitions et des r\u00eaves&#8221; a-t-il regrett\u00e9 avant de condamner cette tuerie. &#8220;c&#8217;est inconcevable que la police sens\u00e9e s\u00e9curiser les gens soit encore actes d&#8217;escroqueries et d&#8217;assassinats.&#8221;<\/p>\n<p>Malgr\u00e9 les suspicions sur les circonstances de son d\u00e9c\u00e8s, les mouvements citoyens et le parlement des jeunes du Nord-Kivu exigent des enqu\u00eates approfondies pour d\u00e9nicher les auteurs de cette tuerie.<\/p>\n<p>Gabriel KASHUGUSHU<\/p>\n<p><!--more--><\/p>\n","protected":false},"excerpt":{"rendered":"<p>Depuis la matin\u00e9e du jeudi le 22 ao\u00fbt 2019, des membres des mouvements pro-d\u00e9mocratie, les jeunes du parlement des jeunes et les \u00e9tudiants de Goma sont depuis ce matin rendus<\/p>\n","protected":false},"author":14,"featured_media":4408,"comment_status":"open","ping_status":"open","sticky":false,"template":"","format":"standard","meta":{"footnotes":""},"categories":[9],"tags":[],"class_list":["post-4409","post","type-post","status-publish","format-standard","has-post-thumbnail","hentry","category-societe"],"yoast_head":"<!-- This site is optimized with the Yoast SEO plugin v27.3 - https:\/\/yoast.com\/product\/yoast-seo-wordpress\/ -->\n<title>les mouvements citoyens rendent un dernier hommage \u00e0 Jean Claude tu\u00e9 des pr\u00e9sum\u00e9s policiers - LES VOLCANS NEWS<\/title>\n<meta name=\"robots\" content=\"index, follow, max-snippet:-1, max-image-preview:large, max-video-preview:-1\" \/>\n<link rel=\"canonical\" href=\"https:\/\/lesvolcansnews.net\/?p=4409\" \/>\n<meta property=\"og:locale\" content=\"fr_FR\" \/>\n<meta property=\"og:type\" content=\"article\" \/>\n<meta property=\"og:title\" content=\"les mouvements citoyens rendent un dernier hommage \u00e0 Jean Claude tu\u00e9 des pr\u00e9sum\u00e9s policiers - LES VOLCANS NEWS\" \/>\n<meta property=\"og:description\" content=\"Depuis la matin\u00e9e du jeudi le 22 ao\u00fbt 2019, des membres des mouvements pro-d\u00e9mocratie, les jeunes du parlement des jeunes et les \u00e9tudiants de Goma sont depuis ce matin rendus\" \/>\n<meta property=\"og:url\" content=\"https:\/\/lesvolcansnews.net\/?p=4409\" \/>\n<meta property=\"og:site_name\" content=\"LES VOLCANS NEWS\" \/>\n<meta property=\"article:published_time\" content=\"2019-08-22T12:27:16+00:00\" \/>\n<meta property=\"og:image\" content=\"https:\/\/lesvolcansnews.net\/wp-content\/uploads\/2019\/08\/IMG_0033.jpg\" \/>\n\t<meta property=\"og:image:width\" content=\"1024\" \/>\n\t<meta property=\"og:image:height\" content=\"683\" \/>\n\t<meta property=\"og:image:type\" content=\"image\/jpeg\" \/>\n<meta name=\"author\" content=\"R\u00e9daction - Les Volcans News\" \/>\n<meta name=\"twitter:card\" content=\"summary_large_image\" \/>\n<meta name=\"twitter:label1\" content=\"\u00c9crit par\" \/>\n\t<meta name=\"twitter:data1\" content=\"R\u00e9daction - Les Volcans News\" \/>\n\t<meta name=\"twitter:label2\" content=\"Dur\u00e9e de lecture estim\u00e9e\" \/>\n\t<meta name=\"twitter:data2\" content=\"1 minute\" \/>\n<script type=\"application\/ld+json\" class=\"yoast-schema-graph\">{\"@context\":\"https:\\\/\\\/schema.org\",\"@graph\":[{\"@type\":\"Article\",\"@id\":\"https:\\\/\\\/lesvolcansnews.net\\\/?p=4409#article\",\"isPartOf\":{\"@id\":\"https:\\\/\\\/lesvolcansnews.net\\\/?p=4409\"},\"author\":{\"name\":\"R\u00e9daction - Les Volcans News\",\"@id\":\"https:\\\/\\\/lesvolcansnews.net\\\/#\\\/schema\\\/person\\\/82c8bed2e77879ecf6cca63441f57354\"},\"headline\":\"les mouvements citoyens rendent un dernier hommage \u00e0 Jean Claude tu\u00e9 des pr\u00e9sum\u00e9s policiers\",\"datePublished\":\"2019-08-22T12:27:16+00:00\",\"mainEntityOfPage\":{\"@id\":\"https:\\\/\\\/lesvolcansnews.net\\\/?p=4409\"},\"wordCount\":250,\"commentCount\":0,\"image\":{\"@id\":\"https:\\\/\\\/lesvolcansnews.net\\\/?p=4409#primaryimage\"},\"thumbnailUrl\":\"https:\\\/\\\/lesvolcansnews.net\\\/wp-content\\\/uploads\\\/2019\\\/08\\\/IMG_0033.jpg\",\"articleSection\":[\"SOCIET\u00c9\"],\"inLanguage\":\"fr-FR\",\"potentialAction\":[{\"@type\":\"CommentAction\",\"name\":\"Comment\",\"target\":[\"https:\\\/\\\/lesvolcansnews.net\\\/?p=4409#respond\"]}]},{\"@type\":\"WebPage\",\"@id\":\"https:\\\/\\\/lesvolcansnews.net\\\/?p=4409\",\"url\":\"https:\\\/\\\/lesvolcansnews.net\\\/?p=4409\",\"name\":\"les mouvements citoyens rendent un dernier hommage \u00e0 Jean Claude tu\u00e9 des pr\u00e9sum\u00e9s policiers - LES VOLCANS NEWS\",\"isPartOf\":{\"@id\":\"https:\\\/\\\/lesvolcansnews.net\\\/#website\"},\"primaryImageOfPage\":{\"@id\":\"https:\\\/\\\/lesvolcansnews.net\\\/?p=4409#primaryimage\"},\"image\":{\"@id\":\"https:\\\/\\\/lesvolcansnews.net\\\/?p=4409#primaryimage\"},\"thumbnailUrl\":\"https:\\\/\\\/lesvolcansnews.net\\\/wp-content\\\/uploads\\\/2019\\\/08\\\/IMG_0033.jpg\",\"datePublished\":\"2019-08-22T12:27:16+00:00\",\"author\":{\"@id\":\"https:\\\/\\\/lesvolcansnews.net\\\/#\\\/schema\\\/person\\\/82c8bed2e77879ecf6cca63441f57354\"},\"breadcrumb\":{\"@id\":\"https:\\\/\\\/lesvolcansnews.net\\\/?p=4409#breadcrumb\"},\"inLanguage\":\"fr-FR\",\"potentialAction\":[{\"@type\":\"ReadAction\",\"target\":[\"https:\\\/\\\/lesvolcansnews.net\\\/?p=4409\"]}]},{\"@type\":\"ImageObject\",\"inLanguage\":\"fr-FR\",\"@id\":\"https:\\\/\\\/lesvolcansnews.net\\\/?p=4409#primaryimage\",\"url\":\"https:\\\/\\\/lesvolcansnews.net\\\/wp-content\\\/uploads\\\/2019\\\/08\\\/IMG_0033.jpg\",\"contentUrl\":\"https:\\\/\\\/lesvolcansnews.net\\\/wp-content\\\/uploads\\\/2019\\\/08\\\/IMG_0033.jpg\",\"width\":1024,\"height\":683},{\"@type\":\"BreadcrumbList\",\"@id\":\"https:\\\/\\\/lesvolcansnews.net\\\/?p=4409#breadcrumb\",\"itemListElement\":[{\"@type\":\"ListItem\",\"position\":1,\"name\":\"Accueil\",\"item\":\"https:\\\/\\\/lesvolcansnews.net\\\/\"},{\"@type\":\"ListItem\",\"position\":2,\"name\":\"les mouvements citoyens rendent un dernier hommage \u00e0 Jean Claude tu\u00e9 des pr\u00e9sum\u00e9s policiers\"}]},{\"@type\":\"WebSite\",\"@id\":\"https:\\\/\\\/lesvolcansnews.net\\\/#website\",\"url\":\"https:\\\/\\\/lesvolcansnews.net\\\/\",\"name\":\"LES VOLCANS NEWS\",\"description\":\"L&#039;INFORMATION C&#039;EST NOUS\",\"potentialAction\":[{\"@type\":\"SearchAction\",\"target\":{\"@type\":\"EntryPoint\",\"urlTemplate\":\"https:\\\/\\\/lesvolcansnews.net\\\/?s={search_term_string}\"},\"query-input\":{\"@type\":\"PropertyValueSpecification\",\"valueRequired\":true,\"valueName\":\"search_term_string\"}}],\"inLanguage\":\"fr-FR\"},{\"@type\":\"Person\",\"@id\":\"https:\\\/\\\/lesvolcansnews.net\\\/#\\\/schema\\\/person\\\/82c8bed2e77879ecf6cca63441f57354\",\"name\":\"R\u00e9daction - Les Volcans News\",\"image\":{\"@type\":\"ImageObject\",\"inLanguage\":\"fr-FR\",\"@id\":\"https:\\\/\\\/secure.gravatar.com\\\/avatar\\\/8408942dd851e8a9c09f3d382a661bc05d2b3cd9002139bc1795b9528cdc6c80?s=96&d=mm&r=g\",\"url\":\"https:\\\/\\\/secure.gravatar.com\\\/avatar\\\/8408942dd851e8a9c09f3d382a661bc05d2b3cd9002139bc1795b9528cdc6c80?s=96&d=mm&r=g\",\"contentUrl\":\"https:\\\/\\\/secure.gravatar.com\\\/avatar\\\/8408942dd851e8a9c09f3d382a661bc05d2b3cd9002139bc1795b9528cdc6c80?s=96&d=mm&r=g\",\"caption\":\"R\u00e9daction - Les Volcans News\"},\"url\":\"https:\\\/\\\/lesvolcansnews.net\\\/?author=14\"}]}<\/script>\n<!-- \/ Yoast SEO plugin. -->","yoast_head_json":{"title":"les mouvements citoyens rendent un dernier hommage \u00e0 Jean Claude tu\u00e9 des pr\u00e9sum\u00e9s policiers - LES VOLCANS NEWS","robots":{"index":"index","follow":"follow","max-snippet":"max-snippet:-1","max-image-preview":"max-image-preview:large","max-video-preview":"max-video-preview:-1"},"canonical":"https:\/\/lesvolcansnews.net\/?p=4409","og_locale":"fr_FR","og_type":"article","og_title":"les mouvements citoyens rendent un dernier hommage \u00e0 Jean Claude tu\u00e9 des pr\u00e9sum\u00e9s policiers - LES VOLCANS NEWS","og_description":"Depuis la matin\u00e9e du jeudi le 22 ao\u00fbt 2019, des membres des mouvements pro-d\u00e9mocratie, les jeunes du parlement des jeunes et les \u00e9tudiants de Goma sont depuis ce matin rendus","og_url":"https:\/\/lesvolcansnews.net\/?p=4409","og_site_name":"LES VOLCANS NEWS","article_published_time":"2019-08-22T12:27:16+00:00","og_image":[{"width":1024,"height":683,"url":"https:\/\/lesvolcansnews.net\/wp-content\/uploads\/2019\/08\/IMG_0033.jpg","type":"image\/jpeg"}],"author":"R\u00e9daction - Les Volcans News","twitter_card":"summary_large_image","twitter_misc":{"\u00c9crit par":"R\u00e9daction - Les Volcans News","Dur\u00e9e de lecture estim\u00e9e":"1 minute"},"schema":{"@context":"https:\/\/schema.org","@graph":[{"@type":"Article","@id":"https:\/\/lesvolcansnews.net\/?p=4409#article","isPartOf":{"@id":"https:\/\/lesvolcansnews.net\/?p=4409"},"author":{"name":"R\u00e9daction - Les Volcans News","@id":"https:\/\/lesvolcansnews.net\/#\/schema\/person\/82c8bed2e77879ecf6cca63441f57354"},"headline":"les mouvements citoyens rendent un dernier hommage \u00e0 Jean Claude tu\u00e9 des pr\u00e9sum\u00e9s policiers","datePublished":"2019-08-22T12:27:16+00:00","mainEntityOfPage":{"@id":"https:\/\/lesvolcansnews.net\/?p=4409"},"wordCount":250,"commentCount":0,"image":{"@id":"https:\/\/lesvolcansnews.net\/?p=4409#primaryimage"},"thumbnailUrl":"https:\/\/lesvolcansnews.net\/wp-content\/uploads\/2019\/08\/IMG_0033.jpg","articleSection":["SOCIET\u00c9"],"inLanguage":"fr-FR","potentialAction":[{"@type":"CommentAction","name":"Comment","target":["https:\/\/lesvolcansnews.net\/?p=4409#respond"]}]},{"@type":"WebPage","@id":"https:\/\/lesvolcansnews.net\/?p=4409","url":"https:\/\/lesvolcansnews.net\/?p=4409","name":"les mouvements citoyens rendent un dernier hommage \u00e0 Jean Claude tu\u00e9 des pr\u00e9sum\u00e9s policiers - LES VOLCANS NEWS","isPartOf":{"@id":"https:\/\/lesvolcansnews.net\/#website"},"primaryImageOfPage":{"@id":"https:\/\/lesvolcansnews.net\/?p=4409#primaryimage"},"image":{"@id":"https:\/\/lesvolcansnews.net\/?p=4409#primaryimage"},"thumbnailUrl":"https:\/\/lesvolcansnews.net\/wp-content\/uploads\/2019\/08\/IMG_0033.jpg","datePublished":"2019-08-22T12:27:16+00:00","author":{"@id":"https:\/\/lesvolcansnews.net\/#\/schema\/person\/82c8bed2e77879ecf6cca63441f57354"},"breadcrumb":{"@id":"https:\/\/lesvolcansnews.net\/?p=4409#breadcrumb"},"inLanguage":"fr-FR","potentialAction":[{"@type":"ReadAction","target":["https:\/\/lesvolcansnews.net\/?p=4409"]}]},{"@type":"ImageObject","inLanguage":"fr-FR","@id":"https:\/\/lesvolcansnews.net\/?p=4409#primaryimage","url":"https:\/\/lesvolcansnews.net\/wp-content\/uploads\/2019\/08\/IMG_0033.jpg","contentUrl":"https:\/\/lesvolcansnews.net\/wp-content\/uploads\/2019\/08\/IMG_0033.jpg","width":1024,"height":683},{"@type":"BreadcrumbList","@id":"https:\/\/lesvolcansnews.net\/?p=4409#breadcrumb","itemListElement":[{"@type":"ListItem","position":1,"name":"Accueil","item":"https:\/\/lesvolcansnews.net\/"},{"@type":"ListItem","position":2,"name":"les mouvements citoyens rendent un dernier hommage \u00e0 Jean Claude tu\u00e9 des pr\u00e9sum\u00e9s policiers"}]},{"@type":"WebSite","@id":"https:\/\/lesvolcansnews.net\/#website","url":"https:\/\/lesvolcansnews.net\/","name":"LES VOLCANS NEWS","description":"L&#039;INFORMATION C&#039;EST NOUS","potentialAction":[{"@type":"SearchAction","target":{"@type":"EntryPoint","urlTemplate":"https:\/\/lesvolcansnews.net\/?s={search_term_string}"},"query-input":{"@type":"PropertyValueSpecification","valueRequired":true,"valueName":"search_term_string"}}],"inLanguage":"fr-FR"},{"@type":"Person","@id":"https:\/\/lesvolcansnews.net\/#\/schema\/person\/82c8bed2e77879ecf6cca63441f57354","name":"R\u00e9daction - Les Volcans News","image":{"@type":"ImageObject","inLanguage":"fr-FR","@id":"https:\/\/secure.gravatar.com\/avatar\/8408942dd851e8a9c09f3d382a661bc05d2b3cd9002139bc1795b9528cdc6c80?s=96&d=mm&r=g","url":"https:\/\/secure.gravatar.com\/avatar\/8408942dd851e8a9c09f3d382a661bc05d2b3cd9002139bc1795b9528cdc6c80?s=96&d=mm&r=g","contentUrl":"https:\/\/secure.gravatar.com\/avatar\/8408942dd851e8a9c09f3d382a661bc05d2b3cd9002139bc1795b9528cdc6c80?s=96&d=mm&r=g","caption":"R\u00e9daction - Les Volcans News"},"url":"https:\/\/lesvolcansnews.net\/?author=14"}]}},"_links":{"self":[{"href":"https:\/\/lesvolcansnews.net\/index.php?rest_route=\/wp\/v2\/posts\/4409","targetHints":{"allow":["GET"]}}],"collection":[{"href":"https:\/\/lesvolcansnews.net\/index.php?rest_route=\/wp\/v2\/posts"}],"about":[{"href":"https:\/\/lesvolcansnews.net\/index.php?rest_route=\/wp\/v2\/types\/post"}],"author":[{"embeddable":true,"href":"https:\/\/lesvolcansnews.net\/index.php?rest_route=\/wp\/v2\/users\/14"}],"replies":[{"embeddable":true,"href":"https:\/\/lesvolcansnews.net\/index.php?rest_route=%2Fwp%2Fv2%2Fcomments&post=4409"}],"version-history":[{"count":0,"href":"https:\/\/lesvolcansnews.net\/index.php?rest_route=\/wp\/v2\/posts\/4409\/revisions"}],"wp:featuredmedia":[{"embeddable":true,"href":"https:\/\/lesvolcansnews.net\/index.php?rest_route=\/wp\/v2\/media\/4408"}],"wp:attachment":[{"href":"https:\/\/lesvolcansnews.net\/index.php?rest_route=%2Fwp%2Fv2%2Fmedia&parent=4409"}],"wp:term":[{"taxonomy":"category","embeddable":true,"href":"https:\/\/lesvolcansnews.net\/index.php?rest_route=%2Fwp%2Fv2%2Fcategories&post=4409"},{"taxonomy":"post_tag","embeddable":true,"href":"https:\/\/lesvolcansnews.net\/index.php?rest_route=%2Fwp%2Fv2%2Ftags&post=4409"}],"curies":[{"name":"wp","href":"https:\/\/api.w.org\/{rel}","templated":true}]}}