{"id":4310,"date":"2019-08-16T11:17:40","date_gmt":"2019-08-16T11:17:40","guid":{"rendered":"https:\/\/lesvolcansnews.net\/2019\/08\/16\/urgent-ebola-deux-premiers-cas-du-sud-kivu-confirmes-a-mwenga\/"},"modified":"2019-08-16T11:51:45","modified_gmt":"2019-08-16T11:51:45","slug":"urgent-ebola-deux-premiers-cas-du-sud-kivu-confirmes-a-mwenga","status":"publish","type":"post","link":"https:\/\/lesvolcansnews.net\/?p=4310","title":{"rendered":"Urgent\/Ebola: Deux  cas confirm\u00e9s \u00e0 Mwenga\/Sud-kivu"},"content":{"rendered":"<p>Deux cas de fi\u00e8vre h\u00e9morragique Ebola viennent d\u2019\u00eatre enregistr\u00e9s dans la matin\u00e9e de ce vendredi 15 Ao\u00fbt 2019 en territoire de Mwenga \u00e0 90Km de la ville de Bukavu en province du Sud-Kivu.<\/p>\n<p>Dans une vid\u00e9o d&#8217;une chaine de t\u00e9l\u00e9vision du sud-kivu, le gouverneur du sud-kivu M. Deo Ngwabije confirme information et cette derni\u00e8re est confirm\u00e9e par l\u2019\u00e9quipe de riposte de cette<br \/>\nmaladie au Sud-Kivu.<br \/>\nSelon cette source, les deux cas sont issue d&#8217;une femme qui serait de Beni au Nord-Kivu voisin ayant r\u00e9ussi \u00e0 falsifier son identit\u00e9 pour atteindre Mwenya o\u00f9 elle aurait infect\u00e9 un de ses enfants.<\/p>\n<p><strong><em>Gabriel KASHUGUSHU<\/em><\/strong><\/p>\n","protected":false},"excerpt":{"rendered":"<p>Deux cas de fi\u00e8vre h\u00e9morragique Ebola viennent d\u2019\u00eatre enregistr\u00e9s dans la matin\u00e9e de ce vendredi 15 Ao\u00fbt 2019 en territoire de Mwenga \u00e0 90Km de la ville de Bukavu en<\/p>\n","protected":false},"author":14,"featured_media":4240,"comment_status":"open","ping_status":"open","sticky":false,"template":"","format":"standard","meta":{"footnotes":""},"categories":[29],"tags":[],"class_list":["post-4310","post","type-post","status-publish","format-standard","has-post-thumbnail","hentry","category-sante"],"yoast_head":"<!-- This site is optimized with the Yoast SEO plugin v27.3 - https:\/\/yoast.com\/product\/yoast-seo-wordpress\/ -->\n<title>Urgent\/Ebola: Deux cas confirm\u00e9s \u00e0 Mwenga\/Sud-kivu - LES VOLCANS NEWS<\/title>\n<meta name=\"robots\" content=\"index, follow, max-snippet:-1, max-image-preview:large, max-video-preview:-1\" \/>\n<link rel=\"canonical\" href=\"https:\/\/lesvolcansnews.net\/?p=4310\" \/>\n<meta property=\"og:locale\" content=\"fr_FR\" \/>\n<meta property=\"og:type\" content=\"article\" \/>\n<meta property=\"og:title\" content=\"Urgent\/Ebola: Deux cas confirm\u00e9s \u00e0 Mwenga\/Sud-kivu - LES VOLCANS NEWS\" \/>\n<meta property=\"og:description\" content=\"Deux cas de fi\u00e8vre h\u00e9morragique Ebola viennent d\u2019\u00eatre enregistr\u00e9s dans la matin\u00e9e de ce vendredi 15 Ao\u00fbt 2019 en territoire de Mwenga \u00e0 90Km de la ville de Bukavu en\" \/>\n<meta property=\"og:url\" content=\"https:\/\/lesvolcansnews.net\/?p=4310\" \/>\n<meta property=\"og:site_name\" content=\"LES VOLCANS NEWS\" \/>\n<meta property=\"article:published_time\" content=\"2019-08-16T11:17:40+00:00\" \/>\n<meta property=\"article:modified_time\" content=\"2019-08-16T11:51:45+00:00\" \/>\n<meta property=\"og:image\" content=\"https:\/\/lesvolcansnews.net\/wp-content\/uploads\/2019\/08\/IMG-20190801-WA0044-1.jpg\" \/>\n\t<meta property=\"og:image:width\" content=\"1080\" \/>\n\t<meta property=\"og:image:height\" content=\"864\" \/>\n\t<meta property=\"og:image:type\" content=\"image\/jpeg\" \/>\n<meta name=\"author\" content=\"R\u00e9daction - Les Volcans News\" \/>\n<meta name=\"twitter:card\" content=\"summary_large_image\" \/>\n<meta name=\"twitter:label1\" content=\"\u00c9crit par\" \/>\n\t<meta name=\"twitter:data1\" content=\"R\u00e9daction - Les Volcans News\" \/>\n\t<meta name=\"twitter:label2\" content=\"Dur\u00e9e de lecture estim\u00e9e\" \/>\n\t<meta name=\"twitter:data2\" content=\"1 minute\" \/>\n<script type=\"application\/ld+json\" class=\"yoast-schema-graph\">{\"@context\":\"https:\\\/\\\/schema.org\",\"@graph\":[{\"@type\":\"Article\",\"@id\":\"https:\\\/\\\/lesvolcansnews.net\\\/?p=4310#article\",\"isPartOf\":{\"@id\":\"https:\\\/\\\/lesvolcansnews.net\\\/?p=4310\"},\"author\":{\"name\":\"R\u00e9daction - Les Volcans News\",\"@id\":\"https:\\\/\\\/lesvolcansnews.net\\\/#\\\/schema\\\/person\\\/82c8bed2e77879ecf6cca63441f57354\"},\"headline\":\"Urgent\\\/Ebola: Deux cas confirm\u00e9s \u00e0 Mwenga\\\/Sud-kivu\",\"datePublished\":\"2019-08-16T11:17:40+00:00\",\"dateModified\":\"2019-08-16T11:51:45+00:00\",\"mainEntityOfPage\":{\"@id\":\"https:\\\/\\\/lesvolcansnews.net\\\/?p=4310\"},\"wordCount\":120,\"commentCount\":0,\"image\":{\"@id\":\"https:\\\/\\\/lesvolcansnews.net\\\/?p=4310#primaryimage\"},\"thumbnailUrl\":\"https:\\\/\\\/lesvolcansnews.net\\\/wp-content\\\/uploads\\\/2019\\\/08\\\/IMG-20190801-WA0044-1.jpg\",\"articleSection\":[\"SANT\u00c9\"],\"inLanguage\":\"fr-FR\",\"potentialAction\":[{\"@type\":\"CommentAction\",\"name\":\"Comment\",\"target\":[\"https:\\\/\\\/lesvolcansnews.net\\\/?p=4310#respond\"]}]},{\"@type\":\"WebPage\",\"@id\":\"https:\\\/\\\/lesvolcansnews.net\\\/?p=4310\",\"url\":\"https:\\\/\\\/lesvolcansnews.net\\\/?p=4310\",\"name\":\"Urgent\\\/Ebola: Deux cas confirm\u00e9s \u00e0 Mwenga\\\/Sud-kivu - LES VOLCANS NEWS\",\"isPartOf\":{\"@id\":\"https:\\\/\\\/lesvolcansnews.net\\\/#website\"},\"primaryImageOfPage\":{\"@id\":\"https:\\\/\\\/lesvolcansnews.net\\\/?p=4310#primaryimage\"},\"image\":{\"@id\":\"https:\\\/\\\/lesvolcansnews.net\\\/?p=4310#primaryimage\"},\"thumbnailUrl\":\"https:\\\/\\\/lesvolcansnews.net\\\/wp-content\\\/uploads\\\/2019\\\/08\\\/IMG-20190801-WA0044-1.jpg\",\"datePublished\":\"2019-08-16T11:17:40+00:00\",\"dateModified\":\"2019-08-16T11:51:45+00:00\",\"author\":{\"@id\":\"https:\\\/\\\/lesvolcansnews.net\\\/#\\\/schema\\\/person\\\/82c8bed2e77879ecf6cca63441f57354\"},\"breadcrumb\":{\"@id\":\"https:\\\/\\\/lesvolcansnews.net\\\/?p=4310#breadcrumb\"},\"inLanguage\":\"fr-FR\",\"potentialAction\":[{\"@type\":\"ReadAction\",\"target\":[\"https:\\\/\\\/lesvolcansnews.net\\\/?p=4310\"]}]},{\"@type\":\"ImageObject\",\"inLanguage\":\"fr-FR\",\"@id\":\"https:\\\/\\\/lesvolcansnews.net\\\/?p=4310#primaryimage\",\"url\":\"https:\\\/\\\/lesvolcansnews.net\\\/wp-content\\\/uploads\\\/2019\\\/08\\\/IMG-20190801-WA0044-1.jpg\",\"contentUrl\":\"https:\\\/\\\/lesvolcansnews.net\\\/wp-content\\\/uploads\\\/2019\\\/08\\\/IMG-20190801-WA0044-1.jpg\",\"width\":1080,\"height\":864},{\"@type\":\"BreadcrumbList\",\"@id\":\"https:\\\/\\\/lesvolcansnews.net\\\/?p=4310#breadcrumb\",\"itemListElement\":[{\"@type\":\"ListItem\",\"position\":1,\"name\":\"Accueil\",\"item\":\"https:\\\/\\\/lesvolcansnews.net\\\/\"},{\"@type\":\"ListItem\",\"position\":2,\"name\":\"Urgent\\\/Ebola: Deux cas confirm\u00e9s \u00e0 Mwenga\\\/Sud-kivu\"}]},{\"@type\":\"WebSite\",\"@id\":\"https:\\\/\\\/lesvolcansnews.net\\\/#website\",\"url\":\"https:\\\/\\\/lesvolcansnews.net\\\/\",\"name\":\"LES VOLCANS NEWS\",\"description\":\"L&#039;INFORMATION C&#039;EST NOUS\",\"potentialAction\":[{\"@type\":\"SearchAction\",\"target\":{\"@type\":\"EntryPoint\",\"urlTemplate\":\"https:\\\/\\\/lesvolcansnews.net\\\/?s={search_term_string}\"},\"query-input\":{\"@type\":\"PropertyValueSpecification\",\"valueRequired\":true,\"valueName\":\"search_term_string\"}}],\"inLanguage\":\"fr-FR\"},{\"@type\":\"Person\",\"@id\":\"https:\\\/\\\/lesvolcansnews.net\\\/#\\\/schema\\\/person\\\/82c8bed2e77879ecf6cca63441f57354\",\"name\":\"R\u00e9daction - Les Volcans News\",\"image\":{\"@type\":\"ImageObject\",\"inLanguage\":\"fr-FR\",\"@id\":\"https:\\\/\\\/secure.gravatar.com\\\/avatar\\\/8408942dd851e8a9c09f3d382a661bc05d2b3cd9002139bc1795b9528cdc6c80?s=96&d=mm&r=g\",\"url\":\"https:\\\/\\\/secure.gravatar.com\\\/avatar\\\/8408942dd851e8a9c09f3d382a661bc05d2b3cd9002139bc1795b9528cdc6c80?s=96&d=mm&r=g\",\"contentUrl\":\"https:\\\/\\\/secure.gravatar.com\\\/avatar\\\/8408942dd851e8a9c09f3d382a661bc05d2b3cd9002139bc1795b9528cdc6c80?s=96&d=mm&r=g\",\"caption\":\"R\u00e9daction - Les Volcans News\"},\"url\":\"https:\\\/\\\/lesvolcansnews.net\\\/?author=14\"}]}<\/script>\n<!-- \/ Yoast SEO plugin. -->","yoast_head_json":{"title":"Urgent\/Ebola: Deux cas confirm\u00e9s \u00e0 Mwenga\/Sud-kivu - LES VOLCANS NEWS","robots":{"index":"index","follow":"follow","max-snippet":"max-snippet:-1","max-image-preview":"max-image-preview:large","max-video-preview":"max-video-preview:-1"},"canonical":"https:\/\/lesvolcansnews.net\/?p=4310","og_locale":"fr_FR","og_type":"article","og_title":"Urgent\/Ebola: Deux cas confirm\u00e9s \u00e0 Mwenga\/Sud-kivu - LES VOLCANS NEWS","og_description":"Deux cas de fi\u00e8vre h\u00e9morragique Ebola viennent d\u2019\u00eatre enregistr\u00e9s dans la matin\u00e9e de ce vendredi 15 Ao\u00fbt 2019 en territoire de Mwenga \u00e0 90Km de la ville de Bukavu en","og_url":"https:\/\/lesvolcansnews.net\/?p=4310","og_site_name":"LES VOLCANS NEWS","article_published_time":"2019-08-16T11:17:40+00:00","article_modified_time":"2019-08-16T11:51:45+00:00","og_image":[{"width":1080,"height":864,"url":"https:\/\/lesvolcansnews.net\/wp-content\/uploads\/2019\/08\/IMG-20190801-WA0044-1.jpg","type":"image\/jpeg"}],"author":"R\u00e9daction - Les Volcans News","twitter_card":"summary_large_image","twitter_misc":{"\u00c9crit par":"R\u00e9daction - Les Volcans News","Dur\u00e9e de lecture estim\u00e9e":"1 minute"},"schema":{"@context":"https:\/\/schema.org","@graph":[{"@type":"Article","@id":"https:\/\/lesvolcansnews.net\/?p=4310#article","isPartOf":{"@id":"https:\/\/lesvolcansnews.net\/?p=4310"},"author":{"name":"R\u00e9daction - Les Volcans News","@id":"https:\/\/lesvolcansnews.net\/#\/schema\/person\/82c8bed2e77879ecf6cca63441f57354"},"headline":"Urgent\/Ebola: Deux cas confirm\u00e9s \u00e0 Mwenga\/Sud-kivu","datePublished":"2019-08-16T11:17:40+00:00","dateModified":"2019-08-16T11:51:45+00:00","mainEntityOfPage":{"@id":"https:\/\/lesvolcansnews.net\/?p=4310"},"wordCount":120,"commentCount":0,"image":{"@id":"https:\/\/lesvolcansnews.net\/?p=4310#primaryimage"},"thumbnailUrl":"https:\/\/lesvolcansnews.net\/wp-content\/uploads\/2019\/08\/IMG-20190801-WA0044-1.jpg","articleSection":["SANT\u00c9"],"inLanguage":"fr-FR","potentialAction":[{"@type":"CommentAction","name":"Comment","target":["https:\/\/lesvolcansnews.net\/?p=4310#respond"]}]},{"@type":"WebPage","@id":"https:\/\/lesvolcansnews.net\/?p=4310","url":"https:\/\/lesvolcansnews.net\/?p=4310","name":"Urgent\/Ebola: Deux cas confirm\u00e9s \u00e0 Mwenga\/Sud-kivu - LES VOLCANS NEWS","isPartOf":{"@id":"https:\/\/lesvolcansnews.net\/#website"},"primaryImageOfPage":{"@id":"https:\/\/lesvolcansnews.net\/?p=4310#primaryimage"},"image":{"@id":"https:\/\/lesvolcansnews.net\/?p=4310#primaryimage"},"thumbnailUrl":"https:\/\/lesvolcansnews.net\/wp-content\/uploads\/2019\/08\/IMG-20190801-WA0044-1.jpg","datePublished":"2019-08-16T11:17:40+00:00","dateModified":"2019-08-16T11:51:45+00:00","author":{"@id":"https:\/\/lesvolcansnews.net\/#\/schema\/person\/82c8bed2e77879ecf6cca63441f57354"},"breadcrumb":{"@id":"https:\/\/lesvolcansnews.net\/?p=4310#breadcrumb"},"inLanguage":"fr-FR","potentialAction":[{"@type":"ReadAction","target":["https:\/\/lesvolcansnews.net\/?p=4310"]}]},{"@type":"ImageObject","inLanguage":"fr-FR","@id":"https:\/\/lesvolcansnews.net\/?p=4310#primaryimage","url":"https:\/\/lesvolcansnews.net\/wp-content\/uploads\/2019\/08\/IMG-20190801-WA0044-1.jpg","contentUrl":"https:\/\/lesvolcansnews.net\/wp-content\/uploads\/2019\/08\/IMG-20190801-WA0044-1.jpg","width":1080,"height":864},{"@type":"BreadcrumbList","@id":"https:\/\/lesvolcansnews.net\/?p=4310#breadcrumb","itemListElement":[{"@type":"ListItem","position":1,"name":"Accueil","item":"https:\/\/lesvolcansnews.net\/"},{"@type":"ListItem","position":2,"name":"Urgent\/Ebola: Deux cas confirm\u00e9s \u00e0 Mwenga\/Sud-kivu"}]},{"@type":"WebSite","@id":"https:\/\/lesvolcansnews.net\/#website","url":"https:\/\/lesvolcansnews.net\/","name":"LES VOLCANS NEWS","description":"L&#039;INFORMATION C&#039;EST NOUS","potentialAction":[{"@type":"SearchAction","target":{"@type":"EntryPoint","urlTemplate":"https:\/\/lesvolcansnews.net\/?s={search_term_string}"},"query-input":{"@type":"PropertyValueSpecification","valueRequired":true,"valueName":"search_term_string"}}],"inLanguage":"fr-FR"},{"@type":"Person","@id":"https:\/\/lesvolcansnews.net\/#\/schema\/person\/82c8bed2e77879ecf6cca63441f57354","name":"R\u00e9daction - Les Volcans News","image":{"@type":"ImageObject","inLanguage":"fr-FR","@id":"https:\/\/secure.gravatar.com\/avatar\/8408942dd851e8a9c09f3d382a661bc05d2b3cd9002139bc1795b9528cdc6c80?s=96&d=mm&r=g","url":"https:\/\/secure.gravatar.com\/avatar\/8408942dd851e8a9c09f3d382a661bc05d2b3cd9002139bc1795b9528cdc6c80?s=96&d=mm&r=g","contentUrl":"https:\/\/secure.gravatar.com\/avatar\/8408942dd851e8a9c09f3d382a661bc05d2b3cd9002139bc1795b9528cdc6c80?s=96&d=mm&r=g","caption":"R\u00e9daction - Les Volcans News"},"url":"https:\/\/lesvolcansnews.net\/?author=14"}]}},"_links":{"self":[{"href":"https:\/\/lesvolcansnews.net\/index.php?rest_route=\/wp\/v2\/posts\/4310","targetHints":{"allow":["GET"]}}],"collection":[{"href":"https:\/\/lesvolcansnews.net\/index.php?rest_route=\/wp\/v2\/posts"}],"about":[{"href":"https:\/\/lesvolcansnews.net\/index.php?rest_route=\/wp\/v2\/types\/post"}],"author":[{"embeddable":true,"href":"https:\/\/lesvolcansnews.net\/index.php?rest_route=\/wp\/v2\/users\/14"}],"replies":[{"embeddable":true,"href":"https:\/\/lesvolcansnews.net\/index.php?rest_route=%2Fwp%2Fv2%2Fcomments&post=4310"}],"version-history":[{"count":2,"href":"https:\/\/lesvolcansnews.net\/index.php?rest_route=\/wp\/v2\/posts\/4310\/revisions"}],"predecessor-version":[{"id":4314,"href":"https:\/\/lesvolcansnews.net\/index.php?rest_route=\/wp\/v2\/posts\/4310\/revisions\/4314"}],"wp:featuredmedia":[{"embeddable":true,"href":"https:\/\/lesvolcansnews.net\/index.php?rest_route=\/wp\/v2\/media\/4240"}],"wp:attachment":[{"href":"https:\/\/lesvolcansnews.net\/index.php?rest_route=%2Fwp%2Fv2%2Fmedia&parent=4310"}],"wp:term":[{"taxonomy":"category","embeddable":true,"href":"https:\/\/lesvolcansnews.net\/index.php?rest_route=%2Fwp%2Fv2%2Fcategories&post=4310"},{"taxonomy":"post_tag","embeddable":true,"href":"https:\/\/lesvolcansnews.net\/index.php?rest_route=%2Fwp%2Fv2%2Ftags&post=4310"}],"curies":[{"name":"wp","href":"https:\/\/api.w.org\/{rel}","templated":true}]}}