{"id":4260,"date":"2019-08-09T13:56:12","date_gmt":"2019-08-09T13:56:12","guid":{"rendered":"https:\/\/lesvolcansnews.net\/2019\/08\/09\/les-pygmees-exigent-un-poste-au-sein-du-prochain-gouvernement-provincial-du-nord-kivu\/"},"modified":"2019-08-09T13:56:12","modified_gmt":"2019-08-09T13:56:12","slug":"les-pygmees-exigent-un-poste-au-sein-du-prochain-gouvernement-provincial-du-nord-kivu","status":"publish","type":"post","link":"https:\/\/lesvolcansnews.net\/?p=4260","title":{"rendered":"Les pygm\u00e9es exigent un poste au sein du prochain gouvernement provincial du Nord-Kivu"},"content":{"rendered":"<p>Les autochtones pygm\u00e9es du Nord-Kivu, ont r\u00e9clam\u00e9 jeudi au cours d&#8217;un point de presse \u00e0 goma, \u00e0 \u00eatre repr\u00e9sent\u00e9 au sein de la prochaine \u00e9quipe de l\u2019ex\u00e9cutif provincial du Nord-Kivu, afin d\u2019apporter leur  contribution \u00e0 la construction et au d\u00e9veloppement de la  province.<br \/>\nLe directeur provincial de shirika la wambuti,  M.Mushire a d\u00e9plor\u00e9 le fait le peuple autochtone soit toujours marginalis\u00e9 et priv\u00e9 de sa participation dans presque tous les secteurs cl\u00e9s de la vie provinciale, sollicite la bonne foi nouveau gouverneur de province, pour cette fois-ci qu\u2019il soit repr\u00e9sent\u00e9 au sein de son staff gouvernemental pour lui permettre d\u2019apporter sa pierre angulaire \u00e0 son programme de d\u00e9veloppement visant le bien-\u00eatre de ses administr\u00e9s.<br \/>\nLe pygm\u00e9e d\u2019aujourd\u2019hui est bien instruit, \u00e9duqu\u00e9 et cultiv\u00e9, pour \u00eatre priv\u00e9 de sa participation citoyenne \u00e0 la gestion de la chose publique, qui demeure un droit inali\u00e9nable accord\u00e9 \u00e0 tout congolais remplissant des conditions y aff\u00e9rentes.<\/p>\n<p>Le directeur de cette organisation de d\u00e9fenses de pygm\u00e9es pr\u00e9vient le nouveau gouverneur que la province du Nord-Kivu ne sera jamais bien dirig\u00e9e si les pygm\u00e9es ne sont pas pris en compte.<br \/>\n<strong>R\u00e9daction<\/strong><\/p>\n","protected":false},"excerpt":{"rendered":"<p>Les autochtones pygm\u00e9es du Nord-Kivu, ont r\u00e9clam\u00e9 jeudi au cours d&#8217;un point de presse \u00e0 goma, \u00e0 \u00eatre repr\u00e9sent\u00e9 au sein de la prochaine \u00e9quipe de l\u2019ex\u00e9cutif provincial du Nord-Kivu,<\/p>\n","protected":false},"author":14,"featured_media":4244,"comment_status":"open","ping_status":"open","sticky":false,"template":"","format":"standard","meta":{"footnotes":""},"categories":[9],"tags":[],"class_list":["post-4260","post","type-post","status-publish","format-standard","has-post-thumbnail","hentry","category-societe"],"yoast_head":"<!-- This site is optimized with the Yoast SEO plugin v27.3 - https:\/\/yoast.com\/product\/yoast-seo-wordpress\/ -->\n<title>Les pygm\u00e9es exigent un poste au sein du prochain gouvernement provincial du Nord-Kivu - LES VOLCANS NEWS<\/title>\n<meta name=\"robots\" content=\"index, follow, max-snippet:-1, max-image-preview:large, max-video-preview:-1\" \/>\n<link rel=\"canonical\" href=\"https:\/\/lesvolcansnews.net\/?p=4260\" \/>\n<meta property=\"og:locale\" content=\"fr_FR\" \/>\n<meta property=\"og:type\" content=\"article\" \/>\n<meta property=\"og:title\" content=\"Les pygm\u00e9es exigent un poste au sein du prochain gouvernement provincial du Nord-Kivu - LES VOLCANS NEWS\" \/>\n<meta property=\"og:description\" content=\"Les autochtones pygm\u00e9es du Nord-Kivu, ont r\u00e9clam\u00e9 jeudi au cours d&#8217;un point de presse \u00e0 goma, \u00e0 \u00eatre repr\u00e9sent\u00e9 au sein de la prochaine \u00e9quipe de l\u2019ex\u00e9cutif provincial du Nord-Kivu,\" \/>\n<meta property=\"og:url\" content=\"https:\/\/lesvolcansnews.net\/?p=4260\" \/>\n<meta property=\"og:site_name\" content=\"LES VOLCANS NEWS\" \/>\n<meta property=\"article:published_time\" content=\"2019-08-09T13:56:12+00:00\" \/>\n<meta property=\"og:image\" content=\"https:\/\/lesvolcansnews.net\/wp-content\/uploads\/2019\/08\/IMG-20190808-WA0015.jpg\" \/>\n\t<meta property=\"og:image:width\" content=\"1080\" \/>\n\t<meta property=\"og:image:height\" content=\"810\" \/>\n\t<meta property=\"og:image:type\" content=\"image\/jpeg\" \/>\n<meta name=\"author\" content=\"R\u00e9daction - Les Volcans News\" \/>\n<meta name=\"twitter:card\" content=\"summary_large_image\" \/>\n<meta name=\"twitter:label1\" content=\"\u00c9crit par\" \/>\n\t<meta name=\"twitter:data1\" content=\"R\u00e9daction - Les Volcans News\" \/>\n\t<meta name=\"twitter:label2\" content=\"Dur\u00e9e de lecture estim\u00e9e\" \/>\n\t<meta name=\"twitter:data2\" content=\"1 minute\" \/>\n<script type=\"application\/ld+json\" class=\"yoast-schema-graph\">{\"@context\":\"https:\\\/\\\/schema.org\",\"@graph\":[{\"@type\":\"Article\",\"@id\":\"https:\\\/\\\/lesvolcansnews.net\\\/?p=4260#article\",\"isPartOf\":{\"@id\":\"https:\\\/\\\/lesvolcansnews.net\\\/?p=4260\"},\"author\":{\"name\":\"R\u00e9daction - Les Volcans News\",\"@id\":\"https:\\\/\\\/lesvolcansnews.net\\\/#\\\/schema\\\/person\\\/82c8bed2e77879ecf6cca63441f57354\"},\"headline\":\"Les pygm\u00e9es exigent un poste au sein du prochain gouvernement provincial du Nord-Kivu\",\"datePublished\":\"2019-08-09T13:56:12+00:00\",\"mainEntityOfPage\":{\"@id\":\"https:\\\/\\\/lesvolcansnews.net\\\/?p=4260\"},\"wordCount\":220,\"commentCount\":0,\"image\":{\"@id\":\"https:\\\/\\\/lesvolcansnews.net\\\/?p=4260#primaryimage\"},\"thumbnailUrl\":\"https:\\\/\\\/lesvolcansnews.net\\\/wp-content\\\/uploads\\\/2019\\\/08\\\/IMG-20190808-WA0015.jpg\",\"articleSection\":[\"SOCIET\u00c9\"],\"inLanguage\":\"fr-FR\",\"potentialAction\":[{\"@type\":\"CommentAction\",\"name\":\"Comment\",\"target\":[\"https:\\\/\\\/lesvolcansnews.net\\\/?p=4260#respond\"]}]},{\"@type\":\"WebPage\",\"@id\":\"https:\\\/\\\/lesvolcansnews.net\\\/?p=4260\",\"url\":\"https:\\\/\\\/lesvolcansnews.net\\\/?p=4260\",\"name\":\"Les pygm\u00e9es exigent un poste au sein du prochain gouvernement provincial du Nord-Kivu - LES VOLCANS NEWS\",\"isPartOf\":{\"@id\":\"https:\\\/\\\/lesvolcansnews.net\\\/#website\"},\"primaryImageOfPage\":{\"@id\":\"https:\\\/\\\/lesvolcansnews.net\\\/?p=4260#primaryimage\"},\"image\":{\"@id\":\"https:\\\/\\\/lesvolcansnews.net\\\/?p=4260#primaryimage\"},\"thumbnailUrl\":\"https:\\\/\\\/lesvolcansnews.net\\\/wp-content\\\/uploads\\\/2019\\\/08\\\/IMG-20190808-WA0015.jpg\",\"datePublished\":\"2019-08-09T13:56:12+00:00\",\"author\":{\"@id\":\"https:\\\/\\\/lesvolcansnews.net\\\/#\\\/schema\\\/person\\\/82c8bed2e77879ecf6cca63441f57354\"},\"breadcrumb\":{\"@id\":\"https:\\\/\\\/lesvolcansnews.net\\\/?p=4260#breadcrumb\"},\"inLanguage\":\"fr-FR\",\"potentialAction\":[{\"@type\":\"ReadAction\",\"target\":[\"https:\\\/\\\/lesvolcansnews.net\\\/?p=4260\"]}]},{\"@type\":\"ImageObject\",\"inLanguage\":\"fr-FR\",\"@id\":\"https:\\\/\\\/lesvolcansnews.net\\\/?p=4260#primaryimage\",\"url\":\"https:\\\/\\\/lesvolcansnews.net\\\/wp-content\\\/uploads\\\/2019\\\/08\\\/IMG-20190808-WA0015.jpg\",\"contentUrl\":\"https:\\\/\\\/lesvolcansnews.net\\\/wp-content\\\/uploads\\\/2019\\\/08\\\/IMG-20190808-WA0015.jpg\",\"width\":1080,\"height\":810},{\"@type\":\"BreadcrumbList\",\"@id\":\"https:\\\/\\\/lesvolcansnews.net\\\/?p=4260#breadcrumb\",\"itemListElement\":[{\"@type\":\"ListItem\",\"position\":1,\"name\":\"Accueil\",\"item\":\"https:\\\/\\\/lesvolcansnews.net\\\/\"},{\"@type\":\"ListItem\",\"position\":2,\"name\":\"Les pygm\u00e9es exigent un poste au sein du prochain gouvernement provincial du Nord-Kivu\"}]},{\"@type\":\"WebSite\",\"@id\":\"https:\\\/\\\/lesvolcansnews.net\\\/#website\",\"url\":\"https:\\\/\\\/lesvolcansnews.net\\\/\",\"name\":\"LES VOLCANS NEWS\",\"description\":\"L&#039;INFORMATION C&#039;EST NOUS\",\"potentialAction\":[{\"@type\":\"SearchAction\",\"target\":{\"@type\":\"EntryPoint\",\"urlTemplate\":\"https:\\\/\\\/lesvolcansnews.net\\\/?s={search_term_string}\"},\"query-input\":{\"@type\":\"PropertyValueSpecification\",\"valueRequired\":true,\"valueName\":\"search_term_string\"}}],\"inLanguage\":\"fr-FR\"},{\"@type\":\"Person\",\"@id\":\"https:\\\/\\\/lesvolcansnews.net\\\/#\\\/schema\\\/person\\\/82c8bed2e77879ecf6cca63441f57354\",\"name\":\"R\u00e9daction - Les Volcans News\",\"image\":{\"@type\":\"ImageObject\",\"inLanguage\":\"fr-FR\",\"@id\":\"https:\\\/\\\/secure.gravatar.com\\\/avatar\\\/8408942dd851e8a9c09f3d382a661bc05d2b3cd9002139bc1795b9528cdc6c80?s=96&d=mm&r=g\",\"url\":\"https:\\\/\\\/secure.gravatar.com\\\/avatar\\\/8408942dd851e8a9c09f3d382a661bc05d2b3cd9002139bc1795b9528cdc6c80?s=96&d=mm&r=g\",\"contentUrl\":\"https:\\\/\\\/secure.gravatar.com\\\/avatar\\\/8408942dd851e8a9c09f3d382a661bc05d2b3cd9002139bc1795b9528cdc6c80?s=96&d=mm&r=g\",\"caption\":\"R\u00e9daction - Les Volcans News\"},\"url\":\"https:\\\/\\\/lesvolcansnews.net\\\/?author=14\"}]}<\/script>\n<!-- \/ Yoast SEO plugin. -->","yoast_head_json":{"title":"Les pygm\u00e9es exigent un poste au sein du prochain gouvernement provincial du Nord-Kivu - LES VOLCANS NEWS","robots":{"index":"index","follow":"follow","max-snippet":"max-snippet:-1","max-image-preview":"max-image-preview:large","max-video-preview":"max-video-preview:-1"},"canonical":"https:\/\/lesvolcansnews.net\/?p=4260","og_locale":"fr_FR","og_type":"article","og_title":"Les pygm\u00e9es exigent un poste au sein du prochain gouvernement provincial du Nord-Kivu - LES VOLCANS NEWS","og_description":"Les autochtones pygm\u00e9es du Nord-Kivu, ont r\u00e9clam\u00e9 jeudi au cours d&#8217;un point de presse \u00e0 goma, \u00e0 \u00eatre repr\u00e9sent\u00e9 au sein de la prochaine \u00e9quipe de l\u2019ex\u00e9cutif provincial du Nord-Kivu,","og_url":"https:\/\/lesvolcansnews.net\/?p=4260","og_site_name":"LES VOLCANS NEWS","article_published_time":"2019-08-09T13:56:12+00:00","og_image":[{"width":1080,"height":810,"url":"https:\/\/lesvolcansnews.net\/wp-content\/uploads\/2019\/08\/IMG-20190808-WA0015.jpg","type":"image\/jpeg"}],"author":"R\u00e9daction - Les Volcans News","twitter_card":"summary_large_image","twitter_misc":{"\u00c9crit par":"R\u00e9daction - Les Volcans News","Dur\u00e9e de lecture estim\u00e9e":"1 minute"},"schema":{"@context":"https:\/\/schema.org","@graph":[{"@type":"Article","@id":"https:\/\/lesvolcansnews.net\/?p=4260#article","isPartOf":{"@id":"https:\/\/lesvolcansnews.net\/?p=4260"},"author":{"name":"R\u00e9daction - Les Volcans News","@id":"https:\/\/lesvolcansnews.net\/#\/schema\/person\/82c8bed2e77879ecf6cca63441f57354"},"headline":"Les pygm\u00e9es exigent un poste au sein du prochain gouvernement provincial du Nord-Kivu","datePublished":"2019-08-09T13:56:12+00:00","mainEntityOfPage":{"@id":"https:\/\/lesvolcansnews.net\/?p=4260"},"wordCount":220,"commentCount":0,"image":{"@id":"https:\/\/lesvolcansnews.net\/?p=4260#primaryimage"},"thumbnailUrl":"https:\/\/lesvolcansnews.net\/wp-content\/uploads\/2019\/08\/IMG-20190808-WA0015.jpg","articleSection":["SOCIET\u00c9"],"inLanguage":"fr-FR","potentialAction":[{"@type":"CommentAction","name":"Comment","target":["https:\/\/lesvolcansnews.net\/?p=4260#respond"]}]},{"@type":"WebPage","@id":"https:\/\/lesvolcansnews.net\/?p=4260","url":"https:\/\/lesvolcansnews.net\/?p=4260","name":"Les pygm\u00e9es exigent un poste au sein du prochain gouvernement provincial du Nord-Kivu - LES VOLCANS NEWS","isPartOf":{"@id":"https:\/\/lesvolcansnews.net\/#website"},"primaryImageOfPage":{"@id":"https:\/\/lesvolcansnews.net\/?p=4260#primaryimage"},"image":{"@id":"https:\/\/lesvolcansnews.net\/?p=4260#primaryimage"},"thumbnailUrl":"https:\/\/lesvolcansnews.net\/wp-content\/uploads\/2019\/08\/IMG-20190808-WA0015.jpg","datePublished":"2019-08-09T13:56:12+00:00","author":{"@id":"https:\/\/lesvolcansnews.net\/#\/schema\/person\/82c8bed2e77879ecf6cca63441f57354"},"breadcrumb":{"@id":"https:\/\/lesvolcansnews.net\/?p=4260#breadcrumb"},"inLanguage":"fr-FR","potentialAction":[{"@type":"ReadAction","target":["https:\/\/lesvolcansnews.net\/?p=4260"]}]},{"@type":"ImageObject","inLanguage":"fr-FR","@id":"https:\/\/lesvolcansnews.net\/?p=4260#primaryimage","url":"https:\/\/lesvolcansnews.net\/wp-content\/uploads\/2019\/08\/IMG-20190808-WA0015.jpg","contentUrl":"https:\/\/lesvolcansnews.net\/wp-content\/uploads\/2019\/08\/IMG-20190808-WA0015.jpg","width":1080,"height":810},{"@type":"BreadcrumbList","@id":"https:\/\/lesvolcansnews.net\/?p=4260#breadcrumb","itemListElement":[{"@type":"ListItem","position":1,"name":"Accueil","item":"https:\/\/lesvolcansnews.net\/"},{"@type":"ListItem","position":2,"name":"Les pygm\u00e9es exigent un poste au sein du prochain gouvernement provincial du Nord-Kivu"}]},{"@type":"WebSite","@id":"https:\/\/lesvolcansnews.net\/#website","url":"https:\/\/lesvolcansnews.net\/","name":"LES VOLCANS NEWS","description":"L&#039;INFORMATION C&#039;EST NOUS","potentialAction":[{"@type":"SearchAction","target":{"@type":"EntryPoint","urlTemplate":"https:\/\/lesvolcansnews.net\/?s={search_term_string}"},"query-input":{"@type":"PropertyValueSpecification","valueRequired":true,"valueName":"search_term_string"}}],"inLanguage":"fr-FR"},{"@type":"Person","@id":"https:\/\/lesvolcansnews.net\/#\/schema\/person\/82c8bed2e77879ecf6cca63441f57354","name":"R\u00e9daction - Les Volcans News","image":{"@type":"ImageObject","inLanguage":"fr-FR","@id":"https:\/\/secure.gravatar.com\/avatar\/8408942dd851e8a9c09f3d382a661bc05d2b3cd9002139bc1795b9528cdc6c80?s=96&d=mm&r=g","url":"https:\/\/secure.gravatar.com\/avatar\/8408942dd851e8a9c09f3d382a661bc05d2b3cd9002139bc1795b9528cdc6c80?s=96&d=mm&r=g","contentUrl":"https:\/\/secure.gravatar.com\/avatar\/8408942dd851e8a9c09f3d382a661bc05d2b3cd9002139bc1795b9528cdc6c80?s=96&d=mm&r=g","caption":"R\u00e9daction - Les Volcans News"},"url":"https:\/\/lesvolcansnews.net\/?author=14"}]}},"_links":{"self":[{"href":"https:\/\/lesvolcansnews.net\/index.php?rest_route=\/wp\/v2\/posts\/4260","targetHints":{"allow":["GET"]}}],"collection":[{"href":"https:\/\/lesvolcansnews.net\/index.php?rest_route=\/wp\/v2\/posts"}],"about":[{"href":"https:\/\/lesvolcansnews.net\/index.php?rest_route=\/wp\/v2\/types\/post"}],"author":[{"embeddable":true,"href":"https:\/\/lesvolcansnews.net\/index.php?rest_route=\/wp\/v2\/users\/14"}],"replies":[{"embeddable":true,"href":"https:\/\/lesvolcansnews.net\/index.php?rest_route=%2Fwp%2Fv2%2Fcomments&post=4260"}],"version-history":[{"count":0,"href":"https:\/\/lesvolcansnews.net\/index.php?rest_route=\/wp\/v2\/posts\/4260\/revisions"}],"wp:featuredmedia":[{"embeddable":true,"href":"https:\/\/lesvolcansnews.net\/index.php?rest_route=\/wp\/v2\/media\/4244"}],"wp:attachment":[{"href":"https:\/\/lesvolcansnews.net\/index.php?rest_route=%2Fwp%2Fv2%2Fmedia&parent=4260"}],"wp:term":[{"taxonomy":"category","embeddable":true,"href":"https:\/\/lesvolcansnews.net\/index.php?rest_route=%2Fwp%2Fv2%2Fcategories&post=4260"},{"taxonomy":"post_tag","embeddable":true,"href":"https:\/\/lesvolcansnews.net\/index.php?rest_route=%2Fwp%2Fv2%2Ftags&post=4260"}],"curies":[{"name":"wp","href":"https:\/\/api.w.org\/{rel}","templated":true}]}}