{"id":4243,"date":"2019-08-08T12:32:10","date_gmt":"2019-08-08T12:32:10","guid":{"rendered":"https:\/\/lesvolcansnews.net\/2019\/08\/08\/massacre-de-beni-le-depute-mufunnza-bayengo-monte-au-creneau-et-appelle-a-une-intervention-exterieure\/"},"modified":"2019-08-08T16:25:24","modified_gmt":"2019-08-08T16:25:24","slug":"massacre-de-beni-le-depute-mufunnza-bayengo-monte-au-creneau-et-appelle-a-une-intervention-exterieure","status":"publish","type":"post","link":"https:\/\/lesvolcansnews.net\/?p=4243","title":{"rendered":"Tueries \u00e0 Beni: Le d\u00e9put\u00e9 Mufunnza Bayengo monte au cr\u00e9neau et appelle \u00e0 une intervention ext\u00e9rieure"},"content":{"rendered":"<p>Le d\u00e9put\u00e9 provincial Mufunza Bayengo Ghislain \u00e9lu du territoire de Beni au Nord-Kivu a invit\u00e9 ce jeudi 8 ao\u00fbt 2019 au cours d\u2019une interview accord\u00e9e \u00e0 la presse en ville de Goma, le pr\u00e9sident de la r\u00e9publique F\u00e9lix Tshisekedi, \u00e0 faire appel \u00e0 une force ext\u00e9rieure pour r\u00e9soudre la probl\u00e9matique de l\u2019ins\u00e9curit\u00e9 en territoire de Beni en particulier et dans toute la province du Nord-Kivu en g\u00e9n\u00e9rale.<br \/>\nCet appel fait suite \u00e0 une s\u00e9rie des massacres de la population de Beni par les pr\u00e9sumes ADF et dont le dernier cas remonte de la nuit du mercredi \u00e0 ce jeudi o\u00f9 on a enregistr\u00e9 au moins sept (7) morts et plusieurs personnes port\u00e9es disparues dans la localit\u00e9 de Kalutu au centre de Mbau chefferie de Beni \u2013Mbau.<br \/>\nIl a, \u00e0 titre d\u2019\u00e9lue de ce coin de la province, indiqu\u00e9 de ne pas pouvoir rester silencieuse face \u00e0 cette situation qui entrave la bonne marche des activit\u00e9s de survie de ses \u00e9lecteurs de qui, il a re\u00e7u mandat et pour qui elle devra travailler. En ce sens, a-t-il sugg\u00e9r\u00e9, que le pr\u00e9sident face comme le pr\u00e9sident Ivoiriens qui a fait appel \u00e0 la force barcan pour maitriser les groupes arm\u00e9s de la c\u00f4te d\u2019ivoire. Il a \u00e9galement fait r\u00e9f\u00e9rence au pr\u00e9sident kabila en 1997 o\u00f9 avoir fait appel aux fran\u00e7ais et autres arm\u00e9es pour s\u00e9curiser les congolaises \u00e0 l\u2019\u00e9poque.<br \/>\nL\u2019honorable d\u00e9put\u00e9 provincial du Nord-Kivu, rappelle au pr\u00e9sident de la r\u00e9publique ses promesses \u00e0 la population de Beni de r\u00e9soudre la s\u00e9curit\u00e9 de la r\u00e9gion de Beni. \u00ab<em> Dans une audience du mois d\u2019avril dernier, le chef de l\u2019Etat nous avait rassur\u00e9 qu\u2019il sera consid\u00e9r\u00e9 comme chef de l\u2019Etat, lorsqu\u2019il aura r\u00e9solu la que de Beni, mais voil\u00e0 que 7 mois nous ne voyons pas toujours des r\u00e9sultats<\/em> \u00bb, a-t-il dit.<br \/>\nMufunza exhorte le pr\u00e9sident \u00e0 s\u2019impliquer dans la recherche des solutions \u00e0 ce probl\u00e8me s\u00e9curitaire en province du Nord-Kivu comme il s\u2019est impliqu\u00e9 dans la riposte contre la maladie en virus Ebola en province du Nord-Kivu afin contribuer \u00e0 la tranquillit\u00e9 publique dans leurs entit\u00e9s.<\/p>\n<p>Gabriel KASHUGUSHU<\/p>\n","protected":false},"excerpt":{"rendered":"<p>Le d\u00e9put\u00e9 provincial Mufunza Bayengo Ghislain \u00e9lu du territoire de Beni au Nord-Kivu a invit\u00e9 ce jeudi 8 ao\u00fbt 2019 au cours d\u2019une interview accord\u00e9e \u00e0 la presse en ville<\/p>\n","protected":false},"author":14,"featured_media":4242,"comment_status":"open","ping_status":"open","sticky":false,"template":"","format":"standard","meta":{"footnotes":""},"categories":[27],"tags":[],"class_list":["post-4243","post","type-post","status-publish","format-standard","has-post-thumbnail","hentry","category-politique"],"yoast_head":"<!-- This site is optimized with the Yoast SEO plugin v27.3 - https:\/\/yoast.com\/product\/yoast-seo-wordpress\/ -->\n<title>Tueries \u00e0 Beni: Le d\u00e9put\u00e9 Mufunnza Bayengo monte au cr\u00e9neau et appelle \u00e0 une intervention ext\u00e9rieure - LES VOLCANS NEWS<\/title>\n<meta name=\"robots\" content=\"index, follow, max-snippet:-1, max-image-preview:large, max-video-preview:-1\" \/>\n<link rel=\"canonical\" href=\"https:\/\/lesvolcansnews.net\/?p=4243\" \/>\n<meta property=\"og:locale\" content=\"fr_FR\" \/>\n<meta property=\"og:type\" content=\"article\" \/>\n<meta property=\"og:title\" content=\"Tueries \u00e0 Beni: Le d\u00e9put\u00e9 Mufunnza Bayengo monte au cr\u00e9neau et appelle \u00e0 une intervention ext\u00e9rieure - LES VOLCANS NEWS\" \/>\n<meta property=\"og:description\" content=\"Le d\u00e9put\u00e9 provincial Mufunza Bayengo Ghislain \u00e9lu du territoire de Beni au Nord-Kivu a invit\u00e9 ce jeudi 8 ao\u00fbt 2019 au cours d\u2019une interview accord\u00e9e \u00e0 la presse en ville\" \/>\n<meta property=\"og:url\" content=\"https:\/\/lesvolcansnews.net\/?p=4243\" \/>\n<meta property=\"og:site_name\" content=\"LES VOLCANS NEWS\" \/>\n<meta property=\"article:published_time\" content=\"2019-08-08T12:32:10+00:00\" \/>\n<meta property=\"article:modified_time\" content=\"2019-08-08T16:25:24+00:00\" \/>\n<meta property=\"og:image\" content=\"https:\/\/lesvolcansnews.net\/wp-content\/uploads\/2019\/08\/img-20190808-wa0017575666229.jpg\" \/>\n\t<meta property=\"og:image:width\" content=\"1080\" \/>\n\t<meta property=\"og:image:height\" content=\"810\" \/>\n\t<meta property=\"og:image:type\" content=\"image\/jpeg\" \/>\n<meta name=\"author\" content=\"R\u00e9daction - Les Volcans News\" \/>\n<meta name=\"twitter:card\" content=\"summary_large_image\" \/>\n<meta name=\"twitter:label1\" content=\"\u00c9crit par\" \/>\n\t<meta name=\"twitter:data1\" content=\"R\u00e9daction - Les Volcans News\" \/>\n\t<meta name=\"twitter:label2\" content=\"Dur\u00e9e de lecture estim\u00e9e\" \/>\n\t<meta name=\"twitter:data2\" content=\"2 minutes\" \/>\n<script type=\"application\/ld+json\" class=\"yoast-schema-graph\">{\"@context\":\"https:\\\/\\\/schema.org\",\"@graph\":[{\"@type\":\"Article\",\"@id\":\"https:\\\/\\\/lesvolcansnews.net\\\/?p=4243#article\",\"isPartOf\":{\"@id\":\"https:\\\/\\\/lesvolcansnews.net\\\/?p=4243\"},\"author\":{\"name\":\"R\u00e9daction - Les Volcans News\",\"@id\":\"https:\\\/\\\/lesvolcansnews.net\\\/#\\\/schema\\\/person\\\/82c8bed2e77879ecf6cca63441f57354\"},\"headline\":\"Tueries \u00e0 Beni: Le d\u00e9put\u00e9 Mufunnza Bayengo monte au cr\u00e9neau et appelle \u00e0 une intervention ext\u00e9rieure\",\"datePublished\":\"2019-08-08T12:32:10+00:00\",\"dateModified\":\"2019-08-08T16:25:24+00:00\",\"mainEntityOfPage\":{\"@id\":\"https:\\\/\\\/lesvolcansnews.net\\\/?p=4243\"},\"wordCount\":396,\"commentCount\":0,\"image\":{\"@id\":\"https:\\\/\\\/lesvolcansnews.net\\\/?p=4243#primaryimage\"},\"thumbnailUrl\":\"https:\\\/\\\/lesvolcansnews.net\\\/wp-content\\\/uploads\\\/2019\\\/08\\\/img-20190808-wa0017575666229.jpg\",\"articleSection\":[\"POLITIQUE\"],\"inLanguage\":\"fr-FR\",\"potentialAction\":[{\"@type\":\"CommentAction\",\"name\":\"Comment\",\"target\":[\"https:\\\/\\\/lesvolcansnews.net\\\/?p=4243#respond\"]}]},{\"@type\":\"WebPage\",\"@id\":\"https:\\\/\\\/lesvolcansnews.net\\\/?p=4243\",\"url\":\"https:\\\/\\\/lesvolcansnews.net\\\/?p=4243\",\"name\":\"Tueries \u00e0 Beni: Le d\u00e9put\u00e9 Mufunnza Bayengo monte au cr\u00e9neau et appelle \u00e0 une intervention ext\u00e9rieure - LES VOLCANS NEWS\",\"isPartOf\":{\"@id\":\"https:\\\/\\\/lesvolcansnews.net\\\/#website\"},\"primaryImageOfPage\":{\"@id\":\"https:\\\/\\\/lesvolcansnews.net\\\/?p=4243#primaryimage\"},\"image\":{\"@id\":\"https:\\\/\\\/lesvolcansnews.net\\\/?p=4243#primaryimage\"},\"thumbnailUrl\":\"https:\\\/\\\/lesvolcansnews.net\\\/wp-content\\\/uploads\\\/2019\\\/08\\\/img-20190808-wa0017575666229.jpg\",\"datePublished\":\"2019-08-08T12:32:10+00:00\",\"dateModified\":\"2019-08-08T16:25:24+00:00\",\"author\":{\"@id\":\"https:\\\/\\\/lesvolcansnews.net\\\/#\\\/schema\\\/person\\\/82c8bed2e77879ecf6cca63441f57354\"},\"breadcrumb\":{\"@id\":\"https:\\\/\\\/lesvolcansnews.net\\\/?p=4243#breadcrumb\"},\"inLanguage\":\"fr-FR\",\"potentialAction\":[{\"@type\":\"ReadAction\",\"target\":[\"https:\\\/\\\/lesvolcansnews.net\\\/?p=4243\"]}]},{\"@type\":\"ImageObject\",\"inLanguage\":\"fr-FR\",\"@id\":\"https:\\\/\\\/lesvolcansnews.net\\\/?p=4243#primaryimage\",\"url\":\"https:\\\/\\\/lesvolcansnews.net\\\/wp-content\\\/uploads\\\/2019\\\/08\\\/img-20190808-wa0017575666229.jpg\",\"contentUrl\":\"https:\\\/\\\/lesvolcansnews.net\\\/wp-content\\\/uploads\\\/2019\\\/08\\\/img-20190808-wa0017575666229.jpg\",\"width\":1080,\"height\":810},{\"@type\":\"BreadcrumbList\",\"@id\":\"https:\\\/\\\/lesvolcansnews.net\\\/?p=4243#breadcrumb\",\"itemListElement\":[{\"@type\":\"ListItem\",\"position\":1,\"name\":\"Accueil\",\"item\":\"https:\\\/\\\/lesvolcansnews.net\\\/\"},{\"@type\":\"ListItem\",\"position\":2,\"name\":\"Tueries \u00e0 Beni: Le d\u00e9put\u00e9 Mufunnza Bayengo monte au cr\u00e9neau et appelle \u00e0 une intervention ext\u00e9rieure\"}]},{\"@type\":\"WebSite\",\"@id\":\"https:\\\/\\\/lesvolcansnews.net\\\/#website\",\"url\":\"https:\\\/\\\/lesvolcansnews.net\\\/\",\"name\":\"LES VOLCANS NEWS\",\"description\":\"L&#039;INFORMATION C&#039;EST NOUS\",\"potentialAction\":[{\"@type\":\"SearchAction\",\"target\":{\"@type\":\"EntryPoint\",\"urlTemplate\":\"https:\\\/\\\/lesvolcansnews.net\\\/?s={search_term_string}\"},\"query-input\":{\"@type\":\"PropertyValueSpecification\",\"valueRequired\":true,\"valueName\":\"search_term_string\"}}],\"inLanguage\":\"fr-FR\"},{\"@type\":\"Person\",\"@id\":\"https:\\\/\\\/lesvolcansnews.net\\\/#\\\/schema\\\/person\\\/82c8bed2e77879ecf6cca63441f57354\",\"name\":\"R\u00e9daction - Les Volcans News\",\"image\":{\"@type\":\"ImageObject\",\"inLanguage\":\"fr-FR\",\"@id\":\"https:\\\/\\\/secure.gravatar.com\\\/avatar\\\/8408942dd851e8a9c09f3d382a661bc05d2b3cd9002139bc1795b9528cdc6c80?s=96&d=mm&r=g\",\"url\":\"https:\\\/\\\/secure.gravatar.com\\\/avatar\\\/8408942dd851e8a9c09f3d382a661bc05d2b3cd9002139bc1795b9528cdc6c80?s=96&d=mm&r=g\",\"contentUrl\":\"https:\\\/\\\/secure.gravatar.com\\\/avatar\\\/8408942dd851e8a9c09f3d382a661bc05d2b3cd9002139bc1795b9528cdc6c80?s=96&d=mm&r=g\",\"caption\":\"R\u00e9daction - Les Volcans News\"},\"url\":\"https:\\\/\\\/lesvolcansnews.net\\\/?author=14\"}]}<\/script>\n<!-- \/ Yoast SEO plugin. -->","yoast_head_json":{"title":"Tueries \u00e0 Beni: Le d\u00e9put\u00e9 Mufunnza Bayengo monte au cr\u00e9neau et appelle \u00e0 une intervention ext\u00e9rieure - LES VOLCANS NEWS","robots":{"index":"index","follow":"follow","max-snippet":"max-snippet:-1","max-image-preview":"max-image-preview:large","max-video-preview":"max-video-preview:-1"},"canonical":"https:\/\/lesvolcansnews.net\/?p=4243","og_locale":"fr_FR","og_type":"article","og_title":"Tueries \u00e0 Beni: Le d\u00e9put\u00e9 Mufunnza Bayengo monte au cr\u00e9neau et appelle \u00e0 une intervention ext\u00e9rieure - LES VOLCANS NEWS","og_description":"Le d\u00e9put\u00e9 provincial Mufunza Bayengo Ghislain \u00e9lu du territoire de Beni au Nord-Kivu a invit\u00e9 ce jeudi 8 ao\u00fbt 2019 au cours d\u2019une interview accord\u00e9e \u00e0 la presse en ville","og_url":"https:\/\/lesvolcansnews.net\/?p=4243","og_site_name":"LES VOLCANS NEWS","article_published_time":"2019-08-08T12:32:10+00:00","article_modified_time":"2019-08-08T16:25:24+00:00","og_image":[{"width":1080,"height":810,"url":"https:\/\/lesvolcansnews.net\/wp-content\/uploads\/2019\/08\/img-20190808-wa0017575666229.jpg","type":"image\/jpeg"}],"author":"R\u00e9daction - Les Volcans News","twitter_card":"summary_large_image","twitter_misc":{"\u00c9crit par":"R\u00e9daction - Les Volcans News","Dur\u00e9e de lecture estim\u00e9e":"2 minutes"},"schema":{"@context":"https:\/\/schema.org","@graph":[{"@type":"Article","@id":"https:\/\/lesvolcansnews.net\/?p=4243#article","isPartOf":{"@id":"https:\/\/lesvolcansnews.net\/?p=4243"},"author":{"name":"R\u00e9daction - Les Volcans News","@id":"https:\/\/lesvolcansnews.net\/#\/schema\/person\/82c8bed2e77879ecf6cca63441f57354"},"headline":"Tueries \u00e0 Beni: Le d\u00e9put\u00e9 Mufunnza Bayengo monte au cr\u00e9neau et appelle \u00e0 une intervention ext\u00e9rieure","datePublished":"2019-08-08T12:32:10+00:00","dateModified":"2019-08-08T16:25:24+00:00","mainEntityOfPage":{"@id":"https:\/\/lesvolcansnews.net\/?p=4243"},"wordCount":396,"commentCount":0,"image":{"@id":"https:\/\/lesvolcansnews.net\/?p=4243#primaryimage"},"thumbnailUrl":"https:\/\/lesvolcansnews.net\/wp-content\/uploads\/2019\/08\/img-20190808-wa0017575666229.jpg","articleSection":["POLITIQUE"],"inLanguage":"fr-FR","potentialAction":[{"@type":"CommentAction","name":"Comment","target":["https:\/\/lesvolcansnews.net\/?p=4243#respond"]}]},{"@type":"WebPage","@id":"https:\/\/lesvolcansnews.net\/?p=4243","url":"https:\/\/lesvolcansnews.net\/?p=4243","name":"Tueries \u00e0 Beni: Le d\u00e9put\u00e9 Mufunnza Bayengo monte au cr\u00e9neau et appelle \u00e0 une intervention ext\u00e9rieure - LES VOLCANS NEWS","isPartOf":{"@id":"https:\/\/lesvolcansnews.net\/#website"},"primaryImageOfPage":{"@id":"https:\/\/lesvolcansnews.net\/?p=4243#primaryimage"},"image":{"@id":"https:\/\/lesvolcansnews.net\/?p=4243#primaryimage"},"thumbnailUrl":"https:\/\/lesvolcansnews.net\/wp-content\/uploads\/2019\/08\/img-20190808-wa0017575666229.jpg","datePublished":"2019-08-08T12:32:10+00:00","dateModified":"2019-08-08T16:25:24+00:00","author":{"@id":"https:\/\/lesvolcansnews.net\/#\/schema\/person\/82c8bed2e77879ecf6cca63441f57354"},"breadcrumb":{"@id":"https:\/\/lesvolcansnews.net\/?p=4243#breadcrumb"},"inLanguage":"fr-FR","potentialAction":[{"@type":"ReadAction","target":["https:\/\/lesvolcansnews.net\/?p=4243"]}]},{"@type":"ImageObject","inLanguage":"fr-FR","@id":"https:\/\/lesvolcansnews.net\/?p=4243#primaryimage","url":"https:\/\/lesvolcansnews.net\/wp-content\/uploads\/2019\/08\/img-20190808-wa0017575666229.jpg","contentUrl":"https:\/\/lesvolcansnews.net\/wp-content\/uploads\/2019\/08\/img-20190808-wa0017575666229.jpg","width":1080,"height":810},{"@type":"BreadcrumbList","@id":"https:\/\/lesvolcansnews.net\/?p=4243#breadcrumb","itemListElement":[{"@type":"ListItem","position":1,"name":"Accueil","item":"https:\/\/lesvolcansnews.net\/"},{"@type":"ListItem","position":2,"name":"Tueries \u00e0 Beni: Le d\u00e9put\u00e9 Mufunnza Bayengo monte au cr\u00e9neau et appelle \u00e0 une intervention ext\u00e9rieure"}]},{"@type":"WebSite","@id":"https:\/\/lesvolcansnews.net\/#website","url":"https:\/\/lesvolcansnews.net\/","name":"LES VOLCANS NEWS","description":"L&#039;INFORMATION C&#039;EST NOUS","potentialAction":[{"@type":"SearchAction","target":{"@type":"EntryPoint","urlTemplate":"https:\/\/lesvolcansnews.net\/?s={search_term_string}"},"query-input":{"@type":"PropertyValueSpecification","valueRequired":true,"valueName":"search_term_string"}}],"inLanguage":"fr-FR"},{"@type":"Person","@id":"https:\/\/lesvolcansnews.net\/#\/schema\/person\/82c8bed2e77879ecf6cca63441f57354","name":"R\u00e9daction - Les Volcans News","image":{"@type":"ImageObject","inLanguage":"fr-FR","@id":"https:\/\/secure.gravatar.com\/avatar\/8408942dd851e8a9c09f3d382a661bc05d2b3cd9002139bc1795b9528cdc6c80?s=96&d=mm&r=g","url":"https:\/\/secure.gravatar.com\/avatar\/8408942dd851e8a9c09f3d382a661bc05d2b3cd9002139bc1795b9528cdc6c80?s=96&d=mm&r=g","contentUrl":"https:\/\/secure.gravatar.com\/avatar\/8408942dd851e8a9c09f3d382a661bc05d2b3cd9002139bc1795b9528cdc6c80?s=96&d=mm&r=g","caption":"R\u00e9daction - Les Volcans News"},"url":"https:\/\/lesvolcansnews.net\/?author=14"}]}},"_links":{"self":[{"href":"https:\/\/lesvolcansnews.net\/index.php?rest_route=\/wp\/v2\/posts\/4243","targetHints":{"allow":["GET"]}}],"collection":[{"href":"https:\/\/lesvolcansnews.net\/index.php?rest_route=\/wp\/v2\/posts"}],"about":[{"href":"https:\/\/lesvolcansnews.net\/index.php?rest_route=\/wp\/v2\/types\/post"}],"author":[{"embeddable":true,"href":"https:\/\/lesvolcansnews.net\/index.php?rest_route=\/wp\/v2\/users\/14"}],"replies":[{"embeddable":true,"href":"https:\/\/lesvolcansnews.net\/index.php?rest_route=%2Fwp%2Fv2%2Fcomments&post=4243"}],"version-history":[{"count":2,"href":"https:\/\/lesvolcansnews.net\/index.php?rest_route=\/wp\/v2\/posts\/4243\/revisions"}],"predecessor-version":[{"id":4253,"href":"https:\/\/lesvolcansnews.net\/index.php?rest_route=\/wp\/v2\/posts\/4243\/revisions\/4253"}],"wp:featuredmedia":[{"embeddable":true,"href":"https:\/\/lesvolcansnews.net\/index.php?rest_route=\/wp\/v2\/media\/4242"}],"wp:attachment":[{"href":"https:\/\/lesvolcansnews.net\/index.php?rest_route=%2Fwp%2Fv2%2Fmedia&parent=4243"}],"wp:term":[{"taxonomy":"category","embeddable":true,"href":"https:\/\/lesvolcansnews.net\/index.php?rest_route=%2Fwp%2Fv2%2Fcategories&post=4243"},{"taxonomy":"post_tag","embeddable":true,"href":"https:\/\/lesvolcansnews.net\/index.php?rest_route=%2Fwp%2Fv2%2Ftags&post=4243"}],"curies":[{"name":"wp","href":"https:\/\/api.w.org\/{rel}","templated":true}]}}