{"id":4235,"date":"2019-08-07T15:32:36","date_gmt":"2019-08-07T15:32:36","guid":{"rendered":"https:\/\/lesvolcansnews.net\/2019\/08\/07\/as-v-club-florent-ibenge-en-conge-et-reste-lentraineur-principal-patrick-banishayi\/"},"modified":"2019-08-07T15:32:36","modified_gmt":"2019-08-07T15:32:36","slug":"as-v-club-florent-ibenge-en-conge-et-reste-lentraineur-principal-patrick-banishayi","status":"publish","type":"post","link":"https:\/\/lesvolcansnews.net\/?p=4235","title":{"rendered":"AS V.CLUB : Florent Ibenge en cong\u00e9 et reste l&#8217;entraineur principal( Patrick Banishayi)"},"content":{"rendered":"<p>Le secr\u00e9tariat de l&#8217;As V.club de Kinshasa, chapeaut\u00e9 par Patrick Banishayi , a mis fin aux malheurs faits pour l&#8217;entra\u00eeneur du club vert et noir faisant allusion d&#8217;une d&#8217;\u00e9mission silencieuse au sein de l&#8217;As Vita.<br \/>\nC&#8217;\u00e9tait au cours d&#8217;un entretien accord\u00e9 \u00e0 nos confr\u00e8res de la Top Congo Fm, ce lundi 05 ao\u00fbt que le secr\u00e9taire G\u00e9n\u00e9ral de l&#8217;AS Vclub, Patrick Banishayi a balay\u00e9 tout malentendu sur l&#8217;absence de Florent Ibenge aux s\u00e9ances d&#8217;entra\u00eenements de la team vert et noir depuis son retour de la 32\u00e8me Coupe d&#8217;Afrique des Nations (CAN) \u00c9gypte 2019 en faisant connaissance que le technicien congolais avait demand\u00e9 un cong\u00e9.<\/p>\n<p>\u00ab <em>Ibenge avait sollicit\u00e9 un cong\u00e9 d&#8217;un mois qu&#8217;on lui a accord\u00e9. Nous attendons qu&#8217;il puisse finir ces 30 jours pour reprendre le travail. Il est d\u00e9j\u00e0 revenu au pays [&#8230;] Un cong\u00e9 n&#8217;est-il pas permis ? \u00bb<\/em>, A-t-il interrog\u00e9 en r\u00e9v\u00e9lant que depuis son arriv\u00e9e \u00e0 V.club le d\u00e9nomm\u00e9 coach Android n&#8217;a jamais pris des vacances.<\/p>\n<p>\u00ab <em>Depuis qu&#8217;Ibenge est l\u00e0, il n&#8217;a jamais pris de vacances. Avec tout ce qui s&#8217;est pass\u00e9 ces derniers jours, il se sent un peu stress\u00e9. Voil\u00e0 pourquoi il a sollicit\u00e9 un cong\u00e9 qui n&#8217;est pas une mauvaise chose \u00bb<\/em>, a-t-il d\u00e9clar\u00e9 .<\/p>\n<p>Malgr\u00e9 cette pr\u00e9cision, le technicien Congolais ne va pas toujours se d\u00e9placer pour ce mercredi 07 ao\u00fbt au Cameroun o\u00f9 les Moscovites croiseront l&#8217;USM Loum (champions du Cameroun) , le 11 ao\u00fbt prochain dans un stade avec comme capacit\u00e9 d&#8217;accueillir mille personnes.<\/p>\n<p>Il sied \u00e0 signaler que Flo Ibenge ne sera disponible qu&#8217;apres avoir consomm\u00e9 ses trente jours de vacances.<\/p>\n<p><strong><em>Cedrick Sadiki<\/em><\/strong><\/p>\n","protected":false},"excerpt":{"rendered":"<p>Le secr\u00e9tariat de l&#8217;As V.club de Kinshasa, chapeaut\u00e9 par Patrick Banishayi , a mis fin aux malheurs faits pour l&#8217;entra\u00eeneur du club vert et noir faisant allusion d&#8217;une d&#8217;\u00e9mission silencieuse<\/p>\n","protected":false},"author":14,"featured_media":4234,"comment_status":"open","ping_status":"open","sticky":false,"template":"","format":"standard","meta":{"footnotes":""},"categories":[11],"tags":[],"class_list":["post-4235","post","type-post","status-publish","format-standard","has-post-thumbnail","hentry","category-sports"],"yoast_head":"<!-- This site is optimized with the Yoast SEO plugin v27.3 - https:\/\/yoast.com\/product\/yoast-seo-wordpress\/ -->\n<title>AS V.CLUB : Florent Ibenge en cong\u00e9 et reste l&#039;entraineur principal( Patrick Banishayi) - LES VOLCANS NEWS<\/title>\n<meta name=\"robots\" content=\"index, follow, max-snippet:-1, max-image-preview:large, max-video-preview:-1\" \/>\n<link rel=\"canonical\" href=\"https:\/\/lesvolcansnews.net\/?p=4235\" \/>\n<meta property=\"og:locale\" content=\"fr_FR\" \/>\n<meta property=\"og:type\" content=\"article\" \/>\n<meta property=\"og:title\" content=\"AS V.CLUB : Florent Ibenge en cong\u00e9 et reste l&#039;entraineur principal( Patrick Banishayi) - LES VOLCANS NEWS\" \/>\n<meta property=\"og:description\" content=\"Le secr\u00e9tariat de l&#8217;As V.club de Kinshasa, chapeaut\u00e9 par Patrick Banishayi , a mis fin aux malheurs faits pour l&#8217;entra\u00eeneur du club vert et noir faisant allusion d&#8217;une d&#8217;\u00e9mission silencieuse\" \/>\n<meta property=\"og:url\" content=\"https:\/\/lesvolcansnews.net\/?p=4235\" \/>\n<meta property=\"og:site_name\" content=\"LES VOLCANS NEWS\" \/>\n<meta property=\"article:published_time\" content=\"2019-08-07T15:32:36+00:00\" \/>\n<meta property=\"og:image\" content=\"https:\/\/lesvolcansnews.net\/wp-content\/uploads\/2019\/08\/IMG-20190807-WA0017.jpg\" \/>\n\t<meta property=\"og:image:width\" content=\"474\" \/>\n\t<meta property=\"og:image:height\" content=\"711\" \/>\n\t<meta property=\"og:image:type\" content=\"image\/jpeg\" \/>\n<meta name=\"author\" content=\"R\u00e9daction - Les Volcans News\" \/>\n<meta name=\"twitter:card\" content=\"summary_large_image\" \/>\n<meta name=\"twitter:label1\" content=\"\u00c9crit par\" \/>\n\t<meta name=\"twitter:data1\" content=\"R\u00e9daction - Les Volcans News\" \/>\n\t<meta name=\"twitter:label2\" content=\"Dur\u00e9e de lecture estim\u00e9e\" \/>\n\t<meta name=\"twitter:data2\" content=\"1 minute\" \/>\n<script type=\"application\/ld+json\" class=\"yoast-schema-graph\">{\"@context\":\"https:\\\/\\\/schema.org\",\"@graph\":[{\"@type\":\"Article\",\"@id\":\"https:\\\/\\\/lesvolcansnews.net\\\/?p=4235#article\",\"isPartOf\":{\"@id\":\"https:\\\/\\\/lesvolcansnews.net\\\/?p=4235\"},\"author\":{\"name\":\"R\u00e9daction - Les Volcans News\",\"@id\":\"https:\\\/\\\/lesvolcansnews.net\\\/#\\\/schema\\\/person\\\/82c8bed2e77879ecf6cca63441f57354\"},\"headline\":\"AS V.CLUB : Florent Ibenge en cong\u00e9 et reste l&#8217;entraineur principal( Patrick Banishayi)\",\"datePublished\":\"2019-08-07T15:32:36+00:00\",\"mainEntityOfPage\":{\"@id\":\"https:\\\/\\\/lesvolcansnews.net\\\/?p=4235\"},\"wordCount\":307,\"commentCount\":0,\"image\":{\"@id\":\"https:\\\/\\\/lesvolcansnews.net\\\/?p=4235#primaryimage\"},\"thumbnailUrl\":\"https:\\\/\\\/lesvolcansnews.net\\\/wp-content\\\/uploads\\\/2019\\\/08\\\/IMG-20190807-WA0017.jpg\",\"articleSection\":[\"SPORTS\"],\"inLanguage\":\"fr-FR\",\"potentialAction\":[{\"@type\":\"CommentAction\",\"name\":\"Comment\",\"target\":[\"https:\\\/\\\/lesvolcansnews.net\\\/?p=4235#respond\"]}]},{\"@type\":\"WebPage\",\"@id\":\"https:\\\/\\\/lesvolcansnews.net\\\/?p=4235\",\"url\":\"https:\\\/\\\/lesvolcansnews.net\\\/?p=4235\",\"name\":\"AS V.CLUB : Florent Ibenge en cong\u00e9 et reste l'entraineur principal( Patrick Banishayi) - LES VOLCANS NEWS\",\"isPartOf\":{\"@id\":\"https:\\\/\\\/lesvolcansnews.net\\\/#website\"},\"primaryImageOfPage\":{\"@id\":\"https:\\\/\\\/lesvolcansnews.net\\\/?p=4235#primaryimage\"},\"image\":{\"@id\":\"https:\\\/\\\/lesvolcansnews.net\\\/?p=4235#primaryimage\"},\"thumbnailUrl\":\"https:\\\/\\\/lesvolcansnews.net\\\/wp-content\\\/uploads\\\/2019\\\/08\\\/IMG-20190807-WA0017.jpg\",\"datePublished\":\"2019-08-07T15:32:36+00:00\",\"author\":{\"@id\":\"https:\\\/\\\/lesvolcansnews.net\\\/#\\\/schema\\\/person\\\/82c8bed2e77879ecf6cca63441f57354\"},\"breadcrumb\":{\"@id\":\"https:\\\/\\\/lesvolcansnews.net\\\/?p=4235#breadcrumb\"},\"inLanguage\":\"fr-FR\",\"potentialAction\":[{\"@type\":\"ReadAction\",\"target\":[\"https:\\\/\\\/lesvolcansnews.net\\\/?p=4235\"]}]},{\"@type\":\"ImageObject\",\"inLanguage\":\"fr-FR\",\"@id\":\"https:\\\/\\\/lesvolcansnews.net\\\/?p=4235#primaryimage\",\"url\":\"https:\\\/\\\/lesvolcansnews.net\\\/wp-content\\\/uploads\\\/2019\\\/08\\\/IMG-20190807-WA0017.jpg\",\"contentUrl\":\"https:\\\/\\\/lesvolcansnews.net\\\/wp-content\\\/uploads\\\/2019\\\/08\\\/IMG-20190807-WA0017.jpg\",\"width\":474,\"height\":711},{\"@type\":\"BreadcrumbList\",\"@id\":\"https:\\\/\\\/lesvolcansnews.net\\\/?p=4235#breadcrumb\",\"itemListElement\":[{\"@type\":\"ListItem\",\"position\":1,\"name\":\"Accueil\",\"item\":\"https:\\\/\\\/lesvolcansnews.net\\\/\"},{\"@type\":\"ListItem\",\"position\":2,\"name\":\"AS V.CLUB : Florent Ibenge en cong\u00e9 et reste l&#8217;entraineur principal( Patrick Banishayi)\"}]},{\"@type\":\"WebSite\",\"@id\":\"https:\\\/\\\/lesvolcansnews.net\\\/#website\",\"url\":\"https:\\\/\\\/lesvolcansnews.net\\\/\",\"name\":\"LES VOLCANS NEWS\",\"description\":\"L&#039;INFORMATION C&#039;EST NOUS\",\"potentialAction\":[{\"@type\":\"SearchAction\",\"target\":{\"@type\":\"EntryPoint\",\"urlTemplate\":\"https:\\\/\\\/lesvolcansnews.net\\\/?s={search_term_string}\"},\"query-input\":{\"@type\":\"PropertyValueSpecification\",\"valueRequired\":true,\"valueName\":\"search_term_string\"}}],\"inLanguage\":\"fr-FR\"},{\"@type\":\"Person\",\"@id\":\"https:\\\/\\\/lesvolcansnews.net\\\/#\\\/schema\\\/person\\\/82c8bed2e77879ecf6cca63441f57354\",\"name\":\"R\u00e9daction - Les Volcans News\",\"image\":{\"@type\":\"ImageObject\",\"inLanguage\":\"fr-FR\",\"@id\":\"https:\\\/\\\/secure.gravatar.com\\\/avatar\\\/8408942dd851e8a9c09f3d382a661bc05d2b3cd9002139bc1795b9528cdc6c80?s=96&d=mm&r=g\",\"url\":\"https:\\\/\\\/secure.gravatar.com\\\/avatar\\\/8408942dd851e8a9c09f3d382a661bc05d2b3cd9002139bc1795b9528cdc6c80?s=96&d=mm&r=g\",\"contentUrl\":\"https:\\\/\\\/secure.gravatar.com\\\/avatar\\\/8408942dd851e8a9c09f3d382a661bc05d2b3cd9002139bc1795b9528cdc6c80?s=96&d=mm&r=g\",\"caption\":\"R\u00e9daction - Les Volcans News\"},\"url\":\"https:\\\/\\\/lesvolcansnews.net\\\/?author=14\"}]}<\/script>\n<!-- \/ Yoast SEO plugin. -->","yoast_head_json":{"title":"AS V.CLUB : Florent Ibenge en cong\u00e9 et reste l'entraineur principal( Patrick Banishayi) - LES VOLCANS NEWS","robots":{"index":"index","follow":"follow","max-snippet":"max-snippet:-1","max-image-preview":"max-image-preview:large","max-video-preview":"max-video-preview:-1"},"canonical":"https:\/\/lesvolcansnews.net\/?p=4235","og_locale":"fr_FR","og_type":"article","og_title":"AS V.CLUB : Florent Ibenge en cong\u00e9 et reste l'entraineur principal( Patrick Banishayi) - LES VOLCANS NEWS","og_description":"Le secr\u00e9tariat de l&#8217;As V.club de Kinshasa, chapeaut\u00e9 par Patrick Banishayi , a mis fin aux malheurs faits pour l&#8217;entra\u00eeneur du club vert et noir faisant allusion d&#8217;une d&#8217;\u00e9mission silencieuse","og_url":"https:\/\/lesvolcansnews.net\/?p=4235","og_site_name":"LES VOLCANS NEWS","article_published_time":"2019-08-07T15:32:36+00:00","og_image":[{"width":474,"height":711,"url":"https:\/\/lesvolcansnews.net\/wp-content\/uploads\/2019\/08\/IMG-20190807-WA0017.jpg","type":"image\/jpeg"}],"author":"R\u00e9daction - Les Volcans News","twitter_card":"summary_large_image","twitter_misc":{"\u00c9crit par":"R\u00e9daction - Les Volcans News","Dur\u00e9e de lecture estim\u00e9e":"1 minute"},"schema":{"@context":"https:\/\/schema.org","@graph":[{"@type":"Article","@id":"https:\/\/lesvolcansnews.net\/?p=4235#article","isPartOf":{"@id":"https:\/\/lesvolcansnews.net\/?p=4235"},"author":{"name":"R\u00e9daction - Les Volcans News","@id":"https:\/\/lesvolcansnews.net\/#\/schema\/person\/82c8bed2e77879ecf6cca63441f57354"},"headline":"AS V.CLUB : Florent Ibenge en cong\u00e9 et reste l&#8217;entraineur principal( Patrick Banishayi)","datePublished":"2019-08-07T15:32:36+00:00","mainEntityOfPage":{"@id":"https:\/\/lesvolcansnews.net\/?p=4235"},"wordCount":307,"commentCount":0,"image":{"@id":"https:\/\/lesvolcansnews.net\/?p=4235#primaryimage"},"thumbnailUrl":"https:\/\/lesvolcansnews.net\/wp-content\/uploads\/2019\/08\/IMG-20190807-WA0017.jpg","articleSection":["SPORTS"],"inLanguage":"fr-FR","potentialAction":[{"@type":"CommentAction","name":"Comment","target":["https:\/\/lesvolcansnews.net\/?p=4235#respond"]}]},{"@type":"WebPage","@id":"https:\/\/lesvolcansnews.net\/?p=4235","url":"https:\/\/lesvolcansnews.net\/?p=4235","name":"AS V.CLUB : Florent Ibenge en cong\u00e9 et reste l'entraineur principal( Patrick Banishayi) - LES VOLCANS NEWS","isPartOf":{"@id":"https:\/\/lesvolcansnews.net\/#website"},"primaryImageOfPage":{"@id":"https:\/\/lesvolcansnews.net\/?p=4235#primaryimage"},"image":{"@id":"https:\/\/lesvolcansnews.net\/?p=4235#primaryimage"},"thumbnailUrl":"https:\/\/lesvolcansnews.net\/wp-content\/uploads\/2019\/08\/IMG-20190807-WA0017.jpg","datePublished":"2019-08-07T15:32:36+00:00","author":{"@id":"https:\/\/lesvolcansnews.net\/#\/schema\/person\/82c8bed2e77879ecf6cca63441f57354"},"breadcrumb":{"@id":"https:\/\/lesvolcansnews.net\/?p=4235#breadcrumb"},"inLanguage":"fr-FR","potentialAction":[{"@type":"ReadAction","target":["https:\/\/lesvolcansnews.net\/?p=4235"]}]},{"@type":"ImageObject","inLanguage":"fr-FR","@id":"https:\/\/lesvolcansnews.net\/?p=4235#primaryimage","url":"https:\/\/lesvolcansnews.net\/wp-content\/uploads\/2019\/08\/IMG-20190807-WA0017.jpg","contentUrl":"https:\/\/lesvolcansnews.net\/wp-content\/uploads\/2019\/08\/IMG-20190807-WA0017.jpg","width":474,"height":711},{"@type":"BreadcrumbList","@id":"https:\/\/lesvolcansnews.net\/?p=4235#breadcrumb","itemListElement":[{"@type":"ListItem","position":1,"name":"Accueil","item":"https:\/\/lesvolcansnews.net\/"},{"@type":"ListItem","position":2,"name":"AS V.CLUB : Florent Ibenge en cong\u00e9 et reste l&#8217;entraineur principal( Patrick Banishayi)"}]},{"@type":"WebSite","@id":"https:\/\/lesvolcansnews.net\/#website","url":"https:\/\/lesvolcansnews.net\/","name":"LES VOLCANS NEWS","description":"L&#039;INFORMATION C&#039;EST NOUS","potentialAction":[{"@type":"SearchAction","target":{"@type":"EntryPoint","urlTemplate":"https:\/\/lesvolcansnews.net\/?s={search_term_string}"},"query-input":{"@type":"PropertyValueSpecification","valueRequired":true,"valueName":"search_term_string"}}],"inLanguage":"fr-FR"},{"@type":"Person","@id":"https:\/\/lesvolcansnews.net\/#\/schema\/person\/82c8bed2e77879ecf6cca63441f57354","name":"R\u00e9daction - Les Volcans News","image":{"@type":"ImageObject","inLanguage":"fr-FR","@id":"https:\/\/secure.gravatar.com\/avatar\/8408942dd851e8a9c09f3d382a661bc05d2b3cd9002139bc1795b9528cdc6c80?s=96&d=mm&r=g","url":"https:\/\/secure.gravatar.com\/avatar\/8408942dd851e8a9c09f3d382a661bc05d2b3cd9002139bc1795b9528cdc6c80?s=96&d=mm&r=g","contentUrl":"https:\/\/secure.gravatar.com\/avatar\/8408942dd851e8a9c09f3d382a661bc05d2b3cd9002139bc1795b9528cdc6c80?s=96&d=mm&r=g","caption":"R\u00e9daction - Les Volcans News"},"url":"https:\/\/lesvolcansnews.net\/?author=14"}]}},"_links":{"self":[{"href":"https:\/\/lesvolcansnews.net\/index.php?rest_route=\/wp\/v2\/posts\/4235","targetHints":{"allow":["GET"]}}],"collection":[{"href":"https:\/\/lesvolcansnews.net\/index.php?rest_route=\/wp\/v2\/posts"}],"about":[{"href":"https:\/\/lesvolcansnews.net\/index.php?rest_route=\/wp\/v2\/types\/post"}],"author":[{"embeddable":true,"href":"https:\/\/lesvolcansnews.net\/index.php?rest_route=\/wp\/v2\/users\/14"}],"replies":[{"embeddable":true,"href":"https:\/\/lesvolcansnews.net\/index.php?rest_route=%2Fwp%2Fv2%2Fcomments&post=4235"}],"version-history":[{"count":0,"href":"https:\/\/lesvolcansnews.net\/index.php?rest_route=\/wp\/v2\/posts\/4235\/revisions"}],"wp:featuredmedia":[{"embeddable":true,"href":"https:\/\/lesvolcansnews.net\/index.php?rest_route=\/wp\/v2\/media\/4234"}],"wp:attachment":[{"href":"https:\/\/lesvolcansnews.net\/index.php?rest_route=%2Fwp%2Fv2%2Fmedia&parent=4235"}],"wp:term":[{"taxonomy":"category","embeddable":true,"href":"https:\/\/lesvolcansnews.net\/index.php?rest_route=%2Fwp%2Fv2%2Fcategories&post=4235"},{"taxonomy":"post_tag","embeddable":true,"href":"https:\/\/lesvolcansnews.net\/index.php?rest_route=%2Fwp%2Fv2%2Ftags&post=4235"}],"curies":[{"name":"wp","href":"https:\/\/api.w.org\/{rel}","templated":true}]}}