{"id":4209,"date":"2019-08-05T14:31:06","date_gmt":"2019-08-05T14:31:06","guid":{"rendered":"https:\/\/lesvolcansnews.net\/2019\/08\/05\/goma-le-secretaire-general-adjoint-de-ludps-sensibilise-sur-la-maladie-a-virus-debola\/"},"modified":"2019-08-05T14:54:42","modified_gmt":"2019-08-05T14:54:42","slug":"goma-le-secretaire-general-adjoint-de-ludps-sensibilise-sur-la-maladie-a-virus-debola","status":"publish","type":"post","link":"https:\/\/lesvolcansnews.net\/?p=4209","title":{"rendered":"Goma: Le secr\u00e9taire g\u00e9n\u00e9ral adjoint de l&#8217;UDPS sensibilise sur la maladie \u00e0 virus d&#8217;Ebola"},"content":{"rendered":"<p>M. Rebuns Mikindu secr\u00e9taire g\u00e9n\u00e9ral adjoint de l&#8217;Union des D\u00e9mocrates pour le Progr\u00e8s Social (UDPS), a invit\u00e9 toute la population du Nord-Kivu en g\u00e9n\u00e9ral et de la ville de Goma en particulier, \u00e0 sa s&#8217;approprier les orientations \u00e9dict\u00e9es par le minist\u00e8re de la sant\u00e9 pour se prot\u00e9ger contre la maladie \u00e0 virus Ebola, ainsi que prot\u00e9ger son prochain.<br \/>\nC\u2019\u00e9tait le vendredi dernier quelques heures seulement apr\u00e8s sa descente de l\u2019a\u00e9ronef \u00e0 l&#8217;a\u00e9roport international de Goma o\u00f9 il a pr\u00e9sent\u00e9 l&#8217;agenda de son s\u00e9jour dans cette ville touristique.<br \/>\nDevant la presse locale, il est revenu sur la situation du virus Ebola en province du Nord-Kivu, plus particuli\u00e8rement dans son chef-lieu la ville de Goma pour laquelle il a montr\u00e9 la n\u00e9cessit\u00e9 \u00e0 tout un chacun de contribuer \u00e0 l\u2019efficacit\u00e9 de son combat \u00e0 travers une sensibilisation tout azimut pour arriver cette pand\u00e9mie dangereuse qui guette des milliers des personnes en province.<br \/>\nRichard kubuya<\/p>\n","protected":false},"excerpt":{"rendered":"<p>M. Rebuns Mikindu secr\u00e9taire g\u00e9n\u00e9ral adjoint de l&#8217;Union des D\u00e9mocrates pour le Progr\u00e8s Social (UDPS), a invit\u00e9 toute la population du Nord-Kivu en g\u00e9n\u00e9ral et de la ville de Goma<\/p>\n","protected":false},"author":14,"featured_media":4208,"comment_status":"open","ping_status":"open","sticky":false,"template":"","format":"standard","meta":{"footnotes":""},"categories":[27],"tags":[],"class_list":["post-4209","post","type-post","status-publish","format-standard","has-post-thumbnail","hentry","category-politique"],"yoast_head":"<!-- This site is optimized with the Yoast SEO plugin v27.3 - https:\/\/yoast.com\/product\/yoast-seo-wordpress\/ -->\n<title>Goma: Le secr\u00e9taire g\u00e9n\u00e9ral adjoint de l&#039;UDPS sensibilise sur la maladie \u00e0 virus d&#039;Ebola - LES VOLCANS NEWS<\/title>\n<meta name=\"robots\" content=\"index, follow, max-snippet:-1, max-image-preview:large, max-video-preview:-1\" \/>\n<link rel=\"canonical\" href=\"https:\/\/lesvolcansnews.net\/?p=4209\" \/>\n<meta property=\"og:locale\" content=\"fr_FR\" \/>\n<meta property=\"og:type\" content=\"article\" \/>\n<meta property=\"og:title\" content=\"Goma: Le secr\u00e9taire g\u00e9n\u00e9ral adjoint de l&#039;UDPS sensibilise sur la maladie \u00e0 virus d&#039;Ebola - LES VOLCANS NEWS\" \/>\n<meta property=\"og:description\" content=\"M. Rebuns Mikindu secr\u00e9taire g\u00e9n\u00e9ral adjoint de l&#8217;Union des D\u00e9mocrates pour le Progr\u00e8s Social (UDPS), a invit\u00e9 toute la population du Nord-Kivu en g\u00e9n\u00e9ral et de la ville de Goma\" \/>\n<meta property=\"og:url\" content=\"https:\/\/lesvolcansnews.net\/?p=4209\" \/>\n<meta property=\"og:site_name\" content=\"LES VOLCANS NEWS\" \/>\n<meta property=\"article:published_time\" content=\"2019-08-05T14:31:06+00:00\" \/>\n<meta property=\"article:modified_time\" content=\"2019-08-05T14:54:42+00:00\" \/>\n<meta property=\"og:image\" content=\"https:\/\/lesvolcansnews.net\/wp-content\/uploads\/2019\/08\/IMG-20190802-WA0177.jpg\" \/>\n\t<meta property=\"og:image:width\" content=\"1008\" \/>\n\t<meta property=\"og:image:height\" content=\"490\" \/>\n\t<meta property=\"og:image:type\" content=\"image\/jpeg\" \/>\n<meta name=\"author\" content=\"R\u00e9daction - Les Volcans News\" \/>\n<meta name=\"twitter:card\" content=\"summary_large_image\" \/>\n<meta name=\"twitter:label1\" content=\"\u00c9crit par\" \/>\n\t<meta name=\"twitter:data1\" content=\"R\u00e9daction - Les Volcans News\" \/>\n\t<meta name=\"twitter:label2\" content=\"Dur\u00e9e de lecture estim\u00e9e\" \/>\n\t<meta name=\"twitter:data2\" content=\"1 minute\" \/>\n<script type=\"application\/ld+json\" class=\"yoast-schema-graph\">{\"@context\":\"https:\\\/\\\/schema.org\",\"@graph\":[{\"@type\":\"Article\",\"@id\":\"https:\\\/\\\/lesvolcansnews.net\\\/?p=4209#article\",\"isPartOf\":{\"@id\":\"https:\\\/\\\/lesvolcansnews.net\\\/?p=4209\"},\"author\":{\"name\":\"R\u00e9daction - Les Volcans News\",\"@id\":\"https:\\\/\\\/lesvolcansnews.net\\\/#\\\/schema\\\/person\\\/82c8bed2e77879ecf6cca63441f57354\"},\"headline\":\"Goma: Le secr\u00e9taire g\u00e9n\u00e9ral adjoint de l&#8217;UDPS sensibilise sur la maladie \u00e0 virus d&#8217;Ebola\",\"datePublished\":\"2019-08-05T14:31:06+00:00\",\"dateModified\":\"2019-08-05T14:54:42+00:00\",\"mainEntityOfPage\":{\"@id\":\"https:\\\/\\\/lesvolcansnews.net\\\/?p=4209\"},\"wordCount\":190,\"commentCount\":0,\"image\":{\"@id\":\"https:\\\/\\\/lesvolcansnews.net\\\/?p=4209#primaryimage\"},\"thumbnailUrl\":\"https:\\\/\\\/lesvolcansnews.net\\\/wp-content\\\/uploads\\\/2019\\\/08\\\/IMG-20190802-WA0177.jpg\",\"articleSection\":[\"POLITIQUE\"],\"inLanguage\":\"fr-FR\",\"potentialAction\":[{\"@type\":\"CommentAction\",\"name\":\"Comment\",\"target\":[\"https:\\\/\\\/lesvolcansnews.net\\\/?p=4209#respond\"]}]},{\"@type\":\"WebPage\",\"@id\":\"https:\\\/\\\/lesvolcansnews.net\\\/?p=4209\",\"url\":\"https:\\\/\\\/lesvolcansnews.net\\\/?p=4209\",\"name\":\"Goma: Le secr\u00e9taire g\u00e9n\u00e9ral adjoint de l'UDPS sensibilise sur la maladie \u00e0 virus d'Ebola - LES VOLCANS NEWS\",\"isPartOf\":{\"@id\":\"https:\\\/\\\/lesvolcansnews.net\\\/#website\"},\"primaryImageOfPage\":{\"@id\":\"https:\\\/\\\/lesvolcansnews.net\\\/?p=4209#primaryimage\"},\"image\":{\"@id\":\"https:\\\/\\\/lesvolcansnews.net\\\/?p=4209#primaryimage\"},\"thumbnailUrl\":\"https:\\\/\\\/lesvolcansnews.net\\\/wp-content\\\/uploads\\\/2019\\\/08\\\/IMG-20190802-WA0177.jpg\",\"datePublished\":\"2019-08-05T14:31:06+00:00\",\"dateModified\":\"2019-08-05T14:54:42+00:00\",\"author\":{\"@id\":\"https:\\\/\\\/lesvolcansnews.net\\\/#\\\/schema\\\/person\\\/82c8bed2e77879ecf6cca63441f57354\"},\"breadcrumb\":{\"@id\":\"https:\\\/\\\/lesvolcansnews.net\\\/?p=4209#breadcrumb\"},\"inLanguage\":\"fr-FR\",\"potentialAction\":[{\"@type\":\"ReadAction\",\"target\":[\"https:\\\/\\\/lesvolcansnews.net\\\/?p=4209\"]}]},{\"@type\":\"ImageObject\",\"inLanguage\":\"fr-FR\",\"@id\":\"https:\\\/\\\/lesvolcansnews.net\\\/?p=4209#primaryimage\",\"url\":\"https:\\\/\\\/lesvolcansnews.net\\\/wp-content\\\/uploads\\\/2019\\\/08\\\/IMG-20190802-WA0177.jpg\",\"contentUrl\":\"https:\\\/\\\/lesvolcansnews.net\\\/wp-content\\\/uploads\\\/2019\\\/08\\\/IMG-20190802-WA0177.jpg\",\"width\":1008,\"height\":490},{\"@type\":\"BreadcrumbList\",\"@id\":\"https:\\\/\\\/lesvolcansnews.net\\\/?p=4209#breadcrumb\",\"itemListElement\":[{\"@type\":\"ListItem\",\"position\":1,\"name\":\"Accueil\",\"item\":\"https:\\\/\\\/lesvolcansnews.net\\\/\"},{\"@type\":\"ListItem\",\"position\":2,\"name\":\"Goma: Le secr\u00e9taire g\u00e9n\u00e9ral adjoint de l&#8217;UDPS sensibilise sur la maladie \u00e0 virus d&#8217;Ebola\"}]},{\"@type\":\"WebSite\",\"@id\":\"https:\\\/\\\/lesvolcansnews.net\\\/#website\",\"url\":\"https:\\\/\\\/lesvolcansnews.net\\\/\",\"name\":\"LES VOLCANS NEWS\",\"description\":\"L&#039;INFORMATION C&#039;EST NOUS\",\"potentialAction\":[{\"@type\":\"SearchAction\",\"target\":{\"@type\":\"EntryPoint\",\"urlTemplate\":\"https:\\\/\\\/lesvolcansnews.net\\\/?s={search_term_string}\"},\"query-input\":{\"@type\":\"PropertyValueSpecification\",\"valueRequired\":true,\"valueName\":\"search_term_string\"}}],\"inLanguage\":\"fr-FR\"},{\"@type\":\"Person\",\"@id\":\"https:\\\/\\\/lesvolcansnews.net\\\/#\\\/schema\\\/person\\\/82c8bed2e77879ecf6cca63441f57354\",\"name\":\"R\u00e9daction - Les Volcans News\",\"image\":{\"@type\":\"ImageObject\",\"inLanguage\":\"fr-FR\",\"@id\":\"https:\\\/\\\/secure.gravatar.com\\\/avatar\\\/8408942dd851e8a9c09f3d382a661bc05d2b3cd9002139bc1795b9528cdc6c80?s=96&d=mm&r=g\",\"url\":\"https:\\\/\\\/secure.gravatar.com\\\/avatar\\\/8408942dd851e8a9c09f3d382a661bc05d2b3cd9002139bc1795b9528cdc6c80?s=96&d=mm&r=g\",\"contentUrl\":\"https:\\\/\\\/secure.gravatar.com\\\/avatar\\\/8408942dd851e8a9c09f3d382a661bc05d2b3cd9002139bc1795b9528cdc6c80?s=96&d=mm&r=g\",\"caption\":\"R\u00e9daction - Les Volcans News\"},\"url\":\"https:\\\/\\\/lesvolcansnews.net\\\/?author=14\"}]}<\/script>\n<!-- \/ Yoast SEO plugin. -->","yoast_head_json":{"title":"Goma: Le secr\u00e9taire g\u00e9n\u00e9ral adjoint de l'UDPS sensibilise sur la maladie \u00e0 virus d'Ebola - LES VOLCANS NEWS","robots":{"index":"index","follow":"follow","max-snippet":"max-snippet:-1","max-image-preview":"max-image-preview:large","max-video-preview":"max-video-preview:-1"},"canonical":"https:\/\/lesvolcansnews.net\/?p=4209","og_locale":"fr_FR","og_type":"article","og_title":"Goma: Le secr\u00e9taire g\u00e9n\u00e9ral adjoint de l'UDPS sensibilise sur la maladie \u00e0 virus d'Ebola - LES VOLCANS NEWS","og_description":"M. Rebuns Mikindu secr\u00e9taire g\u00e9n\u00e9ral adjoint de l&#8217;Union des D\u00e9mocrates pour le Progr\u00e8s Social (UDPS), a invit\u00e9 toute la population du Nord-Kivu en g\u00e9n\u00e9ral et de la ville de Goma","og_url":"https:\/\/lesvolcansnews.net\/?p=4209","og_site_name":"LES VOLCANS NEWS","article_published_time":"2019-08-05T14:31:06+00:00","article_modified_time":"2019-08-05T14:54:42+00:00","og_image":[{"width":1008,"height":490,"url":"https:\/\/lesvolcansnews.net\/wp-content\/uploads\/2019\/08\/IMG-20190802-WA0177.jpg","type":"image\/jpeg"}],"author":"R\u00e9daction - Les Volcans News","twitter_card":"summary_large_image","twitter_misc":{"\u00c9crit par":"R\u00e9daction - Les Volcans News","Dur\u00e9e de lecture estim\u00e9e":"1 minute"},"schema":{"@context":"https:\/\/schema.org","@graph":[{"@type":"Article","@id":"https:\/\/lesvolcansnews.net\/?p=4209#article","isPartOf":{"@id":"https:\/\/lesvolcansnews.net\/?p=4209"},"author":{"name":"R\u00e9daction - Les Volcans News","@id":"https:\/\/lesvolcansnews.net\/#\/schema\/person\/82c8bed2e77879ecf6cca63441f57354"},"headline":"Goma: Le secr\u00e9taire g\u00e9n\u00e9ral adjoint de l&#8217;UDPS sensibilise sur la maladie \u00e0 virus d&#8217;Ebola","datePublished":"2019-08-05T14:31:06+00:00","dateModified":"2019-08-05T14:54:42+00:00","mainEntityOfPage":{"@id":"https:\/\/lesvolcansnews.net\/?p=4209"},"wordCount":190,"commentCount":0,"image":{"@id":"https:\/\/lesvolcansnews.net\/?p=4209#primaryimage"},"thumbnailUrl":"https:\/\/lesvolcansnews.net\/wp-content\/uploads\/2019\/08\/IMG-20190802-WA0177.jpg","articleSection":["POLITIQUE"],"inLanguage":"fr-FR","potentialAction":[{"@type":"CommentAction","name":"Comment","target":["https:\/\/lesvolcansnews.net\/?p=4209#respond"]}]},{"@type":"WebPage","@id":"https:\/\/lesvolcansnews.net\/?p=4209","url":"https:\/\/lesvolcansnews.net\/?p=4209","name":"Goma: Le secr\u00e9taire g\u00e9n\u00e9ral adjoint de l'UDPS sensibilise sur la maladie \u00e0 virus d'Ebola - LES VOLCANS NEWS","isPartOf":{"@id":"https:\/\/lesvolcansnews.net\/#website"},"primaryImageOfPage":{"@id":"https:\/\/lesvolcansnews.net\/?p=4209#primaryimage"},"image":{"@id":"https:\/\/lesvolcansnews.net\/?p=4209#primaryimage"},"thumbnailUrl":"https:\/\/lesvolcansnews.net\/wp-content\/uploads\/2019\/08\/IMG-20190802-WA0177.jpg","datePublished":"2019-08-05T14:31:06+00:00","dateModified":"2019-08-05T14:54:42+00:00","author":{"@id":"https:\/\/lesvolcansnews.net\/#\/schema\/person\/82c8bed2e77879ecf6cca63441f57354"},"breadcrumb":{"@id":"https:\/\/lesvolcansnews.net\/?p=4209#breadcrumb"},"inLanguage":"fr-FR","potentialAction":[{"@type":"ReadAction","target":["https:\/\/lesvolcansnews.net\/?p=4209"]}]},{"@type":"ImageObject","inLanguage":"fr-FR","@id":"https:\/\/lesvolcansnews.net\/?p=4209#primaryimage","url":"https:\/\/lesvolcansnews.net\/wp-content\/uploads\/2019\/08\/IMG-20190802-WA0177.jpg","contentUrl":"https:\/\/lesvolcansnews.net\/wp-content\/uploads\/2019\/08\/IMG-20190802-WA0177.jpg","width":1008,"height":490},{"@type":"BreadcrumbList","@id":"https:\/\/lesvolcansnews.net\/?p=4209#breadcrumb","itemListElement":[{"@type":"ListItem","position":1,"name":"Accueil","item":"https:\/\/lesvolcansnews.net\/"},{"@type":"ListItem","position":2,"name":"Goma: Le secr\u00e9taire g\u00e9n\u00e9ral adjoint de l&#8217;UDPS sensibilise sur la maladie \u00e0 virus d&#8217;Ebola"}]},{"@type":"WebSite","@id":"https:\/\/lesvolcansnews.net\/#website","url":"https:\/\/lesvolcansnews.net\/","name":"LES VOLCANS NEWS","description":"L&#039;INFORMATION C&#039;EST NOUS","potentialAction":[{"@type":"SearchAction","target":{"@type":"EntryPoint","urlTemplate":"https:\/\/lesvolcansnews.net\/?s={search_term_string}"},"query-input":{"@type":"PropertyValueSpecification","valueRequired":true,"valueName":"search_term_string"}}],"inLanguage":"fr-FR"},{"@type":"Person","@id":"https:\/\/lesvolcansnews.net\/#\/schema\/person\/82c8bed2e77879ecf6cca63441f57354","name":"R\u00e9daction - Les Volcans News","image":{"@type":"ImageObject","inLanguage":"fr-FR","@id":"https:\/\/secure.gravatar.com\/avatar\/8408942dd851e8a9c09f3d382a661bc05d2b3cd9002139bc1795b9528cdc6c80?s=96&d=mm&r=g","url":"https:\/\/secure.gravatar.com\/avatar\/8408942dd851e8a9c09f3d382a661bc05d2b3cd9002139bc1795b9528cdc6c80?s=96&d=mm&r=g","contentUrl":"https:\/\/secure.gravatar.com\/avatar\/8408942dd851e8a9c09f3d382a661bc05d2b3cd9002139bc1795b9528cdc6c80?s=96&d=mm&r=g","caption":"R\u00e9daction - Les Volcans News"},"url":"https:\/\/lesvolcansnews.net\/?author=14"}]}},"_links":{"self":[{"href":"https:\/\/lesvolcansnews.net\/index.php?rest_route=\/wp\/v2\/posts\/4209","targetHints":{"allow":["GET"]}}],"collection":[{"href":"https:\/\/lesvolcansnews.net\/index.php?rest_route=\/wp\/v2\/posts"}],"about":[{"href":"https:\/\/lesvolcansnews.net\/index.php?rest_route=\/wp\/v2\/types\/post"}],"author":[{"embeddable":true,"href":"https:\/\/lesvolcansnews.net\/index.php?rest_route=\/wp\/v2\/users\/14"}],"replies":[{"embeddable":true,"href":"https:\/\/lesvolcansnews.net\/index.php?rest_route=%2Fwp%2Fv2%2Fcomments&post=4209"}],"version-history":[{"count":1,"href":"https:\/\/lesvolcansnews.net\/index.php?rest_route=\/wp\/v2\/posts\/4209\/revisions"}],"predecessor-version":[{"id":4210,"href":"https:\/\/lesvolcansnews.net\/index.php?rest_route=\/wp\/v2\/posts\/4209\/revisions\/4210"}],"wp:featuredmedia":[{"embeddable":true,"href":"https:\/\/lesvolcansnews.net\/index.php?rest_route=\/wp\/v2\/media\/4208"}],"wp:attachment":[{"href":"https:\/\/lesvolcansnews.net\/index.php?rest_route=%2Fwp%2Fv2%2Fmedia&parent=4209"}],"wp:term":[{"taxonomy":"category","embeddable":true,"href":"https:\/\/lesvolcansnews.net\/index.php?rest_route=%2Fwp%2Fv2%2Fcategories&post=4209"},{"taxonomy":"post_tag","embeddable":true,"href":"https:\/\/lesvolcansnews.net\/index.php?rest_route=%2Fwp%2Fv2%2Ftags&post=4209"}],"curies":[{"name":"wp","href":"https:\/\/api.w.org\/{rel}","templated":true}]}}