{"id":4197,"date":"2019-08-03T17:19:02","date_gmt":"2019-08-03T17:19:02","guid":{"rendered":"https:\/\/lesvolcansnews.net\/2019\/08\/03\/mercato-le-lateral-droit-de-las-bwendera-a-lessai-a-bukavu\/"},"modified":"2019-08-03T17:19:02","modified_gmt":"2019-08-03T17:19:02","slug":"mercato-le-lateral-droit-de-las-bwendera-a-lessai-a-bukavu","status":"publish","type":"post","link":"https:\/\/lesvolcansnews.net\/?p=4197","title":{"rendered":"Mercato : le lat\u00e9ral droit de l&#8217;as Bwendera \u00e0 l&#8217;essai \u00e0 Bukavu"},"content":{"rendered":"<p>L&#8217;un des meilleurs d\u00e9fenseurs du championnat local de football de Goma depuis maintenant cinq ans sous les couleurs de l&#8217;As Bwendera \u00e9voluant en premi\u00e8re division, l&#8217;arri\u00e8re lat\u00e9ral droit Mumbere Steven Saliso est sur le point de changer de l&#8217;air.<br \/>\nPlusieurs fois sur les tablettes des \u00e9quipes de la vodacom ligue 1 et 2 l&#8217;ancien pensionnaire du TP FARIJIKA attendait le bon moment pour tenter ailleurs que dans son \u00e9quipe fid\u00e8le de Bwendera o\u00f9 il \u00e9tait parmi les joueurs cadres.<br \/>\nApr\u00e8s son transfert avort\u00e9 de la saison ant\u00e9rieure dans l&#8217;as Dauphin Noir de Goma suite aux raisons encore \u00e0 d\u00e9couvrir, puisque le joueur avait r\u00e9alis\u00e9 un pr\u00eat rassurant \u00e0 kindu lors de la phase finale de la coupe du Congo remport\u00e9e par as Maniema union en 2017 , le gomatracien qui s\u00e9journe dans la ville de Bukavu depuis ce week-end du 1 ao\u00fbt 2019 pour un test a impressionn\u00e9 d\u00e8s sa premi\u00e8re rencontre test cadrant avec le tournoi de la remise en service du stade la concorde de Bukavu ferm\u00e9 depuis novembre 2018 pour le r\u00e9am\u00e9nagement.<br \/>\nOppos\u00e9s \u00e0 l&#8217;oc muungano ce vendredi le 1 ao\u00fbt 2019, Saliso Steven et ses co\u00e9quipiers se sont impos\u00e9s sur la note de 3buts \u00e0 2 validant ainsi leur ticket pour la finale pr\u00e9vue ce dimanche le 4 ao\u00fbt 2019 contre l&#8217;oc Bukavu Dawa tombeur de Lydia Lydic Academic de Burundi \u00e0 la s\u00e9ance fatidique de tir au but.<br \/>\nPasseur d\u00e9cisif \u00e0 une reprise sur les trois buts inscrits par \u00c9toile du Kivu, saliso Steven aura une fois de plus des arguments \u00e0 faire valoir contre Buda pour la cl\u00f4ture de ce mini tournoi afin de convaincre les dirigeants des oranges du sud-Kivu engag\u00e9s dans la vodacom ligue 2 la saison prochaine.<br \/>\n<strong>Georges Ben Muhima<\/strong><\/p>\n","protected":false},"excerpt":{"rendered":"<p>L&#8217;un des meilleurs d\u00e9fenseurs du championnat local de football de Goma depuis maintenant cinq ans sous les couleurs de l&#8217;As Bwendera \u00e9voluant en premi\u00e8re division, l&#8217;arri\u00e8re lat\u00e9ral droit Mumbere Steven<\/p>\n","protected":false},"author":14,"featured_media":4196,"comment_status":"open","ping_status":"open","sticky":false,"template":"","format":"standard","meta":{"footnotes":""},"categories":[11],"tags":[],"class_list":["post-4197","post","type-post","status-publish","format-standard","has-post-thumbnail","hentry","category-sports"],"yoast_head":"<!-- This site is optimized with the Yoast SEO plugin v27.3 - https:\/\/yoast.com\/product\/yoast-seo-wordpress\/ -->\n<title>Mercato : le lat\u00e9ral droit de l&#039;as Bwendera \u00e0 l&#039;essai \u00e0 Bukavu - LES VOLCANS NEWS<\/title>\n<meta name=\"robots\" content=\"index, follow, max-snippet:-1, max-image-preview:large, max-video-preview:-1\" \/>\n<link rel=\"canonical\" href=\"https:\/\/lesvolcansnews.net\/?p=4197\" \/>\n<meta property=\"og:locale\" content=\"fr_FR\" \/>\n<meta property=\"og:type\" content=\"article\" \/>\n<meta property=\"og:title\" content=\"Mercato : le lat\u00e9ral droit de l&#039;as Bwendera \u00e0 l&#039;essai \u00e0 Bukavu - LES VOLCANS NEWS\" \/>\n<meta property=\"og:description\" content=\"L&#8217;un des meilleurs d\u00e9fenseurs du championnat local de football de Goma depuis maintenant cinq ans sous les couleurs de l&#8217;As Bwendera \u00e9voluant en premi\u00e8re division, l&#8217;arri\u00e8re lat\u00e9ral droit Mumbere Steven\" \/>\n<meta property=\"og:url\" content=\"https:\/\/lesvolcansnews.net\/?p=4197\" \/>\n<meta property=\"og:site_name\" content=\"LES VOLCANS NEWS\" \/>\n<meta property=\"article:published_time\" content=\"2019-08-03T17:19:02+00:00\" \/>\n<meta property=\"og:image\" content=\"https:\/\/lesvolcansnews.net\/wp-content\/uploads\/2019\/08\/IMG-20190803-WA0010.jpg\" \/>\n\t<meta property=\"og:image:width\" content=\"1080\" \/>\n\t<meta property=\"og:image:height\" content=\"716\" \/>\n\t<meta property=\"og:image:type\" content=\"image\/jpeg\" \/>\n<meta name=\"author\" content=\"R\u00e9daction - Les Volcans News\" \/>\n<meta name=\"twitter:card\" content=\"summary_large_image\" \/>\n<meta name=\"twitter:label1\" content=\"\u00c9crit par\" \/>\n\t<meta name=\"twitter:data1\" content=\"R\u00e9daction - Les Volcans News\" \/>\n\t<meta name=\"twitter:label2\" content=\"Dur\u00e9e de lecture estim\u00e9e\" \/>\n\t<meta name=\"twitter:data2\" content=\"1 minute\" \/>\n<script type=\"application\/ld+json\" class=\"yoast-schema-graph\">{\"@context\":\"https:\\\/\\\/schema.org\",\"@graph\":[{\"@type\":\"Article\",\"@id\":\"https:\\\/\\\/lesvolcansnews.net\\\/?p=4197#article\",\"isPartOf\":{\"@id\":\"https:\\\/\\\/lesvolcansnews.net\\\/?p=4197\"},\"author\":{\"name\":\"R\u00e9daction - Les Volcans News\",\"@id\":\"https:\\\/\\\/lesvolcansnews.net\\\/#\\\/schema\\\/person\\\/82c8bed2e77879ecf6cca63441f57354\"},\"headline\":\"Mercato : le lat\u00e9ral droit de l&#8217;as Bwendera \u00e0 l&#8217;essai \u00e0 Bukavu\",\"datePublished\":\"2019-08-03T17:19:02+00:00\",\"mainEntityOfPage\":{\"@id\":\"https:\\\/\\\/lesvolcansnews.net\\\/?p=4197\"},\"wordCount\":316,\"commentCount\":0,\"image\":{\"@id\":\"https:\\\/\\\/lesvolcansnews.net\\\/?p=4197#primaryimage\"},\"thumbnailUrl\":\"https:\\\/\\\/lesvolcansnews.net\\\/wp-content\\\/uploads\\\/2019\\\/08\\\/IMG-20190803-WA0010.jpg\",\"articleSection\":[\"SPORTS\"],\"inLanguage\":\"fr-FR\",\"potentialAction\":[{\"@type\":\"CommentAction\",\"name\":\"Comment\",\"target\":[\"https:\\\/\\\/lesvolcansnews.net\\\/?p=4197#respond\"]}]},{\"@type\":\"WebPage\",\"@id\":\"https:\\\/\\\/lesvolcansnews.net\\\/?p=4197\",\"url\":\"https:\\\/\\\/lesvolcansnews.net\\\/?p=4197\",\"name\":\"Mercato : le lat\u00e9ral droit de l'as Bwendera \u00e0 l'essai \u00e0 Bukavu - LES VOLCANS NEWS\",\"isPartOf\":{\"@id\":\"https:\\\/\\\/lesvolcansnews.net\\\/#website\"},\"primaryImageOfPage\":{\"@id\":\"https:\\\/\\\/lesvolcansnews.net\\\/?p=4197#primaryimage\"},\"image\":{\"@id\":\"https:\\\/\\\/lesvolcansnews.net\\\/?p=4197#primaryimage\"},\"thumbnailUrl\":\"https:\\\/\\\/lesvolcansnews.net\\\/wp-content\\\/uploads\\\/2019\\\/08\\\/IMG-20190803-WA0010.jpg\",\"datePublished\":\"2019-08-03T17:19:02+00:00\",\"author\":{\"@id\":\"https:\\\/\\\/lesvolcansnews.net\\\/#\\\/schema\\\/person\\\/82c8bed2e77879ecf6cca63441f57354\"},\"breadcrumb\":{\"@id\":\"https:\\\/\\\/lesvolcansnews.net\\\/?p=4197#breadcrumb\"},\"inLanguage\":\"fr-FR\",\"potentialAction\":[{\"@type\":\"ReadAction\",\"target\":[\"https:\\\/\\\/lesvolcansnews.net\\\/?p=4197\"]}]},{\"@type\":\"ImageObject\",\"inLanguage\":\"fr-FR\",\"@id\":\"https:\\\/\\\/lesvolcansnews.net\\\/?p=4197#primaryimage\",\"url\":\"https:\\\/\\\/lesvolcansnews.net\\\/wp-content\\\/uploads\\\/2019\\\/08\\\/IMG-20190803-WA0010.jpg\",\"contentUrl\":\"https:\\\/\\\/lesvolcansnews.net\\\/wp-content\\\/uploads\\\/2019\\\/08\\\/IMG-20190803-WA0010.jpg\",\"width\":1080,\"height\":716},{\"@type\":\"BreadcrumbList\",\"@id\":\"https:\\\/\\\/lesvolcansnews.net\\\/?p=4197#breadcrumb\",\"itemListElement\":[{\"@type\":\"ListItem\",\"position\":1,\"name\":\"Accueil\",\"item\":\"https:\\\/\\\/lesvolcansnews.net\\\/\"},{\"@type\":\"ListItem\",\"position\":2,\"name\":\"Mercato : le lat\u00e9ral droit de l&#8217;as Bwendera \u00e0 l&#8217;essai \u00e0 Bukavu\"}]},{\"@type\":\"WebSite\",\"@id\":\"https:\\\/\\\/lesvolcansnews.net\\\/#website\",\"url\":\"https:\\\/\\\/lesvolcansnews.net\\\/\",\"name\":\"LES VOLCANS NEWS\",\"description\":\"L&#039;INFORMATION C&#039;EST NOUS\",\"potentialAction\":[{\"@type\":\"SearchAction\",\"target\":{\"@type\":\"EntryPoint\",\"urlTemplate\":\"https:\\\/\\\/lesvolcansnews.net\\\/?s={search_term_string}\"},\"query-input\":{\"@type\":\"PropertyValueSpecification\",\"valueRequired\":true,\"valueName\":\"search_term_string\"}}],\"inLanguage\":\"fr-FR\"},{\"@type\":\"Person\",\"@id\":\"https:\\\/\\\/lesvolcansnews.net\\\/#\\\/schema\\\/person\\\/82c8bed2e77879ecf6cca63441f57354\",\"name\":\"R\u00e9daction - Les Volcans News\",\"image\":{\"@type\":\"ImageObject\",\"inLanguage\":\"fr-FR\",\"@id\":\"https:\\\/\\\/secure.gravatar.com\\\/avatar\\\/8408942dd851e8a9c09f3d382a661bc05d2b3cd9002139bc1795b9528cdc6c80?s=96&d=mm&r=g\",\"url\":\"https:\\\/\\\/secure.gravatar.com\\\/avatar\\\/8408942dd851e8a9c09f3d382a661bc05d2b3cd9002139bc1795b9528cdc6c80?s=96&d=mm&r=g\",\"contentUrl\":\"https:\\\/\\\/secure.gravatar.com\\\/avatar\\\/8408942dd851e8a9c09f3d382a661bc05d2b3cd9002139bc1795b9528cdc6c80?s=96&d=mm&r=g\",\"caption\":\"R\u00e9daction - Les Volcans News\"},\"url\":\"https:\\\/\\\/lesvolcansnews.net\\\/?author=14\"}]}<\/script>\n<!-- \/ Yoast SEO plugin. -->","yoast_head_json":{"title":"Mercato : le lat\u00e9ral droit de l'as Bwendera \u00e0 l'essai \u00e0 Bukavu - LES VOLCANS NEWS","robots":{"index":"index","follow":"follow","max-snippet":"max-snippet:-1","max-image-preview":"max-image-preview:large","max-video-preview":"max-video-preview:-1"},"canonical":"https:\/\/lesvolcansnews.net\/?p=4197","og_locale":"fr_FR","og_type":"article","og_title":"Mercato : le lat\u00e9ral droit de l'as Bwendera \u00e0 l'essai \u00e0 Bukavu - LES VOLCANS NEWS","og_description":"L&#8217;un des meilleurs d\u00e9fenseurs du championnat local de football de Goma depuis maintenant cinq ans sous les couleurs de l&#8217;As Bwendera \u00e9voluant en premi\u00e8re division, l&#8217;arri\u00e8re lat\u00e9ral droit Mumbere Steven","og_url":"https:\/\/lesvolcansnews.net\/?p=4197","og_site_name":"LES VOLCANS NEWS","article_published_time":"2019-08-03T17:19:02+00:00","og_image":[{"width":1080,"height":716,"url":"https:\/\/lesvolcansnews.net\/wp-content\/uploads\/2019\/08\/IMG-20190803-WA0010.jpg","type":"image\/jpeg"}],"author":"R\u00e9daction - Les Volcans News","twitter_card":"summary_large_image","twitter_misc":{"\u00c9crit par":"R\u00e9daction - Les Volcans News","Dur\u00e9e de lecture estim\u00e9e":"1 minute"},"schema":{"@context":"https:\/\/schema.org","@graph":[{"@type":"Article","@id":"https:\/\/lesvolcansnews.net\/?p=4197#article","isPartOf":{"@id":"https:\/\/lesvolcansnews.net\/?p=4197"},"author":{"name":"R\u00e9daction - Les Volcans News","@id":"https:\/\/lesvolcansnews.net\/#\/schema\/person\/82c8bed2e77879ecf6cca63441f57354"},"headline":"Mercato : le lat\u00e9ral droit de l&#8217;as Bwendera \u00e0 l&#8217;essai \u00e0 Bukavu","datePublished":"2019-08-03T17:19:02+00:00","mainEntityOfPage":{"@id":"https:\/\/lesvolcansnews.net\/?p=4197"},"wordCount":316,"commentCount":0,"image":{"@id":"https:\/\/lesvolcansnews.net\/?p=4197#primaryimage"},"thumbnailUrl":"https:\/\/lesvolcansnews.net\/wp-content\/uploads\/2019\/08\/IMG-20190803-WA0010.jpg","articleSection":["SPORTS"],"inLanguage":"fr-FR","potentialAction":[{"@type":"CommentAction","name":"Comment","target":["https:\/\/lesvolcansnews.net\/?p=4197#respond"]}]},{"@type":"WebPage","@id":"https:\/\/lesvolcansnews.net\/?p=4197","url":"https:\/\/lesvolcansnews.net\/?p=4197","name":"Mercato : le lat\u00e9ral droit de l'as Bwendera \u00e0 l'essai \u00e0 Bukavu - LES VOLCANS NEWS","isPartOf":{"@id":"https:\/\/lesvolcansnews.net\/#website"},"primaryImageOfPage":{"@id":"https:\/\/lesvolcansnews.net\/?p=4197#primaryimage"},"image":{"@id":"https:\/\/lesvolcansnews.net\/?p=4197#primaryimage"},"thumbnailUrl":"https:\/\/lesvolcansnews.net\/wp-content\/uploads\/2019\/08\/IMG-20190803-WA0010.jpg","datePublished":"2019-08-03T17:19:02+00:00","author":{"@id":"https:\/\/lesvolcansnews.net\/#\/schema\/person\/82c8bed2e77879ecf6cca63441f57354"},"breadcrumb":{"@id":"https:\/\/lesvolcansnews.net\/?p=4197#breadcrumb"},"inLanguage":"fr-FR","potentialAction":[{"@type":"ReadAction","target":["https:\/\/lesvolcansnews.net\/?p=4197"]}]},{"@type":"ImageObject","inLanguage":"fr-FR","@id":"https:\/\/lesvolcansnews.net\/?p=4197#primaryimage","url":"https:\/\/lesvolcansnews.net\/wp-content\/uploads\/2019\/08\/IMG-20190803-WA0010.jpg","contentUrl":"https:\/\/lesvolcansnews.net\/wp-content\/uploads\/2019\/08\/IMG-20190803-WA0010.jpg","width":1080,"height":716},{"@type":"BreadcrumbList","@id":"https:\/\/lesvolcansnews.net\/?p=4197#breadcrumb","itemListElement":[{"@type":"ListItem","position":1,"name":"Accueil","item":"https:\/\/lesvolcansnews.net\/"},{"@type":"ListItem","position":2,"name":"Mercato : le lat\u00e9ral droit de l&#8217;as Bwendera \u00e0 l&#8217;essai \u00e0 Bukavu"}]},{"@type":"WebSite","@id":"https:\/\/lesvolcansnews.net\/#website","url":"https:\/\/lesvolcansnews.net\/","name":"LES VOLCANS NEWS","description":"L&#039;INFORMATION C&#039;EST NOUS","potentialAction":[{"@type":"SearchAction","target":{"@type":"EntryPoint","urlTemplate":"https:\/\/lesvolcansnews.net\/?s={search_term_string}"},"query-input":{"@type":"PropertyValueSpecification","valueRequired":true,"valueName":"search_term_string"}}],"inLanguage":"fr-FR"},{"@type":"Person","@id":"https:\/\/lesvolcansnews.net\/#\/schema\/person\/82c8bed2e77879ecf6cca63441f57354","name":"R\u00e9daction - Les Volcans News","image":{"@type":"ImageObject","inLanguage":"fr-FR","@id":"https:\/\/secure.gravatar.com\/avatar\/8408942dd851e8a9c09f3d382a661bc05d2b3cd9002139bc1795b9528cdc6c80?s=96&d=mm&r=g","url":"https:\/\/secure.gravatar.com\/avatar\/8408942dd851e8a9c09f3d382a661bc05d2b3cd9002139bc1795b9528cdc6c80?s=96&d=mm&r=g","contentUrl":"https:\/\/secure.gravatar.com\/avatar\/8408942dd851e8a9c09f3d382a661bc05d2b3cd9002139bc1795b9528cdc6c80?s=96&d=mm&r=g","caption":"R\u00e9daction - Les Volcans News"},"url":"https:\/\/lesvolcansnews.net\/?author=14"}]}},"_links":{"self":[{"href":"https:\/\/lesvolcansnews.net\/index.php?rest_route=\/wp\/v2\/posts\/4197","targetHints":{"allow":["GET"]}}],"collection":[{"href":"https:\/\/lesvolcansnews.net\/index.php?rest_route=\/wp\/v2\/posts"}],"about":[{"href":"https:\/\/lesvolcansnews.net\/index.php?rest_route=\/wp\/v2\/types\/post"}],"author":[{"embeddable":true,"href":"https:\/\/lesvolcansnews.net\/index.php?rest_route=\/wp\/v2\/users\/14"}],"replies":[{"embeddable":true,"href":"https:\/\/lesvolcansnews.net\/index.php?rest_route=%2Fwp%2Fv2%2Fcomments&post=4197"}],"version-history":[{"count":0,"href":"https:\/\/lesvolcansnews.net\/index.php?rest_route=\/wp\/v2\/posts\/4197\/revisions"}],"wp:featuredmedia":[{"embeddable":true,"href":"https:\/\/lesvolcansnews.net\/index.php?rest_route=\/wp\/v2\/media\/4196"}],"wp:attachment":[{"href":"https:\/\/lesvolcansnews.net\/index.php?rest_route=%2Fwp%2Fv2%2Fmedia&parent=4197"}],"wp:term":[{"taxonomy":"category","embeddable":true,"href":"https:\/\/lesvolcansnews.net\/index.php?rest_route=%2Fwp%2Fv2%2Fcategories&post=4197"},{"taxonomy":"post_tag","embeddable":true,"href":"https:\/\/lesvolcansnews.net\/index.php?rest_route=%2Fwp%2Fv2%2Ftags&post=4197"}],"curies":[{"name":"wp","href":"https:\/\/api.w.org\/{rel}","templated":true}]}}