{"id":4183,"date":"2019-08-02T14:00:36","date_gmt":"2019-08-02T14:00:36","guid":{"rendered":"http:\/\/lesvolcansnews.net\/?p=4183"},"modified":"2019-08-02T14:00:36","modified_gmt":"2019-08-02T14:00:36","slug":"nord-kivu-la-societe-civile-satisfaite-de-la-reouverture-des-postes-frontaliers-congolo-rwandais","status":"publish","type":"post","link":"https:\/\/lesvolcansnews.net\/?p=4183","title":{"rendered":"Nord-Kivu: La soci\u00e9t\u00e9 civile satisfaite de la r\u00e9ouverture des postes frontaliers Congolo-Rwandais"},"content":{"rendered":"<p>M. Placide Nziramba, secr\u00e9taire ex\u00e9cutif de la coordination provinciale de la soci\u00e9t\u00e9 civile du Nord-Kivu, a exprim\u00e9 jeudi au nom de cette structure citoyenne, sa satisfaction sur la r\u00e9ouverture des postes frontaliers, Congolo-Rwandais, notamment la grande et la petite barri\u00e8re qui d\u00e9limitent la ville de Goma en RDC de la pr\u00e9fecture de Gisenyi au Rwanda.<\/p>\n<p>Selon lui, il est presqu\u2019inimaginable d\u2019envisager la fermeture de ces postes frontaliers de par l\u2019impact si in\u00e9vitable, qu\u2019ils jouent dans la survie des populations de ces deux villes voisines \u00e0 travers des \u00e9changes commerciaux qu\u2019ils pratiquent de part et d\u2019autre.<br \/>\nPour lui, qui intervenait sur la fermeture de ces barri\u00e8res intervenue le jeudi matin du c\u00f4t\u00e9 rwandais sur d\u00e9cisions de ses autorit\u00e9s avec pour motif des mesures de pr\u00e9vention contre la propagation de la maladie \u00e0 virus Ebola sur leur sol, il faudra au moins chercher un autre syst\u00e8me de renforcement des strat\u00e9gies pr\u00e9ventives que la fermeture des barri\u00e8res. Cela, a-t- il soulign\u00e9, parce que \u00e7a aurait s\u00fbrement des r\u00e9percussions f\u00e2cheuses sur la vie des populations gagne-petits qui exercent les petits commerces frontaliers de subsistance.<br \/>\nD\u00e9j\u00e0, a-t- il fait remarquer, durant tout au plus neuf heures qu\u2019a pris cette fermeture, les cris de d\u00e9tresse fusaient de partout, r\u00e9clamant la r\u00e9ouverture imm\u00e9diate de ces postes frontaliers.<br \/>\nA noter \u00e9galement, a-t- il ajout\u00e9 que, bon nombre des congolais qui travaillent \u00e0 Goma, habitent Gisenyi, et la plupart des \u00e9tudiants enregistr\u00e9s dans plusieurs institutions sup\u00e9rieures et universitaires de la ville de Goma, sont rwandais r\u00e9sidant \u00e0 Gisengi.<\/p>\n<p><strong><em>R\u00e9daction<\/em><\/strong><\/p>\n","protected":false},"excerpt":{"rendered":"<p>M. Placide Nziramba, secr\u00e9taire ex\u00e9cutif de la coordination provinciale de la soci\u00e9t\u00e9 civile du Nord-Kivu, a exprim\u00e9 jeudi au nom de cette structure citoyenne, sa satisfaction sur la r\u00e9ouverture des<\/p>\n","protected":false},"author":14,"featured_media":4173,"comment_status":"open","ping_status":"open","sticky":false,"template":"","format":"standard","meta":{"footnotes":""},"categories":[1,8],"tags":[],"class_list":["post-4183","post","type-post","status-publish","format-standard","has-post-thumbnail","hentry","category-actualite","category-economie"],"yoast_head":"<!-- This site is optimized with the Yoast SEO plugin v27.3 - https:\/\/yoast.com\/product\/yoast-seo-wordpress\/ -->\n<title>Nord-Kivu: La soci\u00e9t\u00e9 civile satisfaite de la r\u00e9ouverture des postes frontaliers Congolo-Rwandais - LES VOLCANS NEWS<\/title>\n<meta name=\"robots\" content=\"index, follow, max-snippet:-1, max-image-preview:large, max-video-preview:-1\" \/>\n<link rel=\"canonical\" href=\"https:\/\/lesvolcansnews.net\/?p=4183\" \/>\n<meta property=\"og:locale\" content=\"fr_FR\" \/>\n<meta property=\"og:type\" content=\"article\" \/>\n<meta property=\"og:title\" content=\"Nord-Kivu: La soci\u00e9t\u00e9 civile satisfaite de la r\u00e9ouverture des postes frontaliers Congolo-Rwandais - LES VOLCANS NEWS\" \/>\n<meta property=\"og:description\" content=\"M. Placide Nziramba, secr\u00e9taire ex\u00e9cutif de la coordination provinciale de la soci\u00e9t\u00e9 civile du Nord-Kivu, a exprim\u00e9 jeudi au nom de cette structure citoyenne, sa satisfaction sur la r\u00e9ouverture des\" \/>\n<meta property=\"og:url\" content=\"https:\/\/lesvolcansnews.net\/?p=4183\" \/>\n<meta property=\"og:site_name\" content=\"LES VOLCANS NEWS\" \/>\n<meta property=\"article:published_time\" content=\"2019-08-02T14:00:36+00:00\" \/>\n<meta property=\"og:image\" content=\"https:\/\/lesvolcansnews.net\/wp-content\/uploads\/2019\/08\/IMG-20190801-WA0066.jpg\" \/>\n\t<meta property=\"og:image:width\" content=\"1080\" \/>\n\t<meta property=\"og:image:height\" content=\"810\" \/>\n\t<meta property=\"og:image:type\" content=\"image\/jpeg\" \/>\n<meta name=\"author\" content=\"R\u00e9daction - Les Volcans News\" \/>\n<meta name=\"twitter:card\" content=\"summary_large_image\" \/>\n<meta name=\"twitter:label1\" content=\"\u00c9crit par\" \/>\n\t<meta name=\"twitter:data1\" content=\"R\u00e9daction - Les Volcans News\" \/>\n\t<meta name=\"twitter:label2\" content=\"Dur\u00e9e de lecture estim\u00e9e\" \/>\n\t<meta name=\"twitter:data2\" content=\"1 minute\" \/>\n<script type=\"application\/ld+json\" class=\"yoast-schema-graph\">{\"@context\":\"https:\\\/\\\/schema.org\",\"@graph\":[{\"@type\":\"Article\",\"@id\":\"https:\\\/\\\/lesvolcansnews.net\\\/?p=4183#article\",\"isPartOf\":{\"@id\":\"https:\\\/\\\/lesvolcansnews.net\\\/?p=4183\"},\"author\":{\"name\":\"R\u00e9daction - Les Volcans News\",\"@id\":\"https:\\\/\\\/lesvolcansnews.net\\\/#\\\/schema\\\/person\\\/82c8bed2e77879ecf6cca63441f57354\"},\"headline\":\"Nord-Kivu: La soci\u00e9t\u00e9 civile satisfaite de la r\u00e9ouverture des postes frontaliers Congolo-Rwandais\",\"datePublished\":\"2019-08-02T14:00:36+00:00\",\"mainEntityOfPage\":{\"@id\":\"https:\\\/\\\/lesvolcansnews.net\\\/?p=4183\"},\"wordCount\":296,\"commentCount\":0,\"image\":{\"@id\":\"https:\\\/\\\/lesvolcansnews.net\\\/?p=4183#primaryimage\"},\"thumbnailUrl\":\"https:\\\/\\\/lesvolcansnews.net\\\/wp-content\\\/uploads\\\/2019\\\/08\\\/IMG-20190801-WA0066.jpg\",\"articleSection\":[\"ACTUALIT\u00c9\",\"\u00c9CONOMIE\"],\"inLanguage\":\"fr-FR\",\"potentialAction\":[{\"@type\":\"CommentAction\",\"name\":\"Comment\",\"target\":[\"https:\\\/\\\/lesvolcansnews.net\\\/?p=4183#respond\"]}]},{\"@type\":\"WebPage\",\"@id\":\"https:\\\/\\\/lesvolcansnews.net\\\/?p=4183\",\"url\":\"https:\\\/\\\/lesvolcansnews.net\\\/?p=4183\",\"name\":\"Nord-Kivu: La soci\u00e9t\u00e9 civile satisfaite de la r\u00e9ouverture des postes frontaliers Congolo-Rwandais - LES VOLCANS NEWS\",\"isPartOf\":{\"@id\":\"https:\\\/\\\/lesvolcansnews.net\\\/#website\"},\"primaryImageOfPage\":{\"@id\":\"https:\\\/\\\/lesvolcansnews.net\\\/?p=4183#primaryimage\"},\"image\":{\"@id\":\"https:\\\/\\\/lesvolcansnews.net\\\/?p=4183#primaryimage\"},\"thumbnailUrl\":\"https:\\\/\\\/lesvolcansnews.net\\\/wp-content\\\/uploads\\\/2019\\\/08\\\/IMG-20190801-WA0066.jpg\",\"datePublished\":\"2019-08-02T14:00:36+00:00\",\"author\":{\"@id\":\"https:\\\/\\\/lesvolcansnews.net\\\/#\\\/schema\\\/person\\\/82c8bed2e77879ecf6cca63441f57354\"},\"breadcrumb\":{\"@id\":\"https:\\\/\\\/lesvolcansnews.net\\\/?p=4183#breadcrumb\"},\"inLanguage\":\"fr-FR\",\"potentialAction\":[{\"@type\":\"ReadAction\",\"target\":[\"https:\\\/\\\/lesvolcansnews.net\\\/?p=4183\"]}]},{\"@type\":\"ImageObject\",\"inLanguage\":\"fr-FR\",\"@id\":\"https:\\\/\\\/lesvolcansnews.net\\\/?p=4183#primaryimage\",\"url\":\"https:\\\/\\\/lesvolcansnews.net\\\/wp-content\\\/uploads\\\/2019\\\/08\\\/IMG-20190801-WA0066.jpg\",\"contentUrl\":\"https:\\\/\\\/lesvolcansnews.net\\\/wp-content\\\/uploads\\\/2019\\\/08\\\/IMG-20190801-WA0066.jpg\",\"width\":1080,\"height\":810},{\"@type\":\"BreadcrumbList\",\"@id\":\"https:\\\/\\\/lesvolcansnews.net\\\/?p=4183#breadcrumb\",\"itemListElement\":[{\"@type\":\"ListItem\",\"position\":1,\"name\":\"Accueil\",\"item\":\"https:\\\/\\\/lesvolcansnews.net\\\/\"},{\"@type\":\"ListItem\",\"position\":2,\"name\":\"Nord-Kivu: La soci\u00e9t\u00e9 civile satisfaite de la r\u00e9ouverture des postes frontaliers Congolo-Rwandais\"}]},{\"@type\":\"WebSite\",\"@id\":\"https:\\\/\\\/lesvolcansnews.net\\\/#website\",\"url\":\"https:\\\/\\\/lesvolcansnews.net\\\/\",\"name\":\"LES VOLCANS NEWS\",\"description\":\"L&#039;INFORMATION C&#039;EST NOUS\",\"potentialAction\":[{\"@type\":\"SearchAction\",\"target\":{\"@type\":\"EntryPoint\",\"urlTemplate\":\"https:\\\/\\\/lesvolcansnews.net\\\/?s={search_term_string}\"},\"query-input\":{\"@type\":\"PropertyValueSpecification\",\"valueRequired\":true,\"valueName\":\"search_term_string\"}}],\"inLanguage\":\"fr-FR\"},{\"@type\":\"Person\",\"@id\":\"https:\\\/\\\/lesvolcansnews.net\\\/#\\\/schema\\\/person\\\/82c8bed2e77879ecf6cca63441f57354\",\"name\":\"R\u00e9daction - Les Volcans News\",\"image\":{\"@type\":\"ImageObject\",\"inLanguage\":\"fr-FR\",\"@id\":\"https:\\\/\\\/secure.gravatar.com\\\/avatar\\\/8408942dd851e8a9c09f3d382a661bc05d2b3cd9002139bc1795b9528cdc6c80?s=96&d=mm&r=g\",\"url\":\"https:\\\/\\\/secure.gravatar.com\\\/avatar\\\/8408942dd851e8a9c09f3d382a661bc05d2b3cd9002139bc1795b9528cdc6c80?s=96&d=mm&r=g\",\"contentUrl\":\"https:\\\/\\\/secure.gravatar.com\\\/avatar\\\/8408942dd851e8a9c09f3d382a661bc05d2b3cd9002139bc1795b9528cdc6c80?s=96&d=mm&r=g\",\"caption\":\"R\u00e9daction - Les Volcans News\"},\"url\":\"https:\\\/\\\/lesvolcansnews.net\\\/?author=14\"}]}<\/script>\n<!-- \/ Yoast SEO plugin. -->","yoast_head_json":{"title":"Nord-Kivu: La soci\u00e9t\u00e9 civile satisfaite de la r\u00e9ouverture des postes frontaliers Congolo-Rwandais - LES VOLCANS NEWS","robots":{"index":"index","follow":"follow","max-snippet":"max-snippet:-1","max-image-preview":"max-image-preview:large","max-video-preview":"max-video-preview:-1"},"canonical":"https:\/\/lesvolcansnews.net\/?p=4183","og_locale":"fr_FR","og_type":"article","og_title":"Nord-Kivu: La soci\u00e9t\u00e9 civile satisfaite de la r\u00e9ouverture des postes frontaliers Congolo-Rwandais - LES VOLCANS NEWS","og_description":"M. Placide Nziramba, secr\u00e9taire ex\u00e9cutif de la coordination provinciale de la soci\u00e9t\u00e9 civile du Nord-Kivu, a exprim\u00e9 jeudi au nom de cette structure citoyenne, sa satisfaction sur la r\u00e9ouverture des","og_url":"https:\/\/lesvolcansnews.net\/?p=4183","og_site_name":"LES VOLCANS NEWS","article_published_time":"2019-08-02T14:00:36+00:00","og_image":[{"width":1080,"height":810,"url":"https:\/\/lesvolcansnews.net\/wp-content\/uploads\/2019\/08\/IMG-20190801-WA0066.jpg","type":"image\/jpeg"}],"author":"R\u00e9daction - Les Volcans News","twitter_card":"summary_large_image","twitter_misc":{"\u00c9crit par":"R\u00e9daction - Les Volcans News","Dur\u00e9e de lecture estim\u00e9e":"1 minute"},"schema":{"@context":"https:\/\/schema.org","@graph":[{"@type":"Article","@id":"https:\/\/lesvolcansnews.net\/?p=4183#article","isPartOf":{"@id":"https:\/\/lesvolcansnews.net\/?p=4183"},"author":{"name":"R\u00e9daction - Les Volcans News","@id":"https:\/\/lesvolcansnews.net\/#\/schema\/person\/82c8bed2e77879ecf6cca63441f57354"},"headline":"Nord-Kivu: La soci\u00e9t\u00e9 civile satisfaite de la r\u00e9ouverture des postes frontaliers Congolo-Rwandais","datePublished":"2019-08-02T14:00:36+00:00","mainEntityOfPage":{"@id":"https:\/\/lesvolcansnews.net\/?p=4183"},"wordCount":296,"commentCount":0,"image":{"@id":"https:\/\/lesvolcansnews.net\/?p=4183#primaryimage"},"thumbnailUrl":"https:\/\/lesvolcansnews.net\/wp-content\/uploads\/2019\/08\/IMG-20190801-WA0066.jpg","articleSection":["ACTUALIT\u00c9","\u00c9CONOMIE"],"inLanguage":"fr-FR","potentialAction":[{"@type":"CommentAction","name":"Comment","target":["https:\/\/lesvolcansnews.net\/?p=4183#respond"]}]},{"@type":"WebPage","@id":"https:\/\/lesvolcansnews.net\/?p=4183","url":"https:\/\/lesvolcansnews.net\/?p=4183","name":"Nord-Kivu: La soci\u00e9t\u00e9 civile satisfaite de la r\u00e9ouverture des postes frontaliers Congolo-Rwandais - LES VOLCANS NEWS","isPartOf":{"@id":"https:\/\/lesvolcansnews.net\/#website"},"primaryImageOfPage":{"@id":"https:\/\/lesvolcansnews.net\/?p=4183#primaryimage"},"image":{"@id":"https:\/\/lesvolcansnews.net\/?p=4183#primaryimage"},"thumbnailUrl":"https:\/\/lesvolcansnews.net\/wp-content\/uploads\/2019\/08\/IMG-20190801-WA0066.jpg","datePublished":"2019-08-02T14:00:36+00:00","author":{"@id":"https:\/\/lesvolcansnews.net\/#\/schema\/person\/82c8bed2e77879ecf6cca63441f57354"},"breadcrumb":{"@id":"https:\/\/lesvolcansnews.net\/?p=4183#breadcrumb"},"inLanguage":"fr-FR","potentialAction":[{"@type":"ReadAction","target":["https:\/\/lesvolcansnews.net\/?p=4183"]}]},{"@type":"ImageObject","inLanguage":"fr-FR","@id":"https:\/\/lesvolcansnews.net\/?p=4183#primaryimage","url":"https:\/\/lesvolcansnews.net\/wp-content\/uploads\/2019\/08\/IMG-20190801-WA0066.jpg","contentUrl":"https:\/\/lesvolcansnews.net\/wp-content\/uploads\/2019\/08\/IMG-20190801-WA0066.jpg","width":1080,"height":810},{"@type":"BreadcrumbList","@id":"https:\/\/lesvolcansnews.net\/?p=4183#breadcrumb","itemListElement":[{"@type":"ListItem","position":1,"name":"Accueil","item":"https:\/\/lesvolcansnews.net\/"},{"@type":"ListItem","position":2,"name":"Nord-Kivu: La soci\u00e9t\u00e9 civile satisfaite de la r\u00e9ouverture des postes frontaliers Congolo-Rwandais"}]},{"@type":"WebSite","@id":"https:\/\/lesvolcansnews.net\/#website","url":"https:\/\/lesvolcansnews.net\/","name":"LES VOLCANS NEWS","description":"L&#039;INFORMATION C&#039;EST NOUS","potentialAction":[{"@type":"SearchAction","target":{"@type":"EntryPoint","urlTemplate":"https:\/\/lesvolcansnews.net\/?s={search_term_string}"},"query-input":{"@type":"PropertyValueSpecification","valueRequired":true,"valueName":"search_term_string"}}],"inLanguage":"fr-FR"},{"@type":"Person","@id":"https:\/\/lesvolcansnews.net\/#\/schema\/person\/82c8bed2e77879ecf6cca63441f57354","name":"R\u00e9daction - Les Volcans News","image":{"@type":"ImageObject","inLanguage":"fr-FR","@id":"https:\/\/secure.gravatar.com\/avatar\/8408942dd851e8a9c09f3d382a661bc05d2b3cd9002139bc1795b9528cdc6c80?s=96&d=mm&r=g","url":"https:\/\/secure.gravatar.com\/avatar\/8408942dd851e8a9c09f3d382a661bc05d2b3cd9002139bc1795b9528cdc6c80?s=96&d=mm&r=g","contentUrl":"https:\/\/secure.gravatar.com\/avatar\/8408942dd851e8a9c09f3d382a661bc05d2b3cd9002139bc1795b9528cdc6c80?s=96&d=mm&r=g","caption":"R\u00e9daction - Les Volcans News"},"url":"https:\/\/lesvolcansnews.net\/?author=14"}]}},"_links":{"self":[{"href":"https:\/\/lesvolcansnews.net\/index.php?rest_route=\/wp\/v2\/posts\/4183","targetHints":{"allow":["GET"]}}],"collection":[{"href":"https:\/\/lesvolcansnews.net\/index.php?rest_route=\/wp\/v2\/posts"}],"about":[{"href":"https:\/\/lesvolcansnews.net\/index.php?rest_route=\/wp\/v2\/types\/post"}],"author":[{"embeddable":true,"href":"https:\/\/lesvolcansnews.net\/index.php?rest_route=\/wp\/v2\/users\/14"}],"replies":[{"embeddable":true,"href":"https:\/\/lesvolcansnews.net\/index.php?rest_route=%2Fwp%2Fv2%2Fcomments&post=4183"}],"version-history":[{"count":3,"href":"https:\/\/lesvolcansnews.net\/index.php?rest_route=\/wp\/v2\/posts\/4183\/revisions"}],"predecessor-version":[{"id":4188,"href":"https:\/\/lesvolcansnews.net\/index.php?rest_route=\/wp\/v2\/posts\/4183\/revisions\/4188"}],"wp:featuredmedia":[{"embeddable":true,"href":"https:\/\/lesvolcansnews.net\/index.php?rest_route=\/wp\/v2\/media\/4173"}],"wp:attachment":[{"href":"https:\/\/lesvolcansnews.net\/index.php?rest_route=%2Fwp%2Fv2%2Fmedia&parent=4183"}],"wp:term":[{"taxonomy":"category","embeddable":true,"href":"https:\/\/lesvolcansnews.net\/index.php?rest_route=%2Fwp%2Fv2%2Fcategories&post=4183"},{"taxonomy":"post_tag","embeddable":true,"href":"https:\/\/lesvolcansnews.net\/index.php?rest_route=%2Fwp%2Fv2%2Ftags&post=4183"}],"curies":[{"name":"wp","href":"https:\/\/api.w.org\/{rel}","templated":true}]}}