{"id":4171,"date":"2019-08-01T07:55:49","date_gmt":"2019-08-01T07:55:49","guid":{"rendered":"https:\/\/lesvolcansnews.net\/2019\/08\/01\/goma-un-incendie-fait-sept-morts-dune-meme-famille-au-quartier-majengo\/"},"modified":"2019-08-01T08:03:00","modified_gmt":"2019-08-01T08:03:00","slug":"goma-un-incendie-fait-sept-morts-dune-meme-famille-au-quartier-majengo","status":"publish","type":"post","link":"https:\/\/lesvolcansnews.net\/?p=4171","title":{"rendered":"Goma : un incendie fait sept morts d&#8217;une m\u00eame famille au quartier Majengo"},"content":{"rendered":"<p>Sept personnes d&#8217;une m\u00eame famille ont trouv\u00e9 la mort dans un incendie de leur maison survenu \u00e0 3h du matin de ce jeudi 1er ao\u00fbt au quartier Majengo de la commune de karisimbi en ville de Goma.<\/p>\n<p>Les voisins rapportent \u00e0 lesvolcansnews.net qu&#8217;il s&#8217;agit d&#8217;un incendie criminel qui s&#8217;est d\u00e9clench\u00e9 t\u00f4t dans lequel une m\u00e8re et ses enfants ont \u00e9t\u00e9 calcin\u00e9s.<\/p>\n<p>Les auteurs ne sont pas encore identifi\u00e9s mais les restes des corps des victimes sont gard\u00e9s \u00e0 la morgue de l&#8217;h\u00f4pital g\u00e9n\u00e9ral de r\u00e9f\u00e9rence du Nord-Kivu.<\/p>\n<p>Il est \u00e0 noter que sa ville de Goma n&#8217;est pas \u00e0 son premier forfait du genre car l&#8217;ann\u00e9e derni\u00e8re un incendie avait fait cinq morts d&#8217;une m\u00eame famille \u00e0 l&#8217;avenue uvira du quartier Himbi.<\/p>\n<p><em><strong>Gabriel KASHUGUSH<\/strong><\/em><strong>U<\/strong><\/p>\n","protected":false},"excerpt":{"rendered":"<p>Sept personnes d&#8217;une m\u00eame famille ont trouv\u00e9 la mort dans un incendie de leur maison survenu \u00e0 3h du matin de ce jeudi 1er ao\u00fbt au quartier Majengo de la<\/p>\n","protected":false},"author":14,"featured_media":4170,"comment_status":"open","ping_status":"open","sticky":false,"template":"","format":"standard","meta":{"footnotes":""},"categories":[9],"tags":[],"class_list":["post-4171","post","type-post","status-publish","format-standard","has-post-thumbnail","hentry","category-societe"],"yoast_head":"<!-- This site is optimized with the Yoast SEO plugin v27.3 - https:\/\/yoast.com\/product\/yoast-seo-wordpress\/ -->\n<title>Goma : un incendie fait sept morts d&#039;une m\u00eame famille au quartier Majengo - LES VOLCANS NEWS<\/title>\n<meta name=\"robots\" content=\"index, follow, max-snippet:-1, max-image-preview:large, max-video-preview:-1\" \/>\n<link rel=\"canonical\" href=\"https:\/\/lesvolcansnews.net\/?p=4171\" \/>\n<meta property=\"og:locale\" content=\"fr_FR\" \/>\n<meta property=\"og:type\" content=\"article\" \/>\n<meta property=\"og:title\" content=\"Goma : un incendie fait sept morts d&#039;une m\u00eame famille au quartier Majengo - LES VOLCANS NEWS\" \/>\n<meta property=\"og:description\" content=\"Sept personnes d&#8217;une m\u00eame famille ont trouv\u00e9 la mort dans un incendie de leur maison survenu \u00e0 3h du matin de ce jeudi 1er ao\u00fbt au quartier Majengo de la\" \/>\n<meta property=\"og:url\" content=\"https:\/\/lesvolcansnews.net\/?p=4171\" \/>\n<meta property=\"og:site_name\" content=\"LES VOLCANS NEWS\" \/>\n<meta property=\"article:published_time\" content=\"2019-08-01T07:55:49+00:00\" \/>\n<meta property=\"article:modified_time\" content=\"2019-08-01T08:03:00+00:00\" \/>\n<meta property=\"og:image\" content=\"https:\/\/lesvolcansnews.net\/wp-content\/uploads\/2019\/08\/IMG_0298.jpg\" \/>\n\t<meta property=\"og:image:width\" content=\"500\" \/>\n\t<meta property=\"og:image:height\" content=\"376\" \/>\n\t<meta property=\"og:image:type\" content=\"image\/jpeg\" \/>\n<meta name=\"author\" content=\"R\u00e9daction - Les Volcans News\" \/>\n<meta name=\"twitter:card\" content=\"summary_large_image\" \/>\n<meta name=\"twitter:label1\" content=\"\u00c9crit par\" \/>\n\t<meta name=\"twitter:data1\" content=\"R\u00e9daction - Les Volcans News\" \/>\n\t<meta name=\"twitter:label2\" content=\"Dur\u00e9e de lecture estim\u00e9e\" \/>\n\t<meta name=\"twitter:data2\" content=\"1 minute\" \/>\n<script type=\"application\/ld+json\" class=\"yoast-schema-graph\">{\"@context\":\"https:\\\/\\\/schema.org\",\"@graph\":[{\"@type\":\"Article\",\"@id\":\"https:\\\/\\\/lesvolcansnews.net\\\/?p=4171#article\",\"isPartOf\":{\"@id\":\"https:\\\/\\\/lesvolcansnews.net\\\/?p=4171\"},\"author\":{\"name\":\"R\u00e9daction - Les Volcans News\",\"@id\":\"https:\\\/\\\/lesvolcansnews.net\\\/#\\\/schema\\\/person\\\/82c8bed2e77879ecf6cca63441f57354\"},\"headline\":\"Goma : un incendie fait sept morts d&#8217;une m\u00eame famille au quartier Majengo\",\"datePublished\":\"2019-08-01T07:55:49+00:00\",\"dateModified\":\"2019-08-01T08:03:00+00:00\",\"mainEntityOfPage\":{\"@id\":\"https:\\\/\\\/lesvolcansnews.net\\\/?p=4171\"},\"wordCount\":160,\"commentCount\":0,\"image\":{\"@id\":\"https:\\\/\\\/lesvolcansnews.net\\\/?p=4171#primaryimage\"},\"thumbnailUrl\":\"https:\\\/\\\/lesvolcansnews.net\\\/wp-content\\\/uploads\\\/2019\\\/08\\\/IMG_0298.jpg\",\"articleSection\":[\"SOCIET\u00c9\"],\"inLanguage\":\"fr-FR\",\"potentialAction\":[{\"@type\":\"CommentAction\",\"name\":\"Comment\",\"target\":[\"https:\\\/\\\/lesvolcansnews.net\\\/?p=4171#respond\"]}]},{\"@type\":\"WebPage\",\"@id\":\"https:\\\/\\\/lesvolcansnews.net\\\/?p=4171\",\"url\":\"https:\\\/\\\/lesvolcansnews.net\\\/?p=4171\",\"name\":\"Goma : un incendie fait sept morts d'une m\u00eame famille au quartier Majengo - LES VOLCANS NEWS\",\"isPartOf\":{\"@id\":\"https:\\\/\\\/lesvolcansnews.net\\\/#website\"},\"primaryImageOfPage\":{\"@id\":\"https:\\\/\\\/lesvolcansnews.net\\\/?p=4171#primaryimage\"},\"image\":{\"@id\":\"https:\\\/\\\/lesvolcansnews.net\\\/?p=4171#primaryimage\"},\"thumbnailUrl\":\"https:\\\/\\\/lesvolcansnews.net\\\/wp-content\\\/uploads\\\/2019\\\/08\\\/IMG_0298.jpg\",\"datePublished\":\"2019-08-01T07:55:49+00:00\",\"dateModified\":\"2019-08-01T08:03:00+00:00\",\"author\":{\"@id\":\"https:\\\/\\\/lesvolcansnews.net\\\/#\\\/schema\\\/person\\\/82c8bed2e77879ecf6cca63441f57354\"},\"breadcrumb\":{\"@id\":\"https:\\\/\\\/lesvolcansnews.net\\\/?p=4171#breadcrumb\"},\"inLanguage\":\"fr-FR\",\"potentialAction\":[{\"@type\":\"ReadAction\",\"target\":[\"https:\\\/\\\/lesvolcansnews.net\\\/?p=4171\"]}]},{\"@type\":\"ImageObject\",\"inLanguage\":\"fr-FR\",\"@id\":\"https:\\\/\\\/lesvolcansnews.net\\\/?p=4171#primaryimage\",\"url\":\"https:\\\/\\\/lesvolcansnews.net\\\/wp-content\\\/uploads\\\/2019\\\/08\\\/IMG_0298.jpg\",\"contentUrl\":\"https:\\\/\\\/lesvolcansnews.net\\\/wp-content\\\/uploads\\\/2019\\\/08\\\/IMG_0298.jpg\",\"width\":500,\"height\":376,\"caption\":\"Des volontaires, des policiers et les membres de la Croix Rouge National, tentent de d\u00e9gager les corps calcin\u00e9s ce 20\\\/05\\\/2011 \u00e0 Kinshasa, lors d'un incendie qui avait tu\u00e9 six membres d'une m\u00eame famille. Radio Okapi\\\/ Ph. John Bompengo\"},{\"@type\":\"BreadcrumbList\",\"@id\":\"https:\\\/\\\/lesvolcansnews.net\\\/?p=4171#breadcrumb\",\"itemListElement\":[{\"@type\":\"ListItem\",\"position\":1,\"name\":\"Accueil\",\"item\":\"https:\\\/\\\/lesvolcansnews.net\\\/\"},{\"@type\":\"ListItem\",\"position\":2,\"name\":\"Goma : un incendie fait sept morts d&#8217;une m\u00eame famille au quartier Majengo\"}]},{\"@type\":\"WebSite\",\"@id\":\"https:\\\/\\\/lesvolcansnews.net\\\/#website\",\"url\":\"https:\\\/\\\/lesvolcansnews.net\\\/\",\"name\":\"LES VOLCANS NEWS\",\"description\":\"L&#039;INFORMATION C&#039;EST NOUS\",\"potentialAction\":[{\"@type\":\"SearchAction\",\"target\":{\"@type\":\"EntryPoint\",\"urlTemplate\":\"https:\\\/\\\/lesvolcansnews.net\\\/?s={search_term_string}\"},\"query-input\":{\"@type\":\"PropertyValueSpecification\",\"valueRequired\":true,\"valueName\":\"search_term_string\"}}],\"inLanguage\":\"fr-FR\"},{\"@type\":\"Person\",\"@id\":\"https:\\\/\\\/lesvolcansnews.net\\\/#\\\/schema\\\/person\\\/82c8bed2e77879ecf6cca63441f57354\",\"name\":\"R\u00e9daction - Les Volcans News\",\"image\":{\"@type\":\"ImageObject\",\"inLanguage\":\"fr-FR\",\"@id\":\"https:\\\/\\\/secure.gravatar.com\\\/avatar\\\/8408942dd851e8a9c09f3d382a661bc05d2b3cd9002139bc1795b9528cdc6c80?s=96&d=mm&r=g\",\"url\":\"https:\\\/\\\/secure.gravatar.com\\\/avatar\\\/8408942dd851e8a9c09f3d382a661bc05d2b3cd9002139bc1795b9528cdc6c80?s=96&d=mm&r=g\",\"contentUrl\":\"https:\\\/\\\/secure.gravatar.com\\\/avatar\\\/8408942dd851e8a9c09f3d382a661bc05d2b3cd9002139bc1795b9528cdc6c80?s=96&d=mm&r=g\",\"caption\":\"R\u00e9daction - Les Volcans News\"},\"url\":\"https:\\\/\\\/lesvolcansnews.net\\\/?author=14\"}]}<\/script>\n<!-- \/ Yoast SEO plugin. -->","yoast_head_json":{"title":"Goma : un incendie fait sept morts d'une m\u00eame famille au quartier Majengo - LES VOLCANS NEWS","robots":{"index":"index","follow":"follow","max-snippet":"max-snippet:-1","max-image-preview":"max-image-preview:large","max-video-preview":"max-video-preview:-1"},"canonical":"https:\/\/lesvolcansnews.net\/?p=4171","og_locale":"fr_FR","og_type":"article","og_title":"Goma : un incendie fait sept morts d'une m\u00eame famille au quartier Majengo - LES VOLCANS NEWS","og_description":"Sept personnes d&#8217;une m\u00eame famille ont trouv\u00e9 la mort dans un incendie de leur maison survenu \u00e0 3h du matin de ce jeudi 1er ao\u00fbt au quartier Majengo de la","og_url":"https:\/\/lesvolcansnews.net\/?p=4171","og_site_name":"LES VOLCANS NEWS","article_published_time":"2019-08-01T07:55:49+00:00","article_modified_time":"2019-08-01T08:03:00+00:00","og_image":[{"width":500,"height":376,"url":"https:\/\/lesvolcansnews.net\/wp-content\/uploads\/2019\/08\/IMG_0298.jpg","type":"image\/jpeg"}],"author":"R\u00e9daction - Les Volcans News","twitter_card":"summary_large_image","twitter_misc":{"\u00c9crit par":"R\u00e9daction - Les Volcans News","Dur\u00e9e de lecture estim\u00e9e":"1 minute"},"schema":{"@context":"https:\/\/schema.org","@graph":[{"@type":"Article","@id":"https:\/\/lesvolcansnews.net\/?p=4171#article","isPartOf":{"@id":"https:\/\/lesvolcansnews.net\/?p=4171"},"author":{"name":"R\u00e9daction - Les Volcans News","@id":"https:\/\/lesvolcansnews.net\/#\/schema\/person\/82c8bed2e77879ecf6cca63441f57354"},"headline":"Goma : un incendie fait sept morts d&#8217;une m\u00eame famille au quartier Majengo","datePublished":"2019-08-01T07:55:49+00:00","dateModified":"2019-08-01T08:03:00+00:00","mainEntityOfPage":{"@id":"https:\/\/lesvolcansnews.net\/?p=4171"},"wordCount":160,"commentCount":0,"image":{"@id":"https:\/\/lesvolcansnews.net\/?p=4171#primaryimage"},"thumbnailUrl":"https:\/\/lesvolcansnews.net\/wp-content\/uploads\/2019\/08\/IMG_0298.jpg","articleSection":["SOCIET\u00c9"],"inLanguage":"fr-FR","potentialAction":[{"@type":"CommentAction","name":"Comment","target":["https:\/\/lesvolcansnews.net\/?p=4171#respond"]}]},{"@type":"WebPage","@id":"https:\/\/lesvolcansnews.net\/?p=4171","url":"https:\/\/lesvolcansnews.net\/?p=4171","name":"Goma : un incendie fait sept morts d'une m\u00eame famille au quartier Majengo - LES VOLCANS NEWS","isPartOf":{"@id":"https:\/\/lesvolcansnews.net\/#website"},"primaryImageOfPage":{"@id":"https:\/\/lesvolcansnews.net\/?p=4171#primaryimage"},"image":{"@id":"https:\/\/lesvolcansnews.net\/?p=4171#primaryimage"},"thumbnailUrl":"https:\/\/lesvolcansnews.net\/wp-content\/uploads\/2019\/08\/IMG_0298.jpg","datePublished":"2019-08-01T07:55:49+00:00","dateModified":"2019-08-01T08:03:00+00:00","author":{"@id":"https:\/\/lesvolcansnews.net\/#\/schema\/person\/82c8bed2e77879ecf6cca63441f57354"},"breadcrumb":{"@id":"https:\/\/lesvolcansnews.net\/?p=4171#breadcrumb"},"inLanguage":"fr-FR","potentialAction":[{"@type":"ReadAction","target":["https:\/\/lesvolcansnews.net\/?p=4171"]}]},{"@type":"ImageObject","inLanguage":"fr-FR","@id":"https:\/\/lesvolcansnews.net\/?p=4171#primaryimage","url":"https:\/\/lesvolcansnews.net\/wp-content\/uploads\/2019\/08\/IMG_0298.jpg","contentUrl":"https:\/\/lesvolcansnews.net\/wp-content\/uploads\/2019\/08\/IMG_0298.jpg","width":500,"height":376,"caption":"Des volontaires, des policiers et les membres de la Croix Rouge National, tentent de d\u00e9gager les corps calcin\u00e9s ce 20\/05\/2011 \u00e0 Kinshasa, lors d'un incendie qui avait tu\u00e9 six membres d'une m\u00eame famille. Radio Okapi\/ Ph. John Bompengo"},{"@type":"BreadcrumbList","@id":"https:\/\/lesvolcansnews.net\/?p=4171#breadcrumb","itemListElement":[{"@type":"ListItem","position":1,"name":"Accueil","item":"https:\/\/lesvolcansnews.net\/"},{"@type":"ListItem","position":2,"name":"Goma : un incendie fait sept morts d&#8217;une m\u00eame famille au quartier Majengo"}]},{"@type":"WebSite","@id":"https:\/\/lesvolcansnews.net\/#website","url":"https:\/\/lesvolcansnews.net\/","name":"LES VOLCANS NEWS","description":"L&#039;INFORMATION C&#039;EST NOUS","potentialAction":[{"@type":"SearchAction","target":{"@type":"EntryPoint","urlTemplate":"https:\/\/lesvolcansnews.net\/?s={search_term_string}"},"query-input":{"@type":"PropertyValueSpecification","valueRequired":true,"valueName":"search_term_string"}}],"inLanguage":"fr-FR"},{"@type":"Person","@id":"https:\/\/lesvolcansnews.net\/#\/schema\/person\/82c8bed2e77879ecf6cca63441f57354","name":"R\u00e9daction - Les Volcans News","image":{"@type":"ImageObject","inLanguage":"fr-FR","@id":"https:\/\/secure.gravatar.com\/avatar\/8408942dd851e8a9c09f3d382a661bc05d2b3cd9002139bc1795b9528cdc6c80?s=96&d=mm&r=g","url":"https:\/\/secure.gravatar.com\/avatar\/8408942dd851e8a9c09f3d382a661bc05d2b3cd9002139bc1795b9528cdc6c80?s=96&d=mm&r=g","contentUrl":"https:\/\/secure.gravatar.com\/avatar\/8408942dd851e8a9c09f3d382a661bc05d2b3cd9002139bc1795b9528cdc6c80?s=96&d=mm&r=g","caption":"R\u00e9daction - Les Volcans News"},"url":"https:\/\/lesvolcansnews.net\/?author=14"}]}},"_links":{"self":[{"href":"https:\/\/lesvolcansnews.net\/index.php?rest_route=\/wp\/v2\/posts\/4171","targetHints":{"allow":["GET"]}}],"collection":[{"href":"https:\/\/lesvolcansnews.net\/index.php?rest_route=\/wp\/v2\/posts"}],"about":[{"href":"https:\/\/lesvolcansnews.net\/index.php?rest_route=\/wp\/v2\/types\/post"}],"author":[{"embeddable":true,"href":"https:\/\/lesvolcansnews.net\/index.php?rest_route=\/wp\/v2\/users\/14"}],"replies":[{"embeddable":true,"href":"https:\/\/lesvolcansnews.net\/index.php?rest_route=%2Fwp%2Fv2%2Fcomments&post=4171"}],"version-history":[{"count":1,"href":"https:\/\/lesvolcansnews.net\/index.php?rest_route=\/wp\/v2\/posts\/4171\/revisions"}],"predecessor-version":[{"id":4172,"href":"https:\/\/lesvolcansnews.net\/index.php?rest_route=\/wp\/v2\/posts\/4171\/revisions\/4172"}],"wp:featuredmedia":[{"embeddable":true,"href":"https:\/\/lesvolcansnews.net\/index.php?rest_route=\/wp\/v2\/media\/4170"}],"wp:attachment":[{"href":"https:\/\/lesvolcansnews.net\/index.php?rest_route=%2Fwp%2Fv2%2Fmedia&parent=4171"}],"wp:term":[{"taxonomy":"category","embeddable":true,"href":"https:\/\/lesvolcansnews.net\/index.php?rest_route=%2Fwp%2Fv2%2Fcategories&post=4171"},{"taxonomy":"post_tag","embeddable":true,"href":"https:\/\/lesvolcansnews.net\/index.php?rest_route=%2Fwp%2Fv2%2Ftags&post=4171"}],"curies":[{"name":"wp","href":"https:\/\/api.w.org\/{rel}","templated":true}]}}