{"id":4143,"date":"2019-07-30T11:19:27","date_gmt":"2019-07-30T11:19:27","guid":{"rendered":"https:\/\/lesvolcansnews.net\/2019\/07\/30\/4143\/"},"modified":"2019-07-30T11:23:32","modified_gmt":"2019-07-30T11:23:32","slug":"4143","status":"publish","type":"post","link":"https:\/\/lesvolcansnews.net\/?p=4143","title":{"rendered":"C2 CAF\/AS Maniema union : Un cadre de l&#8217;\u00e9quipe sera absent en entr\u00e9e"},"content":{"rendered":"<p>Mauvaise nouvelle pour l&#8217;\u00e9quipe de Kindu, le glorieux de l&#8217;\u00e9quipe de Man-un , Bonaventure Mbuka , n&#8217;effectuera pas le d\u00e9placement les siens vers le Gabon.<\/p>\n<p>Coach Guy Lusadisu se m\u00e9fiera de cette premi\u00e8re absence bien que de taille et pourra d\u00e9j\u00e0 chercher le rempla\u00e7ant de Bonaventure avant de faire jonction avec le pays de la star Gabonaise, Aubameyang Pierre-Emerick.<\/p>\n<p>Cette situation fait suite aux deux cartons jaunes qu&#8217;avait \u00e9cop\u00e9 cet espoir de l&#8217;\u00e9quipe de Kindu en mars 2018 lors de la double rencontre entre les vert et noir et l\u2019 USM Alger comptant pour la Coupe de la Conf\u00e9d\u00e9ration.<br \/>\nDans ses d\u00e9buts, l&#8217;As Maniema union affrontera doublement l&#8217;As P\u00e9lican du Gabon, le 10 ao\u00fbt prochain \u00e0 Libreville lors du match aller.<\/p>\n<p>Il est a pr\u00e9cise , que ce joueur sera op\u00e9rationnel lors de la manche retour qui interviendra deux semaines plus tard sur la pelouse artificielle du stage Joseph Kabila de Kindu.<\/p>\n<p><strong><em>Cedrick Sadiki Mbala<\/em><\/strong><\/p>\n","protected":false},"excerpt":{"rendered":"<p>Mauvaise nouvelle pour l&#8217;\u00e9quipe de Kindu, le glorieux de l&#8217;\u00e9quipe de Man-un , Bonaventure Mbuka , n&#8217;effectuera pas le d\u00e9placement les siens vers le Gabon. Coach Guy Lusadisu se m\u00e9fiera<\/p>\n","protected":false},"author":14,"featured_media":0,"comment_status":"open","ping_status":"open","sticky":false,"template":"","format":"standard","meta":{"footnotes":""},"categories":[11],"tags":[],"class_list":["post-4143","post","type-post","status-publish","format-standard","hentry","category-sports"],"yoast_head":"<!-- This site is optimized with the Yoast SEO plugin v27.3 - https:\/\/yoast.com\/product\/yoast-seo-wordpress\/ -->\n<title>C2 CAF\/AS Maniema union : Un cadre de l&#039;\u00e9quipe sera absent en entr\u00e9e - LES VOLCANS NEWS<\/title>\n<meta name=\"robots\" content=\"index, follow, max-snippet:-1, max-image-preview:large, max-video-preview:-1\" \/>\n<link rel=\"canonical\" href=\"https:\/\/lesvolcansnews.net\/?p=4143\" \/>\n<meta property=\"og:locale\" content=\"fr_FR\" \/>\n<meta property=\"og:type\" content=\"article\" \/>\n<meta property=\"og:title\" content=\"C2 CAF\/AS Maniema union : Un cadre de l&#039;\u00e9quipe sera absent en entr\u00e9e - LES VOLCANS NEWS\" \/>\n<meta property=\"og:description\" content=\"Mauvaise nouvelle pour l&#8217;\u00e9quipe de Kindu, le glorieux de l&#8217;\u00e9quipe de Man-un , Bonaventure Mbuka , n&#8217;effectuera pas le d\u00e9placement les siens vers le Gabon. Coach Guy Lusadisu se m\u00e9fiera\" \/>\n<meta property=\"og:url\" content=\"https:\/\/lesvolcansnews.net\/?p=4143\" \/>\n<meta property=\"og:site_name\" content=\"LES VOLCANS NEWS\" \/>\n<meta property=\"article:published_time\" content=\"2019-07-30T11:19:27+00:00\" \/>\n<meta property=\"article:modified_time\" content=\"2019-07-30T11:23:32+00:00\" \/>\n<meta name=\"author\" content=\"R\u00e9daction - Les Volcans News\" \/>\n<meta name=\"twitter:card\" content=\"summary_large_image\" \/>\n<meta name=\"twitter:label1\" content=\"\u00c9crit par\" \/>\n\t<meta name=\"twitter:data1\" content=\"R\u00e9daction - Les Volcans News\" \/>\n\t<meta name=\"twitter:label2\" content=\"Dur\u00e9e de lecture estim\u00e9e\" \/>\n\t<meta name=\"twitter:data2\" content=\"1 minute\" \/>\n<script type=\"application\/ld+json\" class=\"yoast-schema-graph\">{\"@context\":\"https:\\\/\\\/schema.org\",\"@graph\":[{\"@type\":\"Article\",\"@id\":\"https:\\\/\\\/lesvolcansnews.net\\\/?p=4143#article\",\"isPartOf\":{\"@id\":\"https:\\\/\\\/lesvolcansnews.net\\\/?p=4143\"},\"author\":{\"name\":\"R\u00e9daction - Les Volcans News\",\"@id\":\"https:\\\/\\\/lesvolcansnews.net\\\/#\\\/schema\\\/person\\\/82c8bed2e77879ecf6cca63441f57354\"},\"headline\":\"C2 CAF\\\/AS Maniema union : Un cadre de l&#8217;\u00e9quipe sera absent en entr\u00e9e\",\"datePublished\":\"2019-07-30T11:19:27+00:00\",\"dateModified\":\"2019-07-30T11:23:32+00:00\",\"mainEntityOfPage\":{\"@id\":\"https:\\\/\\\/lesvolcansnews.net\\\/?p=4143\"},\"wordCount\":183,\"commentCount\":0,\"articleSection\":[\"SPORTS\"],\"inLanguage\":\"fr-FR\",\"potentialAction\":[{\"@type\":\"CommentAction\",\"name\":\"Comment\",\"target\":[\"https:\\\/\\\/lesvolcansnews.net\\\/?p=4143#respond\"]}]},{\"@type\":\"WebPage\",\"@id\":\"https:\\\/\\\/lesvolcansnews.net\\\/?p=4143\",\"url\":\"https:\\\/\\\/lesvolcansnews.net\\\/?p=4143\",\"name\":\"C2 CAF\\\/AS Maniema union : Un cadre de l'\u00e9quipe sera absent en entr\u00e9e - LES VOLCANS NEWS\",\"isPartOf\":{\"@id\":\"https:\\\/\\\/lesvolcansnews.net\\\/#website\"},\"datePublished\":\"2019-07-30T11:19:27+00:00\",\"dateModified\":\"2019-07-30T11:23:32+00:00\",\"author\":{\"@id\":\"https:\\\/\\\/lesvolcansnews.net\\\/#\\\/schema\\\/person\\\/82c8bed2e77879ecf6cca63441f57354\"},\"breadcrumb\":{\"@id\":\"https:\\\/\\\/lesvolcansnews.net\\\/?p=4143#breadcrumb\"},\"inLanguage\":\"fr-FR\",\"potentialAction\":[{\"@type\":\"ReadAction\",\"target\":[\"https:\\\/\\\/lesvolcansnews.net\\\/?p=4143\"]}]},{\"@type\":\"BreadcrumbList\",\"@id\":\"https:\\\/\\\/lesvolcansnews.net\\\/?p=4143#breadcrumb\",\"itemListElement\":[{\"@type\":\"ListItem\",\"position\":1,\"name\":\"Accueil\",\"item\":\"https:\\\/\\\/lesvolcansnews.net\\\/\"},{\"@type\":\"ListItem\",\"position\":2,\"name\":\"C2 CAF\\\/AS Maniema union : Un cadre de l&#8217;\u00e9quipe sera absent en entr\u00e9e\"}]},{\"@type\":\"WebSite\",\"@id\":\"https:\\\/\\\/lesvolcansnews.net\\\/#website\",\"url\":\"https:\\\/\\\/lesvolcansnews.net\\\/\",\"name\":\"LES VOLCANS NEWS\",\"description\":\"L&#039;INFORMATION C&#039;EST NOUS\",\"potentialAction\":[{\"@type\":\"SearchAction\",\"target\":{\"@type\":\"EntryPoint\",\"urlTemplate\":\"https:\\\/\\\/lesvolcansnews.net\\\/?s={search_term_string}\"},\"query-input\":{\"@type\":\"PropertyValueSpecification\",\"valueRequired\":true,\"valueName\":\"search_term_string\"}}],\"inLanguage\":\"fr-FR\"},{\"@type\":\"Person\",\"@id\":\"https:\\\/\\\/lesvolcansnews.net\\\/#\\\/schema\\\/person\\\/82c8bed2e77879ecf6cca63441f57354\",\"name\":\"R\u00e9daction - Les Volcans News\",\"image\":{\"@type\":\"ImageObject\",\"inLanguage\":\"fr-FR\",\"@id\":\"https:\\\/\\\/secure.gravatar.com\\\/avatar\\\/8408942dd851e8a9c09f3d382a661bc05d2b3cd9002139bc1795b9528cdc6c80?s=96&d=mm&r=g\",\"url\":\"https:\\\/\\\/secure.gravatar.com\\\/avatar\\\/8408942dd851e8a9c09f3d382a661bc05d2b3cd9002139bc1795b9528cdc6c80?s=96&d=mm&r=g\",\"contentUrl\":\"https:\\\/\\\/secure.gravatar.com\\\/avatar\\\/8408942dd851e8a9c09f3d382a661bc05d2b3cd9002139bc1795b9528cdc6c80?s=96&d=mm&r=g\",\"caption\":\"R\u00e9daction - Les Volcans News\"},\"url\":\"https:\\\/\\\/lesvolcansnews.net\\\/?author=14\"}]}<\/script>\n<!-- \/ Yoast SEO plugin. -->","yoast_head_json":{"title":"C2 CAF\/AS Maniema union : Un cadre de l'\u00e9quipe sera absent en entr\u00e9e - LES VOLCANS NEWS","robots":{"index":"index","follow":"follow","max-snippet":"max-snippet:-1","max-image-preview":"max-image-preview:large","max-video-preview":"max-video-preview:-1"},"canonical":"https:\/\/lesvolcansnews.net\/?p=4143","og_locale":"fr_FR","og_type":"article","og_title":"C2 CAF\/AS Maniema union : Un cadre de l'\u00e9quipe sera absent en entr\u00e9e - LES VOLCANS NEWS","og_description":"Mauvaise nouvelle pour l&#8217;\u00e9quipe de Kindu, le glorieux de l&#8217;\u00e9quipe de Man-un , Bonaventure Mbuka , n&#8217;effectuera pas le d\u00e9placement les siens vers le Gabon. Coach Guy Lusadisu se m\u00e9fiera","og_url":"https:\/\/lesvolcansnews.net\/?p=4143","og_site_name":"LES VOLCANS NEWS","article_published_time":"2019-07-30T11:19:27+00:00","article_modified_time":"2019-07-30T11:23:32+00:00","author":"R\u00e9daction - Les Volcans News","twitter_card":"summary_large_image","twitter_misc":{"\u00c9crit par":"R\u00e9daction - Les Volcans News","Dur\u00e9e de lecture estim\u00e9e":"1 minute"},"schema":{"@context":"https:\/\/schema.org","@graph":[{"@type":"Article","@id":"https:\/\/lesvolcansnews.net\/?p=4143#article","isPartOf":{"@id":"https:\/\/lesvolcansnews.net\/?p=4143"},"author":{"name":"R\u00e9daction - Les Volcans News","@id":"https:\/\/lesvolcansnews.net\/#\/schema\/person\/82c8bed2e77879ecf6cca63441f57354"},"headline":"C2 CAF\/AS Maniema union : Un cadre de l&#8217;\u00e9quipe sera absent en entr\u00e9e","datePublished":"2019-07-30T11:19:27+00:00","dateModified":"2019-07-30T11:23:32+00:00","mainEntityOfPage":{"@id":"https:\/\/lesvolcansnews.net\/?p=4143"},"wordCount":183,"commentCount":0,"articleSection":["SPORTS"],"inLanguage":"fr-FR","potentialAction":[{"@type":"CommentAction","name":"Comment","target":["https:\/\/lesvolcansnews.net\/?p=4143#respond"]}]},{"@type":"WebPage","@id":"https:\/\/lesvolcansnews.net\/?p=4143","url":"https:\/\/lesvolcansnews.net\/?p=4143","name":"C2 CAF\/AS Maniema union : Un cadre de l'\u00e9quipe sera absent en entr\u00e9e - LES VOLCANS NEWS","isPartOf":{"@id":"https:\/\/lesvolcansnews.net\/#website"},"datePublished":"2019-07-30T11:19:27+00:00","dateModified":"2019-07-30T11:23:32+00:00","author":{"@id":"https:\/\/lesvolcansnews.net\/#\/schema\/person\/82c8bed2e77879ecf6cca63441f57354"},"breadcrumb":{"@id":"https:\/\/lesvolcansnews.net\/?p=4143#breadcrumb"},"inLanguage":"fr-FR","potentialAction":[{"@type":"ReadAction","target":["https:\/\/lesvolcansnews.net\/?p=4143"]}]},{"@type":"BreadcrumbList","@id":"https:\/\/lesvolcansnews.net\/?p=4143#breadcrumb","itemListElement":[{"@type":"ListItem","position":1,"name":"Accueil","item":"https:\/\/lesvolcansnews.net\/"},{"@type":"ListItem","position":2,"name":"C2 CAF\/AS Maniema union : Un cadre de l&#8217;\u00e9quipe sera absent en entr\u00e9e"}]},{"@type":"WebSite","@id":"https:\/\/lesvolcansnews.net\/#website","url":"https:\/\/lesvolcansnews.net\/","name":"LES VOLCANS NEWS","description":"L&#039;INFORMATION C&#039;EST NOUS","potentialAction":[{"@type":"SearchAction","target":{"@type":"EntryPoint","urlTemplate":"https:\/\/lesvolcansnews.net\/?s={search_term_string}"},"query-input":{"@type":"PropertyValueSpecification","valueRequired":true,"valueName":"search_term_string"}}],"inLanguage":"fr-FR"},{"@type":"Person","@id":"https:\/\/lesvolcansnews.net\/#\/schema\/person\/82c8bed2e77879ecf6cca63441f57354","name":"R\u00e9daction - Les Volcans News","image":{"@type":"ImageObject","inLanguage":"fr-FR","@id":"https:\/\/secure.gravatar.com\/avatar\/8408942dd851e8a9c09f3d382a661bc05d2b3cd9002139bc1795b9528cdc6c80?s=96&d=mm&r=g","url":"https:\/\/secure.gravatar.com\/avatar\/8408942dd851e8a9c09f3d382a661bc05d2b3cd9002139bc1795b9528cdc6c80?s=96&d=mm&r=g","contentUrl":"https:\/\/secure.gravatar.com\/avatar\/8408942dd851e8a9c09f3d382a661bc05d2b3cd9002139bc1795b9528cdc6c80?s=96&d=mm&r=g","caption":"R\u00e9daction - Les Volcans News"},"url":"https:\/\/lesvolcansnews.net\/?author=14"}]}},"_links":{"self":[{"href":"https:\/\/lesvolcansnews.net\/index.php?rest_route=\/wp\/v2\/posts\/4143","targetHints":{"allow":["GET"]}}],"collection":[{"href":"https:\/\/lesvolcansnews.net\/index.php?rest_route=\/wp\/v2\/posts"}],"about":[{"href":"https:\/\/lesvolcansnews.net\/index.php?rest_route=\/wp\/v2\/types\/post"}],"author":[{"embeddable":true,"href":"https:\/\/lesvolcansnews.net\/index.php?rest_route=\/wp\/v2\/users\/14"}],"replies":[{"embeddable":true,"href":"https:\/\/lesvolcansnews.net\/index.php?rest_route=%2Fwp%2Fv2%2Fcomments&post=4143"}],"version-history":[{"count":1,"href":"https:\/\/lesvolcansnews.net\/index.php?rest_route=\/wp\/v2\/posts\/4143\/revisions"}],"predecessor-version":[{"id":4144,"href":"https:\/\/lesvolcansnews.net\/index.php?rest_route=\/wp\/v2\/posts\/4143\/revisions\/4144"}],"wp:attachment":[{"href":"https:\/\/lesvolcansnews.net\/index.php?rest_route=%2Fwp%2Fv2%2Fmedia&parent=4143"}],"wp:term":[{"taxonomy":"category","embeddable":true,"href":"https:\/\/lesvolcansnews.net\/index.php?rest_route=%2Fwp%2Fv2%2Fcategories&post=4143"},{"taxonomy":"post_tag","embeddable":true,"href":"https:\/\/lesvolcansnews.net\/index.php?rest_route=%2Fwp%2Fv2%2Ftags&post=4143"}],"curies":[{"name":"wp","href":"https:\/\/api.w.org\/{rel}","templated":true}]}}