{"id":4130,"date":"2019-07-27T07:33:55","date_gmt":"2019-07-27T07:33:55","guid":{"rendered":"https:\/\/lesvolcansnews.net\/2019\/07\/27\/sport-nord-kivu-le-champion-de-la-province-du-karate-traditionnel-desormais-connu\/"},"modified":"2019-07-27T07:33:55","modified_gmt":"2019-07-27T07:33:55","slug":"sport-nord-kivu-le-champion-de-la-province-du-karate-traditionnel-desormais-connu","status":"publish","type":"post","link":"https:\/\/lesvolcansnews.net\/?p=4130","title":{"rendered":"Sport\/Nord-Kivu: le champion de la province du Karat\u00e9 traditionnel d\u00e9sormais connu"},"content":{"rendered":"<p>Le championnat provincial de karat\u00e9 traditionnel a v\u00e9cu \u00e0 Goma le dimanche le 21 juillet 2019 au cercle sportif avec le sacre du club scorpion rouge de la ville de Goma de maitre charly qui a d\u00e9tr\u00f4n\u00e9 le club king aussi de la m\u00eame ville d\u00e9tenteur du troph\u00e9e.<br \/>\nR\u00e9unissant 10 clubs de la province du Nord-Kivu, cette comp\u00e9tition des arts martiaux organis\u00e9e par la ligue provinciale de karat\u00e9 traditionnel a tenue ses promesses avec des combats des grandes grands dans la discipline et fair-play sans ignorer les passations des ceintures pour certains pratiquants de cette discipline \u00e0 l&#8217;instar du vice-pr\u00e9sident de l&#8217;Assembl\u00e9e provinciale du nord Kivu d\u00e9sormais ceinture noire deuxi\u00e8me dan au terme de ce championnat.<br \/>\nCe d\u00e9put\u00e9 provincial pensionnaire d&#8217;un club de Goma depuis plusieurs ann\u00e9es, s&#8217;est fix\u00e9 l&#8217;objectif de plaider au gouvernorat pour la prise en charge du karat\u00e9 traditionnel par les autorit\u00e9s de la province en cas d&#8217;une sortie r\u00e9gionale que nationale.<br \/>\nApr\u00e8s la ville touristique du pays, le pr\u00e9sident de la ligue qui g\u00e8re cette discipline Augustin Dukuze qui veut conqu\u00e9rir toute la province a rassur\u00e9 que la prochaine \u00e9dition aura lieu dans la partie nord de la province soit dans la ville de Beni ou de Butembo.<\/p>\n<p><em><strong>Georges ben Muhima<\/strong><\/em><\/p>\n","protected":false},"excerpt":{"rendered":"<p>Le championnat provincial de karat\u00e9 traditionnel a v\u00e9cu \u00e0 Goma le dimanche le 21 juillet 2019 au cercle sportif avec le sacre du club scorpion rouge de la ville de<\/p>\n","protected":false},"author":14,"featured_media":0,"comment_status":"open","ping_status":"open","sticky":false,"template":"","format":"standard","meta":{"footnotes":""},"categories":[1],"tags":[],"class_list":["post-4130","post","type-post","status-publish","format-standard","hentry","category-actualite"],"yoast_head":"<!-- This site is optimized with the Yoast SEO plugin v27.3 - https:\/\/yoast.com\/product\/yoast-seo-wordpress\/ -->\n<title>Sport\/Nord-Kivu: le champion de la province du Karat\u00e9 traditionnel d\u00e9sormais connu - LES VOLCANS NEWS<\/title>\n<meta name=\"robots\" content=\"index, follow, max-snippet:-1, max-image-preview:large, max-video-preview:-1\" \/>\n<link rel=\"canonical\" href=\"https:\/\/lesvolcansnews.net\/?p=4130\" \/>\n<meta property=\"og:locale\" content=\"fr_FR\" \/>\n<meta property=\"og:type\" content=\"article\" \/>\n<meta property=\"og:title\" content=\"Sport\/Nord-Kivu: le champion de la province du Karat\u00e9 traditionnel d\u00e9sormais connu - LES VOLCANS NEWS\" \/>\n<meta property=\"og:description\" content=\"Le championnat provincial de karat\u00e9 traditionnel a v\u00e9cu \u00e0 Goma le dimanche le 21 juillet 2019 au cercle sportif avec le sacre du club scorpion rouge de la ville de\" \/>\n<meta property=\"og:url\" content=\"https:\/\/lesvolcansnews.net\/?p=4130\" \/>\n<meta property=\"og:site_name\" content=\"LES VOLCANS NEWS\" \/>\n<meta property=\"article:published_time\" content=\"2019-07-27T07:33:55+00:00\" \/>\n<meta name=\"author\" content=\"R\u00e9daction - Les Volcans News\" \/>\n<meta name=\"twitter:card\" content=\"summary_large_image\" \/>\n<meta name=\"twitter:label1\" content=\"\u00c9crit par\" \/>\n\t<meta name=\"twitter:data1\" content=\"R\u00e9daction - Les Volcans News\" \/>\n\t<meta name=\"twitter:label2\" content=\"Dur\u00e9e de lecture estim\u00e9e\" \/>\n\t<meta name=\"twitter:data2\" content=\"1 minute\" \/>\n<script type=\"application\/ld+json\" class=\"yoast-schema-graph\">{\"@context\":\"https:\\\/\\\/schema.org\",\"@graph\":[{\"@type\":\"Article\",\"@id\":\"https:\\\/\\\/lesvolcansnews.net\\\/?p=4130#article\",\"isPartOf\":{\"@id\":\"https:\\\/\\\/lesvolcansnews.net\\\/?p=4130\"},\"author\":{\"name\":\"R\u00e9daction - Les Volcans News\",\"@id\":\"https:\\\/\\\/lesvolcansnews.net\\\/#\\\/schema\\\/person\\\/82c8bed2e77879ecf6cca63441f57354\"},\"headline\":\"Sport\\\/Nord-Kivu: le champion de la province du Karat\u00e9 traditionnel d\u00e9sormais connu\",\"datePublished\":\"2019-07-27T07:33:55+00:00\",\"mainEntityOfPage\":{\"@id\":\"https:\\\/\\\/lesvolcansnews.net\\\/?p=4130\"},\"wordCount\":240,\"commentCount\":0,\"articleSection\":[\"ACTUALIT\u00c9\"],\"inLanguage\":\"fr-FR\",\"potentialAction\":[{\"@type\":\"CommentAction\",\"name\":\"Comment\",\"target\":[\"https:\\\/\\\/lesvolcansnews.net\\\/?p=4130#respond\"]}]},{\"@type\":\"WebPage\",\"@id\":\"https:\\\/\\\/lesvolcansnews.net\\\/?p=4130\",\"url\":\"https:\\\/\\\/lesvolcansnews.net\\\/?p=4130\",\"name\":\"Sport\\\/Nord-Kivu: le champion de la province du Karat\u00e9 traditionnel d\u00e9sormais connu - LES VOLCANS NEWS\",\"isPartOf\":{\"@id\":\"https:\\\/\\\/lesvolcansnews.net\\\/#website\"},\"datePublished\":\"2019-07-27T07:33:55+00:00\",\"author\":{\"@id\":\"https:\\\/\\\/lesvolcansnews.net\\\/#\\\/schema\\\/person\\\/82c8bed2e77879ecf6cca63441f57354\"},\"breadcrumb\":{\"@id\":\"https:\\\/\\\/lesvolcansnews.net\\\/?p=4130#breadcrumb\"},\"inLanguage\":\"fr-FR\",\"potentialAction\":[{\"@type\":\"ReadAction\",\"target\":[\"https:\\\/\\\/lesvolcansnews.net\\\/?p=4130\"]}]},{\"@type\":\"BreadcrumbList\",\"@id\":\"https:\\\/\\\/lesvolcansnews.net\\\/?p=4130#breadcrumb\",\"itemListElement\":[{\"@type\":\"ListItem\",\"position\":1,\"name\":\"Accueil\",\"item\":\"https:\\\/\\\/lesvolcansnews.net\\\/\"},{\"@type\":\"ListItem\",\"position\":2,\"name\":\"Sport\\\/Nord-Kivu: le champion de la province du Karat\u00e9 traditionnel d\u00e9sormais connu\"}]},{\"@type\":\"WebSite\",\"@id\":\"https:\\\/\\\/lesvolcansnews.net\\\/#website\",\"url\":\"https:\\\/\\\/lesvolcansnews.net\\\/\",\"name\":\"LES VOLCANS NEWS\",\"description\":\"L&#039;INFORMATION C&#039;EST NOUS\",\"potentialAction\":[{\"@type\":\"SearchAction\",\"target\":{\"@type\":\"EntryPoint\",\"urlTemplate\":\"https:\\\/\\\/lesvolcansnews.net\\\/?s={search_term_string}\"},\"query-input\":{\"@type\":\"PropertyValueSpecification\",\"valueRequired\":true,\"valueName\":\"search_term_string\"}}],\"inLanguage\":\"fr-FR\"},{\"@type\":\"Person\",\"@id\":\"https:\\\/\\\/lesvolcansnews.net\\\/#\\\/schema\\\/person\\\/82c8bed2e77879ecf6cca63441f57354\",\"name\":\"R\u00e9daction - Les Volcans News\",\"image\":{\"@type\":\"ImageObject\",\"inLanguage\":\"fr-FR\",\"@id\":\"https:\\\/\\\/secure.gravatar.com\\\/avatar\\\/8408942dd851e8a9c09f3d382a661bc05d2b3cd9002139bc1795b9528cdc6c80?s=96&d=mm&r=g\",\"url\":\"https:\\\/\\\/secure.gravatar.com\\\/avatar\\\/8408942dd851e8a9c09f3d382a661bc05d2b3cd9002139bc1795b9528cdc6c80?s=96&d=mm&r=g\",\"contentUrl\":\"https:\\\/\\\/secure.gravatar.com\\\/avatar\\\/8408942dd851e8a9c09f3d382a661bc05d2b3cd9002139bc1795b9528cdc6c80?s=96&d=mm&r=g\",\"caption\":\"R\u00e9daction - Les Volcans News\"},\"url\":\"https:\\\/\\\/lesvolcansnews.net\\\/?author=14\"}]}<\/script>\n<!-- \/ Yoast SEO plugin. -->","yoast_head_json":{"title":"Sport\/Nord-Kivu: le champion de la province du Karat\u00e9 traditionnel d\u00e9sormais connu - LES VOLCANS NEWS","robots":{"index":"index","follow":"follow","max-snippet":"max-snippet:-1","max-image-preview":"max-image-preview:large","max-video-preview":"max-video-preview:-1"},"canonical":"https:\/\/lesvolcansnews.net\/?p=4130","og_locale":"fr_FR","og_type":"article","og_title":"Sport\/Nord-Kivu: le champion de la province du Karat\u00e9 traditionnel d\u00e9sormais connu - LES VOLCANS NEWS","og_description":"Le championnat provincial de karat\u00e9 traditionnel a v\u00e9cu \u00e0 Goma le dimanche le 21 juillet 2019 au cercle sportif avec le sacre du club scorpion rouge de la ville de","og_url":"https:\/\/lesvolcansnews.net\/?p=4130","og_site_name":"LES VOLCANS NEWS","article_published_time":"2019-07-27T07:33:55+00:00","author":"R\u00e9daction - Les Volcans News","twitter_card":"summary_large_image","twitter_misc":{"\u00c9crit par":"R\u00e9daction - Les Volcans News","Dur\u00e9e de lecture estim\u00e9e":"1 minute"},"schema":{"@context":"https:\/\/schema.org","@graph":[{"@type":"Article","@id":"https:\/\/lesvolcansnews.net\/?p=4130#article","isPartOf":{"@id":"https:\/\/lesvolcansnews.net\/?p=4130"},"author":{"name":"R\u00e9daction - Les Volcans News","@id":"https:\/\/lesvolcansnews.net\/#\/schema\/person\/82c8bed2e77879ecf6cca63441f57354"},"headline":"Sport\/Nord-Kivu: le champion de la province du Karat\u00e9 traditionnel d\u00e9sormais connu","datePublished":"2019-07-27T07:33:55+00:00","mainEntityOfPage":{"@id":"https:\/\/lesvolcansnews.net\/?p=4130"},"wordCount":240,"commentCount":0,"articleSection":["ACTUALIT\u00c9"],"inLanguage":"fr-FR","potentialAction":[{"@type":"CommentAction","name":"Comment","target":["https:\/\/lesvolcansnews.net\/?p=4130#respond"]}]},{"@type":"WebPage","@id":"https:\/\/lesvolcansnews.net\/?p=4130","url":"https:\/\/lesvolcansnews.net\/?p=4130","name":"Sport\/Nord-Kivu: le champion de la province du Karat\u00e9 traditionnel d\u00e9sormais connu - LES VOLCANS NEWS","isPartOf":{"@id":"https:\/\/lesvolcansnews.net\/#website"},"datePublished":"2019-07-27T07:33:55+00:00","author":{"@id":"https:\/\/lesvolcansnews.net\/#\/schema\/person\/82c8bed2e77879ecf6cca63441f57354"},"breadcrumb":{"@id":"https:\/\/lesvolcansnews.net\/?p=4130#breadcrumb"},"inLanguage":"fr-FR","potentialAction":[{"@type":"ReadAction","target":["https:\/\/lesvolcansnews.net\/?p=4130"]}]},{"@type":"BreadcrumbList","@id":"https:\/\/lesvolcansnews.net\/?p=4130#breadcrumb","itemListElement":[{"@type":"ListItem","position":1,"name":"Accueil","item":"https:\/\/lesvolcansnews.net\/"},{"@type":"ListItem","position":2,"name":"Sport\/Nord-Kivu: le champion de la province du Karat\u00e9 traditionnel d\u00e9sormais connu"}]},{"@type":"WebSite","@id":"https:\/\/lesvolcansnews.net\/#website","url":"https:\/\/lesvolcansnews.net\/","name":"LES VOLCANS NEWS","description":"L&#039;INFORMATION C&#039;EST NOUS","potentialAction":[{"@type":"SearchAction","target":{"@type":"EntryPoint","urlTemplate":"https:\/\/lesvolcansnews.net\/?s={search_term_string}"},"query-input":{"@type":"PropertyValueSpecification","valueRequired":true,"valueName":"search_term_string"}}],"inLanguage":"fr-FR"},{"@type":"Person","@id":"https:\/\/lesvolcansnews.net\/#\/schema\/person\/82c8bed2e77879ecf6cca63441f57354","name":"R\u00e9daction - Les Volcans News","image":{"@type":"ImageObject","inLanguage":"fr-FR","@id":"https:\/\/secure.gravatar.com\/avatar\/8408942dd851e8a9c09f3d382a661bc05d2b3cd9002139bc1795b9528cdc6c80?s=96&d=mm&r=g","url":"https:\/\/secure.gravatar.com\/avatar\/8408942dd851e8a9c09f3d382a661bc05d2b3cd9002139bc1795b9528cdc6c80?s=96&d=mm&r=g","contentUrl":"https:\/\/secure.gravatar.com\/avatar\/8408942dd851e8a9c09f3d382a661bc05d2b3cd9002139bc1795b9528cdc6c80?s=96&d=mm&r=g","caption":"R\u00e9daction - Les Volcans News"},"url":"https:\/\/lesvolcansnews.net\/?author=14"}]}},"_links":{"self":[{"href":"https:\/\/lesvolcansnews.net\/index.php?rest_route=\/wp\/v2\/posts\/4130","targetHints":{"allow":["GET"]}}],"collection":[{"href":"https:\/\/lesvolcansnews.net\/index.php?rest_route=\/wp\/v2\/posts"}],"about":[{"href":"https:\/\/lesvolcansnews.net\/index.php?rest_route=\/wp\/v2\/types\/post"}],"author":[{"embeddable":true,"href":"https:\/\/lesvolcansnews.net\/index.php?rest_route=\/wp\/v2\/users\/14"}],"replies":[{"embeddable":true,"href":"https:\/\/lesvolcansnews.net\/index.php?rest_route=%2Fwp%2Fv2%2Fcomments&post=4130"}],"version-history":[{"count":0,"href":"https:\/\/lesvolcansnews.net\/index.php?rest_route=\/wp\/v2\/posts\/4130\/revisions"}],"wp:attachment":[{"href":"https:\/\/lesvolcansnews.net\/index.php?rest_route=%2Fwp%2Fv2%2Fmedia&parent=4130"}],"wp:term":[{"taxonomy":"category","embeddable":true,"href":"https:\/\/lesvolcansnews.net\/index.php?rest_route=%2Fwp%2Fv2%2Fcategories&post=4130"},{"taxonomy":"post_tag","embeddable":true,"href":"https:\/\/lesvolcansnews.net\/index.php?rest_route=%2Fwp%2Fv2%2Ftags&post=4130"}],"curies":[{"name":"wp","href":"https:\/\/api.w.org\/{rel}","templated":true}]}}