{"id":4100,"date":"2019-07-25T15:43:02","date_gmt":"2019-07-25T15:43:02","guid":{"rendered":"http:\/\/lesvolcansnews.net\/2019\/07\/25\/leopards-claude-makelele-je-suis-categorique-je-naccepterai-pas-dingerence-gouvernementale-pour-lenrole-dun-nouveau-selectionneur-constant-omari\/"},"modified":"2019-07-25T15:54:29","modified_gmt":"2019-07-25T15:54:29","slug":"leopards-claude-makelele-je-suis-categorique-je-naccepterai-pas-dingerence-gouvernementale-pour-lenrole-dun-nouveau-selectionneur-constant-omari","status":"publish","type":"post","link":"https:\/\/lesvolcansnews.net\/?p=4100","title":{"rendered":"L\u00c9OPARDS-Claude Makelele : &#8221; Je suis cat\u00e9gorique, je n&#8217;accepterai pas d&#8217;ing\u00e9rence gouvernementale pour l&#8217;enr\u00f4lement d&#8217;un nouveau s\u00e9lectionneur&#8230;&#8221; (Constant Omari)"},"content":{"rendered":"<p>Les folles rumeurs sur les remplacements du staff technique des L\u00e9opards font actuellement la une sur la toile. Claude Makelele \u00e0 Kinshasa sur demande du chef de l&#8217;\u00c9tat, F\u00e9lix Tshisekedi, les analystes et sportifs s&#8217;en interrogent et les eux r\u00e9pondent \u00e0 leurs pr\u00e9occupations. La pr\u00e9sence de cet entra\u00eeneur franco-congolais \u00e9voluant en Espagne , Claude Makelele met les uns dans une confusions et disent qu&#8217;il est venu prendre les commandes de l&#8217;\u00e9quipe nationale A , de la r\u00e9publique d\u00e9mocratique du Congo.<\/p>\n<p>Contact\u00e9 \u00e0 ce sujet par nos confr\u00e8res Europ\u00e9ens de L&#8217;\u00c9quipe, le pr\u00e9sident Constant Omari, a avis\u00e9 qu&#8217;il n&#8217;y aura pas d&#8217;ing\u00e9rence politique \u00e0 ce sujet.<br \/>\n&#8220;Que les choses soient claires : je n&#8217;accepterai pas d&#8217;ing\u00e9rence gouvernementale concernant le choix du s\u00e9lectionneur&#8221;, a-t-il hauss\u00e9 le ton , ce mercredi 24 juillet 2019.<\/p>\n<p>Alors que certaines sources continuent \u00e0 affirmer sur une probable d\u00e9signation de Claude Makelele \u00e0 la t\u00eate de la s\u00e9lection nationale , le deuxi\u00e8me vice-pr\u00e9sident de la CAF et boss de la FECOFA , Constant Omari Selemani a rassur\u00e9 que jusqu&#8217;\u00e0 pr\u00e9sent rien n&#8217;est fait et aucune discussion n&#8217;est en cours.<br \/>\n&#8220;D&#8217;abord, rien n&#8217;est d\u00e9cid\u00e9 \u00e0 propos d&#8217;Ibenge, que je dois prochainement rencontrer. Ensuite, si on doit engager un nouveau s\u00e9lectionneur, ce choix revient \u00e0 la F\u00e9d\u00e9ration. Ce qui m&#8217;int\u00e9resse, ce sont les comp\u00e9tences, et pas d&#8217;avoir un nom&#8221;, fait savoir Constant Omari.<\/p>\n<p>Les Congolais doivent encore patienter et non paniquer sur la question de l&#8217;engagement d&#8217;un nouvel entra\u00eeneur si pas Ibenge Florent, qui sera retenu.<\/p>\n<p>Wait and see<\/p>\n<p>Cedrick Sadiki Mbala<\/p>\n","protected":false},"excerpt":{"rendered":"<p>Les folles rumeurs sur les remplacements du staff technique des L\u00e9opards font actuellement la une sur la toile. Claude Makelele \u00e0 Kinshasa sur demande du chef de l&#8217;\u00c9tat, F\u00e9lix Tshisekedi,<\/p>\n","protected":false},"author":14,"featured_media":4099,"comment_status":"open","ping_status":"open","sticky":false,"template":"","format":"standard","meta":{"footnotes":""},"categories":[11],"tags":[],"class_list":["post-4100","post","type-post","status-publish","format-standard","has-post-thumbnail","hentry","category-sports"],"yoast_head":"<!-- This site is optimized with the Yoast SEO plugin v27.3 - https:\/\/yoast.com\/product\/yoast-seo-wordpress\/ -->\n<title>L\u00c9OPARDS-Claude Makelele : &quot; Je suis cat\u00e9gorique, je n&#039;accepterai pas d&#039;ing\u00e9rence gouvernementale pour l&#039;enr\u00f4lement d&#039;un nouveau s\u00e9lectionneur...&quot; (Constant Omari) - LES VOLCANS NEWS<\/title>\n<meta name=\"robots\" content=\"index, follow, max-snippet:-1, max-image-preview:large, max-video-preview:-1\" \/>\n<link rel=\"canonical\" href=\"https:\/\/lesvolcansnews.net\/?p=4100\" \/>\n<meta property=\"og:locale\" content=\"fr_FR\" \/>\n<meta property=\"og:type\" content=\"article\" \/>\n<meta property=\"og:title\" content=\"L\u00c9OPARDS-Claude Makelele : &quot; Je suis cat\u00e9gorique, je n&#039;accepterai pas d&#039;ing\u00e9rence gouvernementale pour l&#039;enr\u00f4lement d&#039;un nouveau s\u00e9lectionneur...&quot; (Constant Omari) - LES VOLCANS NEWS\" \/>\n<meta property=\"og:description\" content=\"Les folles rumeurs sur les remplacements du staff technique des L\u00e9opards font actuellement la une sur la toile. Claude Makelele \u00e0 Kinshasa sur demande du chef de l&#8217;\u00c9tat, F\u00e9lix Tshisekedi,\" \/>\n<meta property=\"og:url\" content=\"https:\/\/lesvolcansnews.net\/?p=4100\" \/>\n<meta property=\"og:site_name\" content=\"LES VOLCANS NEWS\" \/>\n<meta property=\"article:published_time\" content=\"2019-07-25T15:43:02+00:00\" \/>\n<meta property=\"article:modified_time\" content=\"2019-07-25T15:54:29+00:00\" \/>\n<meta property=\"og:image\" content=\"https:\/\/lesvolcansnews.net\/wp-content\/uploads\/2019\/07\/IMG-20190725-WA0044.jpg\" \/>\n\t<meta property=\"og:image:width\" content=\"712\" \/>\n\t<meta property=\"og:image:height\" content=\"473\" \/>\n\t<meta property=\"og:image:type\" content=\"image\/jpeg\" \/>\n<meta name=\"author\" content=\"R\u00e9daction - Les Volcans News\" \/>\n<meta name=\"twitter:card\" content=\"summary_large_image\" \/>\n<meta name=\"twitter:label1\" content=\"\u00c9crit par\" \/>\n\t<meta name=\"twitter:data1\" content=\"R\u00e9daction - Les Volcans News\" \/>\n\t<meta name=\"twitter:label2\" content=\"Dur\u00e9e de lecture estim\u00e9e\" \/>\n\t<meta name=\"twitter:data2\" content=\"1 minute\" \/>\n<script type=\"application\/ld+json\" class=\"yoast-schema-graph\">{\"@context\":\"https:\\\/\\\/schema.org\",\"@graph\":[{\"@type\":\"Article\",\"@id\":\"https:\\\/\\\/lesvolcansnews.net\\\/?p=4100#article\",\"isPartOf\":{\"@id\":\"https:\\\/\\\/lesvolcansnews.net\\\/?p=4100\"},\"author\":{\"name\":\"R\u00e9daction - Les Volcans News\",\"@id\":\"https:\\\/\\\/lesvolcansnews.net\\\/#\\\/schema\\\/person\\\/82c8bed2e77879ecf6cca63441f57354\"},\"headline\":\"L\u00c9OPARDS-Claude Makelele : &#8221; Je suis cat\u00e9gorique, je n&#8217;accepterai pas d&#8217;ing\u00e9rence gouvernementale pour l&#8217;enr\u00f4lement d&#8217;un nouveau s\u00e9lectionneur&#8230;&#8221; (Constant Omari)\",\"datePublished\":\"2019-07-25T15:43:02+00:00\",\"dateModified\":\"2019-07-25T15:54:29+00:00\",\"mainEntityOfPage\":{\"@id\":\"https:\\\/\\\/lesvolcansnews.net\\\/?p=4100\"},\"wordCount\":309,\"commentCount\":0,\"image\":{\"@id\":\"https:\\\/\\\/lesvolcansnews.net\\\/?p=4100#primaryimage\"},\"thumbnailUrl\":\"https:\\\/\\\/lesvolcansnews.net\\\/wp-content\\\/uploads\\\/2019\\\/07\\\/IMG-20190725-WA0044.jpg\",\"articleSection\":[\"SPORTS\"],\"inLanguage\":\"fr-FR\",\"potentialAction\":[{\"@type\":\"CommentAction\",\"name\":\"Comment\",\"target\":[\"https:\\\/\\\/lesvolcansnews.net\\\/?p=4100#respond\"]}]},{\"@type\":\"WebPage\",\"@id\":\"https:\\\/\\\/lesvolcansnews.net\\\/?p=4100\",\"url\":\"https:\\\/\\\/lesvolcansnews.net\\\/?p=4100\",\"name\":\"L\u00c9OPARDS-Claude Makelele : \\\" Je suis cat\u00e9gorique, je n'accepterai pas d'ing\u00e9rence gouvernementale pour l'enr\u00f4lement d'un nouveau s\u00e9lectionneur...\\\" (Constant Omari) - LES VOLCANS NEWS\",\"isPartOf\":{\"@id\":\"https:\\\/\\\/lesvolcansnews.net\\\/#website\"},\"primaryImageOfPage\":{\"@id\":\"https:\\\/\\\/lesvolcansnews.net\\\/?p=4100#primaryimage\"},\"image\":{\"@id\":\"https:\\\/\\\/lesvolcansnews.net\\\/?p=4100#primaryimage\"},\"thumbnailUrl\":\"https:\\\/\\\/lesvolcansnews.net\\\/wp-content\\\/uploads\\\/2019\\\/07\\\/IMG-20190725-WA0044.jpg\",\"datePublished\":\"2019-07-25T15:43:02+00:00\",\"dateModified\":\"2019-07-25T15:54:29+00:00\",\"author\":{\"@id\":\"https:\\\/\\\/lesvolcansnews.net\\\/#\\\/schema\\\/person\\\/82c8bed2e77879ecf6cca63441f57354\"},\"breadcrumb\":{\"@id\":\"https:\\\/\\\/lesvolcansnews.net\\\/?p=4100#breadcrumb\"},\"inLanguage\":\"fr-FR\",\"potentialAction\":[{\"@type\":\"ReadAction\",\"target\":[\"https:\\\/\\\/lesvolcansnews.net\\\/?p=4100\"]}]},{\"@type\":\"ImageObject\",\"inLanguage\":\"fr-FR\",\"@id\":\"https:\\\/\\\/lesvolcansnews.net\\\/?p=4100#primaryimage\",\"url\":\"https:\\\/\\\/lesvolcansnews.net\\\/wp-content\\\/uploads\\\/2019\\\/07\\\/IMG-20190725-WA0044.jpg\",\"contentUrl\":\"https:\\\/\\\/lesvolcansnews.net\\\/wp-content\\\/uploads\\\/2019\\\/07\\\/IMG-20190725-WA0044.jpg\",\"width\":712,\"height\":473},{\"@type\":\"BreadcrumbList\",\"@id\":\"https:\\\/\\\/lesvolcansnews.net\\\/?p=4100#breadcrumb\",\"itemListElement\":[{\"@type\":\"ListItem\",\"position\":1,\"name\":\"Accueil\",\"item\":\"https:\\\/\\\/lesvolcansnews.net\\\/\"},{\"@type\":\"ListItem\",\"position\":2,\"name\":\"L\u00c9OPARDS-Claude Makelele : &#8221; Je suis cat\u00e9gorique, je n&#8217;accepterai pas d&#8217;ing\u00e9rence gouvernementale pour l&#8217;enr\u00f4lement d&#8217;un nouveau s\u00e9lectionneur&#8230;&#8221; (Constant Omari)\"}]},{\"@type\":\"WebSite\",\"@id\":\"https:\\\/\\\/lesvolcansnews.net\\\/#website\",\"url\":\"https:\\\/\\\/lesvolcansnews.net\\\/\",\"name\":\"LES VOLCANS NEWS\",\"description\":\"L&#039;INFORMATION C&#039;EST NOUS\",\"potentialAction\":[{\"@type\":\"SearchAction\",\"target\":{\"@type\":\"EntryPoint\",\"urlTemplate\":\"https:\\\/\\\/lesvolcansnews.net\\\/?s={search_term_string}\"},\"query-input\":{\"@type\":\"PropertyValueSpecification\",\"valueRequired\":true,\"valueName\":\"search_term_string\"}}],\"inLanguage\":\"fr-FR\"},{\"@type\":\"Person\",\"@id\":\"https:\\\/\\\/lesvolcansnews.net\\\/#\\\/schema\\\/person\\\/82c8bed2e77879ecf6cca63441f57354\",\"name\":\"R\u00e9daction - Les Volcans News\",\"image\":{\"@type\":\"ImageObject\",\"inLanguage\":\"fr-FR\",\"@id\":\"https:\\\/\\\/secure.gravatar.com\\\/avatar\\\/8408942dd851e8a9c09f3d382a661bc05d2b3cd9002139bc1795b9528cdc6c80?s=96&d=mm&r=g\",\"url\":\"https:\\\/\\\/secure.gravatar.com\\\/avatar\\\/8408942dd851e8a9c09f3d382a661bc05d2b3cd9002139bc1795b9528cdc6c80?s=96&d=mm&r=g\",\"contentUrl\":\"https:\\\/\\\/secure.gravatar.com\\\/avatar\\\/8408942dd851e8a9c09f3d382a661bc05d2b3cd9002139bc1795b9528cdc6c80?s=96&d=mm&r=g\",\"caption\":\"R\u00e9daction - Les Volcans News\"},\"url\":\"https:\\\/\\\/lesvolcansnews.net\\\/?author=14\"}]}<\/script>\n<!-- \/ Yoast SEO plugin. -->","yoast_head_json":{"title":"L\u00c9OPARDS-Claude Makelele : \" Je suis cat\u00e9gorique, je n'accepterai pas d'ing\u00e9rence gouvernementale pour l'enr\u00f4lement d'un nouveau s\u00e9lectionneur...\" (Constant Omari) - LES VOLCANS NEWS","robots":{"index":"index","follow":"follow","max-snippet":"max-snippet:-1","max-image-preview":"max-image-preview:large","max-video-preview":"max-video-preview:-1"},"canonical":"https:\/\/lesvolcansnews.net\/?p=4100","og_locale":"fr_FR","og_type":"article","og_title":"L\u00c9OPARDS-Claude Makelele : \" Je suis cat\u00e9gorique, je n'accepterai pas d'ing\u00e9rence gouvernementale pour l'enr\u00f4lement d'un nouveau s\u00e9lectionneur...\" (Constant Omari) - LES VOLCANS NEWS","og_description":"Les folles rumeurs sur les remplacements du staff technique des L\u00e9opards font actuellement la une sur la toile. Claude Makelele \u00e0 Kinshasa sur demande du chef de l&#8217;\u00c9tat, F\u00e9lix Tshisekedi,","og_url":"https:\/\/lesvolcansnews.net\/?p=4100","og_site_name":"LES VOLCANS NEWS","article_published_time":"2019-07-25T15:43:02+00:00","article_modified_time":"2019-07-25T15:54:29+00:00","og_image":[{"width":712,"height":473,"url":"https:\/\/lesvolcansnews.net\/wp-content\/uploads\/2019\/07\/IMG-20190725-WA0044.jpg","type":"image\/jpeg"}],"author":"R\u00e9daction - Les Volcans News","twitter_card":"summary_large_image","twitter_misc":{"\u00c9crit par":"R\u00e9daction - Les Volcans News","Dur\u00e9e de lecture estim\u00e9e":"1 minute"},"schema":{"@context":"https:\/\/schema.org","@graph":[{"@type":"Article","@id":"https:\/\/lesvolcansnews.net\/?p=4100#article","isPartOf":{"@id":"https:\/\/lesvolcansnews.net\/?p=4100"},"author":{"name":"R\u00e9daction - Les Volcans News","@id":"https:\/\/lesvolcansnews.net\/#\/schema\/person\/82c8bed2e77879ecf6cca63441f57354"},"headline":"L\u00c9OPARDS-Claude Makelele : &#8221; Je suis cat\u00e9gorique, je n&#8217;accepterai pas d&#8217;ing\u00e9rence gouvernementale pour l&#8217;enr\u00f4lement d&#8217;un nouveau s\u00e9lectionneur&#8230;&#8221; (Constant Omari)","datePublished":"2019-07-25T15:43:02+00:00","dateModified":"2019-07-25T15:54:29+00:00","mainEntityOfPage":{"@id":"https:\/\/lesvolcansnews.net\/?p=4100"},"wordCount":309,"commentCount":0,"image":{"@id":"https:\/\/lesvolcansnews.net\/?p=4100#primaryimage"},"thumbnailUrl":"https:\/\/lesvolcansnews.net\/wp-content\/uploads\/2019\/07\/IMG-20190725-WA0044.jpg","articleSection":["SPORTS"],"inLanguage":"fr-FR","potentialAction":[{"@type":"CommentAction","name":"Comment","target":["https:\/\/lesvolcansnews.net\/?p=4100#respond"]}]},{"@type":"WebPage","@id":"https:\/\/lesvolcansnews.net\/?p=4100","url":"https:\/\/lesvolcansnews.net\/?p=4100","name":"L\u00c9OPARDS-Claude Makelele : \" Je suis cat\u00e9gorique, je n'accepterai pas d'ing\u00e9rence gouvernementale pour l'enr\u00f4lement d'un nouveau s\u00e9lectionneur...\" (Constant Omari) - LES VOLCANS NEWS","isPartOf":{"@id":"https:\/\/lesvolcansnews.net\/#website"},"primaryImageOfPage":{"@id":"https:\/\/lesvolcansnews.net\/?p=4100#primaryimage"},"image":{"@id":"https:\/\/lesvolcansnews.net\/?p=4100#primaryimage"},"thumbnailUrl":"https:\/\/lesvolcansnews.net\/wp-content\/uploads\/2019\/07\/IMG-20190725-WA0044.jpg","datePublished":"2019-07-25T15:43:02+00:00","dateModified":"2019-07-25T15:54:29+00:00","author":{"@id":"https:\/\/lesvolcansnews.net\/#\/schema\/person\/82c8bed2e77879ecf6cca63441f57354"},"breadcrumb":{"@id":"https:\/\/lesvolcansnews.net\/?p=4100#breadcrumb"},"inLanguage":"fr-FR","potentialAction":[{"@type":"ReadAction","target":["https:\/\/lesvolcansnews.net\/?p=4100"]}]},{"@type":"ImageObject","inLanguage":"fr-FR","@id":"https:\/\/lesvolcansnews.net\/?p=4100#primaryimage","url":"https:\/\/lesvolcansnews.net\/wp-content\/uploads\/2019\/07\/IMG-20190725-WA0044.jpg","contentUrl":"https:\/\/lesvolcansnews.net\/wp-content\/uploads\/2019\/07\/IMG-20190725-WA0044.jpg","width":712,"height":473},{"@type":"BreadcrumbList","@id":"https:\/\/lesvolcansnews.net\/?p=4100#breadcrumb","itemListElement":[{"@type":"ListItem","position":1,"name":"Accueil","item":"https:\/\/lesvolcansnews.net\/"},{"@type":"ListItem","position":2,"name":"L\u00c9OPARDS-Claude Makelele : &#8221; Je suis cat\u00e9gorique, je n&#8217;accepterai pas d&#8217;ing\u00e9rence gouvernementale pour l&#8217;enr\u00f4lement d&#8217;un nouveau s\u00e9lectionneur&#8230;&#8221; (Constant Omari)"}]},{"@type":"WebSite","@id":"https:\/\/lesvolcansnews.net\/#website","url":"https:\/\/lesvolcansnews.net\/","name":"LES VOLCANS NEWS","description":"L&#039;INFORMATION C&#039;EST NOUS","potentialAction":[{"@type":"SearchAction","target":{"@type":"EntryPoint","urlTemplate":"https:\/\/lesvolcansnews.net\/?s={search_term_string}"},"query-input":{"@type":"PropertyValueSpecification","valueRequired":true,"valueName":"search_term_string"}}],"inLanguage":"fr-FR"},{"@type":"Person","@id":"https:\/\/lesvolcansnews.net\/#\/schema\/person\/82c8bed2e77879ecf6cca63441f57354","name":"R\u00e9daction - Les Volcans News","image":{"@type":"ImageObject","inLanguage":"fr-FR","@id":"https:\/\/secure.gravatar.com\/avatar\/8408942dd851e8a9c09f3d382a661bc05d2b3cd9002139bc1795b9528cdc6c80?s=96&d=mm&r=g","url":"https:\/\/secure.gravatar.com\/avatar\/8408942dd851e8a9c09f3d382a661bc05d2b3cd9002139bc1795b9528cdc6c80?s=96&d=mm&r=g","contentUrl":"https:\/\/secure.gravatar.com\/avatar\/8408942dd851e8a9c09f3d382a661bc05d2b3cd9002139bc1795b9528cdc6c80?s=96&d=mm&r=g","caption":"R\u00e9daction - Les Volcans News"},"url":"https:\/\/lesvolcansnews.net\/?author=14"}]}},"_links":{"self":[{"href":"https:\/\/lesvolcansnews.net\/index.php?rest_route=\/wp\/v2\/posts\/4100","targetHints":{"allow":["GET"]}}],"collection":[{"href":"https:\/\/lesvolcansnews.net\/index.php?rest_route=\/wp\/v2\/posts"}],"about":[{"href":"https:\/\/lesvolcansnews.net\/index.php?rest_route=\/wp\/v2\/types\/post"}],"author":[{"embeddable":true,"href":"https:\/\/lesvolcansnews.net\/index.php?rest_route=\/wp\/v2\/users\/14"}],"replies":[{"embeddable":true,"href":"https:\/\/lesvolcansnews.net\/index.php?rest_route=%2Fwp%2Fv2%2Fcomments&post=4100"}],"version-history":[{"count":1,"href":"https:\/\/lesvolcansnews.net\/index.php?rest_route=\/wp\/v2\/posts\/4100\/revisions"}],"predecessor-version":[{"id":4101,"href":"https:\/\/lesvolcansnews.net\/index.php?rest_route=\/wp\/v2\/posts\/4100\/revisions\/4101"}],"wp:featuredmedia":[{"embeddable":true,"href":"https:\/\/lesvolcansnews.net\/index.php?rest_route=\/wp\/v2\/media\/4099"}],"wp:attachment":[{"href":"https:\/\/lesvolcansnews.net\/index.php?rest_route=%2Fwp%2Fv2%2Fmedia&parent=4100"}],"wp:term":[{"taxonomy":"category","embeddable":true,"href":"https:\/\/lesvolcansnews.net\/index.php?rest_route=%2Fwp%2Fv2%2Fcategories&post=4100"},{"taxonomy":"post_tag","embeddable":true,"href":"https:\/\/lesvolcansnews.net\/index.php?rest_route=%2Fwp%2Fv2%2Ftags&post=4100"}],"curies":[{"name":"wp","href":"https:\/\/api.w.org\/{rel}","templated":true}]}}