{"id":4095,"date":"2019-07-25T14:45:32","date_gmt":"2019-07-25T14:45:32","guid":{"rendered":"http:\/\/lesvolcansnews.net\/?p=4095"},"modified":"2019-07-25T14:45:41","modified_gmt":"2019-07-25T14:45:41","slug":"sud-kivu-linauguration-du-stade-de-la-concorde-de-kadutu-est-fixee-2-aout-prochain","status":"publish","type":"post","link":"https:\/\/lesvolcansnews.net\/?p=4095","title":{"rendered":"Sud-Kivu: L&#8217;inauguration du stade de la concorde de Kadutu est fix\u00e9e 2 ao\u00fbt prochain"},"content":{"rendered":"\n<p>la ligue provinciale de football de sudkivu, a enfin d\u00e9voile la date de l&#8217;inauguration du stade la concorde de Kadutu.  C&#8217;est pour ce 02 ao\u00fbt , que les amoureux du ballon rond de cette partie du pays de la Rd.Congo , se verront \u00eatre g\u00e2t\u00e9s de voir leurs \u00e9quipes se produire sur le tapis artificiel. Pour bien accompagner cette c\u00e9r\u00e9monie inaugurale, un mini-tournoi de football est projet\u00e9 et sera organis\u00e9 du 2 au 4 Ao\u00fbt 2019 ; sur la nouvelle pelouse synth\u00e9tique.  Selon nos confr\u00e8res surplace \u00e0 Bukavu, cette c\u00e9r\u00e9monie  aura deux \u00e9quipes qui viendront de l\u2019ext\u00e9rieur : As Dauphin Noir de Goma , et la formation Vitalo qui viendra de la R\u00e9publique du  Burundi (pays voisin).  Au complet, ils seront 8 clubs qui vont comp\u00e9tir dont 6 \u00e9quipes de la province du Sud-Kivu, dont certaines provenant des territoires dont Espoir de Walungu, et  FC Vivi d\u2019Uvira (champion de la Ligue provinciale du Sud-Kivu).  \u00c0 la liste,  il y aura  quatre \u00e9quipes de la ville de Bukavu dont ;  l\u2019OC Muungano, l\u2019OC Bukavu-Dawa, le FC Etoile du Kivu et la JSBu (Jeunesse Sportive de Bukavu). Orphelins d&#8217;un stade r\u00e9pondant aux normes depuis plusieurs ann\u00e9es, les spectateurs et \u00e9quipes de Bukavu auront d\u00e9sormais le r\u00e9el plaisir de soutenir leurs \u00e9quipes engag\u00e9es en championnat national sur place \u00e0 Bukavu. les clubs Bukaviens ne joueront plus loin de leurs fanatiques contrairement \u00e0 l&#8217;ann\u00e9e pass\u00e9e o\u00f9 le stade a \u00e9t\u00e9 ferm\u00e9 par la Linafoot suite \u00e0 son impraticabilit\u00e9. <\/p>\n\n\n\n<p><strong>Cedrick Sadiki Mbala<\/strong> <\/p>\n","protected":false},"excerpt":{"rendered":"<p>la ligue provinciale de football de sudkivu, a enfin d\u00e9voile la date de l&#8217;inauguration du stade la concorde de Kadutu. C&#8217;est pour ce 02 ao\u00fbt , que les amoureux du<\/p>\n","protected":false},"author":14,"featured_media":0,"comment_status":"open","ping_status":"open","sticky":false,"template":"","format":"standard","meta":{"footnotes":""},"categories":[1],"tags":[],"class_list":["post-4095","post","type-post","status-publish","format-standard","hentry","category-actualite"],"yoast_head":"<!-- This site is optimized with the Yoast SEO plugin v27.3 - https:\/\/yoast.com\/product\/yoast-seo-wordpress\/ -->\n<title>Sud-Kivu: L&#039;inauguration du stade de la concorde de Kadutu est fix\u00e9e 2 ao\u00fbt prochain - LES VOLCANS NEWS<\/title>\n<meta name=\"robots\" content=\"index, follow, max-snippet:-1, max-image-preview:large, max-video-preview:-1\" \/>\n<link rel=\"canonical\" href=\"https:\/\/lesvolcansnews.net\/?p=4095\" \/>\n<meta property=\"og:locale\" content=\"fr_FR\" \/>\n<meta property=\"og:type\" content=\"article\" \/>\n<meta property=\"og:title\" content=\"Sud-Kivu: L&#039;inauguration du stade de la concorde de Kadutu est fix\u00e9e 2 ao\u00fbt prochain - LES VOLCANS NEWS\" \/>\n<meta property=\"og:description\" content=\"la ligue provinciale de football de sudkivu, a enfin d\u00e9voile la date de l&#8217;inauguration du stade la concorde de Kadutu. C&#8217;est pour ce 02 ao\u00fbt , que les amoureux du\" \/>\n<meta property=\"og:url\" content=\"https:\/\/lesvolcansnews.net\/?p=4095\" \/>\n<meta property=\"og:site_name\" content=\"LES VOLCANS NEWS\" \/>\n<meta property=\"article:published_time\" content=\"2019-07-25T14:45:32+00:00\" \/>\n<meta property=\"article:modified_time\" content=\"2019-07-25T14:45:41+00:00\" \/>\n<meta name=\"author\" content=\"R\u00e9daction - Les Volcans News\" \/>\n<meta name=\"twitter:card\" content=\"summary_large_image\" \/>\n<meta name=\"twitter:label1\" content=\"\u00c9crit par\" \/>\n\t<meta name=\"twitter:data1\" content=\"R\u00e9daction - Les Volcans News\" \/>\n\t<meta name=\"twitter:label2\" content=\"Dur\u00e9e de lecture estim\u00e9e\" \/>\n\t<meta name=\"twitter:data2\" content=\"1 minute\" \/>\n<script type=\"application\/ld+json\" class=\"yoast-schema-graph\">{\"@context\":\"https:\\\/\\\/schema.org\",\"@graph\":[{\"@type\":\"Article\",\"@id\":\"https:\\\/\\\/lesvolcansnews.net\\\/?p=4095#article\",\"isPartOf\":{\"@id\":\"https:\\\/\\\/lesvolcansnews.net\\\/?p=4095\"},\"author\":{\"name\":\"R\u00e9daction - Les Volcans News\",\"@id\":\"https:\\\/\\\/lesvolcansnews.net\\\/#\\\/schema\\\/person\\\/82c8bed2e77879ecf6cca63441f57354\"},\"headline\":\"Sud-Kivu: L&#8217;inauguration du stade de la concorde de Kadutu est fix\u00e9e 2 ao\u00fbt prochain\",\"datePublished\":\"2019-07-25T14:45:32+00:00\",\"dateModified\":\"2019-07-25T14:45:41+00:00\",\"mainEntityOfPage\":{\"@id\":\"https:\\\/\\\/lesvolcansnews.net\\\/?p=4095\"},\"wordCount\":276,\"commentCount\":0,\"articleSection\":[\"ACTUALIT\u00c9\"],\"inLanguage\":\"fr-FR\",\"potentialAction\":[{\"@type\":\"CommentAction\",\"name\":\"Comment\",\"target\":[\"https:\\\/\\\/lesvolcansnews.net\\\/?p=4095#respond\"]}]},{\"@type\":\"WebPage\",\"@id\":\"https:\\\/\\\/lesvolcansnews.net\\\/?p=4095\",\"url\":\"https:\\\/\\\/lesvolcansnews.net\\\/?p=4095\",\"name\":\"Sud-Kivu: L'inauguration du stade de la concorde de Kadutu est fix\u00e9e 2 ao\u00fbt prochain - LES VOLCANS NEWS\",\"isPartOf\":{\"@id\":\"https:\\\/\\\/lesvolcansnews.net\\\/#website\"},\"datePublished\":\"2019-07-25T14:45:32+00:00\",\"dateModified\":\"2019-07-25T14:45:41+00:00\",\"author\":{\"@id\":\"https:\\\/\\\/lesvolcansnews.net\\\/#\\\/schema\\\/person\\\/82c8bed2e77879ecf6cca63441f57354\"},\"breadcrumb\":{\"@id\":\"https:\\\/\\\/lesvolcansnews.net\\\/?p=4095#breadcrumb\"},\"inLanguage\":\"fr-FR\",\"potentialAction\":[{\"@type\":\"ReadAction\",\"target\":[\"https:\\\/\\\/lesvolcansnews.net\\\/?p=4095\"]}]},{\"@type\":\"BreadcrumbList\",\"@id\":\"https:\\\/\\\/lesvolcansnews.net\\\/?p=4095#breadcrumb\",\"itemListElement\":[{\"@type\":\"ListItem\",\"position\":1,\"name\":\"Accueil\",\"item\":\"https:\\\/\\\/lesvolcansnews.net\\\/\"},{\"@type\":\"ListItem\",\"position\":2,\"name\":\"Sud-Kivu: L&#8217;inauguration du stade de la concorde de Kadutu est fix\u00e9e 2 ao\u00fbt prochain\"}]},{\"@type\":\"WebSite\",\"@id\":\"https:\\\/\\\/lesvolcansnews.net\\\/#website\",\"url\":\"https:\\\/\\\/lesvolcansnews.net\\\/\",\"name\":\"LES VOLCANS NEWS\",\"description\":\"L&#039;INFORMATION C&#039;EST NOUS\",\"potentialAction\":[{\"@type\":\"SearchAction\",\"target\":{\"@type\":\"EntryPoint\",\"urlTemplate\":\"https:\\\/\\\/lesvolcansnews.net\\\/?s={search_term_string}\"},\"query-input\":{\"@type\":\"PropertyValueSpecification\",\"valueRequired\":true,\"valueName\":\"search_term_string\"}}],\"inLanguage\":\"fr-FR\"},{\"@type\":\"Person\",\"@id\":\"https:\\\/\\\/lesvolcansnews.net\\\/#\\\/schema\\\/person\\\/82c8bed2e77879ecf6cca63441f57354\",\"name\":\"R\u00e9daction - Les Volcans News\",\"image\":{\"@type\":\"ImageObject\",\"inLanguage\":\"fr-FR\",\"@id\":\"https:\\\/\\\/secure.gravatar.com\\\/avatar\\\/8408942dd851e8a9c09f3d382a661bc05d2b3cd9002139bc1795b9528cdc6c80?s=96&d=mm&r=g\",\"url\":\"https:\\\/\\\/secure.gravatar.com\\\/avatar\\\/8408942dd851e8a9c09f3d382a661bc05d2b3cd9002139bc1795b9528cdc6c80?s=96&d=mm&r=g\",\"contentUrl\":\"https:\\\/\\\/secure.gravatar.com\\\/avatar\\\/8408942dd851e8a9c09f3d382a661bc05d2b3cd9002139bc1795b9528cdc6c80?s=96&d=mm&r=g\",\"caption\":\"R\u00e9daction - Les Volcans News\"},\"url\":\"https:\\\/\\\/lesvolcansnews.net\\\/?author=14\"}]}<\/script>\n<!-- \/ Yoast SEO plugin. -->","yoast_head_json":{"title":"Sud-Kivu: L'inauguration du stade de la concorde de Kadutu est fix\u00e9e 2 ao\u00fbt prochain - LES VOLCANS NEWS","robots":{"index":"index","follow":"follow","max-snippet":"max-snippet:-1","max-image-preview":"max-image-preview:large","max-video-preview":"max-video-preview:-1"},"canonical":"https:\/\/lesvolcansnews.net\/?p=4095","og_locale":"fr_FR","og_type":"article","og_title":"Sud-Kivu: L'inauguration du stade de la concorde de Kadutu est fix\u00e9e 2 ao\u00fbt prochain - LES VOLCANS NEWS","og_description":"la ligue provinciale de football de sudkivu, a enfin d\u00e9voile la date de l&#8217;inauguration du stade la concorde de Kadutu. C&#8217;est pour ce 02 ao\u00fbt , que les amoureux du","og_url":"https:\/\/lesvolcansnews.net\/?p=4095","og_site_name":"LES VOLCANS NEWS","article_published_time":"2019-07-25T14:45:32+00:00","article_modified_time":"2019-07-25T14:45:41+00:00","author":"R\u00e9daction - Les Volcans News","twitter_card":"summary_large_image","twitter_misc":{"\u00c9crit par":"R\u00e9daction - Les Volcans News","Dur\u00e9e de lecture estim\u00e9e":"1 minute"},"schema":{"@context":"https:\/\/schema.org","@graph":[{"@type":"Article","@id":"https:\/\/lesvolcansnews.net\/?p=4095#article","isPartOf":{"@id":"https:\/\/lesvolcansnews.net\/?p=4095"},"author":{"name":"R\u00e9daction - Les Volcans News","@id":"https:\/\/lesvolcansnews.net\/#\/schema\/person\/82c8bed2e77879ecf6cca63441f57354"},"headline":"Sud-Kivu: L&#8217;inauguration du stade de la concorde de Kadutu est fix\u00e9e 2 ao\u00fbt prochain","datePublished":"2019-07-25T14:45:32+00:00","dateModified":"2019-07-25T14:45:41+00:00","mainEntityOfPage":{"@id":"https:\/\/lesvolcansnews.net\/?p=4095"},"wordCount":276,"commentCount":0,"articleSection":["ACTUALIT\u00c9"],"inLanguage":"fr-FR","potentialAction":[{"@type":"CommentAction","name":"Comment","target":["https:\/\/lesvolcansnews.net\/?p=4095#respond"]}]},{"@type":"WebPage","@id":"https:\/\/lesvolcansnews.net\/?p=4095","url":"https:\/\/lesvolcansnews.net\/?p=4095","name":"Sud-Kivu: L'inauguration du stade de la concorde de Kadutu est fix\u00e9e 2 ao\u00fbt prochain - LES VOLCANS NEWS","isPartOf":{"@id":"https:\/\/lesvolcansnews.net\/#website"},"datePublished":"2019-07-25T14:45:32+00:00","dateModified":"2019-07-25T14:45:41+00:00","author":{"@id":"https:\/\/lesvolcansnews.net\/#\/schema\/person\/82c8bed2e77879ecf6cca63441f57354"},"breadcrumb":{"@id":"https:\/\/lesvolcansnews.net\/?p=4095#breadcrumb"},"inLanguage":"fr-FR","potentialAction":[{"@type":"ReadAction","target":["https:\/\/lesvolcansnews.net\/?p=4095"]}]},{"@type":"BreadcrumbList","@id":"https:\/\/lesvolcansnews.net\/?p=4095#breadcrumb","itemListElement":[{"@type":"ListItem","position":1,"name":"Accueil","item":"https:\/\/lesvolcansnews.net\/"},{"@type":"ListItem","position":2,"name":"Sud-Kivu: L&#8217;inauguration du stade de la concorde de Kadutu est fix\u00e9e 2 ao\u00fbt prochain"}]},{"@type":"WebSite","@id":"https:\/\/lesvolcansnews.net\/#website","url":"https:\/\/lesvolcansnews.net\/","name":"LES VOLCANS NEWS","description":"L&#039;INFORMATION C&#039;EST NOUS","potentialAction":[{"@type":"SearchAction","target":{"@type":"EntryPoint","urlTemplate":"https:\/\/lesvolcansnews.net\/?s={search_term_string}"},"query-input":{"@type":"PropertyValueSpecification","valueRequired":true,"valueName":"search_term_string"}}],"inLanguage":"fr-FR"},{"@type":"Person","@id":"https:\/\/lesvolcansnews.net\/#\/schema\/person\/82c8bed2e77879ecf6cca63441f57354","name":"R\u00e9daction - Les Volcans News","image":{"@type":"ImageObject","inLanguage":"fr-FR","@id":"https:\/\/secure.gravatar.com\/avatar\/8408942dd851e8a9c09f3d382a661bc05d2b3cd9002139bc1795b9528cdc6c80?s=96&d=mm&r=g","url":"https:\/\/secure.gravatar.com\/avatar\/8408942dd851e8a9c09f3d382a661bc05d2b3cd9002139bc1795b9528cdc6c80?s=96&d=mm&r=g","contentUrl":"https:\/\/secure.gravatar.com\/avatar\/8408942dd851e8a9c09f3d382a661bc05d2b3cd9002139bc1795b9528cdc6c80?s=96&d=mm&r=g","caption":"R\u00e9daction - Les Volcans News"},"url":"https:\/\/lesvolcansnews.net\/?author=14"}]}},"_links":{"self":[{"href":"https:\/\/lesvolcansnews.net\/index.php?rest_route=\/wp\/v2\/posts\/4095","targetHints":{"allow":["GET"]}}],"collection":[{"href":"https:\/\/lesvolcansnews.net\/index.php?rest_route=\/wp\/v2\/posts"}],"about":[{"href":"https:\/\/lesvolcansnews.net\/index.php?rest_route=\/wp\/v2\/types\/post"}],"author":[{"embeddable":true,"href":"https:\/\/lesvolcansnews.net\/index.php?rest_route=\/wp\/v2\/users\/14"}],"replies":[{"embeddable":true,"href":"https:\/\/lesvolcansnews.net\/index.php?rest_route=%2Fwp%2Fv2%2Fcomments&post=4095"}],"version-history":[{"count":1,"href":"https:\/\/lesvolcansnews.net\/index.php?rest_route=\/wp\/v2\/posts\/4095\/revisions"}],"predecessor-version":[{"id":4096,"href":"https:\/\/lesvolcansnews.net\/index.php?rest_route=\/wp\/v2\/posts\/4095\/revisions\/4096"}],"wp:attachment":[{"href":"https:\/\/lesvolcansnews.net\/index.php?rest_route=%2Fwp%2Fv2%2Fmedia&parent=4095"}],"wp:term":[{"taxonomy":"category","embeddable":true,"href":"https:\/\/lesvolcansnews.net\/index.php?rest_route=%2Fwp%2Fv2%2Fcategories&post=4095"},{"taxonomy":"post_tag","embeddable":true,"href":"https:\/\/lesvolcansnews.net\/index.php?rest_route=%2Fwp%2Fv2%2Ftags&post=4095"}],"curies":[{"name":"wp","href":"https:\/\/api.w.org\/{rel}","templated":true}]}}