{"id":4054,"date":"2019-07-23T19:21:00","date_gmt":"2019-07-23T19:21:00","guid":{"rendered":"https:\/\/lesvolcansnews.net\/2019\/07\/23\/nord-kivu-le-rapporteur-de-lassemblee-provinciale-accuse-dattiser-les-conflits-a-nyiragongo\/"},"modified":"2019-07-23T19:21:00","modified_gmt":"2019-07-23T19:21:00","slug":"nord-kivu-le-rapporteur-de-lassemblee-provinciale-accuse-dattiser-les-conflits-a-nyiragongo","status":"publish","type":"post","link":"https:\/\/lesvolcansnews.net\/?p=4054","title":{"rendered":"Nord-Kivu:  Le rapporteur de l\u2019assembl\u00e9e provinciale accus\u00e9 d\u2019attiser les conflits \u00e0 Nyiragongo"},"content":{"rendered":"<p>M. Faustin Zabayo, pr\u00e9sident du conseil local des jeunes du territoire de Nyirzagongo, a au cours d\u2019une interview t\u00e9l\u00e9phonique accord\u00e9e \u00e0 lesvolcansnews.net dimanche dernier, accus\u00e9 le rapporteur de l&#8217;Assembl\u00e9e provinciale du Nord-Kivu, la d\u00e9put\u00e9e \u00e9lue de ce territoire Ad\u00e8le Bazizane Maeshe, d\u2019\u00eatre \u00e0 la base d\u2019accentuation des conflits dans cette partie de la province du Nord-Kivu.<br \/>\nA l\u2019en croire, cette \u00e9lue de ce territoire ne joue pas le r\u00f4le qu\u2019elle doit jouer dans la recherche des solutions aux conflits qui surgissent \u00e0 Nyiragongo, surtout dans ceux li\u00e9s aux attributions des pouvoirs des autorit\u00e9s coutumi\u00e8res de cette contr\u00e9e notamment les chefs des villages.<br \/>\nIl s\u2019est dit attrist\u00e9, de remarquer que, sous l\u2019influence et la facilit\u00e9 de cette d\u00e9put\u00e9e provinciale, un militaire soit dot\u00e9 des pouvoirs lui permettant d\u2019exercer les fonctions d\u2019un chef du village, dans une des entit\u00e9s que comprenne le territoire de Nyiragongo.<br \/>\nCe qui, a-t-il jug\u00e9, reste inacceptable et une attitude contre laquelle, la d\u00e9put\u00e9e Ad\u00e8le Bazizane devra revenir au bon sens et au respect de son statut, qu\u2019elle ne doit pas mettre en avant pour compliquer des situations qui se trouvent simples \u00e0 r\u00e9soudre. Le territoire de Nyiragongo ayant un tas des probl\u00e8mes s\u00e9rieux dont les solutions trainent d\u2019\u00eatre trouv\u00e9es, a-t-il ajout\u00e9, avant de conclure qu\u2019il ne m\u00e9rite pas \u00e0 ce titre, en ajouter d\u2019autres.<br \/>\nDans son intervention dans une vid\u00e9o publi\u00e9 sur le r\u00e9seau whatsapp, M.Eric Kitalya Boshi, se disant nouveau pr\u00e9sident de la jeunesse du territoire de Nyiragongo, a rejet\u00e9 les accusations de Faustin Nzabayo qu&#8217;il met en garde suite \u00e0 ses propos qualifi\u00e9s de discourtois \u00e0 l&#8217;\u00e9gard non seulement de l&#8217;ex-ministre provinciale mais \u00e9galement envers la soci\u00e9t\u00e9 civile, le chef de division de la jeunesse et l&#8217;administrateur du territoire. Il reproche \u00e0 son tour Faustin d&#8217;\u00eatre instrumentalis\u00e9 par certains politiciens du coin qui depuis longtemps cherchent comment d\u00e9stabiliser la meilleure \u00e9lu de leur territoire. Si rien n&#8217;est fait, on risque d&#8217;assister \u00e0 une sc\u00e8ne horrible dans cette partie de la province du Nord-Kivu.<\/p>\n<p><strong><em>R\u00e9daction<\/em><\/strong><\/p>\n","protected":false},"excerpt":{"rendered":"<p>M. Faustin Zabayo, pr\u00e9sident du conseil local des jeunes du territoire de Nyirzagongo, a au cours d\u2019une interview t\u00e9l\u00e9phonique accord\u00e9e \u00e0 lesvolcansnews.net dimanche dernier, accus\u00e9 le rapporteur de l&#8217;Assembl\u00e9e provinciale<\/p>\n","protected":false},"author":14,"featured_media":0,"comment_status":"open","ping_status":"open","sticky":false,"template":"","format":"standard","meta":{"footnotes":""},"categories":[27],"tags":[],"class_list":["post-4054","post","type-post","status-publish","format-standard","hentry","category-politique"],"yoast_head":"<!-- This site is optimized with the Yoast SEO plugin v27.3 - https:\/\/yoast.com\/product\/yoast-seo-wordpress\/ -->\n<title>Nord-Kivu: Le rapporteur de l\u2019assembl\u00e9e provinciale accus\u00e9 d\u2019attiser les conflits \u00e0 Nyiragongo - LES VOLCANS NEWS<\/title>\n<meta name=\"robots\" content=\"index, follow, max-snippet:-1, max-image-preview:large, max-video-preview:-1\" \/>\n<link rel=\"canonical\" href=\"https:\/\/lesvolcansnews.net\/?p=4054\" \/>\n<meta property=\"og:locale\" content=\"fr_FR\" \/>\n<meta property=\"og:type\" content=\"article\" \/>\n<meta property=\"og:title\" content=\"Nord-Kivu: Le rapporteur de l\u2019assembl\u00e9e provinciale accus\u00e9 d\u2019attiser les conflits \u00e0 Nyiragongo - LES VOLCANS NEWS\" \/>\n<meta property=\"og:description\" content=\"M. Faustin Zabayo, pr\u00e9sident du conseil local des jeunes du territoire de Nyirzagongo, a au cours d\u2019une interview t\u00e9l\u00e9phonique accord\u00e9e \u00e0 lesvolcansnews.net dimanche dernier, accus\u00e9 le rapporteur de l&#8217;Assembl\u00e9e provinciale\" \/>\n<meta property=\"og:url\" content=\"https:\/\/lesvolcansnews.net\/?p=4054\" \/>\n<meta property=\"og:site_name\" content=\"LES VOLCANS NEWS\" \/>\n<meta property=\"article:published_time\" content=\"2019-07-23T19:21:00+00:00\" \/>\n<meta name=\"author\" content=\"R\u00e9daction - Les Volcans News\" \/>\n<meta name=\"twitter:card\" content=\"summary_large_image\" \/>\n<meta name=\"twitter:label1\" content=\"\u00c9crit par\" \/>\n\t<meta name=\"twitter:data1\" content=\"R\u00e9daction - Les Volcans News\" \/>\n\t<meta name=\"twitter:label2\" content=\"Dur\u00e9e de lecture estim\u00e9e\" \/>\n\t<meta name=\"twitter:data2\" content=\"2 minutes\" \/>\n<script type=\"application\/ld+json\" class=\"yoast-schema-graph\">{\"@context\":\"https:\\\/\\\/schema.org\",\"@graph\":[{\"@type\":\"Article\",\"@id\":\"https:\\\/\\\/lesvolcansnews.net\\\/?p=4054#article\",\"isPartOf\":{\"@id\":\"https:\\\/\\\/lesvolcansnews.net\\\/?p=4054\"},\"author\":{\"name\":\"R\u00e9daction - Les Volcans News\",\"@id\":\"https:\\\/\\\/lesvolcansnews.net\\\/#\\\/schema\\\/person\\\/82c8bed2e77879ecf6cca63441f57354\"},\"headline\":\"Nord-Kivu: Le rapporteur de l\u2019assembl\u00e9e provinciale accus\u00e9 d\u2019attiser les conflits \u00e0 Nyiragongo\",\"datePublished\":\"2019-07-23T19:21:00+00:00\",\"mainEntityOfPage\":{\"@id\":\"https:\\\/\\\/lesvolcansnews.net\\\/?p=4054\"},\"wordCount\":389,\"commentCount\":0,\"articleSection\":[\"POLITIQUE\"],\"inLanguage\":\"fr-FR\",\"potentialAction\":[{\"@type\":\"CommentAction\",\"name\":\"Comment\",\"target\":[\"https:\\\/\\\/lesvolcansnews.net\\\/?p=4054#respond\"]}]},{\"@type\":\"WebPage\",\"@id\":\"https:\\\/\\\/lesvolcansnews.net\\\/?p=4054\",\"url\":\"https:\\\/\\\/lesvolcansnews.net\\\/?p=4054\",\"name\":\"Nord-Kivu: Le rapporteur de l\u2019assembl\u00e9e provinciale accus\u00e9 d\u2019attiser les conflits \u00e0 Nyiragongo - LES VOLCANS NEWS\",\"isPartOf\":{\"@id\":\"https:\\\/\\\/lesvolcansnews.net\\\/#website\"},\"datePublished\":\"2019-07-23T19:21:00+00:00\",\"author\":{\"@id\":\"https:\\\/\\\/lesvolcansnews.net\\\/#\\\/schema\\\/person\\\/82c8bed2e77879ecf6cca63441f57354\"},\"breadcrumb\":{\"@id\":\"https:\\\/\\\/lesvolcansnews.net\\\/?p=4054#breadcrumb\"},\"inLanguage\":\"fr-FR\",\"potentialAction\":[{\"@type\":\"ReadAction\",\"target\":[\"https:\\\/\\\/lesvolcansnews.net\\\/?p=4054\"]}]},{\"@type\":\"BreadcrumbList\",\"@id\":\"https:\\\/\\\/lesvolcansnews.net\\\/?p=4054#breadcrumb\",\"itemListElement\":[{\"@type\":\"ListItem\",\"position\":1,\"name\":\"Accueil\",\"item\":\"https:\\\/\\\/lesvolcansnews.net\\\/\"},{\"@type\":\"ListItem\",\"position\":2,\"name\":\"Nord-Kivu: Le rapporteur de l\u2019assembl\u00e9e provinciale accus\u00e9 d\u2019attiser les conflits \u00e0 Nyiragongo\"}]},{\"@type\":\"WebSite\",\"@id\":\"https:\\\/\\\/lesvolcansnews.net\\\/#website\",\"url\":\"https:\\\/\\\/lesvolcansnews.net\\\/\",\"name\":\"LES VOLCANS NEWS\",\"description\":\"L&#039;INFORMATION C&#039;EST NOUS\",\"potentialAction\":[{\"@type\":\"SearchAction\",\"target\":{\"@type\":\"EntryPoint\",\"urlTemplate\":\"https:\\\/\\\/lesvolcansnews.net\\\/?s={search_term_string}\"},\"query-input\":{\"@type\":\"PropertyValueSpecification\",\"valueRequired\":true,\"valueName\":\"search_term_string\"}}],\"inLanguage\":\"fr-FR\"},{\"@type\":\"Person\",\"@id\":\"https:\\\/\\\/lesvolcansnews.net\\\/#\\\/schema\\\/person\\\/82c8bed2e77879ecf6cca63441f57354\",\"name\":\"R\u00e9daction - Les Volcans News\",\"image\":{\"@type\":\"ImageObject\",\"inLanguage\":\"fr-FR\",\"@id\":\"https:\\\/\\\/secure.gravatar.com\\\/avatar\\\/8408942dd851e8a9c09f3d382a661bc05d2b3cd9002139bc1795b9528cdc6c80?s=96&d=mm&r=g\",\"url\":\"https:\\\/\\\/secure.gravatar.com\\\/avatar\\\/8408942dd851e8a9c09f3d382a661bc05d2b3cd9002139bc1795b9528cdc6c80?s=96&d=mm&r=g\",\"contentUrl\":\"https:\\\/\\\/secure.gravatar.com\\\/avatar\\\/8408942dd851e8a9c09f3d382a661bc05d2b3cd9002139bc1795b9528cdc6c80?s=96&d=mm&r=g\",\"caption\":\"R\u00e9daction - Les Volcans News\"},\"url\":\"https:\\\/\\\/lesvolcansnews.net\\\/?author=14\"}]}<\/script>\n<!-- \/ Yoast SEO plugin. -->","yoast_head_json":{"title":"Nord-Kivu: Le rapporteur de l\u2019assembl\u00e9e provinciale accus\u00e9 d\u2019attiser les conflits \u00e0 Nyiragongo - LES VOLCANS NEWS","robots":{"index":"index","follow":"follow","max-snippet":"max-snippet:-1","max-image-preview":"max-image-preview:large","max-video-preview":"max-video-preview:-1"},"canonical":"https:\/\/lesvolcansnews.net\/?p=4054","og_locale":"fr_FR","og_type":"article","og_title":"Nord-Kivu: Le rapporteur de l\u2019assembl\u00e9e provinciale accus\u00e9 d\u2019attiser les conflits \u00e0 Nyiragongo - LES VOLCANS NEWS","og_description":"M. Faustin Zabayo, pr\u00e9sident du conseil local des jeunes du territoire de Nyirzagongo, a au cours d\u2019une interview t\u00e9l\u00e9phonique accord\u00e9e \u00e0 lesvolcansnews.net dimanche dernier, accus\u00e9 le rapporteur de l&#8217;Assembl\u00e9e provinciale","og_url":"https:\/\/lesvolcansnews.net\/?p=4054","og_site_name":"LES VOLCANS NEWS","article_published_time":"2019-07-23T19:21:00+00:00","author":"R\u00e9daction - Les Volcans News","twitter_card":"summary_large_image","twitter_misc":{"\u00c9crit par":"R\u00e9daction - Les Volcans News","Dur\u00e9e de lecture estim\u00e9e":"2 minutes"},"schema":{"@context":"https:\/\/schema.org","@graph":[{"@type":"Article","@id":"https:\/\/lesvolcansnews.net\/?p=4054#article","isPartOf":{"@id":"https:\/\/lesvolcansnews.net\/?p=4054"},"author":{"name":"R\u00e9daction - Les Volcans News","@id":"https:\/\/lesvolcansnews.net\/#\/schema\/person\/82c8bed2e77879ecf6cca63441f57354"},"headline":"Nord-Kivu: Le rapporteur de l\u2019assembl\u00e9e provinciale accus\u00e9 d\u2019attiser les conflits \u00e0 Nyiragongo","datePublished":"2019-07-23T19:21:00+00:00","mainEntityOfPage":{"@id":"https:\/\/lesvolcansnews.net\/?p=4054"},"wordCount":389,"commentCount":0,"articleSection":["POLITIQUE"],"inLanguage":"fr-FR","potentialAction":[{"@type":"CommentAction","name":"Comment","target":["https:\/\/lesvolcansnews.net\/?p=4054#respond"]}]},{"@type":"WebPage","@id":"https:\/\/lesvolcansnews.net\/?p=4054","url":"https:\/\/lesvolcansnews.net\/?p=4054","name":"Nord-Kivu: Le rapporteur de l\u2019assembl\u00e9e provinciale accus\u00e9 d\u2019attiser les conflits \u00e0 Nyiragongo - LES VOLCANS NEWS","isPartOf":{"@id":"https:\/\/lesvolcansnews.net\/#website"},"datePublished":"2019-07-23T19:21:00+00:00","author":{"@id":"https:\/\/lesvolcansnews.net\/#\/schema\/person\/82c8bed2e77879ecf6cca63441f57354"},"breadcrumb":{"@id":"https:\/\/lesvolcansnews.net\/?p=4054#breadcrumb"},"inLanguage":"fr-FR","potentialAction":[{"@type":"ReadAction","target":["https:\/\/lesvolcansnews.net\/?p=4054"]}]},{"@type":"BreadcrumbList","@id":"https:\/\/lesvolcansnews.net\/?p=4054#breadcrumb","itemListElement":[{"@type":"ListItem","position":1,"name":"Accueil","item":"https:\/\/lesvolcansnews.net\/"},{"@type":"ListItem","position":2,"name":"Nord-Kivu: Le rapporteur de l\u2019assembl\u00e9e provinciale accus\u00e9 d\u2019attiser les conflits \u00e0 Nyiragongo"}]},{"@type":"WebSite","@id":"https:\/\/lesvolcansnews.net\/#website","url":"https:\/\/lesvolcansnews.net\/","name":"LES VOLCANS NEWS","description":"L&#039;INFORMATION C&#039;EST NOUS","potentialAction":[{"@type":"SearchAction","target":{"@type":"EntryPoint","urlTemplate":"https:\/\/lesvolcansnews.net\/?s={search_term_string}"},"query-input":{"@type":"PropertyValueSpecification","valueRequired":true,"valueName":"search_term_string"}}],"inLanguage":"fr-FR"},{"@type":"Person","@id":"https:\/\/lesvolcansnews.net\/#\/schema\/person\/82c8bed2e77879ecf6cca63441f57354","name":"R\u00e9daction - Les Volcans News","image":{"@type":"ImageObject","inLanguage":"fr-FR","@id":"https:\/\/secure.gravatar.com\/avatar\/8408942dd851e8a9c09f3d382a661bc05d2b3cd9002139bc1795b9528cdc6c80?s=96&d=mm&r=g","url":"https:\/\/secure.gravatar.com\/avatar\/8408942dd851e8a9c09f3d382a661bc05d2b3cd9002139bc1795b9528cdc6c80?s=96&d=mm&r=g","contentUrl":"https:\/\/secure.gravatar.com\/avatar\/8408942dd851e8a9c09f3d382a661bc05d2b3cd9002139bc1795b9528cdc6c80?s=96&d=mm&r=g","caption":"R\u00e9daction - Les Volcans News"},"url":"https:\/\/lesvolcansnews.net\/?author=14"}]}},"_links":{"self":[{"href":"https:\/\/lesvolcansnews.net\/index.php?rest_route=\/wp\/v2\/posts\/4054","targetHints":{"allow":["GET"]}}],"collection":[{"href":"https:\/\/lesvolcansnews.net\/index.php?rest_route=\/wp\/v2\/posts"}],"about":[{"href":"https:\/\/lesvolcansnews.net\/index.php?rest_route=\/wp\/v2\/types\/post"}],"author":[{"embeddable":true,"href":"https:\/\/lesvolcansnews.net\/index.php?rest_route=\/wp\/v2\/users\/14"}],"replies":[{"embeddable":true,"href":"https:\/\/lesvolcansnews.net\/index.php?rest_route=%2Fwp%2Fv2%2Fcomments&post=4054"}],"version-history":[{"count":0,"href":"https:\/\/lesvolcansnews.net\/index.php?rest_route=\/wp\/v2\/posts\/4054\/revisions"}],"wp:attachment":[{"href":"https:\/\/lesvolcansnews.net\/index.php?rest_route=%2Fwp%2Fv2%2Fmedia&parent=4054"}],"wp:term":[{"taxonomy":"category","embeddable":true,"href":"https:\/\/lesvolcansnews.net\/index.php?rest_route=%2Fwp%2Fv2%2Fcategories&post=4054"},{"taxonomy":"post_tag","embeddable":true,"href":"https:\/\/lesvolcansnews.net\/index.php?rest_route=%2Fwp%2Fv2%2Ftags&post=4054"}],"curies":[{"name":"wp","href":"https:\/\/api.w.org\/{rel}","templated":true}]}}