{"id":4035,"date":"2019-07-22T03:27:40","date_gmt":"2019-07-22T03:27:40","guid":{"rendered":"https:\/\/lesvolcansnews.net\/?p=4035"},"modified":"2019-07-22T03:26:55","modified_gmt":"2019-07-22T03:26:55","slug":"eufgo-cloture-de-la-saison-sportive-2018-2019-un-grand-moment-de-communion-autour-du-vice-president-de-la-fecofa","status":"publish","type":"post","link":"https:\/\/lesvolcansnews.net\/?p=4035","title":{"rendered":"Eufgo: Cl\u00f4ture de la Saison sportive 2018-2019: un grand moment de communion autour du vice-pr\u00e9sident de la FECOFA"},"content":{"rendered":"<p>Le Pr\u00e9sident de l&#8217;Entente Urbaine de football de Goma, Christian Lumwanga a pr\u00e9sid\u00e9, dimanche 21jullet2019, \u00e0 la salle des r\u00e9unions de la mairie de Goma , l&#8217;Assembl\u00e9e g\u00e9n\u00e9rale, marquant la fin de la saison sportive locale.<\/p>\n<p><img decoding=\"async\" data-wpid=\"2040\" src=\"\/storage\/emulated\/0\/WhatsApp\/Media\/WhatsApp Images\/IMG-20190721-WA0100.jpg\" class=\"uploading size-full\"><\/p>\n<p>Cette assembl\u00e9e s\u2019est d\u00e9roul\u00e9e dans un contexte assez particulier. C\u2019est la premi\u00e8re fois que tous les soci\u00e9taires de cette entit\u00e9 sportive manifestent leur joie du d\u00e9roulement de la saison avec plusieurs \u00e9quipes qui ont prouv\u00e9 leur efficacit\u00e9.<\/p>\n<p>Cette assembl\u00e9e \u00e9tait \u00e9galement  belle f\u00eate s\u2019est d\u00e9clin\u00e9e en trois temps:<\/p>\n<p>L&#8217;ouverture de la champagne pour c\u00e9l\u00e9brer l&#8217;\u00e9lection du pr\u00e9sident de la FECOFA \u00e0 la vice-pr\u00e9sidence de la CAF la semaine derni\u00e8re malgr\u00e9 l&#8217;\u00e9chec de l&#8217;\u00e9quipe nationale \u00e0 la phase finale de la coupe d&#8217;Afrique de nations Can \u00c9gypte 2019. Au tour, du vice-pr\u00e9sident de la FECOFA, le pr\u00e9sident de ligue provinciale du football du Nord-Kivu (LIFNOKI), a exprim\u00e9 ses chaleureuses f\u00e9licitations et celles de la province toute enti\u00e8re au pr\u00e9sident constant Omari.<\/p>\n<p>Dans une ambiance de f\u00eate, la LIFNOKI et l&#8217;eufgo ont reconnu de leur mani\u00e8re les m\u00e9rit\u00e9s de l&#8217;arbitre Olivier safari fils du terroir qui a pris part \u00e0 la r\u00e9cente Can de football avec une r\u00e9v\u00e9lation d&#8217;un futur promettant. Prenant aussi la parole, Th\u00e9o Binamungu a f\u00e9licit\u00e9 la ligue d&#8217;honneur port\u00e9 au premier congolais lev\u00e9 au titre du 1er vice-pr\u00e9sident de la CAF et de la performance de olivier safari. C&#8217;est pourquoi, il a encourage l&#8217;Entente urbaine de goma \u00e0 former les jeunes arbitres qui pourront faire la rel\u00e8ve d&#8217;Olivier.<\/p>\n<p>La derni\u00e8re articulation \u00e0 port\u00e9 sur le partage d&#8217;un verre d&#8217;honneur \u00e0 la p\u00e9pite Vanessa qui inspir\u00e9 par sa performance dans l&#8217;arbitrage au niveau du pays.<\/p>\n<p>Gabriel KASHUGUSHU<\/p>\n","protected":false},"excerpt":{"rendered":"<p>Le Pr\u00e9sident de l&#8217;Entente Urbaine de football de Goma, Christian Lumwanga a pr\u00e9sid\u00e9, dimanche 21jullet2019, \u00e0 la salle des r\u00e9unions de la mairie de Goma , l&#8217;Assembl\u00e9e g\u00e9n\u00e9rale, marquant la<\/p>\n","protected":false},"author":14,"featured_media":0,"comment_status":"open","ping_status":"open","sticky":false,"template":"","format":"standard","meta":{"footnotes":""},"categories":[11],"tags":[],"class_list":["post-4035","post","type-post","status-publish","format-standard","hentry","category-sports"],"yoast_head":"<!-- This site is optimized with the Yoast SEO plugin v27.3 - https:\/\/yoast.com\/product\/yoast-seo-wordpress\/ -->\n<title>Eufgo: Cl\u00f4ture de la Saison sportive 2018-2019: un grand moment de communion autour du vice-pr\u00e9sident de la FECOFA - LES VOLCANS NEWS<\/title>\n<meta name=\"robots\" content=\"index, follow, max-snippet:-1, max-image-preview:large, max-video-preview:-1\" \/>\n<link rel=\"canonical\" href=\"https:\/\/lesvolcansnews.net\/?p=4035\" \/>\n<meta property=\"og:locale\" content=\"fr_FR\" \/>\n<meta property=\"og:type\" content=\"article\" \/>\n<meta property=\"og:title\" content=\"Eufgo: Cl\u00f4ture de la Saison sportive 2018-2019: un grand moment de communion autour du vice-pr\u00e9sident de la FECOFA - LES VOLCANS NEWS\" \/>\n<meta property=\"og:description\" content=\"Le Pr\u00e9sident de l&#8217;Entente Urbaine de football de Goma, Christian Lumwanga a pr\u00e9sid\u00e9, dimanche 21jullet2019, \u00e0 la salle des r\u00e9unions de la mairie de Goma , l&#8217;Assembl\u00e9e g\u00e9n\u00e9rale, marquant la\" \/>\n<meta property=\"og:url\" content=\"https:\/\/lesvolcansnews.net\/?p=4035\" \/>\n<meta property=\"og:site_name\" content=\"LES VOLCANS NEWS\" \/>\n<meta property=\"article:published_time\" content=\"2019-07-22T03:27:40+00:00\" \/>\n<meta name=\"author\" content=\"R\u00e9daction - Les Volcans News\" \/>\n<meta name=\"twitter:card\" content=\"summary_large_image\" \/>\n<meta name=\"twitter:label1\" content=\"\u00c9crit par\" \/>\n\t<meta name=\"twitter:data1\" content=\"R\u00e9daction - Les Volcans News\" \/>\n\t<meta name=\"twitter:label2\" content=\"Dur\u00e9e de lecture estim\u00e9e\" \/>\n\t<meta name=\"twitter:data2\" content=\"2 minutes\" \/>\n<script type=\"application\/ld+json\" class=\"yoast-schema-graph\">{\"@context\":\"https:\\\/\\\/schema.org\",\"@graph\":[{\"@type\":\"Article\",\"@id\":\"https:\\\/\\\/lesvolcansnews.net\\\/?p=4035#article\",\"isPartOf\":{\"@id\":\"https:\\\/\\\/lesvolcansnews.net\\\/?p=4035\"},\"author\":{\"name\":\"R\u00e9daction - Les Volcans News\",\"@id\":\"https:\\\/\\\/lesvolcansnews.net\\\/#\\\/schema\\\/person\\\/82c8bed2e77879ecf6cca63441f57354\"},\"headline\":\"Eufgo: Cl\u00f4ture de la Saison sportive 2018-2019: un grand moment de communion autour du vice-pr\u00e9sident de la FECOFA\",\"datePublished\":\"2019-07-22T03:27:40+00:00\",\"mainEntityOfPage\":{\"@id\":\"https:\\\/\\\/lesvolcansnews.net\\\/?p=4035\"},\"wordCount\":344,\"commentCount\":0,\"articleSection\":[\"SPORTS\"],\"inLanguage\":\"fr-FR\",\"potentialAction\":[{\"@type\":\"CommentAction\",\"name\":\"Comment\",\"target\":[\"https:\\\/\\\/lesvolcansnews.net\\\/?p=4035#respond\"]}]},{\"@type\":\"WebPage\",\"@id\":\"https:\\\/\\\/lesvolcansnews.net\\\/?p=4035\",\"url\":\"https:\\\/\\\/lesvolcansnews.net\\\/?p=4035\",\"name\":\"Eufgo: Cl\u00f4ture de la Saison sportive 2018-2019: un grand moment de communion autour du vice-pr\u00e9sident de la FECOFA - LES VOLCANS NEWS\",\"isPartOf\":{\"@id\":\"https:\\\/\\\/lesvolcansnews.net\\\/#website\"},\"datePublished\":\"2019-07-22T03:27:40+00:00\",\"author\":{\"@id\":\"https:\\\/\\\/lesvolcansnews.net\\\/#\\\/schema\\\/person\\\/82c8bed2e77879ecf6cca63441f57354\"},\"breadcrumb\":{\"@id\":\"https:\\\/\\\/lesvolcansnews.net\\\/?p=4035#breadcrumb\"},\"inLanguage\":\"fr-FR\",\"potentialAction\":[{\"@type\":\"ReadAction\",\"target\":[\"https:\\\/\\\/lesvolcansnews.net\\\/?p=4035\"]}]},{\"@type\":\"BreadcrumbList\",\"@id\":\"https:\\\/\\\/lesvolcansnews.net\\\/?p=4035#breadcrumb\",\"itemListElement\":[{\"@type\":\"ListItem\",\"position\":1,\"name\":\"Accueil\",\"item\":\"https:\\\/\\\/lesvolcansnews.net\\\/\"},{\"@type\":\"ListItem\",\"position\":2,\"name\":\"Eufgo: Cl\u00f4ture de la Saison sportive 2018-2019: un grand moment de communion autour du vice-pr\u00e9sident de la FECOFA\"}]},{\"@type\":\"WebSite\",\"@id\":\"https:\\\/\\\/lesvolcansnews.net\\\/#website\",\"url\":\"https:\\\/\\\/lesvolcansnews.net\\\/\",\"name\":\"LES VOLCANS NEWS\",\"description\":\"L&#039;INFORMATION C&#039;EST NOUS\",\"potentialAction\":[{\"@type\":\"SearchAction\",\"target\":{\"@type\":\"EntryPoint\",\"urlTemplate\":\"https:\\\/\\\/lesvolcansnews.net\\\/?s={search_term_string}\"},\"query-input\":{\"@type\":\"PropertyValueSpecification\",\"valueRequired\":true,\"valueName\":\"search_term_string\"}}],\"inLanguage\":\"fr-FR\"},{\"@type\":\"Person\",\"@id\":\"https:\\\/\\\/lesvolcansnews.net\\\/#\\\/schema\\\/person\\\/82c8bed2e77879ecf6cca63441f57354\",\"name\":\"R\u00e9daction - Les Volcans News\",\"image\":{\"@type\":\"ImageObject\",\"inLanguage\":\"fr-FR\",\"@id\":\"https:\\\/\\\/secure.gravatar.com\\\/avatar\\\/8408942dd851e8a9c09f3d382a661bc05d2b3cd9002139bc1795b9528cdc6c80?s=96&d=mm&r=g\",\"url\":\"https:\\\/\\\/secure.gravatar.com\\\/avatar\\\/8408942dd851e8a9c09f3d382a661bc05d2b3cd9002139bc1795b9528cdc6c80?s=96&d=mm&r=g\",\"contentUrl\":\"https:\\\/\\\/secure.gravatar.com\\\/avatar\\\/8408942dd851e8a9c09f3d382a661bc05d2b3cd9002139bc1795b9528cdc6c80?s=96&d=mm&r=g\",\"caption\":\"R\u00e9daction - Les Volcans News\"},\"url\":\"https:\\\/\\\/lesvolcansnews.net\\\/?author=14\"}]}<\/script>\n<!-- \/ Yoast SEO plugin. -->","yoast_head_json":{"title":"Eufgo: Cl\u00f4ture de la Saison sportive 2018-2019: un grand moment de communion autour du vice-pr\u00e9sident de la FECOFA - LES VOLCANS NEWS","robots":{"index":"index","follow":"follow","max-snippet":"max-snippet:-1","max-image-preview":"max-image-preview:large","max-video-preview":"max-video-preview:-1"},"canonical":"https:\/\/lesvolcansnews.net\/?p=4035","og_locale":"fr_FR","og_type":"article","og_title":"Eufgo: Cl\u00f4ture de la Saison sportive 2018-2019: un grand moment de communion autour du vice-pr\u00e9sident de la FECOFA - LES VOLCANS NEWS","og_description":"Le Pr\u00e9sident de l&#8217;Entente Urbaine de football de Goma, Christian Lumwanga a pr\u00e9sid\u00e9, dimanche 21jullet2019, \u00e0 la salle des r\u00e9unions de la mairie de Goma , l&#8217;Assembl\u00e9e g\u00e9n\u00e9rale, marquant la","og_url":"https:\/\/lesvolcansnews.net\/?p=4035","og_site_name":"LES VOLCANS NEWS","article_published_time":"2019-07-22T03:27:40+00:00","author":"R\u00e9daction - Les Volcans News","twitter_card":"summary_large_image","twitter_misc":{"\u00c9crit par":"R\u00e9daction - Les Volcans News","Dur\u00e9e de lecture estim\u00e9e":"2 minutes"},"schema":{"@context":"https:\/\/schema.org","@graph":[{"@type":"Article","@id":"https:\/\/lesvolcansnews.net\/?p=4035#article","isPartOf":{"@id":"https:\/\/lesvolcansnews.net\/?p=4035"},"author":{"name":"R\u00e9daction - Les Volcans News","@id":"https:\/\/lesvolcansnews.net\/#\/schema\/person\/82c8bed2e77879ecf6cca63441f57354"},"headline":"Eufgo: Cl\u00f4ture de la Saison sportive 2018-2019: un grand moment de communion autour du vice-pr\u00e9sident de la FECOFA","datePublished":"2019-07-22T03:27:40+00:00","mainEntityOfPage":{"@id":"https:\/\/lesvolcansnews.net\/?p=4035"},"wordCount":344,"commentCount":0,"articleSection":["SPORTS"],"inLanguage":"fr-FR","potentialAction":[{"@type":"CommentAction","name":"Comment","target":["https:\/\/lesvolcansnews.net\/?p=4035#respond"]}]},{"@type":"WebPage","@id":"https:\/\/lesvolcansnews.net\/?p=4035","url":"https:\/\/lesvolcansnews.net\/?p=4035","name":"Eufgo: Cl\u00f4ture de la Saison sportive 2018-2019: un grand moment de communion autour du vice-pr\u00e9sident de la FECOFA - LES VOLCANS NEWS","isPartOf":{"@id":"https:\/\/lesvolcansnews.net\/#website"},"datePublished":"2019-07-22T03:27:40+00:00","author":{"@id":"https:\/\/lesvolcansnews.net\/#\/schema\/person\/82c8bed2e77879ecf6cca63441f57354"},"breadcrumb":{"@id":"https:\/\/lesvolcansnews.net\/?p=4035#breadcrumb"},"inLanguage":"fr-FR","potentialAction":[{"@type":"ReadAction","target":["https:\/\/lesvolcansnews.net\/?p=4035"]}]},{"@type":"BreadcrumbList","@id":"https:\/\/lesvolcansnews.net\/?p=4035#breadcrumb","itemListElement":[{"@type":"ListItem","position":1,"name":"Accueil","item":"https:\/\/lesvolcansnews.net\/"},{"@type":"ListItem","position":2,"name":"Eufgo: Cl\u00f4ture de la Saison sportive 2018-2019: un grand moment de communion autour du vice-pr\u00e9sident de la FECOFA"}]},{"@type":"WebSite","@id":"https:\/\/lesvolcansnews.net\/#website","url":"https:\/\/lesvolcansnews.net\/","name":"LES VOLCANS NEWS","description":"L&#039;INFORMATION C&#039;EST NOUS","potentialAction":[{"@type":"SearchAction","target":{"@type":"EntryPoint","urlTemplate":"https:\/\/lesvolcansnews.net\/?s={search_term_string}"},"query-input":{"@type":"PropertyValueSpecification","valueRequired":true,"valueName":"search_term_string"}}],"inLanguage":"fr-FR"},{"@type":"Person","@id":"https:\/\/lesvolcansnews.net\/#\/schema\/person\/82c8bed2e77879ecf6cca63441f57354","name":"R\u00e9daction - Les Volcans News","image":{"@type":"ImageObject","inLanguage":"fr-FR","@id":"https:\/\/secure.gravatar.com\/avatar\/8408942dd851e8a9c09f3d382a661bc05d2b3cd9002139bc1795b9528cdc6c80?s=96&d=mm&r=g","url":"https:\/\/secure.gravatar.com\/avatar\/8408942dd851e8a9c09f3d382a661bc05d2b3cd9002139bc1795b9528cdc6c80?s=96&d=mm&r=g","contentUrl":"https:\/\/secure.gravatar.com\/avatar\/8408942dd851e8a9c09f3d382a661bc05d2b3cd9002139bc1795b9528cdc6c80?s=96&d=mm&r=g","caption":"R\u00e9daction - Les Volcans News"},"url":"https:\/\/lesvolcansnews.net\/?author=14"}]}},"_links":{"self":[{"href":"https:\/\/lesvolcansnews.net\/index.php?rest_route=\/wp\/v2\/posts\/4035","targetHints":{"allow":["GET"]}}],"collection":[{"href":"https:\/\/lesvolcansnews.net\/index.php?rest_route=\/wp\/v2\/posts"}],"about":[{"href":"https:\/\/lesvolcansnews.net\/index.php?rest_route=\/wp\/v2\/types\/post"}],"author":[{"embeddable":true,"href":"https:\/\/lesvolcansnews.net\/index.php?rest_route=\/wp\/v2\/users\/14"}],"replies":[{"embeddable":true,"href":"https:\/\/lesvolcansnews.net\/index.php?rest_route=%2Fwp%2Fv2%2Fcomments&post=4035"}],"version-history":[{"count":1,"href":"https:\/\/lesvolcansnews.net\/index.php?rest_route=\/wp\/v2\/posts\/4035\/revisions"}],"predecessor-version":[{"id":4036,"href":"https:\/\/lesvolcansnews.net\/index.php?rest_route=\/wp\/v2\/posts\/4035\/revisions\/4036"}],"wp:attachment":[{"href":"https:\/\/lesvolcansnews.net\/index.php?rest_route=%2Fwp%2Fv2%2Fmedia&parent=4035"}],"wp:term":[{"taxonomy":"category","embeddable":true,"href":"https:\/\/lesvolcansnews.net\/index.php?rest_route=%2Fwp%2Fv2%2Fcategories&post=4035"},{"taxonomy":"post_tag","embeddable":true,"href":"https:\/\/lesvolcansnews.net\/index.php?rest_route=%2Fwp%2Fv2%2Ftags&post=4035"}],"curies":[{"name":"wp","href":"https:\/\/api.w.org\/{rel}","templated":true}]}}