{"id":4030,"date":"2019-07-21T20:17:48","date_gmt":"2019-07-21T20:17:48","guid":{"rendered":"https:\/\/lesvolcansnews.net\/2019\/07\/21\/rsa-larmee-sud-africaine-deployee-au-cap-en-soutien-de-la-police\/"},"modified":"2019-07-21T20:17:48","modified_gmt":"2019-07-21T20:17:48","slug":"rsa-larmee-sud-africaine-deployee-au-cap-en-soutien-de-la-police","status":"publish","type":"post","link":"https:\/\/lesvolcansnews.net\/?p=4030","title":{"rendered":"RSA: L\u2019arm\u00e9e sud-africaine d\u00e9ploy\u00e9e au Cap en soutien de la police"},"content":{"rendered":"<p>L\u2019Arm\u00e9e sud-africaine venait d\u2019\u00eatre d\u00e9ploy\u00e9e depuis le 18 juillet au Cap, en soutien de la police, afin d\u2019endiguer la violence extr\u00eame qui s\u00e9vit dans ces townships \u00e0 majorit\u00e9 m\u00e9tisse, o\u00f9 au moins 2000 personnes sont<br \/>\nmortes en 7 mois, dont la moiti\u00e9 sous les balles des gangs qui y pullulent, ont rapport\u00e9 les radios<br \/>\np\u00e9riph\u00e9riques capt\u00e9es dimanche \u00e0 Kinshasa.<br \/>\nDes cris et des applaudissements pour accueillir les v\u00e9hicules blind\u00e9s de l\u2019arm\u00e9e. L\u2019arriv\u00e9e des militaires, armes au poing et treillis sur les dos a \u00e9t\u00e9 qualifi\u00e9e de \u2018\u2019soulagement \u2018\u2019 pour une partie des habitants des Cape Flats.<br \/>\nDans ces townships \u00e0 majorit\u00e9 m\u00e9tisse de la banlieue du Cap, la mort est omnipr\u00e9sente. \u00ab <em>La plupart du temps ce sont des innocents qui meurent, apr\u00e8s avoir \u00e9t\u00e9 pris dans des tirs crois\u00e9s \u00bb, <\/em>t\u00e9moigne ce travailleur<br \/>\nsocial.<em> <\/em>\u00ab <em>Les gens postent des photos des victimes allong\u00e9es par terre apr\u00e8s avoir \u00e9t\u00e9 abattues. C\u2019est fou, la population devient quasiment insensible face \u00e0 cette violence \u00bb<\/em>.<br \/>\nLes militaires seront d\u00e9ploy\u00e9s pour trois mois en renfort des op\u00e9rations de police. Pour Chrystal Moses, habitante du quartier de Manenberg, cette<br \/>\npr\u00e9sence est rassurante : \u00ab <em>Les enfants ne peuvent pas sortir dans la rue parce que la violence est impr\u00e9visible. Dans des quartiers comme ceux-ci, quand<\/em><br \/>\n<em>les gangs tirent, \u00e7a excite les enfants qui veulent aller voir de plus pr\u00e8s ce qu\u2019il se passe \u00bb.<\/em><\/p>\n<p>ACP<\/p>\n","protected":false},"excerpt":{"rendered":"<p>L\u2019Arm\u00e9e sud-africaine venait d\u2019\u00eatre d\u00e9ploy\u00e9e depuis le 18 juillet au Cap, en soutien de la police, afin d\u2019endiguer la violence extr\u00eame qui s\u00e9vit dans ces townships \u00e0 majorit\u00e9 m\u00e9tisse, o\u00f9<\/p>\n","protected":false},"author":14,"featured_media":4029,"comment_status":"open","ping_status":"open","sticky":false,"template":"","format":"standard","meta":{"footnotes":""},"categories":[28],"tags":[],"class_list":["post-4030","post","type-post","status-publish","format-standard","has-post-thumbnail","hentry","category-international"],"yoast_head":"<!-- This site is optimized with the Yoast SEO plugin v27.3 - https:\/\/yoast.com\/product\/yoast-seo-wordpress\/ -->\n<title>RSA: L\u2019arm\u00e9e sud-africaine d\u00e9ploy\u00e9e au Cap en soutien de la police - LES VOLCANS NEWS<\/title>\n<meta name=\"robots\" content=\"index, follow, max-snippet:-1, max-image-preview:large, max-video-preview:-1\" \/>\n<link rel=\"canonical\" href=\"https:\/\/lesvolcansnews.net\/?p=4030\" \/>\n<meta property=\"og:locale\" content=\"fr_FR\" \/>\n<meta property=\"og:type\" content=\"article\" \/>\n<meta property=\"og:title\" content=\"RSA: L\u2019arm\u00e9e sud-africaine d\u00e9ploy\u00e9e au Cap en soutien de la police - LES VOLCANS NEWS\" \/>\n<meta property=\"og:description\" content=\"L\u2019Arm\u00e9e sud-africaine venait d\u2019\u00eatre d\u00e9ploy\u00e9e depuis le 18 juillet au Cap, en soutien de la police, afin d\u2019endiguer la violence extr\u00eame qui s\u00e9vit dans ces townships \u00e0 majorit\u00e9 m\u00e9tisse, o\u00f9\" \/>\n<meta property=\"og:url\" content=\"https:\/\/lesvolcansnews.net\/?p=4030\" \/>\n<meta property=\"og:site_name\" content=\"LES VOLCANS NEWS\" \/>\n<meta property=\"article:published_time\" content=\"2019-07-21T20:17:48+00:00\" \/>\n<meta property=\"og:image\" content=\"https:\/\/lesvolcansnews.net\/wp-content\/uploads\/2019\/07\/LarmC3A9e-sud-africaine.jpg\" \/>\n\t<meta property=\"og:image:width\" content=\"427\" \/>\n\t<meta property=\"og:image:height\" content=\"295\" \/>\n\t<meta property=\"og:image:type\" content=\"image\/jpeg\" \/>\n<meta name=\"author\" content=\"R\u00e9daction - Les Volcans News\" \/>\n<meta name=\"twitter:card\" content=\"summary_large_image\" \/>\n<meta name=\"twitter:label1\" content=\"\u00c9crit par\" \/>\n\t<meta name=\"twitter:data1\" content=\"R\u00e9daction - Les Volcans News\" \/>\n\t<meta name=\"twitter:label2\" content=\"Dur\u00e9e de lecture estim\u00e9e\" \/>\n\t<meta name=\"twitter:data2\" content=\"1 minute\" \/>\n<script type=\"application\/ld+json\" class=\"yoast-schema-graph\">{\"@context\":\"https:\\\/\\\/schema.org\",\"@graph\":[{\"@type\":\"Article\",\"@id\":\"https:\\\/\\\/lesvolcansnews.net\\\/?p=4030#article\",\"isPartOf\":{\"@id\":\"https:\\\/\\\/lesvolcansnews.net\\\/?p=4030\"},\"author\":{\"name\":\"R\u00e9daction - Les Volcans News\",\"@id\":\"https:\\\/\\\/lesvolcansnews.net\\\/#\\\/schema\\\/person\\\/82c8bed2e77879ecf6cca63441f57354\"},\"headline\":\"RSA: L\u2019arm\u00e9e sud-africaine d\u00e9ploy\u00e9e au Cap en soutien de la police\",\"datePublished\":\"2019-07-21T20:17:48+00:00\",\"mainEntityOfPage\":{\"@id\":\"https:\\\/\\\/lesvolcansnews.net\\\/?p=4030\"},\"wordCount\":264,\"commentCount\":0,\"image\":{\"@id\":\"https:\\\/\\\/lesvolcansnews.net\\\/?p=4030#primaryimage\"},\"thumbnailUrl\":\"https:\\\/\\\/lesvolcansnews.net\\\/wp-content\\\/uploads\\\/2019\\\/07\\\/LarmC3A9e-sud-africaine.jpg\",\"articleSection\":[\"INTERNATIONAL\"],\"inLanguage\":\"fr-FR\",\"potentialAction\":[{\"@type\":\"CommentAction\",\"name\":\"Comment\",\"target\":[\"https:\\\/\\\/lesvolcansnews.net\\\/?p=4030#respond\"]}]},{\"@type\":\"WebPage\",\"@id\":\"https:\\\/\\\/lesvolcansnews.net\\\/?p=4030\",\"url\":\"https:\\\/\\\/lesvolcansnews.net\\\/?p=4030\",\"name\":\"RSA: L\u2019arm\u00e9e sud-africaine d\u00e9ploy\u00e9e au Cap en soutien de la police - LES VOLCANS NEWS\",\"isPartOf\":{\"@id\":\"https:\\\/\\\/lesvolcansnews.net\\\/#website\"},\"primaryImageOfPage\":{\"@id\":\"https:\\\/\\\/lesvolcansnews.net\\\/?p=4030#primaryimage\"},\"image\":{\"@id\":\"https:\\\/\\\/lesvolcansnews.net\\\/?p=4030#primaryimage\"},\"thumbnailUrl\":\"https:\\\/\\\/lesvolcansnews.net\\\/wp-content\\\/uploads\\\/2019\\\/07\\\/LarmC3A9e-sud-africaine.jpg\",\"datePublished\":\"2019-07-21T20:17:48+00:00\",\"author\":{\"@id\":\"https:\\\/\\\/lesvolcansnews.net\\\/#\\\/schema\\\/person\\\/82c8bed2e77879ecf6cca63441f57354\"},\"breadcrumb\":{\"@id\":\"https:\\\/\\\/lesvolcansnews.net\\\/?p=4030#breadcrumb\"},\"inLanguage\":\"fr-FR\",\"potentialAction\":[{\"@type\":\"ReadAction\",\"target\":[\"https:\\\/\\\/lesvolcansnews.net\\\/?p=4030\"]}]},{\"@type\":\"ImageObject\",\"inLanguage\":\"fr-FR\",\"@id\":\"https:\\\/\\\/lesvolcansnews.net\\\/?p=4030#primaryimage\",\"url\":\"https:\\\/\\\/lesvolcansnews.net\\\/wp-content\\\/uploads\\\/2019\\\/07\\\/LarmC3A9e-sud-africaine.jpg\",\"contentUrl\":\"https:\\\/\\\/lesvolcansnews.net\\\/wp-content\\\/uploads\\\/2019\\\/07\\\/LarmC3A9e-sud-africaine.jpg\",\"width\":427,\"height\":295},{\"@type\":\"BreadcrumbList\",\"@id\":\"https:\\\/\\\/lesvolcansnews.net\\\/?p=4030#breadcrumb\",\"itemListElement\":[{\"@type\":\"ListItem\",\"position\":1,\"name\":\"Accueil\",\"item\":\"https:\\\/\\\/lesvolcansnews.net\\\/\"},{\"@type\":\"ListItem\",\"position\":2,\"name\":\"RSA: L\u2019arm\u00e9e sud-africaine d\u00e9ploy\u00e9e au Cap en soutien de la police\"}]},{\"@type\":\"WebSite\",\"@id\":\"https:\\\/\\\/lesvolcansnews.net\\\/#website\",\"url\":\"https:\\\/\\\/lesvolcansnews.net\\\/\",\"name\":\"LES VOLCANS NEWS\",\"description\":\"L&#039;INFORMATION C&#039;EST NOUS\",\"potentialAction\":[{\"@type\":\"SearchAction\",\"target\":{\"@type\":\"EntryPoint\",\"urlTemplate\":\"https:\\\/\\\/lesvolcansnews.net\\\/?s={search_term_string}\"},\"query-input\":{\"@type\":\"PropertyValueSpecification\",\"valueRequired\":true,\"valueName\":\"search_term_string\"}}],\"inLanguage\":\"fr-FR\"},{\"@type\":\"Person\",\"@id\":\"https:\\\/\\\/lesvolcansnews.net\\\/#\\\/schema\\\/person\\\/82c8bed2e77879ecf6cca63441f57354\",\"name\":\"R\u00e9daction - Les Volcans News\",\"image\":{\"@type\":\"ImageObject\",\"inLanguage\":\"fr-FR\",\"@id\":\"https:\\\/\\\/secure.gravatar.com\\\/avatar\\\/8408942dd851e8a9c09f3d382a661bc05d2b3cd9002139bc1795b9528cdc6c80?s=96&d=mm&r=g\",\"url\":\"https:\\\/\\\/secure.gravatar.com\\\/avatar\\\/8408942dd851e8a9c09f3d382a661bc05d2b3cd9002139bc1795b9528cdc6c80?s=96&d=mm&r=g\",\"contentUrl\":\"https:\\\/\\\/secure.gravatar.com\\\/avatar\\\/8408942dd851e8a9c09f3d382a661bc05d2b3cd9002139bc1795b9528cdc6c80?s=96&d=mm&r=g\",\"caption\":\"R\u00e9daction - Les Volcans News\"},\"url\":\"https:\\\/\\\/lesvolcansnews.net\\\/?author=14\"}]}<\/script>\n<!-- \/ Yoast SEO plugin. -->","yoast_head_json":{"title":"RSA: L\u2019arm\u00e9e sud-africaine d\u00e9ploy\u00e9e au Cap en soutien de la police - LES VOLCANS NEWS","robots":{"index":"index","follow":"follow","max-snippet":"max-snippet:-1","max-image-preview":"max-image-preview:large","max-video-preview":"max-video-preview:-1"},"canonical":"https:\/\/lesvolcansnews.net\/?p=4030","og_locale":"fr_FR","og_type":"article","og_title":"RSA: L\u2019arm\u00e9e sud-africaine d\u00e9ploy\u00e9e au Cap en soutien de la police - LES VOLCANS NEWS","og_description":"L\u2019Arm\u00e9e sud-africaine venait d\u2019\u00eatre d\u00e9ploy\u00e9e depuis le 18 juillet au Cap, en soutien de la police, afin d\u2019endiguer la violence extr\u00eame qui s\u00e9vit dans ces townships \u00e0 majorit\u00e9 m\u00e9tisse, o\u00f9","og_url":"https:\/\/lesvolcansnews.net\/?p=4030","og_site_name":"LES VOLCANS NEWS","article_published_time":"2019-07-21T20:17:48+00:00","og_image":[{"width":427,"height":295,"url":"https:\/\/lesvolcansnews.net\/wp-content\/uploads\/2019\/07\/LarmC3A9e-sud-africaine.jpg","type":"image\/jpeg"}],"author":"R\u00e9daction - Les Volcans News","twitter_card":"summary_large_image","twitter_misc":{"\u00c9crit par":"R\u00e9daction - Les Volcans News","Dur\u00e9e de lecture estim\u00e9e":"1 minute"},"schema":{"@context":"https:\/\/schema.org","@graph":[{"@type":"Article","@id":"https:\/\/lesvolcansnews.net\/?p=4030#article","isPartOf":{"@id":"https:\/\/lesvolcansnews.net\/?p=4030"},"author":{"name":"R\u00e9daction - Les Volcans News","@id":"https:\/\/lesvolcansnews.net\/#\/schema\/person\/82c8bed2e77879ecf6cca63441f57354"},"headline":"RSA: L\u2019arm\u00e9e sud-africaine d\u00e9ploy\u00e9e au Cap en soutien de la police","datePublished":"2019-07-21T20:17:48+00:00","mainEntityOfPage":{"@id":"https:\/\/lesvolcansnews.net\/?p=4030"},"wordCount":264,"commentCount":0,"image":{"@id":"https:\/\/lesvolcansnews.net\/?p=4030#primaryimage"},"thumbnailUrl":"https:\/\/lesvolcansnews.net\/wp-content\/uploads\/2019\/07\/LarmC3A9e-sud-africaine.jpg","articleSection":["INTERNATIONAL"],"inLanguage":"fr-FR","potentialAction":[{"@type":"CommentAction","name":"Comment","target":["https:\/\/lesvolcansnews.net\/?p=4030#respond"]}]},{"@type":"WebPage","@id":"https:\/\/lesvolcansnews.net\/?p=4030","url":"https:\/\/lesvolcansnews.net\/?p=4030","name":"RSA: L\u2019arm\u00e9e sud-africaine d\u00e9ploy\u00e9e au Cap en soutien de la police - LES VOLCANS NEWS","isPartOf":{"@id":"https:\/\/lesvolcansnews.net\/#website"},"primaryImageOfPage":{"@id":"https:\/\/lesvolcansnews.net\/?p=4030#primaryimage"},"image":{"@id":"https:\/\/lesvolcansnews.net\/?p=4030#primaryimage"},"thumbnailUrl":"https:\/\/lesvolcansnews.net\/wp-content\/uploads\/2019\/07\/LarmC3A9e-sud-africaine.jpg","datePublished":"2019-07-21T20:17:48+00:00","author":{"@id":"https:\/\/lesvolcansnews.net\/#\/schema\/person\/82c8bed2e77879ecf6cca63441f57354"},"breadcrumb":{"@id":"https:\/\/lesvolcansnews.net\/?p=4030#breadcrumb"},"inLanguage":"fr-FR","potentialAction":[{"@type":"ReadAction","target":["https:\/\/lesvolcansnews.net\/?p=4030"]}]},{"@type":"ImageObject","inLanguage":"fr-FR","@id":"https:\/\/lesvolcansnews.net\/?p=4030#primaryimage","url":"https:\/\/lesvolcansnews.net\/wp-content\/uploads\/2019\/07\/LarmC3A9e-sud-africaine.jpg","contentUrl":"https:\/\/lesvolcansnews.net\/wp-content\/uploads\/2019\/07\/LarmC3A9e-sud-africaine.jpg","width":427,"height":295},{"@type":"BreadcrumbList","@id":"https:\/\/lesvolcansnews.net\/?p=4030#breadcrumb","itemListElement":[{"@type":"ListItem","position":1,"name":"Accueil","item":"https:\/\/lesvolcansnews.net\/"},{"@type":"ListItem","position":2,"name":"RSA: L\u2019arm\u00e9e sud-africaine d\u00e9ploy\u00e9e au Cap en soutien de la police"}]},{"@type":"WebSite","@id":"https:\/\/lesvolcansnews.net\/#website","url":"https:\/\/lesvolcansnews.net\/","name":"LES VOLCANS NEWS","description":"L&#039;INFORMATION C&#039;EST NOUS","potentialAction":[{"@type":"SearchAction","target":{"@type":"EntryPoint","urlTemplate":"https:\/\/lesvolcansnews.net\/?s={search_term_string}"},"query-input":{"@type":"PropertyValueSpecification","valueRequired":true,"valueName":"search_term_string"}}],"inLanguage":"fr-FR"},{"@type":"Person","@id":"https:\/\/lesvolcansnews.net\/#\/schema\/person\/82c8bed2e77879ecf6cca63441f57354","name":"R\u00e9daction - Les Volcans News","image":{"@type":"ImageObject","inLanguage":"fr-FR","@id":"https:\/\/secure.gravatar.com\/avatar\/8408942dd851e8a9c09f3d382a661bc05d2b3cd9002139bc1795b9528cdc6c80?s=96&d=mm&r=g","url":"https:\/\/secure.gravatar.com\/avatar\/8408942dd851e8a9c09f3d382a661bc05d2b3cd9002139bc1795b9528cdc6c80?s=96&d=mm&r=g","contentUrl":"https:\/\/secure.gravatar.com\/avatar\/8408942dd851e8a9c09f3d382a661bc05d2b3cd9002139bc1795b9528cdc6c80?s=96&d=mm&r=g","caption":"R\u00e9daction - Les Volcans News"},"url":"https:\/\/lesvolcansnews.net\/?author=14"}]}},"_links":{"self":[{"href":"https:\/\/lesvolcansnews.net\/index.php?rest_route=\/wp\/v2\/posts\/4030","targetHints":{"allow":["GET"]}}],"collection":[{"href":"https:\/\/lesvolcansnews.net\/index.php?rest_route=\/wp\/v2\/posts"}],"about":[{"href":"https:\/\/lesvolcansnews.net\/index.php?rest_route=\/wp\/v2\/types\/post"}],"author":[{"embeddable":true,"href":"https:\/\/lesvolcansnews.net\/index.php?rest_route=\/wp\/v2\/users\/14"}],"replies":[{"embeddable":true,"href":"https:\/\/lesvolcansnews.net\/index.php?rest_route=%2Fwp%2Fv2%2Fcomments&post=4030"}],"version-history":[{"count":0,"href":"https:\/\/lesvolcansnews.net\/index.php?rest_route=\/wp\/v2\/posts\/4030\/revisions"}],"wp:featuredmedia":[{"embeddable":true,"href":"https:\/\/lesvolcansnews.net\/index.php?rest_route=\/wp\/v2\/media\/4029"}],"wp:attachment":[{"href":"https:\/\/lesvolcansnews.net\/index.php?rest_route=%2Fwp%2Fv2%2Fmedia&parent=4030"}],"wp:term":[{"taxonomy":"category","embeddable":true,"href":"https:\/\/lesvolcansnews.net\/index.php?rest_route=%2Fwp%2Fv2%2Fcategories&post=4030"},{"taxonomy":"post_tag","embeddable":true,"href":"https:\/\/lesvolcansnews.net\/index.php?rest_route=%2Fwp%2Fv2%2Ftags&post=4030"}],"curies":[{"name":"wp","href":"https:\/\/api.w.org\/{rel}","templated":true}]}}