{"id":4021,"date":"2019-07-21T11:26:27","date_gmt":"2019-07-21T11:26:27","guid":{"rendered":"http:\/\/lesvolcansnews.net\/2019\/07\/21\/nord-kivu-goma-a-part-lebola-lenlevement-fait-aussi-la-une-en-province\/"},"modified":"2019-07-21T11:32:48","modified_gmt":"2019-07-21T11:32:48","slug":"nord-kivu-goma-a-part-lebola-lenlevement-fait-aussi-la-une-en-province","status":"publish","type":"post","link":"https:\/\/lesvolcansnews.net\/?p=4021","title":{"rendered":"Nord-Kivu: \u00c0 part l&#8217;Ebola, l&#8217;enl\u00e8vement fait aussi la une en province"},"content":{"rendered":"<p>\u00c0 part  la persistance de la maladie \u00e0 virus Ebola en province du Nord-Kivu, les multiples cas d&#8217;enl\u00e8vements continuent \u00e0 se faire voir sur toute l&#8217;\u00e9tendue de la province plus encore en ville Goma o\u00f9 parmi les r\u00e9cent cas figure celui de M.Christophe Ahanaport\u00e9. C&#8217;est depuis le mardi 17 juillet , que le jeune entrepreneur Christophe Ahana est invisible dans la ville touristique de Goma et sa famille est toujours sans nouvelles de son fr\u00e8re, disparu.<\/p>\n<p>Joint par votre r\u00e9daction, l&#8217;un de ses employ\u00e9s , a confirm\u00e9 cette information et appelle par la m\u00eame occasion les autorit\u00e9s locale de s&#8217;y impliquer pour que ce jeune ambitieux soit lib\u00e9r\u00e9 le plus vite possible.<\/p>\n<p>&#8221; <em>Cela fait exactement quatre jours que notre manager ne vient plus au boulot. Nous avons tent\u00e9 de l&#8217;appeler mais son num\u00e9ro ne passait pas jusqu&#8217;\u00e0 pr\u00e9sent. M\u00eame sa famille ne sait pas o\u00f9 serait leur fils depuis sa disparition. J&#8217;en appelle aux autorit\u00e9s locales de s&#8217;impliquer car \u00e7a nous prend tous \u00e0 coeur&#8221; <\/em>, a-t-il fait savoir.<\/p>\n<p>Notons que d\u00e8s maintenant aucune id\u00e9e sur la direction de ce citoyen Congolais n&#8217;est connue.<\/p>\n<p>Cedrick Sadiki Mbala<\/p>\n","protected":false},"excerpt":{"rendered":"<p>\u00c0 part la persistance de la maladie \u00e0 virus Ebola en province du Nord-Kivu, les multiples cas d&#8217;enl\u00e8vements continuent \u00e0 se faire voir sur toute l&#8217;\u00e9tendue de la province plus<\/p>\n","protected":false},"author":14,"featured_media":4020,"comment_status":"open","ping_status":"open","sticky":false,"template":"","format":"standard","meta":{"footnotes":""},"categories":[9],"tags":[],"class_list":["post-4021","post","type-post","status-publish","format-standard","has-post-thumbnail","hentry","category-societe"],"yoast_head":"<!-- This site is optimized with the Yoast SEO plugin v27.3 - https:\/\/yoast.com\/product\/yoast-seo-wordpress\/ -->\n<title>Nord-Kivu: \u00c0 part l&#039;Ebola, l&#039;enl\u00e8vement fait aussi la une en province - LES VOLCANS NEWS<\/title>\n<meta name=\"robots\" content=\"index, follow, max-snippet:-1, max-image-preview:large, max-video-preview:-1\" \/>\n<link rel=\"canonical\" href=\"https:\/\/lesvolcansnews.net\/?p=4021\" \/>\n<meta property=\"og:locale\" content=\"fr_FR\" \/>\n<meta property=\"og:type\" content=\"article\" \/>\n<meta property=\"og:title\" content=\"Nord-Kivu: \u00c0 part l&#039;Ebola, l&#039;enl\u00e8vement fait aussi la une en province - LES VOLCANS NEWS\" \/>\n<meta property=\"og:description\" content=\"\u00c0 part la persistance de la maladie \u00e0 virus Ebola en province du Nord-Kivu, les multiples cas d&#8217;enl\u00e8vements continuent \u00e0 se faire voir sur toute l&#8217;\u00e9tendue de la province plus\" \/>\n<meta property=\"og:url\" content=\"https:\/\/lesvolcansnews.net\/?p=4021\" \/>\n<meta property=\"og:site_name\" content=\"LES VOLCANS NEWS\" \/>\n<meta property=\"article:published_time\" content=\"2019-07-21T11:26:27+00:00\" \/>\n<meta property=\"article:modified_time\" content=\"2019-07-21T11:32:48+00:00\" \/>\n<meta property=\"og:image\" content=\"https:\/\/lesvolcansnews.net\/wp-content\/uploads\/2019\/07\/IMG-20190721-WA0060.jpg\" \/>\n\t<meta property=\"og:image:width\" content=\"731\" \/>\n\t<meta property=\"og:image:height\" content=\"1024\" \/>\n\t<meta property=\"og:image:type\" content=\"image\/jpeg\" \/>\n<meta name=\"author\" content=\"R\u00e9daction - Les Volcans News\" \/>\n<meta name=\"twitter:card\" content=\"summary_large_image\" \/>\n<meta name=\"twitter:label1\" content=\"\u00c9crit par\" \/>\n\t<meta name=\"twitter:data1\" content=\"R\u00e9daction - Les Volcans News\" \/>\n\t<meta name=\"twitter:label2\" content=\"Dur\u00e9e de lecture estim\u00e9e\" \/>\n\t<meta name=\"twitter:data2\" content=\"1 minute\" \/>\n<script type=\"application\/ld+json\" class=\"yoast-schema-graph\">{\"@context\":\"https:\\\/\\\/schema.org\",\"@graph\":[{\"@type\":\"Article\",\"@id\":\"https:\\\/\\\/lesvolcansnews.net\\\/?p=4021#article\",\"isPartOf\":{\"@id\":\"https:\\\/\\\/lesvolcansnews.net\\\/?p=4021\"},\"author\":{\"name\":\"R\u00e9daction - Les Volcans News\",\"@id\":\"https:\\\/\\\/lesvolcansnews.net\\\/#\\\/schema\\\/person\\\/82c8bed2e77879ecf6cca63441f57354\"},\"headline\":\"Nord-Kivu: \u00c0 part l&#8217;Ebola, l&#8217;enl\u00e8vement fait aussi la une en province\",\"datePublished\":\"2019-07-21T11:26:27+00:00\",\"dateModified\":\"2019-07-21T11:32:48+00:00\",\"mainEntityOfPage\":{\"@id\":\"https:\\\/\\\/lesvolcansnews.net\\\/?p=4021\"},\"wordCount\":216,\"commentCount\":0,\"image\":{\"@id\":\"https:\\\/\\\/lesvolcansnews.net\\\/?p=4021#primaryimage\"},\"thumbnailUrl\":\"https:\\\/\\\/lesvolcansnews.net\\\/wp-content\\\/uploads\\\/2019\\\/07\\\/IMG-20190721-WA0060.jpg\",\"articleSection\":[\"SOCIET\u00c9\"],\"inLanguage\":\"fr-FR\",\"potentialAction\":[{\"@type\":\"CommentAction\",\"name\":\"Comment\",\"target\":[\"https:\\\/\\\/lesvolcansnews.net\\\/?p=4021#respond\"]}]},{\"@type\":\"WebPage\",\"@id\":\"https:\\\/\\\/lesvolcansnews.net\\\/?p=4021\",\"url\":\"https:\\\/\\\/lesvolcansnews.net\\\/?p=4021\",\"name\":\"Nord-Kivu: \u00c0 part l'Ebola, l'enl\u00e8vement fait aussi la une en province - LES VOLCANS NEWS\",\"isPartOf\":{\"@id\":\"https:\\\/\\\/lesvolcansnews.net\\\/#website\"},\"primaryImageOfPage\":{\"@id\":\"https:\\\/\\\/lesvolcansnews.net\\\/?p=4021#primaryimage\"},\"image\":{\"@id\":\"https:\\\/\\\/lesvolcansnews.net\\\/?p=4021#primaryimage\"},\"thumbnailUrl\":\"https:\\\/\\\/lesvolcansnews.net\\\/wp-content\\\/uploads\\\/2019\\\/07\\\/IMG-20190721-WA0060.jpg\",\"datePublished\":\"2019-07-21T11:26:27+00:00\",\"dateModified\":\"2019-07-21T11:32:48+00:00\",\"author\":{\"@id\":\"https:\\\/\\\/lesvolcansnews.net\\\/#\\\/schema\\\/person\\\/82c8bed2e77879ecf6cca63441f57354\"},\"breadcrumb\":{\"@id\":\"https:\\\/\\\/lesvolcansnews.net\\\/?p=4021#breadcrumb\"},\"inLanguage\":\"fr-FR\",\"potentialAction\":[{\"@type\":\"ReadAction\",\"target\":[\"https:\\\/\\\/lesvolcansnews.net\\\/?p=4021\"]}]},{\"@type\":\"ImageObject\",\"inLanguage\":\"fr-FR\",\"@id\":\"https:\\\/\\\/lesvolcansnews.net\\\/?p=4021#primaryimage\",\"url\":\"https:\\\/\\\/lesvolcansnews.net\\\/wp-content\\\/uploads\\\/2019\\\/07\\\/IMG-20190721-WA0060.jpg\",\"contentUrl\":\"https:\\\/\\\/lesvolcansnews.net\\\/wp-content\\\/uploads\\\/2019\\\/07\\\/IMG-20190721-WA0060.jpg\",\"width\":731,\"height\":1024},{\"@type\":\"BreadcrumbList\",\"@id\":\"https:\\\/\\\/lesvolcansnews.net\\\/?p=4021#breadcrumb\",\"itemListElement\":[{\"@type\":\"ListItem\",\"position\":1,\"name\":\"Accueil\",\"item\":\"https:\\\/\\\/lesvolcansnews.net\\\/\"},{\"@type\":\"ListItem\",\"position\":2,\"name\":\"Nord-Kivu: \u00c0 part l&#8217;Ebola, l&#8217;enl\u00e8vement fait aussi la une en province\"}]},{\"@type\":\"WebSite\",\"@id\":\"https:\\\/\\\/lesvolcansnews.net\\\/#website\",\"url\":\"https:\\\/\\\/lesvolcansnews.net\\\/\",\"name\":\"LES VOLCANS NEWS\",\"description\":\"L&#039;INFORMATION C&#039;EST NOUS\",\"potentialAction\":[{\"@type\":\"SearchAction\",\"target\":{\"@type\":\"EntryPoint\",\"urlTemplate\":\"https:\\\/\\\/lesvolcansnews.net\\\/?s={search_term_string}\"},\"query-input\":{\"@type\":\"PropertyValueSpecification\",\"valueRequired\":true,\"valueName\":\"search_term_string\"}}],\"inLanguage\":\"fr-FR\"},{\"@type\":\"Person\",\"@id\":\"https:\\\/\\\/lesvolcansnews.net\\\/#\\\/schema\\\/person\\\/82c8bed2e77879ecf6cca63441f57354\",\"name\":\"R\u00e9daction - Les Volcans News\",\"image\":{\"@type\":\"ImageObject\",\"inLanguage\":\"fr-FR\",\"@id\":\"https:\\\/\\\/secure.gravatar.com\\\/avatar\\\/8408942dd851e8a9c09f3d382a661bc05d2b3cd9002139bc1795b9528cdc6c80?s=96&d=mm&r=g\",\"url\":\"https:\\\/\\\/secure.gravatar.com\\\/avatar\\\/8408942dd851e8a9c09f3d382a661bc05d2b3cd9002139bc1795b9528cdc6c80?s=96&d=mm&r=g\",\"contentUrl\":\"https:\\\/\\\/secure.gravatar.com\\\/avatar\\\/8408942dd851e8a9c09f3d382a661bc05d2b3cd9002139bc1795b9528cdc6c80?s=96&d=mm&r=g\",\"caption\":\"R\u00e9daction - Les Volcans News\"},\"url\":\"https:\\\/\\\/lesvolcansnews.net\\\/?author=14\"}]}<\/script>\n<!-- \/ Yoast SEO plugin. -->","yoast_head_json":{"title":"Nord-Kivu: \u00c0 part l'Ebola, l'enl\u00e8vement fait aussi la une en province - LES VOLCANS NEWS","robots":{"index":"index","follow":"follow","max-snippet":"max-snippet:-1","max-image-preview":"max-image-preview:large","max-video-preview":"max-video-preview:-1"},"canonical":"https:\/\/lesvolcansnews.net\/?p=4021","og_locale":"fr_FR","og_type":"article","og_title":"Nord-Kivu: \u00c0 part l'Ebola, l'enl\u00e8vement fait aussi la une en province - LES VOLCANS NEWS","og_description":"\u00c0 part la persistance de la maladie \u00e0 virus Ebola en province du Nord-Kivu, les multiples cas d&#8217;enl\u00e8vements continuent \u00e0 se faire voir sur toute l&#8217;\u00e9tendue de la province plus","og_url":"https:\/\/lesvolcansnews.net\/?p=4021","og_site_name":"LES VOLCANS NEWS","article_published_time":"2019-07-21T11:26:27+00:00","article_modified_time":"2019-07-21T11:32:48+00:00","og_image":[{"width":731,"height":1024,"url":"https:\/\/lesvolcansnews.net\/wp-content\/uploads\/2019\/07\/IMG-20190721-WA0060.jpg","type":"image\/jpeg"}],"author":"R\u00e9daction - Les Volcans News","twitter_card":"summary_large_image","twitter_misc":{"\u00c9crit par":"R\u00e9daction - Les Volcans News","Dur\u00e9e de lecture estim\u00e9e":"1 minute"},"schema":{"@context":"https:\/\/schema.org","@graph":[{"@type":"Article","@id":"https:\/\/lesvolcansnews.net\/?p=4021#article","isPartOf":{"@id":"https:\/\/lesvolcansnews.net\/?p=4021"},"author":{"name":"R\u00e9daction - Les Volcans News","@id":"https:\/\/lesvolcansnews.net\/#\/schema\/person\/82c8bed2e77879ecf6cca63441f57354"},"headline":"Nord-Kivu: \u00c0 part l&#8217;Ebola, l&#8217;enl\u00e8vement fait aussi la une en province","datePublished":"2019-07-21T11:26:27+00:00","dateModified":"2019-07-21T11:32:48+00:00","mainEntityOfPage":{"@id":"https:\/\/lesvolcansnews.net\/?p=4021"},"wordCount":216,"commentCount":0,"image":{"@id":"https:\/\/lesvolcansnews.net\/?p=4021#primaryimage"},"thumbnailUrl":"https:\/\/lesvolcansnews.net\/wp-content\/uploads\/2019\/07\/IMG-20190721-WA0060.jpg","articleSection":["SOCIET\u00c9"],"inLanguage":"fr-FR","potentialAction":[{"@type":"CommentAction","name":"Comment","target":["https:\/\/lesvolcansnews.net\/?p=4021#respond"]}]},{"@type":"WebPage","@id":"https:\/\/lesvolcansnews.net\/?p=4021","url":"https:\/\/lesvolcansnews.net\/?p=4021","name":"Nord-Kivu: \u00c0 part l'Ebola, l'enl\u00e8vement fait aussi la une en province - LES VOLCANS NEWS","isPartOf":{"@id":"https:\/\/lesvolcansnews.net\/#website"},"primaryImageOfPage":{"@id":"https:\/\/lesvolcansnews.net\/?p=4021#primaryimage"},"image":{"@id":"https:\/\/lesvolcansnews.net\/?p=4021#primaryimage"},"thumbnailUrl":"https:\/\/lesvolcansnews.net\/wp-content\/uploads\/2019\/07\/IMG-20190721-WA0060.jpg","datePublished":"2019-07-21T11:26:27+00:00","dateModified":"2019-07-21T11:32:48+00:00","author":{"@id":"https:\/\/lesvolcansnews.net\/#\/schema\/person\/82c8bed2e77879ecf6cca63441f57354"},"breadcrumb":{"@id":"https:\/\/lesvolcansnews.net\/?p=4021#breadcrumb"},"inLanguage":"fr-FR","potentialAction":[{"@type":"ReadAction","target":["https:\/\/lesvolcansnews.net\/?p=4021"]}]},{"@type":"ImageObject","inLanguage":"fr-FR","@id":"https:\/\/lesvolcansnews.net\/?p=4021#primaryimage","url":"https:\/\/lesvolcansnews.net\/wp-content\/uploads\/2019\/07\/IMG-20190721-WA0060.jpg","contentUrl":"https:\/\/lesvolcansnews.net\/wp-content\/uploads\/2019\/07\/IMG-20190721-WA0060.jpg","width":731,"height":1024},{"@type":"BreadcrumbList","@id":"https:\/\/lesvolcansnews.net\/?p=4021#breadcrumb","itemListElement":[{"@type":"ListItem","position":1,"name":"Accueil","item":"https:\/\/lesvolcansnews.net\/"},{"@type":"ListItem","position":2,"name":"Nord-Kivu: \u00c0 part l&#8217;Ebola, l&#8217;enl\u00e8vement fait aussi la une en province"}]},{"@type":"WebSite","@id":"https:\/\/lesvolcansnews.net\/#website","url":"https:\/\/lesvolcansnews.net\/","name":"LES VOLCANS NEWS","description":"L&#039;INFORMATION C&#039;EST NOUS","potentialAction":[{"@type":"SearchAction","target":{"@type":"EntryPoint","urlTemplate":"https:\/\/lesvolcansnews.net\/?s={search_term_string}"},"query-input":{"@type":"PropertyValueSpecification","valueRequired":true,"valueName":"search_term_string"}}],"inLanguage":"fr-FR"},{"@type":"Person","@id":"https:\/\/lesvolcansnews.net\/#\/schema\/person\/82c8bed2e77879ecf6cca63441f57354","name":"R\u00e9daction - Les Volcans News","image":{"@type":"ImageObject","inLanguage":"fr-FR","@id":"https:\/\/secure.gravatar.com\/avatar\/8408942dd851e8a9c09f3d382a661bc05d2b3cd9002139bc1795b9528cdc6c80?s=96&d=mm&r=g","url":"https:\/\/secure.gravatar.com\/avatar\/8408942dd851e8a9c09f3d382a661bc05d2b3cd9002139bc1795b9528cdc6c80?s=96&d=mm&r=g","contentUrl":"https:\/\/secure.gravatar.com\/avatar\/8408942dd851e8a9c09f3d382a661bc05d2b3cd9002139bc1795b9528cdc6c80?s=96&d=mm&r=g","caption":"R\u00e9daction - Les Volcans News"},"url":"https:\/\/lesvolcansnews.net\/?author=14"}]}},"_links":{"self":[{"href":"https:\/\/lesvolcansnews.net\/index.php?rest_route=\/wp\/v2\/posts\/4021","targetHints":{"allow":["GET"]}}],"collection":[{"href":"https:\/\/lesvolcansnews.net\/index.php?rest_route=\/wp\/v2\/posts"}],"about":[{"href":"https:\/\/lesvolcansnews.net\/index.php?rest_route=\/wp\/v2\/types\/post"}],"author":[{"embeddable":true,"href":"https:\/\/lesvolcansnews.net\/index.php?rest_route=\/wp\/v2\/users\/14"}],"replies":[{"embeddable":true,"href":"https:\/\/lesvolcansnews.net\/index.php?rest_route=%2Fwp%2Fv2%2Fcomments&post=4021"}],"version-history":[{"count":1,"href":"https:\/\/lesvolcansnews.net\/index.php?rest_route=\/wp\/v2\/posts\/4021\/revisions"}],"predecessor-version":[{"id":4022,"href":"https:\/\/lesvolcansnews.net\/index.php?rest_route=\/wp\/v2\/posts\/4021\/revisions\/4022"}],"wp:featuredmedia":[{"embeddable":true,"href":"https:\/\/lesvolcansnews.net\/index.php?rest_route=\/wp\/v2\/media\/4020"}],"wp:attachment":[{"href":"https:\/\/lesvolcansnews.net\/index.php?rest_route=%2Fwp%2Fv2%2Fmedia&parent=4021"}],"wp:term":[{"taxonomy":"category","embeddable":true,"href":"https:\/\/lesvolcansnews.net\/index.php?rest_route=%2Fwp%2Fv2%2Fcategories&post=4021"},{"taxonomy":"post_tag","embeddable":true,"href":"https:\/\/lesvolcansnews.net\/index.php?rest_route=%2Fwp%2Fv2%2Ftags&post=4021"}],"curies":[{"name":"wp","href":"https:\/\/api.w.org\/{rel}","templated":true}]}}