{"id":4011,"date":"2019-07-19T10:02:41","date_gmt":"2019-07-19T10:02:41","guid":{"rendered":"http:\/\/lesvolcansnews.net\/2019\/07\/19\/caf-constant-omari-succede-au-nigerian-amaju-malvin-a-la-1ere-vice-presidence\/"},"modified":"2019-07-19T10:02:41","modified_gmt":"2019-07-19T10:02:41","slug":"caf-constant-omari-succede-au-nigerian-amaju-malvin-a-la-1ere-vice-presidence","status":"publish","type":"post","link":"https:\/\/lesvolcansnews.net\/?p=4011","title":{"rendered":"CAF: constant Omari succ\u00e8de au nig\u00e9rian Amaju Malvin \u00e0 la 1ere vice-pr\u00e9sidence"},"content":{"rendered":"<p>Deuxi\u00e8me vice-pr\u00e9sident de la conf\u00e9d\u00e9ration africaine de football \u00e0 l&#8217;\u00e9lection du malgache Ahmad Ahmad \u00e0 la t\u00eate de l&#8217;instance dirigeante du football africain au mois de mai 2017 en remplacement du camerounais issa hayatou ,constant Omari Selelemani a \u00e9t\u00e9 \u00e9lev\u00e9 au rang du premier vice-pr\u00e9sident de la CAF ce jeudi le 18 juillet 2019 lors de l&#8217;Assembl\u00e9e g\u00e9n\u00e9rale ordinaire de l&#8217;organe qui g\u00e8re le football africain au Caire en \u00c9gypte a la veille de la cl\u00f4ture de la coupe d&#8217;Afrique des nations par une finale entre le S\u00e9n\u00e9gal et l&#8217;Alg\u00e9rie au stade international du Caire qui aura lieu ce vendredi le 19 juillet 2019.<br \/>\nCe dernier \u00e9tait d\u00e9test\u00e9 et pouss\u00e9 \u00e0 d\u00e9missionner \u00e0 la t\u00eate de la f\u00e9d\u00e9ration congolaise de football association qu&#8217;il dirige depuis 2003 suite \u00e0 la mauvaise prestation des l\u00e9opards \u00e0 la coupe d&#8217;Afrique des Nations \u00c9gypte 2019, d\u00e9class\u00e9s en huiti\u00e8me de finale par le Madagascar sur un score de 4-2, dans une s\u00e9ance de tir au but au terme d&#8217;un match nul de 2-2 apr\u00e8s prolongation. Constant Omari ne fait cependant que monter des \u00e9chelons sur le continent et dans le monde, \u00e9tant \u00e9galement membre du conseil \u00e0 la F\u00e9d\u00e9ration Internationale de Football Association (FIFA).<br \/>\nEst-il possible qu&#8217;il continue \u00e0 diriger la FECOFA avec toutes les charges qui p\u00e8sent sur lui \u00e0 la CAF et la FIFA ? L\u2019avenir tous en dira plus avec les menaces d\u2019une structure d\u00e9nomm\u00e9e Tshilombo toutes tendances, 3T en sigle, qui projette le 24 juillet une marche r\u00e9clamant son d\u00e9part \u00e0 la t\u00eate de la FECOFA.<\/p>\n<p><strong><em>Georges ben Muhima <\/em><\/strong><\/p>\n","protected":false},"excerpt":{"rendered":"<p>Deuxi\u00e8me vice-pr\u00e9sident de la conf\u00e9d\u00e9ration africaine de football \u00e0 l&#8217;\u00e9lection du malgache Ahmad Ahmad \u00e0 la t\u00eate de l&#8217;instance dirigeante du football africain au mois de mai 2017 en remplacement<\/p>\n","protected":false},"author":14,"featured_media":4010,"comment_status":"open","ping_status":"open","sticky":false,"template":"","format":"standard","meta":{"footnotes":""},"categories":[11],"tags":[],"class_list":["post-4011","post","type-post","status-publish","format-standard","has-post-thumbnail","hentry","category-sports"],"yoast_head":"<!-- This site is optimized with the Yoast SEO plugin v27.3 - https:\/\/yoast.com\/product\/yoast-seo-wordpress\/ -->\n<title>CAF: constant Omari succ\u00e8de au nig\u00e9rian Amaju Malvin \u00e0 la 1ere vice-pr\u00e9sidence - LES VOLCANS NEWS<\/title>\n<meta name=\"robots\" content=\"index, follow, max-snippet:-1, max-image-preview:large, max-video-preview:-1\" \/>\n<link rel=\"canonical\" href=\"https:\/\/lesvolcansnews.net\/?p=4011\" \/>\n<meta property=\"og:locale\" content=\"fr_FR\" \/>\n<meta property=\"og:type\" content=\"article\" \/>\n<meta property=\"og:title\" content=\"CAF: constant Omari succ\u00e8de au nig\u00e9rian Amaju Malvin \u00e0 la 1ere vice-pr\u00e9sidence - LES VOLCANS NEWS\" \/>\n<meta property=\"og:description\" content=\"Deuxi\u00e8me vice-pr\u00e9sident de la conf\u00e9d\u00e9ration africaine de football \u00e0 l&#8217;\u00e9lection du malgache Ahmad Ahmad \u00e0 la t\u00eate de l&#8217;instance dirigeante du football africain au mois de mai 2017 en remplacement\" \/>\n<meta property=\"og:url\" content=\"https:\/\/lesvolcansnews.net\/?p=4011\" \/>\n<meta property=\"og:site_name\" content=\"LES VOLCANS NEWS\" \/>\n<meta property=\"article:published_time\" content=\"2019-07-19T10:02:41+00:00\" \/>\n<meta property=\"og:image\" content=\"https:\/\/lesvolcansnews.net\/wp-content\/uploads\/2019\/07\/IMG-20190719-WA0005.jpg\" \/>\n\t<meta property=\"og:image:width\" content=\"316\" \/>\n\t<meta property=\"og:image:height\" content=\"257\" \/>\n\t<meta property=\"og:image:type\" content=\"image\/jpeg\" \/>\n<meta name=\"author\" content=\"R\u00e9daction - Les Volcans News\" \/>\n<meta name=\"twitter:card\" content=\"summary_large_image\" \/>\n<meta name=\"twitter:label1\" content=\"\u00c9crit par\" \/>\n\t<meta name=\"twitter:data1\" content=\"R\u00e9daction - Les Volcans News\" \/>\n\t<meta name=\"twitter:label2\" content=\"Dur\u00e9e de lecture estim\u00e9e\" \/>\n\t<meta name=\"twitter:data2\" content=\"1 minute\" \/>\n<script type=\"application\/ld+json\" class=\"yoast-schema-graph\">{\"@context\":\"https:\\\/\\\/schema.org\",\"@graph\":[{\"@type\":\"Article\",\"@id\":\"https:\\\/\\\/lesvolcansnews.net\\\/?p=4011#article\",\"isPartOf\":{\"@id\":\"https:\\\/\\\/lesvolcansnews.net\\\/?p=4011\"},\"author\":{\"name\":\"R\u00e9daction - Les Volcans News\",\"@id\":\"https:\\\/\\\/lesvolcansnews.net\\\/#\\\/schema\\\/person\\\/82c8bed2e77879ecf6cca63441f57354\"},\"headline\":\"CAF: constant Omari succ\u00e8de au nig\u00e9rian Amaju Malvin \u00e0 la 1ere vice-pr\u00e9sidence\",\"datePublished\":\"2019-07-19T10:02:41+00:00\",\"mainEntityOfPage\":{\"@id\":\"https:\\\/\\\/lesvolcansnews.net\\\/?p=4011\"},\"wordCount\":298,\"commentCount\":0,\"image\":{\"@id\":\"https:\\\/\\\/lesvolcansnews.net\\\/?p=4011#primaryimage\"},\"thumbnailUrl\":\"https:\\\/\\\/lesvolcansnews.net\\\/wp-content\\\/uploads\\\/2019\\\/07\\\/IMG-20190719-WA0005.jpg\",\"articleSection\":[\"SPORTS\"],\"inLanguage\":\"fr-FR\",\"potentialAction\":[{\"@type\":\"CommentAction\",\"name\":\"Comment\",\"target\":[\"https:\\\/\\\/lesvolcansnews.net\\\/?p=4011#respond\"]}]},{\"@type\":\"WebPage\",\"@id\":\"https:\\\/\\\/lesvolcansnews.net\\\/?p=4011\",\"url\":\"https:\\\/\\\/lesvolcansnews.net\\\/?p=4011\",\"name\":\"CAF: constant Omari succ\u00e8de au nig\u00e9rian Amaju Malvin \u00e0 la 1ere vice-pr\u00e9sidence - LES VOLCANS NEWS\",\"isPartOf\":{\"@id\":\"https:\\\/\\\/lesvolcansnews.net\\\/#website\"},\"primaryImageOfPage\":{\"@id\":\"https:\\\/\\\/lesvolcansnews.net\\\/?p=4011#primaryimage\"},\"image\":{\"@id\":\"https:\\\/\\\/lesvolcansnews.net\\\/?p=4011#primaryimage\"},\"thumbnailUrl\":\"https:\\\/\\\/lesvolcansnews.net\\\/wp-content\\\/uploads\\\/2019\\\/07\\\/IMG-20190719-WA0005.jpg\",\"datePublished\":\"2019-07-19T10:02:41+00:00\",\"author\":{\"@id\":\"https:\\\/\\\/lesvolcansnews.net\\\/#\\\/schema\\\/person\\\/82c8bed2e77879ecf6cca63441f57354\"},\"breadcrumb\":{\"@id\":\"https:\\\/\\\/lesvolcansnews.net\\\/?p=4011#breadcrumb\"},\"inLanguage\":\"fr-FR\",\"potentialAction\":[{\"@type\":\"ReadAction\",\"target\":[\"https:\\\/\\\/lesvolcansnews.net\\\/?p=4011\"]}]},{\"@type\":\"ImageObject\",\"inLanguage\":\"fr-FR\",\"@id\":\"https:\\\/\\\/lesvolcansnews.net\\\/?p=4011#primaryimage\",\"url\":\"https:\\\/\\\/lesvolcansnews.net\\\/wp-content\\\/uploads\\\/2019\\\/07\\\/IMG-20190719-WA0005.jpg\",\"contentUrl\":\"https:\\\/\\\/lesvolcansnews.net\\\/wp-content\\\/uploads\\\/2019\\\/07\\\/IMG-20190719-WA0005.jpg\",\"width\":316,\"height\":257},{\"@type\":\"BreadcrumbList\",\"@id\":\"https:\\\/\\\/lesvolcansnews.net\\\/?p=4011#breadcrumb\",\"itemListElement\":[{\"@type\":\"ListItem\",\"position\":1,\"name\":\"Accueil\",\"item\":\"https:\\\/\\\/lesvolcansnews.net\\\/\"},{\"@type\":\"ListItem\",\"position\":2,\"name\":\"CAF: constant Omari succ\u00e8de au nig\u00e9rian Amaju Malvin \u00e0 la 1ere vice-pr\u00e9sidence\"}]},{\"@type\":\"WebSite\",\"@id\":\"https:\\\/\\\/lesvolcansnews.net\\\/#website\",\"url\":\"https:\\\/\\\/lesvolcansnews.net\\\/\",\"name\":\"LES VOLCANS NEWS\",\"description\":\"L&#039;INFORMATION C&#039;EST NOUS\",\"potentialAction\":[{\"@type\":\"SearchAction\",\"target\":{\"@type\":\"EntryPoint\",\"urlTemplate\":\"https:\\\/\\\/lesvolcansnews.net\\\/?s={search_term_string}\"},\"query-input\":{\"@type\":\"PropertyValueSpecification\",\"valueRequired\":true,\"valueName\":\"search_term_string\"}}],\"inLanguage\":\"fr-FR\"},{\"@type\":\"Person\",\"@id\":\"https:\\\/\\\/lesvolcansnews.net\\\/#\\\/schema\\\/person\\\/82c8bed2e77879ecf6cca63441f57354\",\"name\":\"R\u00e9daction - Les Volcans News\",\"image\":{\"@type\":\"ImageObject\",\"inLanguage\":\"fr-FR\",\"@id\":\"https:\\\/\\\/secure.gravatar.com\\\/avatar\\\/8408942dd851e8a9c09f3d382a661bc05d2b3cd9002139bc1795b9528cdc6c80?s=96&d=mm&r=g\",\"url\":\"https:\\\/\\\/secure.gravatar.com\\\/avatar\\\/8408942dd851e8a9c09f3d382a661bc05d2b3cd9002139bc1795b9528cdc6c80?s=96&d=mm&r=g\",\"contentUrl\":\"https:\\\/\\\/secure.gravatar.com\\\/avatar\\\/8408942dd851e8a9c09f3d382a661bc05d2b3cd9002139bc1795b9528cdc6c80?s=96&d=mm&r=g\",\"caption\":\"R\u00e9daction - Les Volcans News\"},\"url\":\"https:\\\/\\\/lesvolcansnews.net\\\/?author=14\"}]}<\/script>\n<!-- \/ Yoast SEO plugin. -->","yoast_head_json":{"title":"CAF: constant Omari succ\u00e8de au nig\u00e9rian Amaju Malvin \u00e0 la 1ere vice-pr\u00e9sidence - LES VOLCANS NEWS","robots":{"index":"index","follow":"follow","max-snippet":"max-snippet:-1","max-image-preview":"max-image-preview:large","max-video-preview":"max-video-preview:-1"},"canonical":"https:\/\/lesvolcansnews.net\/?p=4011","og_locale":"fr_FR","og_type":"article","og_title":"CAF: constant Omari succ\u00e8de au nig\u00e9rian Amaju Malvin \u00e0 la 1ere vice-pr\u00e9sidence - LES VOLCANS NEWS","og_description":"Deuxi\u00e8me vice-pr\u00e9sident de la conf\u00e9d\u00e9ration africaine de football \u00e0 l&#8217;\u00e9lection du malgache Ahmad Ahmad \u00e0 la t\u00eate de l&#8217;instance dirigeante du football africain au mois de mai 2017 en remplacement","og_url":"https:\/\/lesvolcansnews.net\/?p=4011","og_site_name":"LES VOLCANS NEWS","article_published_time":"2019-07-19T10:02:41+00:00","og_image":[{"width":316,"height":257,"url":"https:\/\/lesvolcansnews.net\/wp-content\/uploads\/2019\/07\/IMG-20190719-WA0005.jpg","type":"image\/jpeg"}],"author":"R\u00e9daction - Les Volcans News","twitter_card":"summary_large_image","twitter_misc":{"\u00c9crit par":"R\u00e9daction - Les Volcans News","Dur\u00e9e de lecture estim\u00e9e":"1 minute"},"schema":{"@context":"https:\/\/schema.org","@graph":[{"@type":"Article","@id":"https:\/\/lesvolcansnews.net\/?p=4011#article","isPartOf":{"@id":"https:\/\/lesvolcansnews.net\/?p=4011"},"author":{"name":"R\u00e9daction - Les Volcans News","@id":"https:\/\/lesvolcansnews.net\/#\/schema\/person\/82c8bed2e77879ecf6cca63441f57354"},"headline":"CAF: constant Omari succ\u00e8de au nig\u00e9rian Amaju Malvin \u00e0 la 1ere vice-pr\u00e9sidence","datePublished":"2019-07-19T10:02:41+00:00","mainEntityOfPage":{"@id":"https:\/\/lesvolcansnews.net\/?p=4011"},"wordCount":298,"commentCount":0,"image":{"@id":"https:\/\/lesvolcansnews.net\/?p=4011#primaryimage"},"thumbnailUrl":"https:\/\/lesvolcansnews.net\/wp-content\/uploads\/2019\/07\/IMG-20190719-WA0005.jpg","articleSection":["SPORTS"],"inLanguage":"fr-FR","potentialAction":[{"@type":"CommentAction","name":"Comment","target":["https:\/\/lesvolcansnews.net\/?p=4011#respond"]}]},{"@type":"WebPage","@id":"https:\/\/lesvolcansnews.net\/?p=4011","url":"https:\/\/lesvolcansnews.net\/?p=4011","name":"CAF: constant Omari succ\u00e8de au nig\u00e9rian Amaju Malvin \u00e0 la 1ere vice-pr\u00e9sidence - LES VOLCANS NEWS","isPartOf":{"@id":"https:\/\/lesvolcansnews.net\/#website"},"primaryImageOfPage":{"@id":"https:\/\/lesvolcansnews.net\/?p=4011#primaryimage"},"image":{"@id":"https:\/\/lesvolcansnews.net\/?p=4011#primaryimage"},"thumbnailUrl":"https:\/\/lesvolcansnews.net\/wp-content\/uploads\/2019\/07\/IMG-20190719-WA0005.jpg","datePublished":"2019-07-19T10:02:41+00:00","author":{"@id":"https:\/\/lesvolcansnews.net\/#\/schema\/person\/82c8bed2e77879ecf6cca63441f57354"},"breadcrumb":{"@id":"https:\/\/lesvolcansnews.net\/?p=4011#breadcrumb"},"inLanguage":"fr-FR","potentialAction":[{"@type":"ReadAction","target":["https:\/\/lesvolcansnews.net\/?p=4011"]}]},{"@type":"ImageObject","inLanguage":"fr-FR","@id":"https:\/\/lesvolcansnews.net\/?p=4011#primaryimage","url":"https:\/\/lesvolcansnews.net\/wp-content\/uploads\/2019\/07\/IMG-20190719-WA0005.jpg","contentUrl":"https:\/\/lesvolcansnews.net\/wp-content\/uploads\/2019\/07\/IMG-20190719-WA0005.jpg","width":316,"height":257},{"@type":"BreadcrumbList","@id":"https:\/\/lesvolcansnews.net\/?p=4011#breadcrumb","itemListElement":[{"@type":"ListItem","position":1,"name":"Accueil","item":"https:\/\/lesvolcansnews.net\/"},{"@type":"ListItem","position":2,"name":"CAF: constant Omari succ\u00e8de au nig\u00e9rian Amaju Malvin \u00e0 la 1ere vice-pr\u00e9sidence"}]},{"@type":"WebSite","@id":"https:\/\/lesvolcansnews.net\/#website","url":"https:\/\/lesvolcansnews.net\/","name":"LES VOLCANS NEWS","description":"L&#039;INFORMATION C&#039;EST NOUS","potentialAction":[{"@type":"SearchAction","target":{"@type":"EntryPoint","urlTemplate":"https:\/\/lesvolcansnews.net\/?s={search_term_string}"},"query-input":{"@type":"PropertyValueSpecification","valueRequired":true,"valueName":"search_term_string"}}],"inLanguage":"fr-FR"},{"@type":"Person","@id":"https:\/\/lesvolcansnews.net\/#\/schema\/person\/82c8bed2e77879ecf6cca63441f57354","name":"R\u00e9daction - Les Volcans News","image":{"@type":"ImageObject","inLanguage":"fr-FR","@id":"https:\/\/secure.gravatar.com\/avatar\/8408942dd851e8a9c09f3d382a661bc05d2b3cd9002139bc1795b9528cdc6c80?s=96&d=mm&r=g","url":"https:\/\/secure.gravatar.com\/avatar\/8408942dd851e8a9c09f3d382a661bc05d2b3cd9002139bc1795b9528cdc6c80?s=96&d=mm&r=g","contentUrl":"https:\/\/secure.gravatar.com\/avatar\/8408942dd851e8a9c09f3d382a661bc05d2b3cd9002139bc1795b9528cdc6c80?s=96&d=mm&r=g","caption":"R\u00e9daction - Les Volcans News"},"url":"https:\/\/lesvolcansnews.net\/?author=14"}]}},"_links":{"self":[{"href":"https:\/\/lesvolcansnews.net\/index.php?rest_route=\/wp\/v2\/posts\/4011","targetHints":{"allow":["GET"]}}],"collection":[{"href":"https:\/\/lesvolcansnews.net\/index.php?rest_route=\/wp\/v2\/posts"}],"about":[{"href":"https:\/\/lesvolcansnews.net\/index.php?rest_route=\/wp\/v2\/types\/post"}],"author":[{"embeddable":true,"href":"https:\/\/lesvolcansnews.net\/index.php?rest_route=\/wp\/v2\/users\/14"}],"replies":[{"embeddable":true,"href":"https:\/\/lesvolcansnews.net\/index.php?rest_route=%2Fwp%2Fv2%2Fcomments&post=4011"}],"version-history":[{"count":0,"href":"https:\/\/lesvolcansnews.net\/index.php?rest_route=\/wp\/v2\/posts\/4011\/revisions"}],"wp:featuredmedia":[{"embeddable":true,"href":"https:\/\/lesvolcansnews.net\/index.php?rest_route=\/wp\/v2\/media\/4010"}],"wp:attachment":[{"href":"https:\/\/lesvolcansnews.net\/index.php?rest_route=%2Fwp%2Fv2%2Fmedia&parent=4011"}],"wp:term":[{"taxonomy":"category","embeddable":true,"href":"https:\/\/lesvolcansnews.net\/index.php?rest_route=%2Fwp%2Fv2%2Fcategories&post=4011"},{"taxonomy":"post_tag","embeddable":true,"href":"https:\/\/lesvolcansnews.net\/index.php?rest_route=%2Fwp%2Fv2%2Ftags&post=4011"}],"curies":[{"name":"wp","href":"https:\/\/api.w.org\/{rel}","templated":true}]}}