{"id":3999,"date":"2019-07-18T19:03:01","date_gmt":"2019-07-18T19:03:01","guid":{"rendered":"http:\/\/lesvolcansnews.net\/?p=3999"},"modified":"2019-07-18T19:03:01","modified_gmt":"2019-07-18T19:03:01","slug":"foot-rdc-que-la-fecofa-degage-une-marche-pacifique-annoncee-dici-24-juillet","status":"publish","type":"post","link":"https:\/\/lesvolcansnews.net\/?p=3999","title":{"rendered":"Foot-Rdc: Que la FECOFA d\u00e9gage, une marche pacifique annonc\u00e9e d&#8217;ici 24 juillet"},"content":{"rendered":"<p>Pourtant que la f\u00e9d\u00e9ration congolaise de football association (Fecofa) projette une r\u00e9union d&#8217;\u00e9valuation avec son staff ex\u00e9cutif, c&#8217;est l&#8217;Asbl Tshilombo-Toutes-Tandances (3T) qui devance cette instance.<br \/>\nC&#8217;est dans une lettre agress\u00e9e au Gouverneur de la ville province de Kinshasa, Gombila sollicitant ainsi l&#8217;encadrement de cette marche pacifique par la police nationale congolaise.<\/p>\n<p>C&#8217;est comme on peut le lire ci-dessous<\/p>\n<p>&#8221; <em>Notre Asbl d\u00e9nomm\u00e9e Tshilombo-Toutes-Tendances, 3T en sigle, organise une marche pacifique pour demander le d\u00e9part (d\u00e9mission) de monsieur Constant Omari Selemani et tout son staff \u00e0 la t\u00eate de la f\u00e9d\u00e9ration congolaise de football association (FECOFA) en sigle ce mercredi \u00e0 partir de 9 heures<\/em> (&#8230; ) &#8220;, peut-on lire dans la correspondance adress\u00e9e le mardi 16 juillet au Gouverneur de Kinshasa.<br \/>\nQuelques jours seulement apr\u00e8s l&#8217;\u00e9limination pr\u00e9coce des L\u00e9opards en huiti\u00e8me de finale de la 32\u00e8me Coupe d&#8217;Afrique des Nations, les voix se l\u00e8vent exigeant ainsi les d\u00e9parts du pr\u00e9sident de la FECOFA, Constant Omari Selemani , son staff ex\u00e9cutif et l&#8217;entraineur principal des fauves congolais Flo Ibenge.<\/p>\n<p>&#8221; <em>Nous lancerons officiellement une p\u00e9tition pour que les congolaises et les congolais d\u00e9cident de l&#8217;avenir de cette f\u00e9d\u00e9ration qui n&#8217;a jamais eu des couleurs ethnique, tribale et politique <\/em>&#8220;, d\u00e9clare l&#8217;asbl dans la lettre.<br \/>\nPour rappel, la RDC a \u00e9t\u00e9 \u00e9limin\u00e9 en huiti\u00e8me de finale par l&#8217;inattendu Madagascar , le 07 juillet dernier apr\u00e8s la fatidique s\u00e9ance des tirs au but (2-4).<\/p>\n<p>Cedrick Sadiki Mbala<\/p>\n","protected":false},"excerpt":{"rendered":"<p>Pourtant que la f\u00e9d\u00e9ration congolaise de football association (Fecofa) projette une r\u00e9union d&#8217;\u00e9valuation avec son staff ex\u00e9cutif, c&#8217;est l&#8217;Asbl Tshilombo-Toutes-Tandances (3T) qui devance cette instance. C&#8217;est dans une lettre agress\u00e9e<\/p>\n","protected":false},"author":14,"featured_media":3998,"comment_status":"open","ping_status":"open","sticky":false,"template":"","format":"standard","meta":{"footnotes":""},"categories":[11],"tags":[],"class_list":["post-3999","post","type-post","status-publish","format-standard","has-post-thumbnail","hentry","category-sports"],"yoast_head":"<!-- This site is optimized with the Yoast SEO plugin v27.3 - https:\/\/yoast.com\/product\/yoast-seo-wordpress\/ -->\n<title>Foot-Rdc: Que la FECOFA d\u00e9gage, une marche pacifique annonc\u00e9e d&#039;ici 24 juillet - LES VOLCANS NEWS<\/title>\n<meta name=\"robots\" content=\"index, follow, max-snippet:-1, max-image-preview:large, max-video-preview:-1\" \/>\n<link rel=\"canonical\" href=\"https:\/\/lesvolcansnews.net\/?p=3999\" \/>\n<meta property=\"og:locale\" content=\"fr_FR\" \/>\n<meta property=\"og:type\" content=\"article\" \/>\n<meta property=\"og:title\" content=\"Foot-Rdc: Que la FECOFA d\u00e9gage, une marche pacifique annonc\u00e9e d&#039;ici 24 juillet - LES VOLCANS NEWS\" \/>\n<meta property=\"og:description\" content=\"Pourtant que la f\u00e9d\u00e9ration congolaise de football association (Fecofa) projette une r\u00e9union d&#8217;\u00e9valuation avec son staff ex\u00e9cutif, c&#8217;est l&#8217;Asbl Tshilombo-Toutes-Tandances (3T) qui devance cette instance. C&#8217;est dans une lettre agress\u00e9e\" \/>\n<meta property=\"og:url\" content=\"https:\/\/lesvolcansnews.net\/?p=3999\" \/>\n<meta property=\"og:site_name\" content=\"LES VOLCANS NEWS\" \/>\n<meta property=\"article:published_time\" content=\"2019-07-18T19:03:01+00:00\" \/>\n<meta property=\"og:image\" content=\"https:\/\/lesvolcansnews.net\/wp-content\/uploads\/2019\/07\/IMG-20190718-WA0164.jpg\" \/>\n\t<meta property=\"og:image:width\" content=\"477\" \/>\n\t<meta property=\"og:image:height\" content=\"308\" \/>\n\t<meta property=\"og:image:type\" content=\"image\/jpeg\" \/>\n<meta name=\"author\" content=\"R\u00e9daction - Les Volcans News\" \/>\n<meta name=\"twitter:card\" content=\"summary_large_image\" \/>\n<meta name=\"twitter:label1\" content=\"\u00c9crit par\" \/>\n\t<meta name=\"twitter:data1\" content=\"R\u00e9daction - Les Volcans News\" \/>\n\t<meta name=\"twitter:label2\" content=\"Dur\u00e9e de lecture estim\u00e9e\" \/>\n\t<meta name=\"twitter:data2\" content=\"1 minute\" \/>\n<script type=\"application\/ld+json\" class=\"yoast-schema-graph\">{\"@context\":\"https:\\\/\\\/schema.org\",\"@graph\":[{\"@type\":\"Article\",\"@id\":\"https:\\\/\\\/lesvolcansnews.net\\\/?p=3999#article\",\"isPartOf\":{\"@id\":\"https:\\\/\\\/lesvolcansnews.net\\\/?p=3999\"},\"author\":{\"name\":\"R\u00e9daction - Les Volcans News\",\"@id\":\"https:\\\/\\\/lesvolcansnews.net\\\/#\\\/schema\\\/person\\\/82c8bed2e77879ecf6cca63441f57354\"},\"headline\":\"Foot-Rdc: Que la FECOFA d\u00e9gage, une marche pacifique annonc\u00e9e d&#8217;ici 24 juillet\",\"datePublished\":\"2019-07-18T19:03:01+00:00\",\"mainEntityOfPage\":{\"@id\":\"https:\\\/\\\/lesvolcansnews.net\\\/?p=3999\"},\"wordCount\":277,\"commentCount\":0,\"image\":{\"@id\":\"https:\\\/\\\/lesvolcansnews.net\\\/?p=3999#primaryimage\"},\"thumbnailUrl\":\"https:\\\/\\\/lesvolcansnews.net\\\/wp-content\\\/uploads\\\/2019\\\/07\\\/IMG-20190718-WA0164.jpg\",\"articleSection\":[\"SPORTS\"],\"inLanguage\":\"fr-FR\",\"potentialAction\":[{\"@type\":\"CommentAction\",\"name\":\"Comment\",\"target\":[\"https:\\\/\\\/lesvolcansnews.net\\\/?p=3999#respond\"]}]},{\"@type\":\"WebPage\",\"@id\":\"https:\\\/\\\/lesvolcansnews.net\\\/?p=3999\",\"url\":\"https:\\\/\\\/lesvolcansnews.net\\\/?p=3999\",\"name\":\"Foot-Rdc: Que la FECOFA d\u00e9gage, une marche pacifique annonc\u00e9e d'ici 24 juillet - LES VOLCANS NEWS\",\"isPartOf\":{\"@id\":\"https:\\\/\\\/lesvolcansnews.net\\\/#website\"},\"primaryImageOfPage\":{\"@id\":\"https:\\\/\\\/lesvolcansnews.net\\\/?p=3999#primaryimage\"},\"image\":{\"@id\":\"https:\\\/\\\/lesvolcansnews.net\\\/?p=3999#primaryimage\"},\"thumbnailUrl\":\"https:\\\/\\\/lesvolcansnews.net\\\/wp-content\\\/uploads\\\/2019\\\/07\\\/IMG-20190718-WA0164.jpg\",\"datePublished\":\"2019-07-18T19:03:01+00:00\",\"author\":{\"@id\":\"https:\\\/\\\/lesvolcansnews.net\\\/#\\\/schema\\\/person\\\/82c8bed2e77879ecf6cca63441f57354\"},\"breadcrumb\":{\"@id\":\"https:\\\/\\\/lesvolcansnews.net\\\/?p=3999#breadcrumb\"},\"inLanguage\":\"fr-FR\",\"potentialAction\":[{\"@type\":\"ReadAction\",\"target\":[\"https:\\\/\\\/lesvolcansnews.net\\\/?p=3999\"]}]},{\"@type\":\"ImageObject\",\"inLanguage\":\"fr-FR\",\"@id\":\"https:\\\/\\\/lesvolcansnews.net\\\/?p=3999#primaryimage\",\"url\":\"https:\\\/\\\/lesvolcansnews.net\\\/wp-content\\\/uploads\\\/2019\\\/07\\\/IMG-20190718-WA0164.jpg\",\"contentUrl\":\"https:\\\/\\\/lesvolcansnews.net\\\/wp-content\\\/uploads\\\/2019\\\/07\\\/IMG-20190718-WA0164.jpg\",\"width\":477,\"height\":308},{\"@type\":\"BreadcrumbList\",\"@id\":\"https:\\\/\\\/lesvolcansnews.net\\\/?p=3999#breadcrumb\",\"itemListElement\":[{\"@type\":\"ListItem\",\"position\":1,\"name\":\"Accueil\",\"item\":\"https:\\\/\\\/lesvolcansnews.net\\\/\"},{\"@type\":\"ListItem\",\"position\":2,\"name\":\"Foot-Rdc: Que la FECOFA d\u00e9gage, une marche pacifique annonc\u00e9e d&#8217;ici 24 juillet\"}]},{\"@type\":\"WebSite\",\"@id\":\"https:\\\/\\\/lesvolcansnews.net\\\/#website\",\"url\":\"https:\\\/\\\/lesvolcansnews.net\\\/\",\"name\":\"LES VOLCANS NEWS\",\"description\":\"L&#039;INFORMATION C&#039;EST NOUS\",\"potentialAction\":[{\"@type\":\"SearchAction\",\"target\":{\"@type\":\"EntryPoint\",\"urlTemplate\":\"https:\\\/\\\/lesvolcansnews.net\\\/?s={search_term_string}\"},\"query-input\":{\"@type\":\"PropertyValueSpecification\",\"valueRequired\":true,\"valueName\":\"search_term_string\"}}],\"inLanguage\":\"fr-FR\"},{\"@type\":\"Person\",\"@id\":\"https:\\\/\\\/lesvolcansnews.net\\\/#\\\/schema\\\/person\\\/82c8bed2e77879ecf6cca63441f57354\",\"name\":\"R\u00e9daction - Les Volcans News\",\"image\":{\"@type\":\"ImageObject\",\"inLanguage\":\"fr-FR\",\"@id\":\"https:\\\/\\\/secure.gravatar.com\\\/avatar\\\/8408942dd851e8a9c09f3d382a661bc05d2b3cd9002139bc1795b9528cdc6c80?s=96&d=mm&r=g\",\"url\":\"https:\\\/\\\/secure.gravatar.com\\\/avatar\\\/8408942dd851e8a9c09f3d382a661bc05d2b3cd9002139bc1795b9528cdc6c80?s=96&d=mm&r=g\",\"contentUrl\":\"https:\\\/\\\/secure.gravatar.com\\\/avatar\\\/8408942dd851e8a9c09f3d382a661bc05d2b3cd9002139bc1795b9528cdc6c80?s=96&d=mm&r=g\",\"caption\":\"R\u00e9daction - Les Volcans News\"},\"url\":\"https:\\\/\\\/lesvolcansnews.net\\\/?author=14\"}]}<\/script>\n<!-- \/ Yoast SEO plugin. -->","yoast_head_json":{"title":"Foot-Rdc: Que la FECOFA d\u00e9gage, une marche pacifique annonc\u00e9e d'ici 24 juillet - LES VOLCANS NEWS","robots":{"index":"index","follow":"follow","max-snippet":"max-snippet:-1","max-image-preview":"max-image-preview:large","max-video-preview":"max-video-preview:-1"},"canonical":"https:\/\/lesvolcansnews.net\/?p=3999","og_locale":"fr_FR","og_type":"article","og_title":"Foot-Rdc: Que la FECOFA d\u00e9gage, une marche pacifique annonc\u00e9e d'ici 24 juillet - LES VOLCANS NEWS","og_description":"Pourtant que la f\u00e9d\u00e9ration congolaise de football association (Fecofa) projette une r\u00e9union d&#8217;\u00e9valuation avec son staff ex\u00e9cutif, c&#8217;est l&#8217;Asbl Tshilombo-Toutes-Tandances (3T) qui devance cette instance. C&#8217;est dans une lettre agress\u00e9e","og_url":"https:\/\/lesvolcansnews.net\/?p=3999","og_site_name":"LES VOLCANS NEWS","article_published_time":"2019-07-18T19:03:01+00:00","og_image":[{"width":477,"height":308,"url":"https:\/\/lesvolcansnews.net\/wp-content\/uploads\/2019\/07\/IMG-20190718-WA0164.jpg","type":"image\/jpeg"}],"author":"R\u00e9daction - Les Volcans News","twitter_card":"summary_large_image","twitter_misc":{"\u00c9crit par":"R\u00e9daction - Les Volcans News","Dur\u00e9e de lecture estim\u00e9e":"1 minute"},"schema":{"@context":"https:\/\/schema.org","@graph":[{"@type":"Article","@id":"https:\/\/lesvolcansnews.net\/?p=3999#article","isPartOf":{"@id":"https:\/\/lesvolcansnews.net\/?p=3999"},"author":{"name":"R\u00e9daction - Les Volcans News","@id":"https:\/\/lesvolcansnews.net\/#\/schema\/person\/82c8bed2e77879ecf6cca63441f57354"},"headline":"Foot-Rdc: Que la FECOFA d\u00e9gage, une marche pacifique annonc\u00e9e d&#8217;ici 24 juillet","datePublished":"2019-07-18T19:03:01+00:00","mainEntityOfPage":{"@id":"https:\/\/lesvolcansnews.net\/?p=3999"},"wordCount":277,"commentCount":0,"image":{"@id":"https:\/\/lesvolcansnews.net\/?p=3999#primaryimage"},"thumbnailUrl":"https:\/\/lesvolcansnews.net\/wp-content\/uploads\/2019\/07\/IMG-20190718-WA0164.jpg","articleSection":["SPORTS"],"inLanguage":"fr-FR","potentialAction":[{"@type":"CommentAction","name":"Comment","target":["https:\/\/lesvolcansnews.net\/?p=3999#respond"]}]},{"@type":"WebPage","@id":"https:\/\/lesvolcansnews.net\/?p=3999","url":"https:\/\/lesvolcansnews.net\/?p=3999","name":"Foot-Rdc: Que la FECOFA d\u00e9gage, une marche pacifique annonc\u00e9e d'ici 24 juillet - LES VOLCANS NEWS","isPartOf":{"@id":"https:\/\/lesvolcansnews.net\/#website"},"primaryImageOfPage":{"@id":"https:\/\/lesvolcansnews.net\/?p=3999#primaryimage"},"image":{"@id":"https:\/\/lesvolcansnews.net\/?p=3999#primaryimage"},"thumbnailUrl":"https:\/\/lesvolcansnews.net\/wp-content\/uploads\/2019\/07\/IMG-20190718-WA0164.jpg","datePublished":"2019-07-18T19:03:01+00:00","author":{"@id":"https:\/\/lesvolcansnews.net\/#\/schema\/person\/82c8bed2e77879ecf6cca63441f57354"},"breadcrumb":{"@id":"https:\/\/lesvolcansnews.net\/?p=3999#breadcrumb"},"inLanguage":"fr-FR","potentialAction":[{"@type":"ReadAction","target":["https:\/\/lesvolcansnews.net\/?p=3999"]}]},{"@type":"ImageObject","inLanguage":"fr-FR","@id":"https:\/\/lesvolcansnews.net\/?p=3999#primaryimage","url":"https:\/\/lesvolcansnews.net\/wp-content\/uploads\/2019\/07\/IMG-20190718-WA0164.jpg","contentUrl":"https:\/\/lesvolcansnews.net\/wp-content\/uploads\/2019\/07\/IMG-20190718-WA0164.jpg","width":477,"height":308},{"@type":"BreadcrumbList","@id":"https:\/\/lesvolcansnews.net\/?p=3999#breadcrumb","itemListElement":[{"@type":"ListItem","position":1,"name":"Accueil","item":"https:\/\/lesvolcansnews.net\/"},{"@type":"ListItem","position":2,"name":"Foot-Rdc: Que la FECOFA d\u00e9gage, une marche pacifique annonc\u00e9e d&#8217;ici 24 juillet"}]},{"@type":"WebSite","@id":"https:\/\/lesvolcansnews.net\/#website","url":"https:\/\/lesvolcansnews.net\/","name":"LES VOLCANS NEWS","description":"L&#039;INFORMATION C&#039;EST NOUS","potentialAction":[{"@type":"SearchAction","target":{"@type":"EntryPoint","urlTemplate":"https:\/\/lesvolcansnews.net\/?s={search_term_string}"},"query-input":{"@type":"PropertyValueSpecification","valueRequired":true,"valueName":"search_term_string"}}],"inLanguage":"fr-FR"},{"@type":"Person","@id":"https:\/\/lesvolcansnews.net\/#\/schema\/person\/82c8bed2e77879ecf6cca63441f57354","name":"R\u00e9daction - Les Volcans News","image":{"@type":"ImageObject","inLanguage":"fr-FR","@id":"https:\/\/secure.gravatar.com\/avatar\/8408942dd851e8a9c09f3d382a661bc05d2b3cd9002139bc1795b9528cdc6c80?s=96&d=mm&r=g","url":"https:\/\/secure.gravatar.com\/avatar\/8408942dd851e8a9c09f3d382a661bc05d2b3cd9002139bc1795b9528cdc6c80?s=96&d=mm&r=g","contentUrl":"https:\/\/secure.gravatar.com\/avatar\/8408942dd851e8a9c09f3d382a661bc05d2b3cd9002139bc1795b9528cdc6c80?s=96&d=mm&r=g","caption":"R\u00e9daction - Les Volcans News"},"url":"https:\/\/lesvolcansnews.net\/?author=14"}]}},"_links":{"self":[{"href":"https:\/\/lesvolcansnews.net\/index.php?rest_route=\/wp\/v2\/posts\/3999","targetHints":{"allow":["GET"]}}],"collection":[{"href":"https:\/\/lesvolcansnews.net\/index.php?rest_route=\/wp\/v2\/posts"}],"about":[{"href":"https:\/\/lesvolcansnews.net\/index.php?rest_route=\/wp\/v2\/types\/post"}],"author":[{"embeddable":true,"href":"https:\/\/lesvolcansnews.net\/index.php?rest_route=\/wp\/v2\/users\/14"}],"replies":[{"embeddable":true,"href":"https:\/\/lesvolcansnews.net\/index.php?rest_route=%2Fwp%2Fv2%2Fcomments&post=3999"}],"version-history":[{"count":0,"href":"https:\/\/lesvolcansnews.net\/index.php?rest_route=\/wp\/v2\/posts\/3999\/revisions"}],"wp:featuredmedia":[{"embeddable":true,"href":"https:\/\/lesvolcansnews.net\/index.php?rest_route=\/wp\/v2\/media\/3998"}],"wp:attachment":[{"href":"https:\/\/lesvolcansnews.net\/index.php?rest_route=%2Fwp%2Fv2%2Fmedia&parent=3999"}],"wp:term":[{"taxonomy":"category","embeddable":true,"href":"https:\/\/lesvolcansnews.net\/index.php?rest_route=%2Fwp%2Fv2%2Fcategories&post=3999"},{"taxonomy":"post_tag","embeddable":true,"href":"https:\/\/lesvolcansnews.net\/index.php?rest_route=%2Fwp%2Fv2%2Ftags&post=3999"}],"curies":[{"name":"wp","href":"https:\/\/api.w.org\/{rel}","templated":true}]}}