{"id":3945,"date":"2019-07-17T14:42:16","date_gmt":"2019-07-17T14:42:16","guid":{"rendered":"http:\/\/lesvolcansnews.net\/?p=3945"},"modified":"2019-07-17T17:58:56","modified_gmt":"2019-07-17T17:58:56","slug":"goma-deux-journalistes-etrangers-arretes-dans-une-manifestation-de-la-lucha-rdc-au-bureau-de-la-dgm","status":"publish","type":"post","link":"https:\/\/lesvolcansnews.net\/?p=3945","title":{"rendered":"Goma : deux journalistes \u00e9trangers arr\u00eat\u00e9s  dans une manifestation de la LUCHA RDC"},"content":{"rendered":"\n<p><\/p>\n\n\n<p>Deux journalistes \u00e9trangers travaillant pour un m\u00e9dias barcelonais, sont aux arr\u00eats depuis les d\u00e9buts de l&#8217;apr\u00e8s-midi de ce mercredi 17 juillet en ville de Goma.<\/p>\n<p>Pepa Karatasi et Arnold tous espagnols ont \u00e9t\u00e9 arr\u00eat\u00e9s pendant qu&#8217;ils couvraient le sit-in du mouvement LUCHA RDC au bureau de la direction g\u00e9n\u00e9rale de migration (DGM\/Goma).<\/p>\n<p>Selon un journaliste sur place, les deux journalistes ont d&#8217;abord \u00e9chang\u00e9s avec les agents de la DGM avant qu&#8217;ils soient arr\u00eat\u00e9s.<\/p>\n<p>Ils restent d\u00e9tenus dans les locaux de la DGM.<\/p>\n<p>Pour rappel, la lucha a tenu un sit-in \u00e0 la DGM pour exiger l&#8217;arr\u00eat imm\u00e9diat de la perception d&#8217;une somme ill\u00e9gale de 3000fc pour l&#8217;octroi du document CEPGL dont le prix fix\u00e9 par cette organisation r\u00e9gionale est de 10$.<\/p>\n<p><strong><em>R\u00e9daction<\/em><\/strong><\/p>","protected":false},"excerpt":{"rendered":"<p>Deux journalistes \u00e9trangers travaillant pour un m\u00e9dias barcelonais, sont aux arr\u00eats depuis les d\u00e9buts de l&#8217;apr\u00e8s-midi de ce mercredi 17 juillet en ville de Goma. Pepa Karatasi et Arnold tous<\/p>\n","protected":false},"author":14,"featured_media":0,"comment_status":"open","ping_status":"open","sticky":false,"template":"","format":"standard","meta":{"footnotes":""},"categories":[1],"tags":[],"class_list":["post-3945","post","type-post","status-publish","format-standard","hentry","category-actualite"],"yoast_head":"<!-- This site is optimized with the Yoast SEO plugin v27.3 - https:\/\/yoast.com\/product\/yoast-seo-wordpress\/ -->\n<title>Goma : deux journalistes \u00e9trangers arr\u00eat\u00e9s dans une manifestation de la LUCHA RDC - LES VOLCANS NEWS<\/title>\n<meta name=\"robots\" content=\"index, follow, max-snippet:-1, max-image-preview:large, max-video-preview:-1\" \/>\n<link rel=\"canonical\" href=\"https:\/\/lesvolcansnews.net\/?p=3945\" \/>\n<meta property=\"og:locale\" content=\"fr_FR\" \/>\n<meta property=\"og:type\" content=\"article\" \/>\n<meta property=\"og:title\" content=\"Goma : deux journalistes \u00e9trangers arr\u00eat\u00e9s dans une manifestation de la LUCHA RDC - LES VOLCANS NEWS\" \/>\n<meta property=\"og:description\" content=\"Deux journalistes \u00e9trangers travaillant pour un m\u00e9dias barcelonais, sont aux arr\u00eats depuis les d\u00e9buts de l&#8217;apr\u00e8s-midi de ce mercredi 17 juillet en ville de Goma. Pepa Karatasi et Arnold tous\" \/>\n<meta property=\"og:url\" content=\"https:\/\/lesvolcansnews.net\/?p=3945\" \/>\n<meta property=\"og:site_name\" content=\"LES VOLCANS NEWS\" \/>\n<meta property=\"article:published_time\" content=\"2019-07-17T14:42:16+00:00\" \/>\n<meta property=\"article:modified_time\" content=\"2019-07-17T17:58:56+00:00\" \/>\n<meta name=\"author\" content=\"R\u00e9daction - Les Volcans News\" \/>\n<meta name=\"twitter:card\" content=\"summary_large_image\" \/>\n<meta name=\"twitter:label1\" content=\"\u00c9crit par\" \/>\n\t<meta name=\"twitter:data1\" content=\"R\u00e9daction - Les Volcans News\" \/>\n\t<meta name=\"twitter:label2\" content=\"Dur\u00e9e de lecture estim\u00e9e\" \/>\n\t<meta name=\"twitter:data2\" content=\"1 minute\" \/>\n<script type=\"application\/ld+json\" class=\"yoast-schema-graph\">{\"@context\":\"https:\\\/\\\/schema.org\",\"@graph\":[{\"@type\":\"Article\",\"@id\":\"https:\\\/\\\/lesvolcansnews.net\\\/?p=3945#article\",\"isPartOf\":{\"@id\":\"https:\\\/\\\/lesvolcansnews.net\\\/?p=3945\"},\"author\":{\"name\":\"R\u00e9daction - Les Volcans News\",\"@id\":\"https:\\\/\\\/lesvolcansnews.net\\\/#\\\/schema\\\/person\\\/82c8bed2e77879ecf6cca63441f57354\"},\"headline\":\"Goma : deux journalistes \u00e9trangers arr\u00eat\u00e9s dans une manifestation de la LUCHA RDC\",\"datePublished\":\"2019-07-17T14:42:16+00:00\",\"dateModified\":\"2019-07-17T17:58:56+00:00\",\"mainEntityOfPage\":{\"@id\":\"https:\\\/\\\/lesvolcansnews.net\\\/?p=3945\"},\"wordCount\":158,\"commentCount\":0,\"articleSection\":[\"ACTUALIT\u00c9\"],\"inLanguage\":\"fr-FR\",\"potentialAction\":[{\"@type\":\"CommentAction\",\"name\":\"Comment\",\"target\":[\"https:\\\/\\\/lesvolcansnews.net\\\/?p=3945#respond\"]}]},{\"@type\":\"WebPage\",\"@id\":\"https:\\\/\\\/lesvolcansnews.net\\\/?p=3945\",\"url\":\"https:\\\/\\\/lesvolcansnews.net\\\/?p=3945\",\"name\":\"Goma : deux journalistes \u00e9trangers arr\u00eat\u00e9s dans une manifestation de la LUCHA RDC - LES VOLCANS NEWS\",\"isPartOf\":{\"@id\":\"https:\\\/\\\/lesvolcansnews.net\\\/#website\"},\"datePublished\":\"2019-07-17T14:42:16+00:00\",\"dateModified\":\"2019-07-17T17:58:56+00:00\",\"author\":{\"@id\":\"https:\\\/\\\/lesvolcansnews.net\\\/#\\\/schema\\\/person\\\/82c8bed2e77879ecf6cca63441f57354\"},\"breadcrumb\":{\"@id\":\"https:\\\/\\\/lesvolcansnews.net\\\/?p=3945#breadcrumb\"},\"inLanguage\":\"fr-FR\",\"potentialAction\":[{\"@type\":\"ReadAction\",\"target\":[\"https:\\\/\\\/lesvolcansnews.net\\\/?p=3945\"]}]},{\"@type\":\"BreadcrumbList\",\"@id\":\"https:\\\/\\\/lesvolcansnews.net\\\/?p=3945#breadcrumb\",\"itemListElement\":[{\"@type\":\"ListItem\",\"position\":1,\"name\":\"Accueil\",\"item\":\"https:\\\/\\\/lesvolcansnews.net\\\/\"},{\"@type\":\"ListItem\",\"position\":2,\"name\":\"Goma : deux journalistes \u00e9trangers arr\u00eat\u00e9s dans une manifestation de la LUCHA RDC\"}]},{\"@type\":\"WebSite\",\"@id\":\"https:\\\/\\\/lesvolcansnews.net\\\/#website\",\"url\":\"https:\\\/\\\/lesvolcansnews.net\\\/\",\"name\":\"LES VOLCANS NEWS\",\"description\":\"L&#039;INFORMATION C&#039;EST NOUS\",\"potentialAction\":[{\"@type\":\"SearchAction\",\"target\":{\"@type\":\"EntryPoint\",\"urlTemplate\":\"https:\\\/\\\/lesvolcansnews.net\\\/?s={search_term_string}\"},\"query-input\":{\"@type\":\"PropertyValueSpecification\",\"valueRequired\":true,\"valueName\":\"search_term_string\"}}],\"inLanguage\":\"fr-FR\"},{\"@type\":\"Person\",\"@id\":\"https:\\\/\\\/lesvolcansnews.net\\\/#\\\/schema\\\/person\\\/82c8bed2e77879ecf6cca63441f57354\",\"name\":\"R\u00e9daction - Les Volcans News\",\"image\":{\"@type\":\"ImageObject\",\"inLanguage\":\"fr-FR\",\"@id\":\"https:\\\/\\\/secure.gravatar.com\\\/avatar\\\/8408942dd851e8a9c09f3d382a661bc05d2b3cd9002139bc1795b9528cdc6c80?s=96&d=mm&r=g\",\"url\":\"https:\\\/\\\/secure.gravatar.com\\\/avatar\\\/8408942dd851e8a9c09f3d382a661bc05d2b3cd9002139bc1795b9528cdc6c80?s=96&d=mm&r=g\",\"contentUrl\":\"https:\\\/\\\/secure.gravatar.com\\\/avatar\\\/8408942dd851e8a9c09f3d382a661bc05d2b3cd9002139bc1795b9528cdc6c80?s=96&d=mm&r=g\",\"caption\":\"R\u00e9daction - Les Volcans News\"},\"url\":\"https:\\\/\\\/lesvolcansnews.net\\\/?author=14\"}]}<\/script>\n<!-- \/ Yoast SEO plugin. -->","yoast_head_json":{"title":"Goma : deux journalistes \u00e9trangers arr\u00eat\u00e9s dans une manifestation de la LUCHA RDC - LES VOLCANS NEWS","robots":{"index":"index","follow":"follow","max-snippet":"max-snippet:-1","max-image-preview":"max-image-preview:large","max-video-preview":"max-video-preview:-1"},"canonical":"https:\/\/lesvolcansnews.net\/?p=3945","og_locale":"fr_FR","og_type":"article","og_title":"Goma : deux journalistes \u00e9trangers arr\u00eat\u00e9s dans une manifestation de la LUCHA RDC - LES VOLCANS NEWS","og_description":"Deux journalistes \u00e9trangers travaillant pour un m\u00e9dias barcelonais, sont aux arr\u00eats depuis les d\u00e9buts de l&#8217;apr\u00e8s-midi de ce mercredi 17 juillet en ville de Goma. Pepa Karatasi et Arnold tous","og_url":"https:\/\/lesvolcansnews.net\/?p=3945","og_site_name":"LES VOLCANS NEWS","article_published_time":"2019-07-17T14:42:16+00:00","article_modified_time":"2019-07-17T17:58:56+00:00","author":"R\u00e9daction - Les Volcans News","twitter_card":"summary_large_image","twitter_misc":{"\u00c9crit par":"R\u00e9daction - Les Volcans News","Dur\u00e9e de lecture estim\u00e9e":"1 minute"},"schema":{"@context":"https:\/\/schema.org","@graph":[{"@type":"Article","@id":"https:\/\/lesvolcansnews.net\/?p=3945#article","isPartOf":{"@id":"https:\/\/lesvolcansnews.net\/?p=3945"},"author":{"name":"R\u00e9daction - Les Volcans News","@id":"https:\/\/lesvolcansnews.net\/#\/schema\/person\/82c8bed2e77879ecf6cca63441f57354"},"headline":"Goma : deux journalistes \u00e9trangers arr\u00eat\u00e9s dans une manifestation de la LUCHA RDC","datePublished":"2019-07-17T14:42:16+00:00","dateModified":"2019-07-17T17:58:56+00:00","mainEntityOfPage":{"@id":"https:\/\/lesvolcansnews.net\/?p=3945"},"wordCount":158,"commentCount":0,"articleSection":["ACTUALIT\u00c9"],"inLanguage":"fr-FR","potentialAction":[{"@type":"CommentAction","name":"Comment","target":["https:\/\/lesvolcansnews.net\/?p=3945#respond"]}]},{"@type":"WebPage","@id":"https:\/\/lesvolcansnews.net\/?p=3945","url":"https:\/\/lesvolcansnews.net\/?p=3945","name":"Goma : deux journalistes \u00e9trangers arr\u00eat\u00e9s dans une manifestation de la LUCHA RDC - LES VOLCANS NEWS","isPartOf":{"@id":"https:\/\/lesvolcansnews.net\/#website"},"datePublished":"2019-07-17T14:42:16+00:00","dateModified":"2019-07-17T17:58:56+00:00","author":{"@id":"https:\/\/lesvolcansnews.net\/#\/schema\/person\/82c8bed2e77879ecf6cca63441f57354"},"breadcrumb":{"@id":"https:\/\/lesvolcansnews.net\/?p=3945#breadcrumb"},"inLanguage":"fr-FR","potentialAction":[{"@type":"ReadAction","target":["https:\/\/lesvolcansnews.net\/?p=3945"]}]},{"@type":"BreadcrumbList","@id":"https:\/\/lesvolcansnews.net\/?p=3945#breadcrumb","itemListElement":[{"@type":"ListItem","position":1,"name":"Accueil","item":"https:\/\/lesvolcansnews.net\/"},{"@type":"ListItem","position":2,"name":"Goma : deux journalistes \u00e9trangers arr\u00eat\u00e9s dans une manifestation de la LUCHA RDC"}]},{"@type":"WebSite","@id":"https:\/\/lesvolcansnews.net\/#website","url":"https:\/\/lesvolcansnews.net\/","name":"LES VOLCANS NEWS","description":"L&#039;INFORMATION C&#039;EST NOUS","potentialAction":[{"@type":"SearchAction","target":{"@type":"EntryPoint","urlTemplate":"https:\/\/lesvolcansnews.net\/?s={search_term_string}"},"query-input":{"@type":"PropertyValueSpecification","valueRequired":true,"valueName":"search_term_string"}}],"inLanguage":"fr-FR"},{"@type":"Person","@id":"https:\/\/lesvolcansnews.net\/#\/schema\/person\/82c8bed2e77879ecf6cca63441f57354","name":"R\u00e9daction - Les Volcans News","image":{"@type":"ImageObject","inLanguage":"fr-FR","@id":"https:\/\/secure.gravatar.com\/avatar\/8408942dd851e8a9c09f3d382a661bc05d2b3cd9002139bc1795b9528cdc6c80?s=96&d=mm&r=g","url":"https:\/\/secure.gravatar.com\/avatar\/8408942dd851e8a9c09f3d382a661bc05d2b3cd9002139bc1795b9528cdc6c80?s=96&d=mm&r=g","contentUrl":"https:\/\/secure.gravatar.com\/avatar\/8408942dd851e8a9c09f3d382a661bc05d2b3cd9002139bc1795b9528cdc6c80?s=96&d=mm&r=g","caption":"R\u00e9daction - Les Volcans News"},"url":"https:\/\/lesvolcansnews.net\/?author=14"}]}},"_links":{"self":[{"href":"https:\/\/lesvolcansnews.net\/index.php?rest_route=\/wp\/v2\/posts\/3945","targetHints":{"allow":["GET"]}}],"collection":[{"href":"https:\/\/lesvolcansnews.net\/index.php?rest_route=\/wp\/v2\/posts"}],"about":[{"href":"https:\/\/lesvolcansnews.net\/index.php?rest_route=\/wp\/v2\/types\/post"}],"author":[{"embeddable":true,"href":"https:\/\/lesvolcansnews.net\/index.php?rest_route=\/wp\/v2\/users\/14"}],"replies":[{"embeddable":true,"href":"https:\/\/lesvolcansnews.net\/index.php?rest_route=%2Fwp%2Fv2%2Fcomments&post=3945"}],"version-history":[{"count":6,"href":"https:\/\/lesvolcansnews.net\/index.php?rest_route=\/wp\/v2\/posts\/3945\/revisions"}],"predecessor-version":[{"id":3971,"href":"https:\/\/lesvolcansnews.net\/index.php?rest_route=\/wp\/v2\/posts\/3945\/revisions\/3971"}],"wp:attachment":[{"href":"https:\/\/lesvolcansnews.net\/index.php?rest_route=%2Fwp%2Fv2%2Fmedia&parent=3945"}],"wp:term":[{"taxonomy":"category","embeddable":true,"href":"https:\/\/lesvolcansnews.net\/index.php?rest_route=%2Fwp%2Fv2%2Fcategories&post=3945"},{"taxonomy":"post_tag","embeddable":true,"href":"https:\/\/lesvolcansnews.net\/index.php?rest_route=%2Fwp%2Fv2%2Ftags&post=3945"}],"curies":[{"name":"wp","href":"https:\/\/api.w.org\/{rel}","templated":true}]}}