{"id":3941,"date":"2019-07-17T13:15:35","date_gmt":"2019-07-17T13:15:35","guid":{"rendered":"http:\/\/lesvolcansnews.net\/2019\/07\/17\/goma-un-entraineur-belge-a-goma-pour-encadrer-les-jeunes-du-fc-goal\/"},"modified":"2019-07-17T13:37:29","modified_gmt":"2019-07-17T13:37:29","slug":"goma-un-entraineur-belge-a-goma-pour-encadrer-les-jeunes-du-fc-goal","status":"publish","type":"post","link":"https:\/\/lesvolcansnews.net\/?p=3941","title":{"rendered":"Nord-Kivu : un entra\u00eeneur belge \u00e0 Goma pour encadrer les jeunes du Fc Goal"},"content":{"rendered":"<p>Annonc\u00e9 dans la ville de Goma chef-lieu de la province du Nord-Kivu par le pr\u00e9sident du club UGO MERLON Kasuku le samedi 29 juin 2019 dernier lors de l&#8217;Assembl\u00e9e g\u00e9n\u00e9rale ordinaire du football club Goma Academy of Leaders(Goal), l&#8217;entra\u00eeneur belge Franck Vanden Borre s\u00e9journe d\u00e9sormais \u00e0 Goma et encadre les acad\u00e9miciens de Goal depuis quelques jours en pr\u00e9lude des quelques comp\u00e9titions des jeunes aux quelles prendra part ces jeunes mais \u00e9galement leur tracer un chemin vers le football professionnel.<br \/>\n&#8220;<em>Mon exp\u00e9rience va consister \u00e0 amener ces jeunes \u00e0 comprendre ce que le football de haut niveau et qu&#8217;est-ce qu&#8217;il faut faire pour y arriver, puisqu&#8217;il y a beaucoup qui r\u00eavent mais pour arriver au haut niveau il faut encore s&#8217;entr<\/em>a\u00eener tr\u00e8s Durement &#8220;, s&#8217;est confi\u00e9 \u00e0 volcansNews.net ce mercredi le 17 juillet 2019 pour sa deuxi\u00e8me s\u00e9ance avec les acad\u00e9miciens avant de pousser son argument sur la baisse du football congolais dite par la n\u00e9gligence dans l&#8217;encadrement de la jeunesse salon ses propos.<br \/>\n&#8220;<em>Le probl\u00e8me du football congolais est qu&#8217;on a un grand d\u00e9ficit au niveau de la base. le talent est l\u00e0, mais il n&#8217;y a pas d&#8217;encadrem<\/em>ent&#8221;, a augmente le fr\u00e8re de l&#8217;international belge Antony Vander bore qui  encourage cette \u00e9cole de football de Goal.<\/p>\n<blockquote><p>&#8220;<em>L&#8217;avantage de Goal ce qu&#8217;il forme les joueurs tr\u00e8s jeunes pour les amener vers l&#8217;excellence &#8220;<\/em>.<\/p><\/blockquote>\n<p>Pr\u00e9cisons que le FC Goal a occup\u00e9 la sixi\u00e8me place au championnat local de la premi\u00e8re division de Goma pour sa premi\u00e8re exp\u00e9rience la saison derni\u00e8re.<\/p>\n<p>Ben Muhima<\/p>\n","protected":false},"excerpt":{"rendered":"<p>Annonc\u00e9 dans la ville de Goma chef-lieu de la province du Nord-Kivu par le pr\u00e9sident du club UGO MERLON Kasuku le samedi 29 juin 2019 dernier lors de l&#8217;Assembl\u00e9e g\u00e9n\u00e9rale<\/p>\n","protected":false},"author":14,"featured_media":0,"comment_status":"open","ping_status":"open","sticky":false,"template":"","format":"standard","meta":{"footnotes":""},"categories":[11],"tags":[],"class_list":["post-3941","post","type-post","status-publish","format-standard","hentry","category-sports"],"yoast_head":"<!-- This site is optimized with the Yoast SEO plugin v27.3 - https:\/\/yoast.com\/product\/yoast-seo-wordpress\/ -->\n<title>Nord-Kivu : un entra\u00eeneur belge \u00e0 Goma pour encadrer les jeunes du Fc Goal - LES VOLCANS NEWS<\/title>\n<meta name=\"robots\" content=\"index, follow, max-snippet:-1, max-image-preview:large, max-video-preview:-1\" \/>\n<link rel=\"canonical\" href=\"https:\/\/lesvolcansnews.net\/?p=3941\" \/>\n<meta property=\"og:locale\" content=\"fr_FR\" \/>\n<meta property=\"og:type\" content=\"article\" \/>\n<meta property=\"og:title\" content=\"Nord-Kivu : un entra\u00eeneur belge \u00e0 Goma pour encadrer les jeunes du Fc Goal - LES VOLCANS NEWS\" \/>\n<meta property=\"og:description\" content=\"Annonc\u00e9 dans la ville de Goma chef-lieu de la province du Nord-Kivu par le pr\u00e9sident du club UGO MERLON Kasuku le samedi 29 juin 2019 dernier lors de l&#8217;Assembl\u00e9e g\u00e9n\u00e9rale\" \/>\n<meta property=\"og:url\" content=\"https:\/\/lesvolcansnews.net\/?p=3941\" \/>\n<meta property=\"og:site_name\" content=\"LES VOLCANS NEWS\" \/>\n<meta property=\"article:published_time\" content=\"2019-07-17T13:15:35+00:00\" \/>\n<meta property=\"article:modified_time\" content=\"2019-07-17T13:37:29+00:00\" \/>\n<meta name=\"author\" content=\"R\u00e9daction - Les Volcans News\" \/>\n<meta name=\"twitter:card\" content=\"summary_large_image\" \/>\n<meta name=\"twitter:label1\" content=\"\u00c9crit par\" \/>\n\t<meta name=\"twitter:data1\" content=\"R\u00e9daction - Les Volcans News\" \/>\n\t<meta name=\"twitter:label2\" content=\"Dur\u00e9e de lecture estim\u00e9e\" \/>\n\t<meta name=\"twitter:data2\" content=\"1 minute\" \/>\n<script type=\"application\/ld+json\" class=\"yoast-schema-graph\">{\"@context\":\"https:\\\/\\\/schema.org\",\"@graph\":[{\"@type\":\"Article\",\"@id\":\"https:\\\/\\\/lesvolcansnews.net\\\/?p=3941#article\",\"isPartOf\":{\"@id\":\"https:\\\/\\\/lesvolcansnews.net\\\/?p=3941\"},\"author\":{\"name\":\"R\u00e9daction - Les Volcans News\",\"@id\":\"https:\\\/\\\/lesvolcansnews.net\\\/#\\\/schema\\\/person\\\/82c8bed2e77879ecf6cca63441f57354\"},\"headline\":\"Nord-Kivu : un entra\u00eeneur belge \u00e0 Goma pour encadrer les jeunes du Fc Goal\",\"datePublished\":\"2019-07-17T13:15:35+00:00\",\"dateModified\":\"2019-07-17T13:37:29+00:00\",\"mainEntityOfPage\":{\"@id\":\"https:\\\/\\\/lesvolcansnews.net\\\/?p=3941\"},\"wordCount\":299,\"commentCount\":0,\"articleSection\":[\"SPORTS\"],\"inLanguage\":\"fr-FR\",\"potentialAction\":[{\"@type\":\"CommentAction\",\"name\":\"Comment\",\"target\":[\"https:\\\/\\\/lesvolcansnews.net\\\/?p=3941#respond\"]}]},{\"@type\":\"WebPage\",\"@id\":\"https:\\\/\\\/lesvolcansnews.net\\\/?p=3941\",\"url\":\"https:\\\/\\\/lesvolcansnews.net\\\/?p=3941\",\"name\":\"Nord-Kivu : un entra\u00eeneur belge \u00e0 Goma pour encadrer les jeunes du Fc Goal - LES VOLCANS NEWS\",\"isPartOf\":{\"@id\":\"https:\\\/\\\/lesvolcansnews.net\\\/#website\"},\"datePublished\":\"2019-07-17T13:15:35+00:00\",\"dateModified\":\"2019-07-17T13:37:29+00:00\",\"author\":{\"@id\":\"https:\\\/\\\/lesvolcansnews.net\\\/#\\\/schema\\\/person\\\/82c8bed2e77879ecf6cca63441f57354\"},\"breadcrumb\":{\"@id\":\"https:\\\/\\\/lesvolcansnews.net\\\/?p=3941#breadcrumb\"},\"inLanguage\":\"fr-FR\",\"potentialAction\":[{\"@type\":\"ReadAction\",\"target\":[\"https:\\\/\\\/lesvolcansnews.net\\\/?p=3941\"]}]},{\"@type\":\"BreadcrumbList\",\"@id\":\"https:\\\/\\\/lesvolcansnews.net\\\/?p=3941#breadcrumb\",\"itemListElement\":[{\"@type\":\"ListItem\",\"position\":1,\"name\":\"Accueil\",\"item\":\"https:\\\/\\\/lesvolcansnews.net\\\/\"},{\"@type\":\"ListItem\",\"position\":2,\"name\":\"Nord-Kivu : un entra\u00eeneur belge \u00e0 Goma pour encadrer les jeunes du Fc Goal\"}]},{\"@type\":\"WebSite\",\"@id\":\"https:\\\/\\\/lesvolcansnews.net\\\/#website\",\"url\":\"https:\\\/\\\/lesvolcansnews.net\\\/\",\"name\":\"LES VOLCANS NEWS\",\"description\":\"L&#039;INFORMATION C&#039;EST NOUS\",\"potentialAction\":[{\"@type\":\"SearchAction\",\"target\":{\"@type\":\"EntryPoint\",\"urlTemplate\":\"https:\\\/\\\/lesvolcansnews.net\\\/?s={search_term_string}\"},\"query-input\":{\"@type\":\"PropertyValueSpecification\",\"valueRequired\":true,\"valueName\":\"search_term_string\"}}],\"inLanguage\":\"fr-FR\"},{\"@type\":\"Person\",\"@id\":\"https:\\\/\\\/lesvolcansnews.net\\\/#\\\/schema\\\/person\\\/82c8bed2e77879ecf6cca63441f57354\",\"name\":\"R\u00e9daction - Les Volcans News\",\"image\":{\"@type\":\"ImageObject\",\"inLanguage\":\"fr-FR\",\"@id\":\"https:\\\/\\\/secure.gravatar.com\\\/avatar\\\/8408942dd851e8a9c09f3d382a661bc05d2b3cd9002139bc1795b9528cdc6c80?s=96&d=mm&r=g\",\"url\":\"https:\\\/\\\/secure.gravatar.com\\\/avatar\\\/8408942dd851e8a9c09f3d382a661bc05d2b3cd9002139bc1795b9528cdc6c80?s=96&d=mm&r=g\",\"contentUrl\":\"https:\\\/\\\/secure.gravatar.com\\\/avatar\\\/8408942dd851e8a9c09f3d382a661bc05d2b3cd9002139bc1795b9528cdc6c80?s=96&d=mm&r=g\",\"caption\":\"R\u00e9daction - Les Volcans News\"},\"url\":\"https:\\\/\\\/lesvolcansnews.net\\\/?author=14\"}]}<\/script>\n<!-- \/ Yoast SEO plugin. -->","yoast_head_json":{"title":"Nord-Kivu : un entra\u00eeneur belge \u00e0 Goma pour encadrer les jeunes du Fc Goal - LES VOLCANS NEWS","robots":{"index":"index","follow":"follow","max-snippet":"max-snippet:-1","max-image-preview":"max-image-preview:large","max-video-preview":"max-video-preview:-1"},"canonical":"https:\/\/lesvolcansnews.net\/?p=3941","og_locale":"fr_FR","og_type":"article","og_title":"Nord-Kivu : un entra\u00eeneur belge \u00e0 Goma pour encadrer les jeunes du Fc Goal - LES VOLCANS NEWS","og_description":"Annonc\u00e9 dans la ville de Goma chef-lieu de la province du Nord-Kivu par le pr\u00e9sident du club UGO MERLON Kasuku le samedi 29 juin 2019 dernier lors de l&#8217;Assembl\u00e9e g\u00e9n\u00e9rale","og_url":"https:\/\/lesvolcansnews.net\/?p=3941","og_site_name":"LES VOLCANS NEWS","article_published_time":"2019-07-17T13:15:35+00:00","article_modified_time":"2019-07-17T13:37:29+00:00","author":"R\u00e9daction - Les Volcans News","twitter_card":"summary_large_image","twitter_misc":{"\u00c9crit par":"R\u00e9daction - Les Volcans News","Dur\u00e9e de lecture estim\u00e9e":"1 minute"},"schema":{"@context":"https:\/\/schema.org","@graph":[{"@type":"Article","@id":"https:\/\/lesvolcansnews.net\/?p=3941#article","isPartOf":{"@id":"https:\/\/lesvolcansnews.net\/?p=3941"},"author":{"name":"R\u00e9daction - Les Volcans News","@id":"https:\/\/lesvolcansnews.net\/#\/schema\/person\/82c8bed2e77879ecf6cca63441f57354"},"headline":"Nord-Kivu : un entra\u00eeneur belge \u00e0 Goma pour encadrer les jeunes du Fc Goal","datePublished":"2019-07-17T13:15:35+00:00","dateModified":"2019-07-17T13:37:29+00:00","mainEntityOfPage":{"@id":"https:\/\/lesvolcansnews.net\/?p=3941"},"wordCount":299,"commentCount":0,"articleSection":["SPORTS"],"inLanguage":"fr-FR","potentialAction":[{"@type":"CommentAction","name":"Comment","target":["https:\/\/lesvolcansnews.net\/?p=3941#respond"]}]},{"@type":"WebPage","@id":"https:\/\/lesvolcansnews.net\/?p=3941","url":"https:\/\/lesvolcansnews.net\/?p=3941","name":"Nord-Kivu : un entra\u00eeneur belge \u00e0 Goma pour encadrer les jeunes du Fc Goal - LES VOLCANS NEWS","isPartOf":{"@id":"https:\/\/lesvolcansnews.net\/#website"},"datePublished":"2019-07-17T13:15:35+00:00","dateModified":"2019-07-17T13:37:29+00:00","author":{"@id":"https:\/\/lesvolcansnews.net\/#\/schema\/person\/82c8bed2e77879ecf6cca63441f57354"},"breadcrumb":{"@id":"https:\/\/lesvolcansnews.net\/?p=3941#breadcrumb"},"inLanguage":"fr-FR","potentialAction":[{"@type":"ReadAction","target":["https:\/\/lesvolcansnews.net\/?p=3941"]}]},{"@type":"BreadcrumbList","@id":"https:\/\/lesvolcansnews.net\/?p=3941#breadcrumb","itemListElement":[{"@type":"ListItem","position":1,"name":"Accueil","item":"https:\/\/lesvolcansnews.net\/"},{"@type":"ListItem","position":2,"name":"Nord-Kivu : un entra\u00eeneur belge \u00e0 Goma pour encadrer les jeunes du Fc Goal"}]},{"@type":"WebSite","@id":"https:\/\/lesvolcansnews.net\/#website","url":"https:\/\/lesvolcansnews.net\/","name":"LES VOLCANS NEWS","description":"L&#039;INFORMATION C&#039;EST NOUS","potentialAction":[{"@type":"SearchAction","target":{"@type":"EntryPoint","urlTemplate":"https:\/\/lesvolcansnews.net\/?s={search_term_string}"},"query-input":{"@type":"PropertyValueSpecification","valueRequired":true,"valueName":"search_term_string"}}],"inLanguage":"fr-FR"},{"@type":"Person","@id":"https:\/\/lesvolcansnews.net\/#\/schema\/person\/82c8bed2e77879ecf6cca63441f57354","name":"R\u00e9daction - Les Volcans News","image":{"@type":"ImageObject","inLanguage":"fr-FR","@id":"https:\/\/secure.gravatar.com\/avatar\/8408942dd851e8a9c09f3d382a661bc05d2b3cd9002139bc1795b9528cdc6c80?s=96&d=mm&r=g","url":"https:\/\/secure.gravatar.com\/avatar\/8408942dd851e8a9c09f3d382a661bc05d2b3cd9002139bc1795b9528cdc6c80?s=96&d=mm&r=g","contentUrl":"https:\/\/secure.gravatar.com\/avatar\/8408942dd851e8a9c09f3d382a661bc05d2b3cd9002139bc1795b9528cdc6c80?s=96&d=mm&r=g","caption":"R\u00e9daction - Les Volcans News"},"url":"https:\/\/lesvolcansnews.net\/?author=14"}]}},"_links":{"self":[{"href":"https:\/\/lesvolcansnews.net\/index.php?rest_route=\/wp\/v2\/posts\/3941","targetHints":{"allow":["GET"]}}],"collection":[{"href":"https:\/\/lesvolcansnews.net\/index.php?rest_route=\/wp\/v2\/posts"}],"about":[{"href":"https:\/\/lesvolcansnews.net\/index.php?rest_route=\/wp\/v2\/types\/post"}],"author":[{"embeddable":true,"href":"https:\/\/lesvolcansnews.net\/index.php?rest_route=\/wp\/v2\/users\/14"}],"replies":[{"embeddable":true,"href":"https:\/\/lesvolcansnews.net\/index.php?rest_route=%2Fwp%2Fv2%2Fcomments&post=3941"}],"version-history":[{"count":3,"href":"https:\/\/lesvolcansnews.net\/index.php?rest_route=\/wp\/v2\/posts\/3941\/revisions"}],"predecessor-version":[{"id":3944,"href":"https:\/\/lesvolcansnews.net\/index.php?rest_route=\/wp\/v2\/posts\/3941\/revisions\/3944"}],"wp:attachment":[{"href":"https:\/\/lesvolcansnews.net\/index.php?rest_route=%2Fwp%2Fv2%2Fmedia&parent=3941"}],"wp:term":[{"taxonomy":"category","embeddable":true,"href":"https:\/\/lesvolcansnews.net\/index.php?rest_route=%2Fwp%2Fv2%2Fcategories&post=3941"},{"taxonomy":"post_tag","embeddable":true,"href":"https:\/\/lesvolcansnews.net\/index.php?rest_route=%2Fwp%2Fv2%2Ftags&post=3941"}],"curies":[{"name":"wp","href":"https:\/\/api.w.org\/{rel}","templated":true}]}}