{"id":3929,"date":"2019-07-17T12:05:57","date_gmt":"2019-07-17T12:05:57","guid":{"rendered":"http:\/\/lesvolcansnews.net\/?p=3929"},"modified":"2019-07-17T12:06:06","modified_gmt":"2019-07-17T12:06:06","slug":"le-msf-fait-un-point-sur-une-crise-humanitaire-negligee-dans-la-partie-sud-du-nord-kivu%ef%bb%bf","status":"publish","type":"post","link":"https:\/\/lesvolcansnews.net\/?p=3929","title":{"rendered":"Le MSF fait un point sur une crise humanitaire n\u00e9glig\u00e9e dans la partie Sud du Nord-Kivu\ufeff"},"content":{"rendered":"\n<p><br><\/p>\n\n\n\n<p>Le chef des missions adjoint de MSF en R\u00e9publique D\u00e9mocratique du Congo,  <br>M. Andreas Speatt,  a fait les\u00a0 points sur une crise humanitaire n\u00e9glig\u00e9e\u00a0 observ\u00e9e dans la partie Sud de la province du Nord-Kivu commun\u00e9ment appel\u00e9 \u00ab Petit Nord \u00bb.<\/p>\n\n\n\n<p>C\u2019\u00e9tait\n\u00e0 l\u2019issue d\u2019un caf\u00e9 de presse organis\u00e9 mardi \u00e0 son si\u00e8ge \u00e0 Goma sur l\u2019avenue la\ncorniche n\u00b0 76 auquel a pris part une trentaine des journalistes, dont les\n\u00e9changes ont tourn\u00e9 autour du th\u00e8me&nbsp;\u00ab&nbsp;Le petit Nord-Kivu&nbsp;: une\ncrise humanitaire n\u00e9glig\u00e9e&nbsp;\u00bb.<\/p>\n\n\n\n<p>A\nen croire ce responsable&nbsp; de cette\norganisation internationale humanitaire, cette partie du Nord-Kivu qui englobe\nles territoires de Masisi, Rutshuru et Walikale, est affect\u00e9e par une crise\nhumanitaire complexe, qui ne b\u00e9n\u00e9ficie pas de l\u2019attention des partenaires d\u2019o\u00f9\nle financement n\u2019est pas disponibilis\u00e9, avec comme cons\u00e9quence la diminution\nsensible des acteurs impliqu\u00e9s dans les r\u00e9ponses et cela depuis d\u00e9j\u00e0 plusieurs\nann\u00e9es.<\/p>\n\n\n\n<p>Les\n\u00e9quipes des M\u00e9decins Sans Fronti\u00e8res(MSF), \u0153uvrant dans les zones de sant\u00e9 de\nces trois territoires, a-t-il r\u00e9v\u00e9l\u00e9, constatent au quotidien des effets\nd\u00e9vastateurs de l\u2019absence de r\u00e9ponse humanitaire aux besoins observ\u00e9s sur\nterrain.<\/p>\n\n\n\n<p>Ces\nderniers mois, a-t-il rappel\u00e9, les affrontements fr\u00e9quents entre les groupes\narm\u00e9s ont conduit \u00e0 la d\u00e9t\u00e9rioration de la situation s\u00e9curitaire et ont\nentrain\u00e9 des nouveaux d\u00e9placements des populations dans cette partie du\nNord-Kivu. Ce qui a fait, a-t-il fait savoir,&nbsp;\nqu\u2019\u00e0 la fin du mois de mai, le territoire de Masisi&nbsp; comptait d\u00e9j\u00e0 plus de 272&nbsp;500 personnes\nd\u00e9plac\u00e9es, dont environ 51&nbsp;000 \u00e9taient concentr\u00e9es dans 12 sites de\nd\u00e9placement, notamment ceux de Katale, kalinga, et Bukomlbo aux alentours de\nMasisi, dans lesquels le MSF organise des op\u00e9rations de cliniques mobiles dans\nle cadre de soulager tant soit peu leurs difficult\u00e9s li\u00e9es aux soins de sant\u00e9. <\/p>\n\n\n\n<p>\u00ab&nbsp;En\ndehors de MSF, aucun autre acteur humanitaire n\u2019est intervenu ces derniers mois\ndans ces sites malgr\u00e9 l\u2019afflux important de nouveaux d\u00e9plac\u00e9s dont la plupart\nne re\u00e7oivent aucune assistance humanitaire et vivent dans des conditions\ninhumaines&nbsp; et extr\u00eamement difficiles, a\nd\u00e9plor\u00e9 M. Andreas Speatt.<\/p>\n\n\n\n<p>le MSF appelle \u00e0 plus d\u2019attention \u00e0 la crise et \u00e0 une r\u00e9action urgente aux besoins des populations locales et d\u00e9plac\u00e9es pr\u00e9cis\u00e9ment en soins de sant\u00e9, nutrition, et en termes de protection face aux violences.<\/p>\n\n\n\n<p>REDACTION <\/p>\n","protected":false},"excerpt":{"rendered":"<p>Le chef des missions adjoint de MSF en R\u00e9publique D\u00e9mocratique du Congo, M. Andreas Speatt, a fait les\u00a0 points sur une crise humanitaire n\u00e9glig\u00e9e\u00a0 observ\u00e9e dans la partie Sud de<\/p>\n","protected":false},"author":14,"featured_media":0,"comment_status":"open","ping_status":"open","sticky":false,"template":"","format":"standard","meta":{"footnotes":""},"categories":[1,9],"tags":[],"class_list":["post-3929","post","type-post","status-publish","format-standard","hentry","category-actualite","category-societe"],"yoast_head":"<!-- This site is optimized with the Yoast SEO plugin v27.3 - https:\/\/yoast.com\/product\/yoast-seo-wordpress\/ -->\n<title>Le MSF fait un point sur une crise humanitaire n\u00e9glig\u00e9e dans la partie Sud du Nord-Kivu\ufeff - LES VOLCANS NEWS<\/title>\n<meta name=\"robots\" content=\"index, follow, max-snippet:-1, max-image-preview:large, max-video-preview:-1\" \/>\n<link rel=\"canonical\" href=\"https:\/\/lesvolcansnews.net\/?p=3929\" \/>\n<meta property=\"og:locale\" content=\"fr_FR\" \/>\n<meta property=\"og:type\" content=\"article\" \/>\n<meta property=\"og:title\" content=\"Le MSF fait un point sur une crise humanitaire n\u00e9glig\u00e9e dans la partie Sud du Nord-Kivu\ufeff - LES VOLCANS NEWS\" \/>\n<meta property=\"og:description\" content=\"Le chef des missions adjoint de MSF en R\u00e9publique D\u00e9mocratique du Congo, M. Andreas Speatt, a fait les\u00a0 points sur une crise humanitaire n\u00e9glig\u00e9e\u00a0 observ\u00e9e dans la partie Sud de\" \/>\n<meta property=\"og:url\" content=\"https:\/\/lesvolcansnews.net\/?p=3929\" \/>\n<meta property=\"og:site_name\" content=\"LES VOLCANS NEWS\" \/>\n<meta property=\"article:published_time\" content=\"2019-07-17T12:05:57+00:00\" \/>\n<meta property=\"article:modified_time\" content=\"2019-07-17T12:06:06+00:00\" \/>\n<meta name=\"author\" content=\"R\u00e9daction - Les Volcans News\" \/>\n<meta name=\"twitter:card\" content=\"summary_large_image\" \/>\n<meta name=\"twitter:label1\" content=\"\u00c9crit par\" \/>\n\t<meta name=\"twitter:data1\" content=\"R\u00e9daction - Les Volcans News\" \/>\n\t<meta name=\"twitter:label2\" content=\"Dur\u00e9e de lecture estim\u00e9e\" \/>\n\t<meta name=\"twitter:data2\" content=\"2 minutes\" \/>\n<script type=\"application\/ld+json\" class=\"yoast-schema-graph\">{\"@context\":\"https:\\\/\\\/schema.org\",\"@graph\":[{\"@type\":\"Article\",\"@id\":\"https:\\\/\\\/lesvolcansnews.net\\\/?p=3929#article\",\"isPartOf\":{\"@id\":\"https:\\\/\\\/lesvolcansnews.net\\\/?p=3929\"},\"author\":{\"name\":\"R\u00e9daction - Les Volcans News\",\"@id\":\"https:\\\/\\\/lesvolcansnews.net\\\/#\\\/schema\\\/person\\\/82c8bed2e77879ecf6cca63441f57354\"},\"headline\":\"Le MSF fait un point sur une crise humanitaire n\u00e9glig\u00e9e dans la partie Sud du Nord-Kivu\ufeff\",\"datePublished\":\"2019-07-17T12:05:57+00:00\",\"dateModified\":\"2019-07-17T12:06:06+00:00\",\"mainEntityOfPage\":{\"@id\":\"https:\\\/\\\/lesvolcansnews.net\\\/?p=3929\"},\"wordCount\":441,\"commentCount\":0,\"articleSection\":[\"ACTUALIT\u00c9\",\"SOCIET\u00c9\"],\"inLanguage\":\"fr-FR\",\"potentialAction\":[{\"@type\":\"CommentAction\",\"name\":\"Comment\",\"target\":[\"https:\\\/\\\/lesvolcansnews.net\\\/?p=3929#respond\"]}]},{\"@type\":\"WebPage\",\"@id\":\"https:\\\/\\\/lesvolcansnews.net\\\/?p=3929\",\"url\":\"https:\\\/\\\/lesvolcansnews.net\\\/?p=3929\",\"name\":\"Le MSF fait un point sur une crise humanitaire n\u00e9glig\u00e9e dans la partie Sud du Nord-Kivu\ufeff - LES VOLCANS NEWS\",\"isPartOf\":{\"@id\":\"https:\\\/\\\/lesvolcansnews.net\\\/#website\"},\"datePublished\":\"2019-07-17T12:05:57+00:00\",\"dateModified\":\"2019-07-17T12:06:06+00:00\",\"author\":{\"@id\":\"https:\\\/\\\/lesvolcansnews.net\\\/#\\\/schema\\\/person\\\/82c8bed2e77879ecf6cca63441f57354\"},\"breadcrumb\":{\"@id\":\"https:\\\/\\\/lesvolcansnews.net\\\/?p=3929#breadcrumb\"},\"inLanguage\":\"fr-FR\",\"potentialAction\":[{\"@type\":\"ReadAction\",\"target\":[\"https:\\\/\\\/lesvolcansnews.net\\\/?p=3929\"]}]},{\"@type\":\"BreadcrumbList\",\"@id\":\"https:\\\/\\\/lesvolcansnews.net\\\/?p=3929#breadcrumb\",\"itemListElement\":[{\"@type\":\"ListItem\",\"position\":1,\"name\":\"Accueil\",\"item\":\"https:\\\/\\\/lesvolcansnews.net\\\/\"},{\"@type\":\"ListItem\",\"position\":2,\"name\":\"Le MSF fait un point sur une crise humanitaire n\u00e9glig\u00e9e dans la partie Sud du Nord-Kivu\ufeff\"}]},{\"@type\":\"WebSite\",\"@id\":\"https:\\\/\\\/lesvolcansnews.net\\\/#website\",\"url\":\"https:\\\/\\\/lesvolcansnews.net\\\/\",\"name\":\"LES VOLCANS NEWS\",\"description\":\"L&#039;INFORMATION C&#039;EST NOUS\",\"potentialAction\":[{\"@type\":\"SearchAction\",\"target\":{\"@type\":\"EntryPoint\",\"urlTemplate\":\"https:\\\/\\\/lesvolcansnews.net\\\/?s={search_term_string}\"},\"query-input\":{\"@type\":\"PropertyValueSpecification\",\"valueRequired\":true,\"valueName\":\"search_term_string\"}}],\"inLanguage\":\"fr-FR\"},{\"@type\":\"Person\",\"@id\":\"https:\\\/\\\/lesvolcansnews.net\\\/#\\\/schema\\\/person\\\/82c8bed2e77879ecf6cca63441f57354\",\"name\":\"R\u00e9daction - Les Volcans News\",\"image\":{\"@type\":\"ImageObject\",\"inLanguage\":\"fr-FR\",\"@id\":\"https:\\\/\\\/secure.gravatar.com\\\/avatar\\\/8408942dd851e8a9c09f3d382a661bc05d2b3cd9002139bc1795b9528cdc6c80?s=96&d=mm&r=g\",\"url\":\"https:\\\/\\\/secure.gravatar.com\\\/avatar\\\/8408942dd851e8a9c09f3d382a661bc05d2b3cd9002139bc1795b9528cdc6c80?s=96&d=mm&r=g\",\"contentUrl\":\"https:\\\/\\\/secure.gravatar.com\\\/avatar\\\/8408942dd851e8a9c09f3d382a661bc05d2b3cd9002139bc1795b9528cdc6c80?s=96&d=mm&r=g\",\"caption\":\"R\u00e9daction - Les Volcans News\"},\"url\":\"https:\\\/\\\/lesvolcansnews.net\\\/?author=14\"}]}<\/script>\n<!-- \/ Yoast SEO plugin. -->","yoast_head_json":{"title":"Le MSF fait un point sur une crise humanitaire n\u00e9glig\u00e9e dans la partie Sud du Nord-Kivu\ufeff - LES VOLCANS NEWS","robots":{"index":"index","follow":"follow","max-snippet":"max-snippet:-1","max-image-preview":"max-image-preview:large","max-video-preview":"max-video-preview:-1"},"canonical":"https:\/\/lesvolcansnews.net\/?p=3929","og_locale":"fr_FR","og_type":"article","og_title":"Le MSF fait un point sur une crise humanitaire n\u00e9glig\u00e9e dans la partie Sud du Nord-Kivu\ufeff - LES VOLCANS NEWS","og_description":"Le chef des missions adjoint de MSF en R\u00e9publique D\u00e9mocratique du Congo, M. Andreas Speatt, a fait les\u00a0 points sur une crise humanitaire n\u00e9glig\u00e9e\u00a0 observ\u00e9e dans la partie Sud de","og_url":"https:\/\/lesvolcansnews.net\/?p=3929","og_site_name":"LES VOLCANS NEWS","article_published_time":"2019-07-17T12:05:57+00:00","article_modified_time":"2019-07-17T12:06:06+00:00","author":"R\u00e9daction - Les Volcans News","twitter_card":"summary_large_image","twitter_misc":{"\u00c9crit par":"R\u00e9daction - Les Volcans News","Dur\u00e9e de lecture estim\u00e9e":"2 minutes"},"schema":{"@context":"https:\/\/schema.org","@graph":[{"@type":"Article","@id":"https:\/\/lesvolcansnews.net\/?p=3929#article","isPartOf":{"@id":"https:\/\/lesvolcansnews.net\/?p=3929"},"author":{"name":"R\u00e9daction - Les Volcans News","@id":"https:\/\/lesvolcansnews.net\/#\/schema\/person\/82c8bed2e77879ecf6cca63441f57354"},"headline":"Le MSF fait un point sur une crise humanitaire n\u00e9glig\u00e9e dans la partie Sud du Nord-Kivu\ufeff","datePublished":"2019-07-17T12:05:57+00:00","dateModified":"2019-07-17T12:06:06+00:00","mainEntityOfPage":{"@id":"https:\/\/lesvolcansnews.net\/?p=3929"},"wordCount":441,"commentCount":0,"articleSection":["ACTUALIT\u00c9","SOCIET\u00c9"],"inLanguage":"fr-FR","potentialAction":[{"@type":"CommentAction","name":"Comment","target":["https:\/\/lesvolcansnews.net\/?p=3929#respond"]}]},{"@type":"WebPage","@id":"https:\/\/lesvolcansnews.net\/?p=3929","url":"https:\/\/lesvolcansnews.net\/?p=3929","name":"Le MSF fait un point sur une crise humanitaire n\u00e9glig\u00e9e dans la partie Sud du Nord-Kivu\ufeff - LES VOLCANS NEWS","isPartOf":{"@id":"https:\/\/lesvolcansnews.net\/#website"},"datePublished":"2019-07-17T12:05:57+00:00","dateModified":"2019-07-17T12:06:06+00:00","author":{"@id":"https:\/\/lesvolcansnews.net\/#\/schema\/person\/82c8bed2e77879ecf6cca63441f57354"},"breadcrumb":{"@id":"https:\/\/lesvolcansnews.net\/?p=3929#breadcrumb"},"inLanguage":"fr-FR","potentialAction":[{"@type":"ReadAction","target":["https:\/\/lesvolcansnews.net\/?p=3929"]}]},{"@type":"BreadcrumbList","@id":"https:\/\/lesvolcansnews.net\/?p=3929#breadcrumb","itemListElement":[{"@type":"ListItem","position":1,"name":"Accueil","item":"https:\/\/lesvolcansnews.net\/"},{"@type":"ListItem","position":2,"name":"Le MSF fait un point sur une crise humanitaire n\u00e9glig\u00e9e dans la partie Sud du Nord-Kivu\ufeff"}]},{"@type":"WebSite","@id":"https:\/\/lesvolcansnews.net\/#website","url":"https:\/\/lesvolcansnews.net\/","name":"LES VOLCANS NEWS","description":"L&#039;INFORMATION C&#039;EST NOUS","potentialAction":[{"@type":"SearchAction","target":{"@type":"EntryPoint","urlTemplate":"https:\/\/lesvolcansnews.net\/?s={search_term_string}"},"query-input":{"@type":"PropertyValueSpecification","valueRequired":true,"valueName":"search_term_string"}}],"inLanguage":"fr-FR"},{"@type":"Person","@id":"https:\/\/lesvolcansnews.net\/#\/schema\/person\/82c8bed2e77879ecf6cca63441f57354","name":"R\u00e9daction - Les Volcans News","image":{"@type":"ImageObject","inLanguage":"fr-FR","@id":"https:\/\/secure.gravatar.com\/avatar\/8408942dd851e8a9c09f3d382a661bc05d2b3cd9002139bc1795b9528cdc6c80?s=96&d=mm&r=g","url":"https:\/\/secure.gravatar.com\/avatar\/8408942dd851e8a9c09f3d382a661bc05d2b3cd9002139bc1795b9528cdc6c80?s=96&d=mm&r=g","contentUrl":"https:\/\/secure.gravatar.com\/avatar\/8408942dd851e8a9c09f3d382a661bc05d2b3cd9002139bc1795b9528cdc6c80?s=96&d=mm&r=g","caption":"R\u00e9daction - Les Volcans News"},"url":"https:\/\/lesvolcansnews.net\/?author=14"}]}},"_links":{"self":[{"href":"https:\/\/lesvolcansnews.net\/index.php?rest_route=\/wp\/v2\/posts\/3929","targetHints":{"allow":["GET"]}}],"collection":[{"href":"https:\/\/lesvolcansnews.net\/index.php?rest_route=\/wp\/v2\/posts"}],"about":[{"href":"https:\/\/lesvolcansnews.net\/index.php?rest_route=\/wp\/v2\/types\/post"}],"author":[{"embeddable":true,"href":"https:\/\/lesvolcansnews.net\/index.php?rest_route=\/wp\/v2\/users\/14"}],"replies":[{"embeddable":true,"href":"https:\/\/lesvolcansnews.net\/index.php?rest_route=%2Fwp%2Fv2%2Fcomments&post=3929"}],"version-history":[{"count":1,"href":"https:\/\/lesvolcansnews.net\/index.php?rest_route=\/wp\/v2\/posts\/3929\/revisions"}],"predecessor-version":[{"id":3930,"href":"https:\/\/lesvolcansnews.net\/index.php?rest_route=\/wp\/v2\/posts\/3929\/revisions\/3930"}],"wp:attachment":[{"href":"https:\/\/lesvolcansnews.net\/index.php?rest_route=%2Fwp%2Fv2%2Fmedia&parent=3929"}],"wp:term":[{"taxonomy":"category","embeddable":true,"href":"https:\/\/lesvolcansnews.net\/index.php?rest_route=%2Fwp%2Fv2%2Fcategories&post=3929"},{"taxonomy":"post_tag","embeddable":true,"href":"https:\/\/lesvolcansnews.net\/index.php?rest_route=%2Fwp%2Fv2%2Ftags&post=3929"}],"curies":[{"name":"wp","href":"https:\/\/api.w.org\/{rel}","templated":true}]}}