{"id":3899,"date":"2019-07-15T09:28:05","date_gmt":"2019-07-15T09:28:05","guid":{"rendered":"https:\/\/lesvolcansnews.net\/2019\/07\/15\/leopards-jackson-muleka-garde-la-tete-haute-apres-sa-non-participation-a-la-can2019\/"},"modified":"2019-07-15T09:28:05","modified_gmt":"2019-07-15T09:28:05","slug":"leopards-jackson-muleka-garde-la-tete-haute-apres-sa-non-participation-a-la-can2019","status":"publish","type":"post","link":"https:\/\/lesvolcansnews.net\/?p=3899","title":{"rendered":"L\u00e9opards: Jackson muleka garde la t\u00eate haute apr\u00e8s sa non participation \u00e0 la CAN2019"},"content":{"rendered":"<p>Attaquant du TP Mazembe de Lubumbashi Jackson Muleka \u00e9tait pourtant attendu a marbella pour le stage de pr\u00e9paration de la coupe d&#8217;Afrique des nations avec les l\u00e9opards mais cette p\u00e9pite n&#8217;avait pas pu faire le d\u00e9placement en Espagne car bloqu\u00e9 \u00e0 Kinshasa par un probl\u00e8me administratif de visa comme son co\u00e9quipier en s\u00e9lection Kabongo Kasongo Gauthier.<br \/>\nContraint \u00e0 oublier cette prestigieuse comp\u00e9tition apr\u00e8s un parcours \u00e9logieux en club et en \u00e9quipe nationale espoir de la R\u00e9publique D\u00e9mocratique du Congo, le meilleur buteur du championnat national de la vodacom ligue1 avec 24 buts a suivi de loin l&#8217;\u00e9limination de la R\u00e9publique D\u00e9mocratique du Congo face au Madagascar \u00e0 la s\u00e9ance fatidique des tirs au but au terme d&#8217;un match nul de 2-2 aux huiti\u00e8mes de finale de cette comp\u00e9tition qui conna\u00eetra son \u00e9pilogue ce vendredi 19 juillet au stade international du Caire \u00e0 19H GMT avec l&#8217;affiche S\u00e9n\u00e9gal vs Alg\u00e9rie .<\/p>\n<p>Pr\u00e9sent au pays des mille collines avec son \u00e9quipe du TP Mazembe pour le compte du tournoi r\u00e9gionale de la CECAFA Kagame cup ce produit de l&#8217;ecofoot katumbi s&#8217;est livr\u00e9 \u00e0 la cellule de communication du club pour un entretien ax\u00e9 sur la prestation de l&#8217;\u00e9quipe au Rwanda et sa non participation \u00e0 la coupe d&#8217;Afrique des nations.<br \/>\nConcernant l&#8217;episode de la can ,le meilleur fusil de la linafoot n&#8217;a pas cach\u00e9 sa frustration.<\/p>\n<p>&#8220;<em>En tant que comp\u00e9titeur, c\u2019\u00e9tait difficile pour moi de dig\u00e9rer une situation comme celle-l\u00e0. Comment expliquer, en \u00e9tant pr\u00e9s\u00e9lectionn\u00e9 pour un stage tr\u00e8s important, qu\u2019un probl\u00e8me administratif vient vous emp\u00eacher d\u2019y participer. La d\u00e9ception \u00e9tait grande mais\u2026 Je suis encore jeune et je vais continuer \u00e0 travailler pour \u00eatre au meilleur niveau. J\u2019ai accept\u00e9 la situation parce qu\u2019il y a bien des choses qui m\u2019attendent dans les prochaines semaines. Je pense maintenant aux prochaines CAN pourquoi pas \u00e0 la Coupe du Monde. C\u2019est mon droit le plus l\u00e9gitime en etant joueur congolais<\/em>&#8220;, a conclu le natif de Lubumbashi.<br \/>\nBien que les l\u00e9opards de la RD Congo rentre main bredouille,  Jackson muleka devrait attirer les grandes formations europ\u00e9ennes comme son jeune partenaire en club Meschack Elia qui a tap\u00e9 dans l&#8217;\u0153il d&#8217;Anderlecht gr\u00e2ce a ses prestations avec le grand Congo.<\/p>\n<p><strong><em>Georges ben Muhima<\/em><\/strong><\/p>\n","protected":false},"excerpt":{"rendered":"<p>Attaquant du TP Mazembe de Lubumbashi Jackson Muleka \u00e9tait pourtant attendu a marbella pour le stage de pr\u00e9paration de la coupe d&#8217;Afrique des nations avec les l\u00e9opards mais cette p\u00e9pite<\/p>\n","protected":false},"author":14,"featured_media":3898,"comment_status":"open","ping_status":"open","sticky":false,"template":"","format":"standard","meta":{"footnotes":""},"categories":[11],"tags":[],"class_list":["post-3899","post","type-post","status-publish","format-standard","has-post-thumbnail","hentry","category-sports"],"yoast_head":"<!-- This site is optimized with the Yoast SEO plugin v27.3 - https:\/\/yoast.com\/product\/yoast-seo-wordpress\/ -->\n<title>L\u00e9opards: Jackson muleka garde la t\u00eate haute apr\u00e8s sa non participation \u00e0 la CAN2019 - LES VOLCANS NEWS<\/title>\n<meta name=\"robots\" content=\"index, follow, max-snippet:-1, max-image-preview:large, max-video-preview:-1\" \/>\n<link rel=\"canonical\" href=\"https:\/\/lesvolcansnews.net\/?p=3899\" \/>\n<meta property=\"og:locale\" content=\"fr_FR\" \/>\n<meta property=\"og:type\" content=\"article\" \/>\n<meta property=\"og:title\" content=\"L\u00e9opards: Jackson muleka garde la t\u00eate haute apr\u00e8s sa non participation \u00e0 la CAN2019 - LES VOLCANS NEWS\" \/>\n<meta property=\"og:description\" content=\"Attaquant du TP Mazembe de Lubumbashi Jackson Muleka \u00e9tait pourtant attendu a marbella pour le stage de pr\u00e9paration de la coupe d&#8217;Afrique des nations avec les l\u00e9opards mais cette p\u00e9pite\" \/>\n<meta property=\"og:url\" content=\"https:\/\/lesvolcansnews.net\/?p=3899\" \/>\n<meta property=\"og:site_name\" content=\"LES VOLCANS NEWS\" \/>\n<meta property=\"article:published_time\" content=\"2019-07-15T09:28:05+00:00\" \/>\n<meta property=\"og:image\" content=\"https:\/\/lesvolcansnews.net\/wp-content\/uploads\/2019\/07\/IMG-20190715-WA0100.jpg\" \/>\n\t<meta property=\"og:image:width\" content=\"474\" \/>\n\t<meta property=\"og:image:height\" content=\"316\" \/>\n\t<meta property=\"og:image:type\" content=\"image\/jpeg\" \/>\n<meta name=\"author\" content=\"R\u00e9daction - Les Volcans News\" \/>\n<meta name=\"twitter:card\" content=\"summary_large_image\" \/>\n<meta name=\"twitter:label1\" content=\"\u00c9crit par\" \/>\n\t<meta name=\"twitter:data1\" content=\"R\u00e9daction - Les Volcans News\" \/>\n\t<meta name=\"twitter:label2\" content=\"Dur\u00e9e de lecture estim\u00e9e\" \/>\n\t<meta name=\"twitter:data2\" content=\"2 minutes\" \/>\n<script type=\"application\/ld+json\" class=\"yoast-schema-graph\">{\"@context\":\"https:\\\/\\\/schema.org\",\"@graph\":[{\"@type\":\"Article\",\"@id\":\"https:\\\/\\\/lesvolcansnews.net\\\/?p=3899#article\",\"isPartOf\":{\"@id\":\"https:\\\/\\\/lesvolcansnews.net\\\/?p=3899\"},\"author\":{\"name\":\"R\u00e9daction - Les Volcans News\",\"@id\":\"https:\\\/\\\/lesvolcansnews.net\\\/#\\\/schema\\\/person\\\/82c8bed2e77879ecf6cca63441f57354\"},\"headline\":\"L\u00e9opards: Jackson muleka garde la t\u00eate haute apr\u00e8s sa non participation \u00e0 la CAN2019\",\"datePublished\":\"2019-07-15T09:28:05+00:00\",\"mainEntityOfPage\":{\"@id\":\"https:\\\/\\\/lesvolcansnews.net\\\/?p=3899\"},\"wordCount\":425,\"commentCount\":0,\"image\":{\"@id\":\"https:\\\/\\\/lesvolcansnews.net\\\/?p=3899#primaryimage\"},\"thumbnailUrl\":\"https:\\\/\\\/lesvolcansnews.net\\\/wp-content\\\/uploads\\\/2019\\\/07\\\/IMG-20190715-WA0100.jpg\",\"articleSection\":[\"SPORTS\"],\"inLanguage\":\"fr-FR\",\"potentialAction\":[{\"@type\":\"CommentAction\",\"name\":\"Comment\",\"target\":[\"https:\\\/\\\/lesvolcansnews.net\\\/?p=3899#respond\"]}]},{\"@type\":\"WebPage\",\"@id\":\"https:\\\/\\\/lesvolcansnews.net\\\/?p=3899\",\"url\":\"https:\\\/\\\/lesvolcansnews.net\\\/?p=3899\",\"name\":\"L\u00e9opards: Jackson muleka garde la t\u00eate haute apr\u00e8s sa non participation \u00e0 la CAN2019 - LES VOLCANS NEWS\",\"isPartOf\":{\"@id\":\"https:\\\/\\\/lesvolcansnews.net\\\/#website\"},\"primaryImageOfPage\":{\"@id\":\"https:\\\/\\\/lesvolcansnews.net\\\/?p=3899#primaryimage\"},\"image\":{\"@id\":\"https:\\\/\\\/lesvolcansnews.net\\\/?p=3899#primaryimage\"},\"thumbnailUrl\":\"https:\\\/\\\/lesvolcansnews.net\\\/wp-content\\\/uploads\\\/2019\\\/07\\\/IMG-20190715-WA0100.jpg\",\"datePublished\":\"2019-07-15T09:28:05+00:00\",\"author\":{\"@id\":\"https:\\\/\\\/lesvolcansnews.net\\\/#\\\/schema\\\/person\\\/82c8bed2e77879ecf6cca63441f57354\"},\"breadcrumb\":{\"@id\":\"https:\\\/\\\/lesvolcansnews.net\\\/?p=3899#breadcrumb\"},\"inLanguage\":\"fr-FR\",\"potentialAction\":[{\"@type\":\"ReadAction\",\"target\":[\"https:\\\/\\\/lesvolcansnews.net\\\/?p=3899\"]}]},{\"@type\":\"ImageObject\",\"inLanguage\":\"fr-FR\",\"@id\":\"https:\\\/\\\/lesvolcansnews.net\\\/?p=3899#primaryimage\",\"url\":\"https:\\\/\\\/lesvolcansnews.net\\\/wp-content\\\/uploads\\\/2019\\\/07\\\/IMG-20190715-WA0100.jpg\",\"contentUrl\":\"https:\\\/\\\/lesvolcansnews.net\\\/wp-content\\\/uploads\\\/2019\\\/07\\\/IMG-20190715-WA0100.jpg\",\"width\":474,\"height\":316},{\"@type\":\"BreadcrumbList\",\"@id\":\"https:\\\/\\\/lesvolcansnews.net\\\/?p=3899#breadcrumb\",\"itemListElement\":[{\"@type\":\"ListItem\",\"position\":1,\"name\":\"Accueil\",\"item\":\"https:\\\/\\\/lesvolcansnews.net\\\/\"},{\"@type\":\"ListItem\",\"position\":2,\"name\":\"L\u00e9opards: Jackson muleka garde la t\u00eate haute apr\u00e8s sa non participation \u00e0 la CAN2019\"}]},{\"@type\":\"WebSite\",\"@id\":\"https:\\\/\\\/lesvolcansnews.net\\\/#website\",\"url\":\"https:\\\/\\\/lesvolcansnews.net\\\/\",\"name\":\"LES VOLCANS NEWS\",\"description\":\"L&#039;INFORMATION C&#039;EST NOUS\",\"potentialAction\":[{\"@type\":\"SearchAction\",\"target\":{\"@type\":\"EntryPoint\",\"urlTemplate\":\"https:\\\/\\\/lesvolcansnews.net\\\/?s={search_term_string}\"},\"query-input\":{\"@type\":\"PropertyValueSpecification\",\"valueRequired\":true,\"valueName\":\"search_term_string\"}}],\"inLanguage\":\"fr-FR\"},{\"@type\":\"Person\",\"@id\":\"https:\\\/\\\/lesvolcansnews.net\\\/#\\\/schema\\\/person\\\/82c8bed2e77879ecf6cca63441f57354\",\"name\":\"R\u00e9daction - Les Volcans News\",\"image\":{\"@type\":\"ImageObject\",\"inLanguage\":\"fr-FR\",\"@id\":\"https:\\\/\\\/secure.gravatar.com\\\/avatar\\\/8408942dd851e8a9c09f3d382a661bc05d2b3cd9002139bc1795b9528cdc6c80?s=96&d=mm&r=g\",\"url\":\"https:\\\/\\\/secure.gravatar.com\\\/avatar\\\/8408942dd851e8a9c09f3d382a661bc05d2b3cd9002139bc1795b9528cdc6c80?s=96&d=mm&r=g\",\"contentUrl\":\"https:\\\/\\\/secure.gravatar.com\\\/avatar\\\/8408942dd851e8a9c09f3d382a661bc05d2b3cd9002139bc1795b9528cdc6c80?s=96&d=mm&r=g\",\"caption\":\"R\u00e9daction - Les Volcans News\"},\"url\":\"https:\\\/\\\/lesvolcansnews.net\\\/?author=14\"}]}<\/script>\n<!-- \/ Yoast SEO plugin. -->","yoast_head_json":{"title":"L\u00e9opards: Jackson muleka garde la t\u00eate haute apr\u00e8s sa non participation \u00e0 la CAN2019 - LES VOLCANS NEWS","robots":{"index":"index","follow":"follow","max-snippet":"max-snippet:-1","max-image-preview":"max-image-preview:large","max-video-preview":"max-video-preview:-1"},"canonical":"https:\/\/lesvolcansnews.net\/?p=3899","og_locale":"fr_FR","og_type":"article","og_title":"L\u00e9opards: Jackson muleka garde la t\u00eate haute apr\u00e8s sa non participation \u00e0 la CAN2019 - LES VOLCANS NEWS","og_description":"Attaquant du TP Mazembe de Lubumbashi Jackson Muleka \u00e9tait pourtant attendu a marbella pour le stage de pr\u00e9paration de la coupe d&#8217;Afrique des nations avec les l\u00e9opards mais cette p\u00e9pite","og_url":"https:\/\/lesvolcansnews.net\/?p=3899","og_site_name":"LES VOLCANS NEWS","article_published_time":"2019-07-15T09:28:05+00:00","og_image":[{"width":474,"height":316,"url":"https:\/\/lesvolcansnews.net\/wp-content\/uploads\/2019\/07\/IMG-20190715-WA0100.jpg","type":"image\/jpeg"}],"author":"R\u00e9daction - Les Volcans News","twitter_card":"summary_large_image","twitter_misc":{"\u00c9crit par":"R\u00e9daction - Les Volcans News","Dur\u00e9e de lecture estim\u00e9e":"2 minutes"},"schema":{"@context":"https:\/\/schema.org","@graph":[{"@type":"Article","@id":"https:\/\/lesvolcansnews.net\/?p=3899#article","isPartOf":{"@id":"https:\/\/lesvolcansnews.net\/?p=3899"},"author":{"name":"R\u00e9daction - Les Volcans News","@id":"https:\/\/lesvolcansnews.net\/#\/schema\/person\/82c8bed2e77879ecf6cca63441f57354"},"headline":"L\u00e9opards: Jackson muleka garde la t\u00eate haute apr\u00e8s sa non participation \u00e0 la CAN2019","datePublished":"2019-07-15T09:28:05+00:00","mainEntityOfPage":{"@id":"https:\/\/lesvolcansnews.net\/?p=3899"},"wordCount":425,"commentCount":0,"image":{"@id":"https:\/\/lesvolcansnews.net\/?p=3899#primaryimage"},"thumbnailUrl":"https:\/\/lesvolcansnews.net\/wp-content\/uploads\/2019\/07\/IMG-20190715-WA0100.jpg","articleSection":["SPORTS"],"inLanguage":"fr-FR","potentialAction":[{"@type":"CommentAction","name":"Comment","target":["https:\/\/lesvolcansnews.net\/?p=3899#respond"]}]},{"@type":"WebPage","@id":"https:\/\/lesvolcansnews.net\/?p=3899","url":"https:\/\/lesvolcansnews.net\/?p=3899","name":"L\u00e9opards: Jackson muleka garde la t\u00eate haute apr\u00e8s sa non participation \u00e0 la CAN2019 - LES VOLCANS NEWS","isPartOf":{"@id":"https:\/\/lesvolcansnews.net\/#website"},"primaryImageOfPage":{"@id":"https:\/\/lesvolcansnews.net\/?p=3899#primaryimage"},"image":{"@id":"https:\/\/lesvolcansnews.net\/?p=3899#primaryimage"},"thumbnailUrl":"https:\/\/lesvolcansnews.net\/wp-content\/uploads\/2019\/07\/IMG-20190715-WA0100.jpg","datePublished":"2019-07-15T09:28:05+00:00","author":{"@id":"https:\/\/lesvolcansnews.net\/#\/schema\/person\/82c8bed2e77879ecf6cca63441f57354"},"breadcrumb":{"@id":"https:\/\/lesvolcansnews.net\/?p=3899#breadcrumb"},"inLanguage":"fr-FR","potentialAction":[{"@type":"ReadAction","target":["https:\/\/lesvolcansnews.net\/?p=3899"]}]},{"@type":"ImageObject","inLanguage":"fr-FR","@id":"https:\/\/lesvolcansnews.net\/?p=3899#primaryimage","url":"https:\/\/lesvolcansnews.net\/wp-content\/uploads\/2019\/07\/IMG-20190715-WA0100.jpg","contentUrl":"https:\/\/lesvolcansnews.net\/wp-content\/uploads\/2019\/07\/IMG-20190715-WA0100.jpg","width":474,"height":316},{"@type":"BreadcrumbList","@id":"https:\/\/lesvolcansnews.net\/?p=3899#breadcrumb","itemListElement":[{"@type":"ListItem","position":1,"name":"Accueil","item":"https:\/\/lesvolcansnews.net\/"},{"@type":"ListItem","position":2,"name":"L\u00e9opards: Jackson muleka garde la t\u00eate haute apr\u00e8s sa non participation \u00e0 la CAN2019"}]},{"@type":"WebSite","@id":"https:\/\/lesvolcansnews.net\/#website","url":"https:\/\/lesvolcansnews.net\/","name":"LES VOLCANS NEWS","description":"L&#039;INFORMATION C&#039;EST NOUS","potentialAction":[{"@type":"SearchAction","target":{"@type":"EntryPoint","urlTemplate":"https:\/\/lesvolcansnews.net\/?s={search_term_string}"},"query-input":{"@type":"PropertyValueSpecification","valueRequired":true,"valueName":"search_term_string"}}],"inLanguage":"fr-FR"},{"@type":"Person","@id":"https:\/\/lesvolcansnews.net\/#\/schema\/person\/82c8bed2e77879ecf6cca63441f57354","name":"R\u00e9daction - Les Volcans News","image":{"@type":"ImageObject","inLanguage":"fr-FR","@id":"https:\/\/secure.gravatar.com\/avatar\/8408942dd851e8a9c09f3d382a661bc05d2b3cd9002139bc1795b9528cdc6c80?s=96&d=mm&r=g","url":"https:\/\/secure.gravatar.com\/avatar\/8408942dd851e8a9c09f3d382a661bc05d2b3cd9002139bc1795b9528cdc6c80?s=96&d=mm&r=g","contentUrl":"https:\/\/secure.gravatar.com\/avatar\/8408942dd851e8a9c09f3d382a661bc05d2b3cd9002139bc1795b9528cdc6c80?s=96&d=mm&r=g","caption":"R\u00e9daction - Les Volcans News"},"url":"https:\/\/lesvolcansnews.net\/?author=14"}]}},"_links":{"self":[{"href":"https:\/\/lesvolcansnews.net\/index.php?rest_route=\/wp\/v2\/posts\/3899","targetHints":{"allow":["GET"]}}],"collection":[{"href":"https:\/\/lesvolcansnews.net\/index.php?rest_route=\/wp\/v2\/posts"}],"about":[{"href":"https:\/\/lesvolcansnews.net\/index.php?rest_route=\/wp\/v2\/types\/post"}],"author":[{"embeddable":true,"href":"https:\/\/lesvolcansnews.net\/index.php?rest_route=\/wp\/v2\/users\/14"}],"replies":[{"embeddable":true,"href":"https:\/\/lesvolcansnews.net\/index.php?rest_route=%2Fwp%2Fv2%2Fcomments&post=3899"}],"version-history":[{"count":0,"href":"https:\/\/lesvolcansnews.net\/index.php?rest_route=\/wp\/v2\/posts\/3899\/revisions"}],"wp:featuredmedia":[{"embeddable":true,"href":"https:\/\/lesvolcansnews.net\/index.php?rest_route=\/wp\/v2\/media\/3898"}],"wp:attachment":[{"href":"https:\/\/lesvolcansnews.net\/index.php?rest_route=%2Fwp%2Fv2%2Fmedia&parent=3899"}],"wp:term":[{"taxonomy":"category","embeddable":true,"href":"https:\/\/lesvolcansnews.net\/index.php?rest_route=%2Fwp%2Fv2%2Fcategories&post=3899"},{"taxonomy":"post_tag","embeddable":true,"href":"https:\/\/lesvolcansnews.net\/index.php?rest_route=%2Fwp%2Fv2%2Ftags&post=3899"}],"curies":[{"name":"wp","href":"https:\/\/api.w.org\/{rel}","templated":true}]}}