{"id":3885,"date":"2019-07-14T21:10:52","date_gmt":"2019-07-14T21:10:52","guid":{"rendered":"http:\/\/lesvolcansnews.net\/2019\/07\/14\/nord-kivu-goma-le-premier-cas-debola-confirme\/"},"modified":"2019-07-14T21:29:07","modified_gmt":"2019-07-14T21:29:07","slug":"nord-kivu-goma-le-premier-cas-debola-confirme","status":"publish","type":"post","link":"https:\/\/lesvolcansnews.net\/?p=3885","title":{"rendered":"Nord-Kivu\/Goma: le premier cas d&#8217;Ebola confirm\u00e9"},"content":{"rendered":"<p>La nouvelle est confirm\u00e9e par les autorit\u00e9s sanitaires congolaises , ce dimanche 14 juillet 2019, sur l&#8217;apparition du tout premier de la maladie \u00e0 virus Ebola dans la ville volcanique de Goma , chef &#8211; lieu de la province du Nord-Kivu.<\/p>\n<p>Selon une source m\u00e9dicale jointe par la r\u00e9daction de Lesvolcansnews, nous apprenons qu&#8217;il s&#8217;agit d&#8217;un homme \u00e2g\u00e9 d&#8217;au moins 45 ans qui quittait la ville de Butembo . C&#8217;est comme d&#8217;ailleurs l&#8217;a indiqu\u00e9 le directeur g\u00e9n\u00e9ral de l&#8217;institut national de recherche biom\u00e9dicale (INRB), Dr Jean &#8211; Jacques Muyembe , sur son compte Twitter.<\/p>\n<p>Alors que le centre de traitemdbt d&#8217;Ebola (CTE) s&#8217;en charge deja, la folle nouvelle fait deja la une sur les r\u00e9seaux sociaux.<\/p>\n<p>Selon les pr\u00e9cisions de nos confr\u00e8res d&#8217;un m\u00e9dia en ligue,<br \/>\nle premier cas cibl\u00e9 est d&#8217;un pasteur d&#8217;une \u00e9glise protestante de Bukavu (Sud-Kivu).<br \/>\nIl a r\u00e9cemment effectu\u00e9 un voyage \u00e0 Butembo fief de l&#8217;\u00e9pid\u00e9mie avant de d\u00e9barquer \u00e0 Goma \u00e0 bord d&#8217;un bus.<\/p>\n<p>Par ailleurs, le ministre congolais de la sant\u00e9 Oly Ilunga repr\u00e9sentant num\u00e9ro un de la riposte contre Ebola, dans un message \u00e9crit, invite la population au calme :<\/p>\n<p>&#8220;<em>Il est important que la population garde son calme. En raison de la rapidit\u00e9 avec laquelle le patient a \u00e9t\u00e9 identifi\u00e9 et isol\u00e9, ainsi que l\u2019identification de tous les passagers du bus en provenance de Butembo, le risque de propagation dans le reste de la ville de Goma reste faible.&#8221;<\/em>, a-t-il \u00e9crit.<\/p>\n<p>Nous y reviendrons avec force d\u00e9tails dans les prochaines heures.<\/p>\n<p><em><strong>Cedrick Sadiki Mbala<\/strong><\/em><\/p>\n","protected":false},"excerpt":{"rendered":"<p>La nouvelle est confirm\u00e9e par les autorit\u00e9s sanitaires congolaises , ce dimanche 14 juillet 2019, sur l&#8217;apparition du tout premier de la maladie \u00e0 virus Ebola dans la ville volcanique<\/p>\n","protected":false},"author":14,"featured_media":3884,"comment_status":"open","ping_status":"open","sticky":false,"template":"","format":"standard","meta":{"footnotes":""},"categories":[9],"tags":[],"class_list":["post-3885","post","type-post","status-publish","format-standard","has-post-thumbnail","hentry","category-societe"],"yoast_head":"<!-- This site is optimized with the Yoast SEO plugin v27.3 - https:\/\/yoast.com\/product\/yoast-seo-wordpress\/ -->\n<title>Nord-Kivu\/Goma: le premier cas d&#039;Ebola confirm\u00e9 - LES VOLCANS NEWS<\/title>\n<meta name=\"robots\" content=\"index, follow, max-snippet:-1, max-image-preview:large, max-video-preview:-1\" \/>\n<link rel=\"canonical\" href=\"https:\/\/lesvolcansnews.net\/?p=3885\" \/>\n<meta property=\"og:locale\" content=\"fr_FR\" \/>\n<meta property=\"og:type\" content=\"article\" \/>\n<meta property=\"og:title\" content=\"Nord-Kivu\/Goma: le premier cas d&#039;Ebola confirm\u00e9 - LES VOLCANS NEWS\" \/>\n<meta property=\"og:description\" content=\"La nouvelle est confirm\u00e9e par les autorit\u00e9s sanitaires congolaises , ce dimanche 14 juillet 2019, sur l&#8217;apparition du tout premier de la maladie \u00e0 virus Ebola dans la ville volcanique\" \/>\n<meta property=\"og:url\" content=\"https:\/\/lesvolcansnews.net\/?p=3885\" \/>\n<meta property=\"og:site_name\" content=\"LES VOLCANS NEWS\" \/>\n<meta property=\"article:published_time\" content=\"2019-07-14T21:10:52+00:00\" \/>\n<meta property=\"article:modified_time\" content=\"2019-07-14T21:29:07+00:00\" \/>\n<meta property=\"og:image\" content=\"https:\/\/lesvolcansnews.net\/wp-content\/uploads\/2019\/07\/IMG-20190714-WA0208.jpg\" \/>\n\t<meta property=\"og:image:width\" content=\"800\" \/>\n\t<meta property=\"og:image:height\" content=\"452\" \/>\n\t<meta property=\"og:image:type\" content=\"image\/jpeg\" \/>\n<meta name=\"author\" content=\"R\u00e9daction - Les Volcans News\" \/>\n<meta name=\"twitter:card\" content=\"summary_large_image\" \/>\n<meta name=\"twitter:label1\" content=\"\u00c9crit par\" \/>\n\t<meta name=\"twitter:data1\" content=\"R\u00e9daction - Les Volcans News\" \/>\n\t<meta name=\"twitter:label2\" content=\"Dur\u00e9e de lecture estim\u00e9e\" \/>\n\t<meta name=\"twitter:data2\" content=\"1 minute\" \/>\n<script type=\"application\/ld+json\" class=\"yoast-schema-graph\">{\"@context\":\"https:\\\/\\\/schema.org\",\"@graph\":[{\"@type\":\"Article\",\"@id\":\"https:\\\/\\\/lesvolcansnews.net\\\/?p=3885#article\",\"isPartOf\":{\"@id\":\"https:\\\/\\\/lesvolcansnews.net\\\/?p=3885\"},\"author\":{\"name\":\"R\u00e9daction - Les Volcans News\",\"@id\":\"https:\\\/\\\/lesvolcansnews.net\\\/#\\\/schema\\\/person\\\/82c8bed2e77879ecf6cca63441f57354\"},\"headline\":\"Nord-Kivu\\\/Goma: le premier cas d&#8217;Ebola confirm\u00e9\",\"datePublished\":\"2019-07-14T21:10:52+00:00\",\"dateModified\":\"2019-07-14T21:29:07+00:00\",\"mainEntityOfPage\":{\"@id\":\"https:\\\/\\\/lesvolcansnews.net\\\/?p=3885\"},\"wordCount\":282,\"commentCount\":0,\"image\":{\"@id\":\"https:\\\/\\\/lesvolcansnews.net\\\/?p=3885#primaryimage\"},\"thumbnailUrl\":\"https:\\\/\\\/lesvolcansnews.net\\\/wp-content\\\/uploads\\\/2019\\\/07\\\/IMG-20190714-WA0208.jpg\",\"articleSection\":[\"SOCIET\u00c9\"],\"inLanguage\":\"fr-FR\",\"potentialAction\":[{\"@type\":\"CommentAction\",\"name\":\"Comment\",\"target\":[\"https:\\\/\\\/lesvolcansnews.net\\\/?p=3885#respond\"]}]},{\"@type\":\"WebPage\",\"@id\":\"https:\\\/\\\/lesvolcansnews.net\\\/?p=3885\",\"url\":\"https:\\\/\\\/lesvolcansnews.net\\\/?p=3885\",\"name\":\"Nord-Kivu\\\/Goma: le premier cas d'Ebola confirm\u00e9 - LES VOLCANS NEWS\",\"isPartOf\":{\"@id\":\"https:\\\/\\\/lesvolcansnews.net\\\/#website\"},\"primaryImageOfPage\":{\"@id\":\"https:\\\/\\\/lesvolcansnews.net\\\/?p=3885#primaryimage\"},\"image\":{\"@id\":\"https:\\\/\\\/lesvolcansnews.net\\\/?p=3885#primaryimage\"},\"thumbnailUrl\":\"https:\\\/\\\/lesvolcansnews.net\\\/wp-content\\\/uploads\\\/2019\\\/07\\\/IMG-20190714-WA0208.jpg\",\"datePublished\":\"2019-07-14T21:10:52+00:00\",\"dateModified\":\"2019-07-14T21:29:07+00:00\",\"author\":{\"@id\":\"https:\\\/\\\/lesvolcansnews.net\\\/#\\\/schema\\\/person\\\/82c8bed2e77879ecf6cca63441f57354\"},\"breadcrumb\":{\"@id\":\"https:\\\/\\\/lesvolcansnews.net\\\/?p=3885#breadcrumb\"},\"inLanguage\":\"fr-FR\",\"potentialAction\":[{\"@type\":\"ReadAction\",\"target\":[\"https:\\\/\\\/lesvolcansnews.net\\\/?p=3885\"]}]},{\"@type\":\"ImageObject\",\"inLanguage\":\"fr-FR\",\"@id\":\"https:\\\/\\\/lesvolcansnews.net\\\/?p=3885#primaryimage\",\"url\":\"https:\\\/\\\/lesvolcansnews.net\\\/wp-content\\\/uploads\\\/2019\\\/07\\\/IMG-20190714-WA0208.jpg\",\"contentUrl\":\"https:\\\/\\\/lesvolcansnews.net\\\/wp-content\\\/uploads\\\/2019\\\/07\\\/IMG-20190714-WA0208.jpg\",\"width\":800,\"height\":452},{\"@type\":\"BreadcrumbList\",\"@id\":\"https:\\\/\\\/lesvolcansnews.net\\\/?p=3885#breadcrumb\",\"itemListElement\":[{\"@type\":\"ListItem\",\"position\":1,\"name\":\"Accueil\",\"item\":\"https:\\\/\\\/lesvolcansnews.net\\\/\"},{\"@type\":\"ListItem\",\"position\":2,\"name\":\"Nord-Kivu\\\/Goma: le premier cas d&#8217;Ebola confirm\u00e9\"}]},{\"@type\":\"WebSite\",\"@id\":\"https:\\\/\\\/lesvolcansnews.net\\\/#website\",\"url\":\"https:\\\/\\\/lesvolcansnews.net\\\/\",\"name\":\"LES VOLCANS NEWS\",\"description\":\"L&#039;INFORMATION C&#039;EST NOUS\",\"potentialAction\":[{\"@type\":\"SearchAction\",\"target\":{\"@type\":\"EntryPoint\",\"urlTemplate\":\"https:\\\/\\\/lesvolcansnews.net\\\/?s={search_term_string}\"},\"query-input\":{\"@type\":\"PropertyValueSpecification\",\"valueRequired\":true,\"valueName\":\"search_term_string\"}}],\"inLanguage\":\"fr-FR\"},{\"@type\":\"Person\",\"@id\":\"https:\\\/\\\/lesvolcansnews.net\\\/#\\\/schema\\\/person\\\/82c8bed2e77879ecf6cca63441f57354\",\"name\":\"R\u00e9daction - Les Volcans News\",\"image\":{\"@type\":\"ImageObject\",\"inLanguage\":\"fr-FR\",\"@id\":\"https:\\\/\\\/secure.gravatar.com\\\/avatar\\\/8408942dd851e8a9c09f3d382a661bc05d2b3cd9002139bc1795b9528cdc6c80?s=96&d=mm&r=g\",\"url\":\"https:\\\/\\\/secure.gravatar.com\\\/avatar\\\/8408942dd851e8a9c09f3d382a661bc05d2b3cd9002139bc1795b9528cdc6c80?s=96&d=mm&r=g\",\"contentUrl\":\"https:\\\/\\\/secure.gravatar.com\\\/avatar\\\/8408942dd851e8a9c09f3d382a661bc05d2b3cd9002139bc1795b9528cdc6c80?s=96&d=mm&r=g\",\"caption\":\"R\u00e9daction - Les Volcans News\"},\"url\":\"https:\\\/\\\/lesvolcansnews.net\\\/?author=14\"}]}<\/script>\n<!-- \/ Yoast SEO plugin. -->","yoast_head_json":{"title":"Nord-Kivu\/Goma: le premier cas d'Ebola confirm\u00e9 - LES VOLCANS NEWS","robots":{"index":"index","follow":"follow","max-snippet":"max-snippet:-1","max-image-preview":"max-image-preview:large","max-video-preview":"max-video-preview:-1"},"canonical":"https:\/\/lesvolcansnews.net\/?p=3885","og_locale":"fr_FR","og_type":"article","og_title":"Nord-Kivu\/Goma: le premier cas d'Ebola confirm\u00e9 - LES VOLCANS NEWS","og_description":"La nouvelle est confirm\u00e9e par les autorit\u00e9s sanitaires congolaises , ce dimanche 14 juillet 2019, sur l&#8217;apparition du tout premier de la maladie \u00e0 virus Ebola dans la ville volcanique","og_url":"https:\/\/lesvolcansnews.net\/?p=3885","og_site_name":"LES VOLCANS NEWS","article_published_time":"2019-07-14T21:10:52+00:00","article_modified_time":"2019-07-14T21:29:07+00:00","og_image":[{"width":800,"height":452,"url":"https:\/\/lesvolcansnews.net\/wp-content\/uploads\/2019\/07\/IMG-20190714-WA0208.jpg","type":"image\/jpeg"}],"author":"R\u00e9daction - Les Volcans News","twitter_card":"summary_large_image","twitter_misc":{"\u00c9crit par":"R\u00e9daction - Les Volcans News","Dur\u00e9e de lecture estim\u00e9e":"1 minute"},"schema":{"@context":"https:\/\/schema.org","@graph":[{"@type":"Article","@id":"https:\/\/lesvolcansnews.net\/?p=3885#article","isPartOf":{"@id":"https:\/\/lesvolcansnews.net\/?p=3885"},"author":{"name":"R\u00e9daction - Les Volcans News","@id":"https:\/\/lesvolcansnews.net\/#\/schema\/person\/82c8bed2e77879ecf6cca63441f57354"},"headline":"Nord-Kivu\/Goma: le premier cas d&#8217;Ebola confirm\u00e9","datePublished":"2019-07-14T21:10:52+00:00","dateModified":"2019-07-14T21:29:07+00:00","mainEntityOfPage":{"@id":"https:\/\/lesvolcansnews.net\/?p=3885"},"wordCount":282,"commentCount":0,"image":{"@id":"https:\/\/lesvolcansnews.net\/?p=3885#primaryimage"},"thumbnailUrl":"https:\/\/lesvolcansnews.net\/wp-content\/uploads\/2019\/07\/IMG-20190714-WA0208.jpg","articleSection":["SOCIET\u00c9"],"inLanguage":"fr-FR","potentialAction":[{"@type":"CommentAction","name":"Comment","target":["https:\/\/lesvolcansnews.net\/?p=3885#respond"]}]},{"@type":"WebPage","@id":"https:\/\/lesvolcansnews.net\/?p=3885","url":"https:\/\/lesvolcansnews.net\/?p=3885","name":"Nord-Kivu\/Goma: le premier cas d'Ebola confirm\u00e9 - LES VOLCANS NEWS","isPartOf":{"@id":"https:\/\/lesvolcansnews.net\/#website"},"primaryImageOfPage":{"@id":"https:\/\/lesvolcansnews.net\/?p=3885#primaryimage"},"image":{"@id":"https:\/\/lesvolcansnews.net\/?p=3885#primaryimage"},"thumbnailUrl":"https:\/\/lesvolcansnews.net\/wp-content\/uploads\/2019\/07\/IMG-20190714-WA0208.jpg","datePublished":"2019-07-14T21:10:52+00:00","dateModified":"2019-07-14T21:29:07+00:00","author":{"@id":"https:\/\/lesvolcansnews.net\/#\/schema\/person\/82c8bed2e77879ecf6cca63441f57354"},"breadcrumb":{"@id":"https:\/\/lesvolcansnews.net\/?p=3885#breadcrumb"},"inLanguage":"fr-FR","potentialAction":[{"@type":"ReadAction","target":["https:\/\/lesvolcansnews.net\/?p=3885"]}]},{"@type":"ImageObject","inLanguage":"fr-FR","@id":"https:\/\/lesvolcansnews.net\/?p=3885#primaryimage","url":"https:\/\/lesvolcansnews.net\/wp-content\/uploads\/2019\/07\/IMG-20190714-WA0208.jpg","contentUrl":"https:\/\/lesvolcansnews.net\/wp-content\/uploads\/2019\/07\/IMG-20190714-WA0208.jpg","width":800,"height":452},{"@type":"BreadcrumbList","@id":"https:\/\/lesvolcansnews.net\/?p=3885#breadcrumb","itemListElement":[{"@type":"ListItem","position":1,"name":"Accueil","item":"https:\/\/lesvolcansnews.net\/"},{"@type":"ListItem","position":2,"name":"Nord-Kivu\/Goma: le premier cas d&#8217;Ebola confirm\u00e9"}]},{"@type":"WebSite","@id":"https:\/\/lesvolcansnews.net\/#website","url":"https:\/\/lesvolcansnews.net\/","name":"LES VOLCANS NEWS","description":"L&#039;INFORMATION C&#039;EST NOUS","potentialAction":[{"@type":"SearchAction","target":{"@type":"EntryPoint","urlTemplate":"https:\/\/lesvolcansnews.net\/?s={search_term_string}"},"query-input":{"@type":"PropertyValueSpecification","valueRequired":true,"valueName":"search_term_string"}}],"inLanguage":"fr-FR"},{"@type":"Person","@id":"https:\/\/lesvolcansnews.net\/#\/schema\/person\/82c8bed2e77879ecf6cca63441f57354","name":"R\u00e9daction - Les Volcans News","image":{"@type":"ImageObject","inLanguage":"fr-FR","@id":"https:\/\/secure.gravatar.com\/avatar\/8408942dd851e8a9c09f3d382a661bc05d2b3cd9002139bc1795b9528cdc6c80?s=96&d=mm&r=g","url":"https:\/\/secure.gravatar.com\/avatar\/8408942dd851e8a9c09f3d382a661bc05d2b3cd9002139bc1795b9528cdc6c80?s=96&d=mm&r=g","contentUrl":"https:\/\/secure.gravatar.com\/avatar\/8408942dd851e8a9c09f3d382a661bc05d2b3cd9002139bc1795b9528cdc6c80?s=96&d=mm&r=g","caption":"R\u00e9daction - Les Volcans News"},"url":"https:\/\/lesvolcansnews.net\/?author=14"}]}},"_links":{"self":[{"href":"https:\/\/lesvolcansnews.net\/index.php?rest_route=\/wp\/v2\/posts\/3885","targetHints":{"allow":["GET"]}}],"collection":[{"href":"https:\/\/lesvolcansnews.net\/index.php?rest_route=\/wp\/v2\/posts"}],"about":[{"href":"https:\/\/lesvolcansnews.net\/index.php?rest_route=\/wp\/v2\/types\/post"}],"author":[{"embeddable":true,"href":"https:\/\/lesvolcansnews.net\/index.php?rest_route=\/wp\/v2\/users\/14"}],"replies":[{"embeddable":true,"href":"https:\/\/lesvolcansnews.net\/index.php?rest_route=%2Fwp%2Fv2%2Fcomments&post=3885"}],"version-history":[{"count":1,"href":"https:\/\/lesvolcansnews.net\/index.php?rest_route=\/wp\/v2\/posts\/3885\/revisions"}],"predecessor-version":[{"id":3886,"href":"https:\/\/lesvolcansnews.net\/index.php?rest_route=\/wp\/v2\/posts\/3885\/revisions\/3886"}],"wp:featuredmedia":[{"embeddable":true,"href":"https:\/\/lesvolcansnews.net\/index.php?rest_route=\/wp\/v2\/media\/3884"}],"wp:attachment":[{"href":"https:\/\/lesvolcansnews.net\/index.php?rest_route=%2Fwp%2Fv2%2Fmedia&parent=3885"}],"wp:term":[{"taxonomy":"category","embeddable":true,"href":"https:\/\/lesvolcansnews.net\/index.php?rest_route=%2Fwp%2Fv2%2Fcategories&post=3885"},{"taxonomy":"post_tag","embeddable":true,"href":"https:\/\/lesvolcansnews.net\/index.php?rest_route=%2Fwp%2Fv2%2Ftags&post=3885"}],"curies":[{"name":"wp","href":"https:\/\/api.w.org\/{rel}","templated":true}]}}