{"id":3857,"date":"2019-07-13T15:29:26","date_gmt":"2019-07-13T15:29:26","guid":{"rendered":"https:\/\/lesvolcansnews.net\/2019\/07\/13\/syrie-13-morts-dans-deux-explosions-en-moins-de-vingt-quatre-heures-a-afrin-et-a-qamichli\/"},"modified":"2019-07-13T15:29:26","modified_gmt":"2019-07-13T15:29:26","slug":"syrie-13-morts-dans-deux-explosions-en-moins-de-vingt-quatre-heures-a-afrin-et-a-qamichli","status":"publish","type":"post","link":"https:\/\/lesvolcansnews.net\/?p=3857","title":{"rendered":"Syrie : 13 morts dans deux explosions en moins de vingt quatre heures \u00e0 Afrin et \u00e0 Qamichli"},"content":{"rendered":"<p>13 morts et une cinquantaine de bless\u00e9s ont \u00e9t\u00e9 enregistr\u00e9s \u00e0 l\u2019issuede l\u2019explosion de deux voitures pi\u00e9g\u00e9es en moins de<br \/>\n24 heures \u00e0 Afrin et Qamichli, la premi\u00e8re dans une r\u00e9gion contr\u00f4l\u00e9e par l\u2019arm\u00e9e turque et la seconde dans un bastion kurde en Syrie.<br \/>\nLa premi\u00e8re explosion a eu lieu pr\u00e8s d\u2019un barrage des rebelles pro-turcs \u00e0 l\u2019entr\u00e9e de la ville d\u2019Afrin, au nord d\u2019Alep, alors que des v\u00e9hicules \u00e9taient mass\u00e9s pour inspection. Parmi les victimes figurent au moins huit<br \/>\ncivils, dont deux enfants.<br \/>\nL\u2019ancien fief kurde d\u2019Afrin a \u00e9t\u00e9 pris par des rebelles soutenus par l\u2019arm\u00e9e turque il y a pr\u00e8s d\u2019un an, apr\u00e8s une bataille de plusieurs mois qui a fait des milliers de morts. Depuis, les rebelles et l\u2019arm\u00e9e turque sont<br \/>\nvictimes d\u2019attaques, imput\u00e9es aux combattants kurdes qui contr\u00f4lent encore un important quartier dans la ville m\u00eame d\u2019Alep.<br \/>\nLa deuxi\u00e8me explosion a vis\u00e9 une \u00e9glise dans la ville<br \/>\nmajoritairement kurde de Qamichli dans le nord-est<br \/>\nde la Syrie. La bombe, qui a fait au moins dix bless\u00e9s, a endommag\u00e9 la principale fa\u00e7ade de l\u2019\u00e9glise de la<br \/>\nSainte-Vierge des syriaques-orthodoxes ainsi que des<br \/>\nimmeubles voisins.<br \/>\nLa ville de Qamichli est contr\u00f4l\u00e9e en majorit\u00e9 par des forces kurdes soutenues par les \u00c9tats-Unis. L\u2019arm\u00e9e syrienne et ses milices suppl\u00e9tives dominent l\u2019a\u00e9roport et la plupart des quartiers arabes de la ville.<br \/>\nQamichli est parfois le th\u00e9\u00e2tre de combats entre l\u2019arm\u00e9e syrienne et les miliciens kurdes ou d\u2019attentats perp\u00e9tr\u00e9s par des cellules dormantes du groupe \u00c9tat islamique. <strong>ACP<\/strong><\/p>\n","protected":false},"excerpt":{"rendered":"<p>13 morts et une cinquantaine de bless\u00e9s ont \u00e9t\u00e9 enregistr\u00e9s \u00e0 l\u2019issuede l\u2019explosion de deux voitures pi\u00e9g\u00e9es en moins de 24 heures \u00e0 Afrin et Qamichli, la premi\u00e8re dans une<\/p>\n","protected":false},"author":14,"featured_media":3856,"comment_status":"open","ping_status":"open","sticky":false,"template":"","format":"standard","meta":{"footnotes":""},"categories":[28],"tags":[],"class_list":["post-3857","post","type-post","status-publish","format-standard","has-post-thumbnail","hentry","category-international"],"yoast_head":"<!-- This site is optimized with the Yoast SEO plugin v27.3 - https:\/\/yoast.com\/product\/yoast-seo-wordpress\/ -->\n<title>Syrie : 13 morts dans deux explosions en moins de vingt quatre heures \u00e0 Afrin et \u00e0 Qamichli - LES VOLCANS NEWS<\/title>\n<meta name=\"robots\" content=\"index, follow, max-snippet:-1, max-image-preview:large, max-video-preview:-1\" \/>\n<link rel=\"canonical\" href=\"https:\/\/lesvolcansnews.net\/?p=3857\" \/>\n<meta property=\"og:locale\" content=\"fr_FR\" \/>\n<meta property=\"og:type\" content=\"article\" \/>\n<meta property=\"og:title\" content=\"Syrie : 13 morts dans deux explosions en moins de vingt quatre heures \u00e0 Afrin et \u00e0 Qamichli - LES VOLCANS NEWS\" \/>\n<meta property=\"og:description\" content=\"13 morts et une cinquantaine de bless\u00e9s ont \u00e9t\u00e9 enregistr\u00e9s \u00e0 l\u2019issuede l\u2019explosion de deux voitures pi\u00e9g\u00e9es en moins de 24 heures \u00e0 Afrin et Qamichli, la premi\u00e8re dans une\" \/>\n<meta property=\"og:url\" content=\"https:\/\/lesvolcansnews.net\/?p=3857\" \/>\n<meta property=\"og:site_name\" content=\"LES VOLCANS NEWS\" \/>\n<meta property=\"article:published_time\" content=\"2019-07-13T15:29:26+00:00\" \/>\n<meta property=\"og:image\" content=\"https:\/\/lesvolcansnews.net\/wp-content\/uploads\/2019\/07\/explosions-C3A0-Afrin-et-C3A0-Qamichli_2.jpg\" \/>\n\t<meta property=\"og:image:width\" content=\"352\" \/>\n\t<meta property=\"og:image:height\" content=\"295\" \/>\n\t<meta property=\"og:image:type\" content=\"image\/jpeg\" \/>\n<meta name=\"author\" content=\"R\u00e9daction - Les Volcans News\" \/>\n<meta name=\"twitter:card\" content=\"summary_large_image\" \/>\n<meta name=\"twitter:label1\" content=\"\u00c9crit par\" \/>\n\t<meta name=\"twitter:data1\" content=\"R\u00e9daction - Les Volcans News\" \/>\n\t<meta name=\"twitter:label2\" content=\"Dur\u00e9e de lecture estim\u00e9e\" \/>\n\t<meta name=\"twitter:data2\" content=\"1 minute\" \/>\n<script type=\"application\/ld+json\" class=\"yoast-schema-graph\">{\"@context\":\"https:\\\/\\\/schema.org\",\"@graph\":[{\"@type\":\"Article\",\"@id\":\"https:\\\/\\\/lesvolcansnews.net\\\/?p=3857#article\",\"isPartOf\":{\"@id\":\"https:\\\/\\\/lesvolcansnews.net\\\/?p=3857\"},\"author\":{\"name\":\"R\u00e9daction - Les Volcans News\",\"@id\":\"https:\\\/\\\/lesvolcansnews.net\\\/#\\\/schema\\\/person\\\/82c8bed2e77879ecf6cca63441f57354\"},\"headline\":\"Syrie : 13 morts dans deux explosions en moins de vingt quatre heures \u00e0 Afrin et \u00e0 Qamichli\",\"datePublished\":\"2019-07-13T15:29:26+00:00\",\"mainEntityOfPage\":{\"@id\":\"https:\\\/\\\/lesvolcansnews.net\\\/?p=3857\"},\"wordCount\":307,\"commentCount\":0,\"image\":{\"@id\":\"https:\\\/\\\/lesvolcansnews.net\\\/?p=3857#primaryimage\"},\"thumbnailUrl\":\"https:\\\/\\\/lesvolcansnews.net\\\/wp-content\\\/uploads\\\/2019\\\/07\\\/explosions-C3A0-Afrin-et-C3A0-Qamichli_2.jpg\",\"articleSection\":[\"INTERNATIONAL\"],\"inLanguage\":\"fr-FR\",\"potentialAction\":[{\"@type\":\"CommentAction\",\"name\":\"Comment\",\"target\":[\"https:\\\/\\\/lesvolcansnews.net\\\/?p=3857#respond\"]}]},{\"@type\":\"WebPage\",\"@id\":\"https:\\\/\\\/lesvolcansnews.net\\\/?p=3857\",\"url\":\"https:\\\/\\\/lesvolcansnews.net\\\/?p=3857\",\"name\":\"Syrie : 13 morts dans deux explosions en moins de vingt quatre heures \u00e0 Afrin et \u00e0 Qamichli - LES VOLCANS NEWS\",\"isPartOf\":{\"@id\":\"https:\\\/\\\/lesvolcansnews.net\\\/#website\"},\"primaryImageOfPage\":{\"@id\":\"https:\\\/\\\/lesvolcansnews.net\\\/?p=3857#primaryimage\"},\"image\":{\"@id\":\"https:\\\/\\\/lesvolcansnews.net\\\/?p=3857#primaryimage\"},\"thumbnailUrl\":\"https:\\\/\\\/lesvolcansnews.net\\\/wp-content\\\/uploads\\\/2019\\\/07\\\/explosions-C3A0-Afrin-et-C3A0-Qamichli_2.jpg\",\"datePublished\":\"2019-07-13T15:29:26+00:00\",\"author\":{\"@id\":\"https:\\\/\\\/lesvolcansnews.net\\\/#\\\/schema\\\/person\\\/82c8bed2e77879ecf6cca63441f57354\"},\"breadcrumb\":{\"@id\":\"https:\\\/\\\/lesvolcansnews.net\\\/?p=3857#breadcrumb\"},\"inLanguage\":\"fr-FR\",\"potentialAction\":[{\"@type\":\"ReadAction\",\"target\":[\"https:\\\/\\\/lesvolcansnews.net\\\/?p=3857\"]}]},{\"@type\":\"ImageObject\",\"inLanguage\":\"fr-FR\",\"@id\":\"https:\\\/\\\/lesvolcansnews.net\\\/?p=3857#primaryimage\",\"url\":\"https:\\\/\\\/lesvolcansnews.net\\\/wp-content\\\/uploads\\\/2019\\\/07\\\/explosions-C3A0-Afrin-et-C3A0-Qamichli_2.jpg\",\"contentUrl\":\"https:\\\/\\\/lesvolcansnews.net\\\/wp-content\\\/uploads\\\/2019\\\/07\\\/explosions-C3A0-Afrin-et-C3A0-Qamichli_2.jpg\",\"width\":352,\"height\":295},{\"@type\":\"BreadcrumbList\",\"@id\":\"https:\\\/\\\/lesvolcansnews.net\\\/?p=3857#breadcrumb\",\"itemListElement\":[{\"@type\":\"ListItem\",\"position\":1,\"name\":\"Accueil\",\"item\":\"https:\\\/\\\/lesvolcansnews.net\\\/\"},{\"@type\":\"ListItem\",\"position\":2,\"name\":\"Syrie : 13 morts dans deux explosions en moins de vingt quatre heures \u00e0 Afrin et \u00e0 Qamichli\"}]},{\"@type\":\"WebSite\",\"@id\":\"https:\\\/\\\/lesvolcansnews.net\\\/#website\",\"url\":\"https:\\\/\\\/lesvolcansnews.net\\\/\",\"name\":\"LES VOLCANS NEWS\",\"description\":\"L&#039;INFORMATION C&#039;EST NOUS\",\"potentialAction\":[{\"@type\":\"SearchAction\",\"target\":{\"@type\":\"EntryPoint\",\"urlTemplate\":\"https:\\\/\\\/lesvolcansnews.net\\\/?s={search_term_string}\"},\"query-input\":{\"@type\":\"PropertyValueSpecification\",\"valueRequired\":true,\"valueName\":\"search_term_string\"}}],\"inLanguage\":\"fr-FR\"},{\"@type\":\"Person\",\"@id\":\"https:\\\/\\\/lesvolcansnews.net\\\/#\\\/schema\\\/person\\\/82c8bed2e77879ecf6cca63441f57354\",\"name\":\"R\u00e9daction - Les Volcans News\",\"image\":{\"@type\":\"ImageObject\",\"inLanguage\":\"fr-FR\",\"@id\":\"https:\\\/\\\/secure.gravatar.com\\\/avatar\\\/8408942dd851e8a9c09f3d382a661bc05d2b3cd9002139bc1795b9528cdc6c80?s=96&d=mm&r=g\",\"url\":\"https:\\\/\\\/secure.gravatar.com\\\/avatar\\\/8408942dd851e8a9c09f3d382a661bc05d2b3cd9002139bc1795b9528cdc6c80?s=96&d=mm&r=g\",\"contentUrl\":\"https:\\\/\\\/secure.gravatar.com\\\/avatar\\\/8408942dd851e8a9c09f3d382a661bc05d2b3cd9002139bc1795b9528cdc6c80?s=96&d=mm&r=g\",\"caption\":\"R\u00e9daction - Les Volcans News\"},\"url\":\"https:\\\/\\\/lesvolcansnews.net\\\/?author=14\"}]}<\/script>\n<!-- \/ Yoast SEO plugin. -->","yoast_head_json":{"title":"Syrie : 13 morts dans deux explosions en moins de vingt quatre heures \u00e0 Afrin et \u00e0 Qamichli - LES VOLCANS NEWS","robots":{"index":"index","follow":"follow","max-snippet":"max-snippet:-1","max-image-preview":"max-image-preview:large","max-video-preview":"max-video-preview:-1"},"canonical":"https:\/\/lesvolcansnews.net\/?p=3857","og_locale":"fr_FR","og_type":"article","og_title":"Syrie : 13 morts dans deux explosions en moins de vingt quatre heures \u00e0 Afrin et \u00e0 Qamichli - LES VOLCANS NEWS","og_description":"13 morts et une cinquantaine de bless\u00e9s ont \u00e9t\u00e9 enregistr\u00e9s \u00e0 l\u2019issuede l\u2019explosion de deux voitures pi\u00e9g\u00e9es en moins de 24 heures \u00e0 Afrin et Qamichli, la premi\u00e8re dans une","og_url":"https:\/\/lesvolcansnews.net\/?p=3857","og_site_name":"LES VOLCANS NEWS","article_published_time":"2019-07-13T15:29:26+00:00","og_image":[{"width":352,"height":295,"url":"https:\/\/lesvolcansnews.net\/wp-content\/uploads\/2019\/07\/explosions-C3A0-Afrin-et-C3A0-Qamichli_2.jpg","type":"image\/jpeg"}],"author":"R\u00e9daction - Les Volcans News","twitter_card":"summary_large_image","twitter_misc":{"\u00c9crit par":"R\u00e9daction - Les Volcans News","Dur\u00e9e de lecture estim\u00e9e":"1 minute"},"schema":{"@context":"https:\/\/schema.org","@graph":[{"@type":"Article","@id":"https:\/\/lesvolcansnews.net\/?p=3857#article","isPartOf":{"@id":"https:\/\/lesvolcansnews.net\/?p=3857"},"author":{"name":"R\u00e9daction - Les Volcans News","@id":"https:\/\/lesvolcansnews.net\/#\/schema\/person\/82c8bed2e77879ecf6cca63441f57354"},"headline":"Syrie : 13 morts dans deux explosions en moins de vingt quatre heures \u00e0 Afrin et \u00e0 Qamichli","datePublished":"2019-07-13T15:29:26+00:00","mainEntityOfPage":{"@id":"https:\/\/lesvolcansnews.net\/?p=3857"},"wordCount":307,"commentCount":0,"image":{"@id":"https:\/\/lesvolcansnews.net\/?p=3857#primaryimage"},"thumbnailUrl":"https:\/\/lesvolcansnews.net\/wp-content\/uploads\/2019\/07\/explosions-C3A0-Afrin-et-C3A0-Qamichli_2.jpg","articleSection":["INTERNATIONAL"],"inLanguage":"fr-FR","potentialAction":[{"@type":"CommentAction","name":"Comment","target":["https:\/\/lesvolcansnews.net\/?p=3857#respond"]}]},{"@type":"WebPage","@id":"https:\/\/lesvolcansnews.net\/?p=3857","url":"https:\/\/lesvolcansnews.net\/?p=3857","name":"Syrie : 13 morts dans deux explosions en moins de vingt quatre heures \u00e0 Afrin et \u00e0 Qamichli - LES VOLCANS NEWS","isPartOf":{"@id":"https:\/\/lesvolcansnews.net\/#website"},"primaryImageOfPage":{"@id":"https:\/\/lesvolcansnews.net\/?p=3857#primaryimage"},"image":{"@id":"https:\/\/lesvolcansnews.net\/?p=3857#primaryimage"},"thumbnailUrl":"https:\/\/lesvolcansnews.net\/wp-content\/uploads\/2019\/07\/explosions-C3A0-Afrin-et-C3A0-Qamichli_2.jpg","datePublished":"2019-07-13T15:29:26+00:00","author":{"@id":"https:\/\/lesvolcansnews.net\/#\/schema\/person\/82c8bed2e77879ecf6cca63441f57354"},"breadcrumb":{"@id":"https:\/\/lesvolcansnews.net\/?p=3857#breadcrumb"},"inLanguage":"fr-FR","potentialAction":[{"@type":"ReadAction","target":["https:\/\/lesvolcansnews.net\/?p=3857"]}]},{"@type":"ImageObject","inLanguage":"fr-FR","@id":"https:\/\/lesvolcansnews.net\/?p=3857#primaryimage","url":"https:\/\/lesvolcansnews.net\/wp-content\/uploads\/2019\/07\/explosions-C3A0-Afrin-et-C3A0-Qamichli_2.jpg","contentUrl":"https:\/\/lesvolcansnews.net\/wp-content\/uploads\/2019\/07\/explosions-C3A0-Afrin-et-C3A0-Qamichli_2.jpg","width":352,"height":295},{"@type":"BreadcrumbList","@id":"https:\/\/lesvolcansnews.net\/?p=3857#breadcrumb","itemListElement":[{"@type":"ListItem","position":1,"name":"Accueil","item":"https:\/\/lesvolcansnews.net\/"},{"@type":"ListItem","position":2,"name":"Syrie : 13 morts dans deux explosions en moins de vingt quatre heures \u00e0 Afrin et \u00e0 Qamichli"}]},{"@type":"WebSite","@id":"https:\/\/lesvolcansnews.net\/#website","url":"https:\/\/lesvolcansnews.net\/","name":"LES VOLCANS NEWS","description":"L&#039;INFORMATION C&#039;EST NOUS","potentialAction":[{"@type":"SearchAction","target":{"@type":"EntryPoint","urlTemplate":"https:\/\/lesvolcansnews.net\/?s={search_term_string}"},"query-input":{"@type":"PropertyValueSpecification","valueRequired":true,"valueName":"search_term_string"}}],"inLanguage":"fr-FR"},{"@type":"Person","@id":"https:\/\/lesvolcansnews.net\/#\/schema\/person\/82c8bed2e77879ecf6cca63441f57354","name":"R\u00e9daction - Les Volcans News","image":{"@type":"ImageObject","inLanguage":"fr-FR","@id":"https:\/\/secure.gravatar.com\/avatar\/8408942dd851e8a9c09f3d382a661bc05d2b3cd9002139bc1795b9528cdc6c80?s=96&d=mm&r=g","url":"https:\/\/secure.gravatar.com\/avatar\/8408942dd851e8a9c09f3d382a661bc05d2b3cd9002139bc1795b9528cdc6c80?s=96&d=mm&r=g","contentUrl":"https:\/\/secure.gravatar.com\/avatar\/8408942dd851e8a9c09f3d382a661bc05d2b3cd9002139bc1795b9528cdc6c80?s=96&d=mm&r=g","caption":"R\u00e9daction - Les Volcans News"},"url":"https:\/\/lesvolcansnews.net\/?author=14"}]}},"_links":{"self":[{"href":"https:\/\/lesvolcansnews.net\/index.php?rest_route=\/wp\/v2\/posts\/3857","targetHints":{"allow":["GET"]}}],"collection":[{"href":"https:\/\/lesvolcansnews.net\/index.php?rest_route=\/wp\/v2\/posts"}],"about":[{"href":"https:\/\/lesvolcansnews.net\/index.php?rest_route=\/wp\/v2\/types\/post"}],"author":[{"embeddable":true,"href":"https:\/\/lesvolcansnews.net\/index.php?rest_route=\/wp\/v2\/users\/14"}],"replies":[{"embeddable":true,"href":"https:\/\/lesvolcansnews.net\/index.php?rest_route=%2Fwp%2Fv2%2Fcomments&post=3857"}],"version-history":[{"count":0,"href":"https:\/\/lesvolcansnews.net\/index.php?rest_route=\/wp\/v2\/posts\/3857\/revisions"}],"wp:featuredmedia":[{"embeddable":true,"href":"https:\/\/lesvolcansnews.net\/index.php?rest_route=\/wp\/v2\/media\/3856"}],"wp:attachment":[{"href":"https:\/\/lesvolcansnews.net\/index.php?rest_route=%2Fwp%2Fv2%2Fmedia&parent=3857"}],"wp:term":[{"taxonomy":"category","embeddable":true,"href":"https:\/\/lesvolcansnews.net\/index.php?rest_route=%2Fwp%2Fv2%2Fcategories&post=3857"},{"taxonomy":"post_tag","embeddable":true,"href":"https:\/\/lesvolcansnews.net\/index.php?rest_route=%2Fwp%2Fv2%2Ftags&post=3857"}],"curies":[{"name":"wp","href":"https:\/\/api.w.org\/{rel}","templated":true}]}}