{"id":3855,"date":"2019-07-13T12:07:02","date_gmt":"2019-07-13T12:07:02","guid":{"rendered":"https:\/\/lesvolcansnews.net\/2019\/07\/13\/le-president-felix-tshisekedi-recevra-florent-ibenge-et-mulumbu-pour-un-face-a-face\/"},"modified":"2019-07-13T12:07:02","modified_gmt":"2019-07-13T12:07:02","slug":"le-president-felix-tshisekedi-recevra-florent-ibenge-et-mulumbu-pour-un-face-a-face","status":"publish","type":"post","link":"https:\/\/lesvolcansnews.net\/?p=3855","title":{"rendered":"Le pr\u00e9sident F\u00e9lix Tshisekedi recevra Florent Ibenge et Mulumbu pour un face \u00e0 face"},"content":{"rendered":"<p>Quelques jours apr\u00e8s l&#8217;\u00e9limination des L\u00e9opards en huiti\u00e8me de finale par les Bareas de Madagascar, la d\u00e9l\u00e9gation des L\u00e9opards locaux a regagn\u00e9 la capitale congolaise, Kinshasa, mercredi 10 juillet en provenance du Caire , en \u00c9gypte.<br \/>\nDans une confirmation de la direction de communication de la f\u00e9d\u00e9 congolaise, la dite d\u00e9l\u00e9gation des L\u00e9opards est compos\u00e9e de joueurs locaux, dont Djuma Shabani (AS V.Club), Djo Issama Mpeko (TP Mazembe), Glody Ngonda Muzinga (AS V.Club), Tr\u00e9sor Mputu, Meschack Elia Lina (TP Mazembe) et Bobo Ungenda (Primeiro de Agosto\/Angola) et aussi les membres du staff technique de l&#8217;\u00e9quipe nationale A.<\/p>\n<p>Pour leur par, les L\u00e9opards pros ont directement regagn\u00e9 leurs clubs respectifs \u00e0 partir du pays des Pharaons (\u00c9gypte). C&#8217;est seul le capitaine Youssouf Mulumbu qui sera \u00e0 Kinshasa dans un l&#8217;apse de temps il devra \u00eatre re\u00e7u ensemble avec le s\u00e9lectionneur Jean Florent Ibenge par le chef de l\u2019Etat, F\u00e9lix Antoine Tshisekedi Tshilombo dans les jours prochains, c&#8217;est comme le confirme d&#8217;ailleurs l&#8217;agence congolaise presse (ACP) en sigle.<\/p>\n<p>C<strong><em>EDRICK SADIKI<\/em><\/strong><\/p>\n","protected":false},"excerpt":{"rendered":"<p>Quelques jours apr\u00e8s l&#8217;\u00e9limination des L\u00e9opards en huiti\u00e8me de finale par les Bareas de Madagascar, la d\u00e9l\u00e9gation des L\u00e9opards locaux a regagn\u00e9 la capitale congolaise, Kinshasa, mercredi 10 juillet en<\/p>\n","protected":false},"author":14,"featured_media":3854,"comment_status":"open","ping_status":"open","sticky":false,"template":"","format":"standard","meta":{"footnotes":""},"categories":[11],"tags":[],"class_list":["post-3855","post","type-post","status-publish","format-standard","has-post-thumbnail","hentry","category-sports"],"yoast_head":"<!-- This site is optimized with the Yoast SEO plugin v27.3 - https:\/\/yoast.com\/product\/yoast-seo-wordpress\/ -->\n<title>Le pr\u00e9sident F\u00e9lix Tshisekedi recevra Florent Ibenge et Mulumbu pour un face \u00e0 face - LES VOLCANS NEWS<\/title>\n<meta name=\"robots\" content=\"index, follow, max-snippet:-1, max-image-preview:large, max-video-preview:-1\" \/>\n<link rel=\"canonical\" href=\"https:\/\/lesvolcansnews.net\/?p=3855\" \/>\n<meta property=\"og:locale\" content=\"fr_FR\" \/>\n<meta property=\"og:type\" content=\"article\" \/>\n<meta property=\"og:title\" content=\"Le pr\u00e9sident F\u00e9lix Tshisekedi recevra Florent Ibenge et Mulumbu pour un face \u00e0 face - LES VOLCANS NEWS\" \/>\n<meta property=\"og:description\" content=\"Quelques jours apr\u00e8s l&#8217;\u00e9limination des L\u00e9opards en huiti\u00e8me de finale par les Bareas de Madagascar, la d\u00e9l\u00e9gation des L\u00e9opards locaux a regagn\u00e9 la capitale congolaise, Kinshasa, mercredi 10 juillet en\" \/>\n<meta property=\"og:url\" content=\"https:\/\/lesvolcansnews.net\/?p=3855\" \/>\n<meta property=\"og:site_name\" content=\"LES VOLCANS NEWS\" \/>\n<meta property=\"article:published_time\" content=\"2019-07-13T12:07:02+00:00\" \/>\n<meta property=\"og:image\" content=\"https:\/\/lesvolcansnews.net\/wp-content\/uploads\/2019\/07\/55455438_422822878465934_8943061610461659136_n-e1553383795286.jpg\" \/>\n\t<meta property=\"og:image:width\" content=\"717\" \/>\n\t<meta property=\"og:image:height\" content=\"448\" \/>\n\t<meta property=\"og:image:type\" content=\"image\/jpeg\" \/>\n<meta name=\"author\" content=\"R\u00e9daction - Les Volcans News\" \/>\n<meta name=\"twitter:card\" content=\"summary_large_image\" \/>\n<meta name=\"twitter:label1\" content=\"\u00c9crit par\" \/>\n\t<meta name=\"twitter:data1\" content=\"R\u00e9daction - Les Volcans News\" \/>\n\t<meta name=\"twitter:label2\" content=\"Dur\u00e9e de lecture estim\u00e9e\" \/>\n\t<meta name=\"twitter:data2\" content=\"1 minute\" \/>\n<script type=\"application\/ld+json\" class=\"yoast-schema-graph\">{\"@context\":\"https:\\\/\\\/schema.org\",\"@graph\":[{\"@type\":\"Article\",\"@id\":\"https:\\\/\\\/lesvolcansnews.net\\\/?p=3855#article\",\"isPartOf\":{\"@id\":\"https:\\\/\\\/lesvolcansnews.net\\\/?p=3855\"},\"author\":{\"name\":\"R\u00e9daction - Les Volcans News\",\"@id\":\"https:\\\/\\\/lesvolcansnews.net\\\/#\\\/schema\\\/person\\\/82c8bed2e77879ecf6cca63441f57354\"},\"headline\":\"Le pr\u00e9sident F\u00e9lix Tshisekedi recevra Florent Ibenge et Mulumbu pour un face \u00e0 face\",\"datePublished\":\"2019-07-13T12:07:02+00:00\",\"mainEntityOfPage\":{\"@id\":\"https:\\\/\\\/lesvolcansnews.net\\\/?p=3855\"},\"wordCount\":207,\"commentCount\":0,\"image\":{\"@id\":\"https:\\\/\\\/lesvolcansnews.net\\\/?p=3855#primaryimage\"},\"thumbnailUrl\":\"https:\\\/\\\/lesvolcansnews.net\\\/wp-content\\\/uploads\\\/2019\\\/07\\\/55455438_422822878465934_8943061610461659136_n-e1553383795286.jpg\",\"articleSection\":[\"SPORTS\"],\"inLanguage\":\"fr-FR\",\"potentialAction\":[{\"@type\":\"CommentAction\",\"name\":\"Comment\",\"target\":[\"https:\\\/\\\/lesvolcansnews.net\\\/?p=3855#respond\"]}]},{\"@type\":\"WebPage\",\"@id\":\"https:\\\/\\\/lesvolcansnews.net\\\/?p=3855\",\"url\":\"https:\\\/\\\/lesvolcansnews.net\\\/?p=3855\",\"name\":\"Le pr\u00e9sident F\u00e9lix Tshisekedi recevra Florent Ibenge et Mulumbu pour un face \u00e0 face - LES VOLCANS NEWS\",\"isPartOf\":{\"@id\":\"https:\\\/\\\/lesvolcansnews.net\\\/#website\"},\"primaryImageOfPage\":{\"@id\":\"https:\\\/\\\/lesvolcansnews.net\\\/?p=3855#primaryimage\"},\"image\":{\"@id\":\"https:\\\/\\\/lesvolcansnews.net\\\/?p=3855#primaryimage\"},\"thumbnailUrl\":\"https:\\\/\\\/lesvolcansnews.net\\\/wp-content\\\/uploads\\\/2019\\\/07\\\/55455438_422822878465934_8943061610461659136_n-e1553383795286.jpg\",\"datePublished\":\"2019-07-13T12:07:02+00:00\",\"author\":{\"@id\":\"https:\\\/\\\/lesvolcansnews.net\\\/#\\\/schema\\\/person\\\/82c8bed2e77879ecf6cca63441f57354\"},\"breadcrumb\":{\"@id\":\"https:\\\/\\\/lesvolcansnews.net\\\/?p=3855#breadcrumb\"},\"inLanguage\":\"fr-FR\",\"potentialAction\":[{\"@type\":\"ReadAction\",\"target\":[\"https:\\\/\\\/lesvolcansnews.net\\\/?p=3855\"]}]},{\"@type\":\"ImageObject\",\"inLanguage\":\"fr-FR\",\"@id\":\"https:\\\/\\\/lesvolcansnews.net\\\/?p=3855#primaryimage\",\"url\":\"https:\\\/\\\/lesvolcansnews.net\\\/wp-content\\\/uploads\\\/2019\\\/07\\\/55455438_422822878465934_8943061610461659136_n-e1553383795286.jpg\",\"contentUrl\":\"https:\\\/\\\/lesvolcansnews.net\\\/wp-content\\\/uploads\\\/2019\\\/07\\\/55455438_422822878465934_8943061610461659136_n-e1553383795286.jpg\",\"width\":717,\"height\":448},{\"@type\":\"BreadcrumbList\",\"@id\":\"https:\\\/\\\/lesvolcansnews.net\\\/?p=3855#breadcrumb\",\"itemListElement\":[{\"@type\":\"ListItem\",\"position\":1,\"name\":\"Accueil\",\"item\":\"https:\\\/\\\/lesvolcansnews.net\\\/\"},{\"@type\":\"ListItem\",\"position\":2,\"name\":\"Le pr\u00e9sident F\u00e9lix Tshisekedi recevra Florent Ibenge et Mulumbu pour un face \u00e0 face\"}]},{\"@type\":\"WebSite\",\"@id\":\"https:\\\/\\\/lesvolcansnews.net\\\/#website\",\"url\":\"https:\\\/\\\/lesvolcansnews.net\\\/\",\"name\":\"LES VOLCANS NEWS\",\"description\":\"L&#039;INFORMATION C&#039;EST NOUS\",\"potentialAction\":[{\"@type\":\"SearchAction\",\"target\":{\"@type\":\"EntryPoint\",\"urlTemplate\":\"https:\\\/\\\/lesvolcansnews.net\\\/?s={search_term_string}\"},\"query-input\":{\"@type\":\"PropertyValueSpecification\",\"valueRequired\":true,\"valueName\":\"search_term_string\"}}],\"inLanguage\":\"fr-FR\"},{\"@type\":\"Person\",\"@id\":\"https:\\\/\\\/lesvolcansnews.net\\\/#\\\/schema\\\/person\\\/82c8bed2e77879ecf6cca63441f57354\",\"name\":\"R\u00e9daction - Les Volcans News\",\"image\":{\"@type\":\"ImageObject\",\"inLanguage\":\"fr-FR\",\"@id\":\"https:\\\/\\\/secure.gravatar.com\\\/avatar\\\/8408942dd851e8a9c09f3d382a661bc05d2b3cd9002139bc1795b9528cdc6c80?s=96&d=mm&r=g\",\"url\":\"https:\\\/\\\/secure.gravatar.com\\\/avatar\\\/8408942dd851e8a9c09f3d382a661bc05d2b3cd9002139bc1795b9528cdc6c80?s=96&d=mm&r=g\",\"contentUrl\":\"https:\\\/\\\/secure.gravatar.com\\\/avatar\\\/8408942dd851e8a9c09f3d382a661bc05d2b3cd9002139bc1795b9528cdc6c80?s=96&d=mm&r=g\",\"caption\":\"R\u00e9daction - Les Volcans News\"},\"url\":\"https:\\\/\\\/lesvolcansnews.net\\\/?author=14\"}]}<\/script>\n<!-- \/ Yoast SEO plugin. -->","yoast_head_json":{"title":"Le pr\u00e9sident F\u00e9lix Tshisekedi recevra Florent Ibenge et Mulumbu pour un face \u00e0 face - LES VOLCANS NEWS","robots":{"index":"index","follow":"follow","max-snippet":"max-snippet:-1","max-image-preview":"max-image-preview:large","max-video-preview":"max-video-preview:-1"},"canonical":"https:\/\/lesvolcansnews.net\/?p=3855","og_locale":"fr_FR","og_type":"article","og_title":"Le pr\u00e9sident F\u00e9lix Tshisekedi recevra Florent Ibenge et Mulumbu pour un face \u00e0 face - LES VOLCANS NEWS","og_description":"Quelques jours apr\u00e8s l&#8217;\u00e9limination des L\u00e9opards en huiti\u00e8me de finale par les Bareas de Madagascar, la d\u00e9l\u00e9gation des L\u00e9opards locaux a regagn\u00e9 la capitale congolaise, Kinshasa, mercredi 10 juillet en","og_url":"https:\/\/lesvolcansnews.net\/?p=3855","og_site_name":"LES VOLCANS NEWS","article_published_time":"2019-07-13T12:07:02+00:00","og_image":[{"width":717,"height":448,"url":"https:\/\/lesvolcansnews.net\/wp-content\/uploads\/2019\/07\/55455438_422822878465934_8943061610461659136_n-e1553383795286.jpg","type":"image\/jpeg"}],"author":"R\u00e9daction - Les Volcans News","twitter_card":"summary_large_image","twitter_misc":{"\u00c9crit par":"R\u00e9daction - Les Volcans News","Dur\u00e9e de lecture estim\u00e9e":"1 minute"},"schema":{"@context":"https:\/\/schema.org","@graph":[{"@type":"Article","@id":"https:\/\/lesvolcansnews.net\/?p=3855#article","isPartOf":{"@id":"https:\/\/lesvolcansnews.net\/?p=3855"},"author":{"name":"R\u00e9daction - Les Volcans News","@id":"https:\/\/lesvolcansnews.net\/#\/schema\/person\/82c8bed2e77879ecf6cca63441f57354"},"headline":"Le pr\u00e9sident F\u00e9lix Tshisekedi recevra Florent Ibenge et Mulumbu pour un face \u00e0 face","datePublished":"2019-07-13T12:07:02+00:00","mainEntityOfPage":{"@id":"https:\/\/lesvolcansnews.net\/?p=3855"},"wordCount":207,"commentCount":0,"image":{"@id":"https:\/\/lesvolcansnews.net\/?p=3855#primaryimage"},"thumbnailUrl":"https:\/\/lesvolcansnews.net\/wp-content\/uploads\/2019\/07\/55455438_422822878465934_8943061610461659136_n-e1553383795286.jpg","articleSection":["SPORTS"],"inLanguage":"fr-FR","potentialAction":[{"@type":"CommentAction","name":"Comment","target":["https:\/\/lesvolcansnews.net\/?p=3855#respond"]}]},{"@type":"WebPage","@id":"https:\/\/lesvolcansnews.net\/?p=3855","url":"https:\/\/lesvolcansnews.net\/?p=3855","name":"Le pr\u00e9sident F\u00e9lix Tshisekedi recevra Florent Ibenge et Mulumbu pour un face \u00e0 face - LES VOLCANS NEWS","isPartOf":{"@id":"https:\/\/lesvolcansnews.net\/#website"},"primaryImageOfPage":{"@id":"https:\/\/lesvolcansnews.net\/?p=3855#primaryimage"},"image":{"@id":"https:\/\/lesvolcansnews.net\/?p=3855#primaryimage"},"thumbnailUrl":"https:\/\/lesvolcansnews.net\/wp-content\/uploads\/2019\/07\/55455438_422822878465934_8943061610461659136_n-e1553383795286.jpg","datePublished":"2019-07-13T12:07:02+00:00","author":{"@id":"https:\/\/lesvolcansnews.net\/#\/schema\/person\/82c8bed2e77879ecf6cca63441f57354"},"breadcrumb":{"@id":"https:\/\/lesvolcansnews.net\/?p=3855#breadcrumb"},"inLanguage":"fr-FR","potentialAction":[{"@type":"ReadAction","target":["https:\/\/lesvolcansnews.net\/?p=3855"]}]},{"@type":"ImageObject","inLanguage":"fr-FR","@id":"https:\/\/lesvolcansnews.net\/?p=3855#primaryimage","url":"https:\/\/lesvolcansnews.net\/wp-content\/uploads\/2019\/07\/55455438_422822878465934_8943061610461659136_n-e1553383795286.jpg","contentUrl":"https:\/\/lesvolcansnews.net\/wp-content\/uploads\/2019\/07\/55455438_422822878465934_8943061610461659136_n-e1553383795286.jpg","width":717,"height":448},{"@type":"BreadcrumbList","@id":"https:\/\/lesvolcansnews.net\/?p=3855#breadcrumb","itemListElement":[{"@type":"ListItem","position":1,"name":"Accueil","item":"https:\/\/lesvolcansnews.net\/"},{"@type":"ListItem","position":2,"name":"Le pr\u00e9sident F\u00e9lix Tshisekedi recevra Florent Ibenge et Mulumbu pour un face \u00e0 face"}]},{"@type":"WebSite","@id":"https:\/\/lesvolcansnews.net\/#website","url":"https:\/\/lesvolcansnews.net\/","name":"LES VOLCANS NEWS","description":"L&#039;INFORMATION C&#039;EST NOUS","potentialAction":[{"@type":"SearchAction","target":{"@type":"EntryPoint","urlTemplate":"https:\/\/lesvolcansnews.net\/?s={search_term_string}"},"query-input":{"@type":"PropertyValueSpecification","valueRequired":true,"valueName":"search_term_string"}}],"inLanguage":"fr-FR"},{"@type":"Person","@id":"https:\/\/lesvolcansnews.net\/#\/schema\/person\/82c8bed2e77879ecf6cca63441f57354","name":"R\u00e9daction - Les Volcans News","image":{"@type":"ImageObject","inLanguage":"fr-FR","@id":"https:\/\/secure.gravatar.com\/avatar\/8408942dd851e8a9c09f3d382a661bc05d2b3cd9002139bc1795b9528cdc6c80?s=96&d=mm&r=g","url":"https:\/\/secure.gravatar.com\/avatar\/8408942dd851e8a9c09f3d382a661bc05d2b3cd9002139bc1795b9528cdc6c80?s=96&d=mm&r=g","contentUrl":"https:\/\/secure.gravatar.com\/avatar\/8408942dd851e8a9c09f3d382a661bc05d2b3cd9002139bc1795b9528cdc6c80?s=96&d=mm&r=g","caption":"R\u00e9daction - Les Volcans News"},"url":"https:\/\/lesvolcansnews.net\/?author=14"}]}},"_links":{"self":[{"href":"https:\/\/lesvolcansnews.net\/index.php?rest_route=\/wp\/v2\/posts\/3855","targetHints":{"allow":["GET"]}}],"collection":[{"href":"https:\/\/lesvolcansnews.net\/index.php?rest_route=\/wp\/v2\/posts"}],"about":[{"href":"https:\/\/lesvolcansnews.net\/index.php?rest_route=\/wp\/v2\/types\/post"}],"author":[{"embeddable":true,"href":"https:\/\/lesvolcansnews.net\/index.php?rest_route=\/wp\/v2\/users\/14"}],"replies":[{"embeddable":true,"href":"https:\/\/lesvolcansnews.net\/index.php?rest_route=%2Fwp%2Fv2%2Fcomments&post=3855"}],"version-history":[{"count":0,"href":"https:\/\/lesvolcansnews.net\/index.php?rest_route=\/wp\/v2\/posts\/3855\/revisions"}],"wp:featuredmedia":[{"embeddable":true,"href":"https:\/\/lesvolcansnews.net\/index.php?rest_route=\/wp\/v2\/media\/3854"}],"wp:attachment":[{"href":"https:\/\/lesvolcansnews.net\/index.php?rest_route=%2Fwp%2Fv2%2Fmedia&parent=3855"}],"wp:term":[{"taxonomy":"category","embeddable":true,"href":"https:\/\/lesvolcansnews.net\/index.php?rest_route=%2Fwp%2Fv2%2Fcategories&post=3855"},{"taxonomy":"post_tag","embeddable":true,"href":"https:\/\/lesvolcansnews.net\/index.php?rest_route=%2Fwp%2Fv2%2Ftags&post=3855"}],"curies":[{"name":"wp","href":"https:\/\/api.w.org\/{rel}","templated":true}]}}