{"id":3838,"date":"2019-07-09T17:21:13","date_gmt":"2019-07-09T17:21:13","guid":{"rendered":"https:\/\/lesvolcansnews.net\/2019\/07\/09\/rdc-bahati-lukwebo-suspendu-du-fcc-pour-une-duree-indeterminee\/"},"modified":"2019-07-09T17:21:13","modified_gmt":"2019-07-09T17:21:13","slug":"rdc-bahati-lukwebo-suspendu-du-fcc-pour-une-duree-indeterminee","status":"publish","type":"post","link":"https:\/\/lesvolcansnews.net\/?p=3838","title":{"rendered":"RDC :  Bahati Lukwebo  suspendu du FCC pour une dur\u00e9e ind\u00e9termin\u00e9e"},"content":{"rendered":"<p>Les chefs des regroupements politiques membres du front commun pour le Congo (Fcc), ont \u00e0 l&#8217;issue de leur r\u00e9union du mardi 9 juillet 2019 \u00e0 Kinshasa, d\u00e9cid\u00e9 de suspendre M.Modeste Bahati Lukwebo, leader du regroupement politique<br \/>\nAFDC et Alli\u00e9s, pour une dur\u00e9e<br \/>\nind\u00e9termin\u00e9e de la plateforme Front Commun pour le Congo<br \/>\n(FCC).<br \/>\nLes chefs des regroupements disent constater l&#8217;auto-exclusion  du s\u00e9nateur LUKWEBo chef du regroupement AFDC et Alli\u00e9s (deuxi\u00e8me force politique du FCC), en  maintenant sa candidature au poste de pr\u00e9sident du s\u00e9nat contre celle de Alexis Thambwe Mwamba, d\u00e9sign\u00e9 par Joseph kabila autorit\u00e9 morale du FCC.<br \/>\n<strong><em>R\u00e9daction<\/em><\/strong><\/p>\n","protected":false},"excerpt":{"rendered":"<p>Les chefs des regroupements politiques membres du front commun pour le Congo (Fcc), ont \u00e0 l&#8217;issue de leur r\u00e9union du mardi 9 juillet 2019 \u00e0 Kinshasa, d\u00e9cid\u00e9 de suspendre M.Modeste<\/p>\n","protected":false},"author":14,"featured_media":3837,"comment_status":"open","ping_status":"open","sticky":false,"template":"","format":"standard","meta":{"footnotes":""},"categories":[1,27],"tags":[],"class_list":["post-3838","post","type-post","status-publish","format-standard","has-post-thumbnail","hentry","category-actualite","category-politique"],"yoast_head":"<!-- This site is optimized with the Yoast SEO plugin v27.3 - https:\/\/yoast.com\/product\/yoast-seo-wordpress\/ -->\n<title>RDC : Bahati Lukwebo suspendu du FCC pour une dur\u00e9e ind\u00e9termin\u00e9e - LES VOLCANS NEWS<\/title>\n<meta name=\"robots\" content=\"index, follow, max-snippet:-1, max-image-preview:large, max-video-preview:-1\" \/>\n<link rel=\"canonical\" href=\"https:\/\/lesvolcansnews.net\/?p=3838\" \/>\n<meta property=\"og:locale\" content=\"fr_FR\" \/>\n<meta property=\"og:type\" content=\"article\" \/>\n<meta property=\"og:title\" content=\"RDC : Bahati Lukwebo suspendu du FCC pour une dur\u00e9e ind\u00e9termin\u00e9e - LES VOLCANS NEWS\" \/>\n<meta property=\"og:description\" content=\"Les chefs des regroupements politiques membres du front commun pour le Congo (Fcc), ont \u00e0 l&#8217;issue de leur r\u00e9union du mardi 9 juillet 2019 \u00e0 Kinshasa, d\u00e9cid\u00e9 de suspendre M.Modeste\" \/>\n<meta property=\"og:url\" content=\"https:\/\/lesvolcansnews.net\/?p=3838\" \/>\n<meta property=\"og:site_name\" content=\"LES VOLCANS NEWS\" \/>\n<meta property=\"article:published_time\" content=\"2019-07-09T17:21:13+00:00\" \/>\n<meta property=\"og:image\" content=\"https:\/\/lesvolcansnews.net\/wp-content\/uploads\/2019\/07\/IMG-20190709-WA0038.jpg\" \/>\n\t<meta property=\"og:image:width\" content=\"834\" \/>\n\t<meta property=\"og:image:height\" content=\"1080\" \/>\n\t<meta property=\"og:image:type\" content=\"image\/jpeg\" \/>\n<meta name=\"author\" content=\"R\u00e9daction - Les Volcans News\" \/>\n<meta name=\"twitter:card\" content=\"summary_large_image\" \/>\n<meta name=\"twitter:label1\" content=\"\u00c9crit par\" \/>\n\t<meta name=\"twitter:data1\" content=\"R\u00e9daction - Les Volcans News\" \/>\n\t<meta name=\"twitter:label2\" content=\"Dur\u00e9e de lecture estim\u00e9e\" \/>\n\t<meta name=\"twitter:data2\" content=\"1 minute\" \/>\n<script type=\"application\/ld+json\" class=\"yoast-schema-graph\">{\"@context\":\"https:\\\/\\\/schema.org\",\"@graph\":[{\"@type\":\"Article\",\"@id\":\"https:\\\/\\\/lesvolcansnews.net\\\/?p=3838#article\",\"isPartOf\":{\"@id\":\"https:\\\/\\\/lesvolcansnews.net\\\/?p=3838\"},\"author\":{\"name\":\"R\u00e9daction - Les Volcans News\",\"@id\":\"https:\\\/\\\/lesvolcansnews.net\\\/#\\\/schema\\\/person\\\/82c8bed2e77879ecf6cca63441f57354\"},\"headline\":\"RDC : Bahati Lukwebo suspendu du FCC pour une dur\u00e9e ind\u00e9termin\u00e9e\",\"datePublished\":\"2019-07-09T17:21:13+00:00\",\"mainEntityOfPage\":{\"@id\":\"https:\\\/\\\/lesvolcansnews.net\\\/?p=3838\"},\"wordCount\":123,\"commentCount\":0,\"image\":{\"@id\":\"https:\\\/\\\/lesvolcansnews.net\\\/?p=3838#primaryimage\"},\"thumbnailUrl\":\"https:\\\/\\\/lesvolcansnews.net\\\/wp-content\\\/uploads\\\/2019\\\/07\\\/IMG-20190709-WA0038.jpg\",\"articleSection\":[\"ACTUALIT\u00c9\",\"POLITIQUE\"],\"inLanguage\":\"fr-FR\",\"potentialAction\":[{\"@type\":\"CommentAction\",\"name\":\"Comment\",\"target\":[\"https:\\\/\\\/lesvolcansnews.net\\\/?p=3838#respond\"]}]},{\"@type\":\"WebPage\",\"@id\":\"https:\\\/\\\/lesvolcansnews.net\\\/?p=3838\",\"url\":\"https:\\\/\\\/lesvolcansnews.net\\\/?p=3838\",\"name\":\"RDC : Bahati Lukwebo suspendu du FCC pour une dur\u00e9e ind\u00e9termin\u00e9e - LES VOLCANS NEWS\",\"isPartOf\":{\"@id\":\"https:\\\/\\\/lesvolcansnews.net\\\/#website\"},\"primaryImageOfPage\":{\"@id\":\"https:\\\/\\\/lesvolcansnews.net\\\/?p=3838#primaryimage\"},\"image\":{\"@id\":\"https:\\\/\\\/lesvolcansnews.net\\\/?p=3838#primaryimage\"},\"thumbnailUrl\":\"https:\\\/\\\/lesvolcansnews.net\\\/wp-content\\\/uploads\\\/2019\\\/07\\\/IMG-20190709-WA0038.jpg\",\"datePublished\":\"2019-07-09T17:21:13+00:00\",\"author\":{\"@id\":\"https:\\\/\\\/lesvolcansnews.net\\\/#\\\/schema\\\/person\\\/82c8bed2e77879ecf6cca63441f57354\"},\"breadcrumb\":{\"@id\":\"https:\\\/\\\/lesvolcansnews.net\\\/?p=3838#breadcrumb\"},\"inLanguage\":\"fr-FR\",\"potentialAction\":[{\"@type\":\"ReadAction\",\"target\":[\"https:\\\/\\\/lesvolcansnews.net\\\/?p=3838\"]}]},{\"@type\":\"ImageObject\",\"inLanguage\":\"fr-FR\",\"@id\":\"https:\\\/\\\/lesvolcansnews.net\\\/?p=3838#primaryimage\",\"url\":\"https:\\\/\\\/lesvolcansnews.net\\\/wp-content\\\/uploads\\\/2019\\\/07\\\/IMG-20190709-WA0038.jpg\",\"contentUrl\":\"https:\\\/\\\/lesvolcansnews.net\\\/wp-content\\\/uploads\\\/2019\\\/07\\\/IMG-20190709-WA0038.jpg\",\"width\":834,\"height\":1080},{\"@type\":\"BreadcrumbList\",\"@id\":\"https:\\\/\\\/lesvolcansnews.net\\\/?p=3838#breadcrumb\",\"itemListElement\":[{\"@type\":\"ListItem\",\"position\":1,\"name\":\"Accueil\",\"item\":\"https:\\\/\\\/lesvolcansnews.net\\\/\"},{\"@type\":\"ListItem\",\"position\":2,\"name\":\"RDC : Bahati Lukwebo suspendu du FCC pour une dur\u00e9e ind\u00e9termin\u00e9e\"}]},{\"@type\":\"WebSite\",\"@id\":\"https:\\\/\\\/lesvolcansnews.net\\\/#website\",\"url\":\"https:\\\/\\\/lesvolcansnews.net\\\/\",\"name\":\"LES VOLCANS NEWS\",\"description\":\"L&#039;INFORMATION C&#039;EST NOUS\",\"potentialAction\":[{\"@type\":\"SearchAction\",\"target\":{\"@type\":\"EntryPoint\",\"urlTemplate\":\"https:\\\/\\\/lesvolcansnews.net\\\/?s={search_term_string}\"},\"query-input\":{\"@type\":\"PropertyValueSpecification\",\"valueRequired\":true,\"valueName\":\"search_term_string\"}}],\"inLanguage\":\"fr-FR\"},{\"@type\":\"Person\",\"@id\":\"https:\\\/\\\/lesvolcansnews.net\\\/#\\\/schema\\\/person\\\/82c8bed2e77879ecf6cca63441f57354\",\"name\":\"R\u00e9daction - Les Volcans News\",\"image\":{\"@type\":\"ImageObject\",\"inLanguage\":\"fr-FR\",\"@id\":\"https:\\\/\\\/secure.gravatar.com\\\/avatar\\\/8408942dd851e8a9c09f3d382a661bc05d2b3cd9002139bc1795b9528cdc6c80?s=96&d=mm&r=g\",\"url\":\"https:\\\/\\\/secure.gravatar.com\\\/avatar\\\/8408942dd851e8a9c09f3d382a661bc05d2b3cd9002139bc1795b9528cdc6c80?s=96&d=mm&r=g\",\"contentUrl\":\"https:\\\/\\\/secure.gravatar.com\\\/avatar\\\/8408942dd851e8a9c09f3d382a661bc05d2b3cd9002139bc1795b9528cdc6c80?s=96&d=mm&r=g\",\"caption\":\"R\u00e9daction - Les Volcans News\"},\"url\":\"https:\\\/\\\/lesvolcansnews.net\\\/?author=14\"}]}<\/script>\n<!-- \/ Yoast SEO plugin. -->","yoast_head_json":{"title":"RDC : Bahati Lukwebo suspendu du FCC pour une dur\u00e9e ind\u00e9termin\u00e9e - LES VOLCANS NEWS","robots":{"index":"index","follow":"follow","max-snippet":"max-snippet:-1","max-image-preview":"max-image-preview:large","max-video-preview":"max-video-preview:-1"},"canonical":"https:\/\/lesvolcansnews.net\/?p=3838","og_locale":"fr_FR","og_type":"article","og_title":"RDC : Bahati Lukwebo suspendu du FCC pour une dur\u00e9e ind\u00e9termin\u00e9e - LES VOLCANS NEWS","og_description":"Les chefs des regroupements politiques membres du front commun pour le Congo (Fcc), ont \u00e0 l&#8217;issue de leur r\u00e9union du mardi 9 juillet 2019 \u00e0 Kinshasa, d\u00e9cid\u00e9 de suspendre M.Modeste","og_url":"https:\/\/lesvolcansnews.net\/?p=3838","og_site_name":"LES VOLCANS NEWS","article_published_time":"2019-07-09T17:21:13+00:00","og_image":[{"width":834,"height":1080,"url":"https:\/\/lesvolcansnews.net\/wp-content\/uploads\/2019\/07\/IMG-20190709-WA0038.jpg","type":"image\/jpeg"}],"author":"R\u00e9daction - Les Volcans News","twitter_card":"summary_large_image","twitter_misc":{"\u00c9crit par":"R\u00e9daction - Les Volcans News","Dur\u00e9e de lecture estim\u00e9e":"1 minute"},"schema":{"@context":"https:\/\/schema.org","@graph":[{"@type":"Article","@id":"https:\/\/lesvolcansnews.net\/?p=3838#article","isPartOf":{"@id":"https:\/\/lesvolcansnews.net\/?p=3838"},"author":{"name":"R\u00e9daction - Les Volcans News","@id":"https:\/\/lesvolcansnews.net\/#\/schema\/person\/82c8bed2e77879ecf6cca63441f57354"},"headline":"RDC : Bahati Lukwebo suspendu du FCC pour une dur\u00e9e ind\u00e9termin\u00e9e","datePublished":"2019-07-09T17:21:13+00:00","mainEntityOfPage":{"@id":"https:\/\/lesvolcansnews.net\/?p=3838"},"wordCount":123,"commentCount":0,"image":{"@id":"https:\/\/lesvolcansnews.net\/?p=3838#primaryimage"},"thumbnailUrl":"https:\/\/lesvolcansnews.net\/wp-content\/uploads\/2019\/07\/IMG-20190709-WA0038.jpg","articleSection":["ACTUALIT\u00c9","POLITIQUE"],"inLanguage":"fr-FR","potentialAction":[{"@type":"CommentAction","name":"Comment","target":["https:\/\/lesvolcansnews.net\/?p=3838#respond"]}]},{"@type":"WebPage","@id":"https:\/\/lesvolcansnews.net\/?p=3838","url":"https:\/\/lesvolcansnews.net\/?p=3838","name":"RDC : Bahati Lukwebo suspendu du FCC pour une dur\u00e9e ind\u00e9termin\u00e9e - LES VOLCANS NEWS","isPartOf":{"@id":"https:\/\/lesvolcansnews.net\/#website"},"primaryImageOfPage":{"@id":"https:\/\/lesvolcansnews.net\/?p=3838#primaryimage"},"image":{"@id":"https:\/\/lesvolcansnews.net\/?p=3838#primaryimage"},"thumbnailUrl":"https:\/\/lesvolcansnews.net\/wp-content\/uploads\/2019\/07\/IMG-20190709-WA0038.jpg","datePublished":"2019-07-09T17:21:13+00:00","author":{"@id":"https:\/\/lesvolcansnews.net\/#\/schema\/person\/82c8bed2e77879ecf6cca63441f57354"},"breadcrumb":{"@id":"https:\/\/lesvolcansnews.net\/?p=3838#breadcrumb"},"inLanguage":"fr-FR","potentialAction":[{"@type":"ReadAction","target":["https:\/\/lesvolcansnews.net\/?p=3838"]}]},{"@type":"ImageObject","inLanguage":"fr-FR","@id":"https:\/\/lesvolcansnews.net\/?p=3838#primaryimage","url":"https:\/\/lesvolcansnews.net\/wp-content\/uploads\/2019\/07\/IMG-20190709-WA0038.jpg","contentUrl":"https:\/\/lesvolcansnews.net\/wp-content\/uploads\/2019\/07\/IMG-20190709-WA0038.jpg","width":834,"height":1080},{"@type":"BreadcrumbList","@id":"https:\/\/lesvolcansnews.net\/?p=3838#breadcrumb","itemListElement":[{"@type":"ListItem","position":1,"name":"Accueil","item":"https:\/\/lesvolcansnews.net\/"},{"@type":"ListItem","position":2,"name":"RDC : Bahati Lukwebo suspendu du FCC pour une dur\u00e9e ind\u00e9termin\u00e9e"}]},{"@type":"WebSite","@id":"https:\/\/lesvolcansnews.net\/#website","url":"https:\/\/lesvolcansnews.net\/","name":"LES VOLCANS NEWS","description":"L&#039;INFORMATION C&#039;EST NOUS","potentialAction":[{"@type":"SearchAction","target":{"@type":"EntryPoint","urlTemplate":"https:\/\/lesvolcansnews.net\/?s={search_term_string}"},"query-input":{"@type":"PropertyValueSpecification","valueRequired":true,"valueName":"search_term_string"}}],"inLanguage":"fr-FR"},{"@type":"Person","@id":"https:\/\/lesvolcansnews.net\/#\/schema\/person\/82c8bed2e77879ecf6cca63441f57354","name":"R\u00e9daction - Les Volcans News","image":{"@type":"ImageObject","inLanguage":"fr-FR","@id":"https:\/\/secure.gravatar.com\/avatar\/8408942dd851e8a9c09f3d382a661bc05d2b3cd9002139bc1795b9528cdc6c80?s=96&d=mm&r=g","url":"https:\/\/secure.gravatar.com\/avatar\/8408942dd851e8a9c09f3d382a661bc05d2b3cd9002139bc1795b9528cdc6c80?s=96&d=mm&r=g","contentUrl":"https:\/\/secure.gravatar.com\/avatar\/8408942dd851e8a9c09f3d382a661bc05d2b3cd9002139bc1795b9528cdc6c80?s=96&d=mm&r=g","caption":"R\u00e9daction - Les Volcans News"},"url":"https:\/\/lesvolcansnews.net\/?author=14"}]}},"_links":{"self":[{"href":"https:\/\/lesvolcansnews.net\/index.php?rest_route=\/wp\/v2\/posts\/3838","targetHints":{"allow":["GET"]}}],"collection":[{"href":"https:\/\/lesvolcansnews.net\/index.php?rest_route=\/wp\/v2\/posts"}],"about":[{"href":"https:\/\/lesvolcansnews.net\/index.php?rest_route=\/wp\/v2\/types\/post"}],"author":[{"embeddable":true,"href":"https:\/\/lesvolcansnews.net\/index.php?rest_route=\/wp\/v2\/users\/14"}],"replies":[{"embeddable":true,"href":"https:\/\/lesvolcansnews.net\/index.php?rest_route=%2Fwp%2Fv2%2Fcomments&post=3838"}],"version-history":[{"count":0,"href":"https:\/\/lesvolcansnews.net\/index.php?rest_route=\/wp\/v2\/posts\/3838\/revisions"}],"wp:featuredmedia":[{"embeddable":true,"href":"https:\/\/lesvolcansnews.net\/index.php?rest_route=\/wp\/v2\/media\/3837"}],"wp:attachment":[{"href":"https:\/\/lesvolcansnews.net\/index.php?rest_route=%2Fwp%2Fv2%2Fmedia&parent=3838"}],"wp:term":[{"taxonomy":"category","embeddable":true,"href":"https:\/\/lesvolcansnews.net\/index.php?rest_route=%2Fwp%2Fv2%2Fcategories&post=3838"},{"taxonomy":"post_tag","embeddable":true,"href":"https:\/\/lesvolcansnews.net\/index.php?rest_route=%2Fwp%2Fv2%2Ftags&post=3838"}],"curies":[{"name":"wp","href":"https:\/\/api.w.org\/{rel}","templated":true}]}}