{"id":3814,"date":"2019-07-05T11:21:20","date_gmt":"2019-07-05T11:21:20","guid":{"rendered":"http:\/\/lesvolcansnews.net\/?p=3814"},"modified":"2019-07-05T11:25:07","modified_gmt":"2019-07-05T11:25:07","slug":"nord-kivu-la-mesure-interdisant-limportation-du-sachet-non-biodegradable-bien-suivie-par-les-operateurs-economique-de-goma","status":"publish","type":"post","link":"https:\/\/lesvolcansnews.net\/?p=3814","title":{"rendered":"Nord-Kivu:  la mesure interdisant l&#8217;importation du sachet non biod\u00e9gradable  bien suivie par les op\u00e9rateurs \u00e9conomiques de Goma"},"content":{"rendered":"\n<p><strong> <\/strong><\/p>\n\n\n\n<p>la mesure interdisant l&#8217;importation du sachet et autres emballages non biod\u00e9gradables en province du Nord-kivu et sur toutes l\u2019\u00e9tendue de la RDC,  est bien suivie par  boutiquier de la ville de Goma o\u00f9 au moins 90% de ses membres respectent.  en cours.<\/p>\n\n\n\n<p>M. KEMBO Amunasi pr\u00e9sident des boutiquiers de la ville de Goma, a \u00e0 l\u2019occasion de la journ\u00e9e mondiale sans sac plastique c\u00e9l\u00e9br\u00e9e le 3 juillet de  chaque ann\u00e9e reconnu que certains commer\u00e7ants font entrer encore les sachets non biod\u00e9gradables.<\/p>\n\n\n\n<p>C&#8217;est pourquoi,  il a recommand\u00e9 aux autorit\u00e9s d\u2019installer des appareils dans chaque barri\u00e8re \u00e0 l\u2019entr\u00e9e du pays afin d\u2019\u00e9valuer la qualit\u00e9 des sachets qui entrent dans le pays. <\/p>\n\n\n\n<p><strong>REDACTION<\/strong> <\/p>\n","protected":false},"excerpt":{"rendered":"<p>la mesure interdisant l&#8217;importation du sachet et autres emballages non biod\u00e9gradables en province du Nord-kivu et sur toutes l\u2019\u00e9tendue de la RDC, est bien suivie par boutiquier de la ville<\/p>\n","protected":false},"author":14,"featured_media":3816,"comment_status":"open","ping_status":"open","sticky":false,"template":"","format":"standard","meta":{"footnotes":""},"categories":[9],"tags":[],"class_list":["post-3814","post","type-post","status-publish","format-standard","has-post-thumbnail","hentry","category-societe"],"yoast_head":"<!-- This site is optimized with the Yoast SEO plugin v27.3 - https:\/\/yoast.com\/product\/yoast-seo-wordpress\/ -->\n<title>Nord-Kivu: la mesure interdisant l&#039;importation du sachet non biod\u00e9gradable bien suivie par les op\u00e9rateurs \u00e9conomiques de Goma - LES VOLCANS NEWS<\/title>\n<meta name=\"robots\" content=\"index, follow, max-snippet:-1, max-image-preview:large, max-video-preview:-1\" \/>\n<link rel=\"canonical\" href=\"https:\/\/lesvolcansnews.net\/?p=3814\" \/>\n<meta property=\"og:locale\" content=\"fr_FR\" \/>\n<meta property=\"og:type\" content=\"article\" \/>\n<meta property=\"og:title\" content=\"Nord-Kivu: la mesure interdisant l&#039;importation du sachet non biod\u00e9gradable bien suivie par les op\u00e9rateurs \u00e9conomiques de Goma - LES VOLCANS NEWS\" \/>\n<meta property=\"og:description\" content=\"la mesure interdisant l&#8217;importation du sachet et autres emballages non biod\u00e9gradables en province du Nord-kivu et sur toutes l\u2019\u00e9tendue de la RDC, est bien suivie par boutiquier de la ville\" \/>\n<meta property=\"og:url\" content=\"https:\/\/lesvolcansnews.net\/?p=3814\" \/>\n<meta property=\"og:site_name\" content=\"LES VOLCANS NEWS\" \/>\n<meta property=\"article:published_time\" content=\"2019-07-05T11:21:20+00:00\" \/>\n<meta property=\"article:modified_time\" content=\"2019-07-05T11:25:07+00:00\" \/>\n<meta property=\"og:image\" content=\"https:\/\/lesvolcansnews.net\/wp-content\/uploads\/2019\/07\/sachets_plastiques-752x440.jpg\" \/>\n\t<meta property=\"og:image:width\" content=\"752\" \/>\n\t<meta property=\"og:image:height\" content=\"440\" \/>\n\t<meta property=\"og:image:type\" content=\"image\/jpeg\" \/>\n<meta name=\"author\" content=\"R\u00e9daction - Les Volcans News\" \/>\n<meta name=\"twitter:card\" content=\"summary_large_image\" \/>\n<meta name=\"twitter:label1\" content=\"\u00c9crit par\" \/>\n\t<meta name=\"twitter:data1\" content=\"R\u00e9daction - Les Volcans News\" \/>\n\t<meta name=\"twitter:label2\" content=\"Dur\u00e9e de lecture estim\u00e9e\" \/>\n\t<meta name=\"twitter:data2\" content=\"1 minute\" \/>\n<script type=\"application\/ld+json\" class=\"yoast-schema-graph\">{\"@context\":\"https:\\\/\\\/schema.org\",\"@graph\":[{\"@type\":\"Article\",\"@id\":\"https:\\\/\\\/lesvolcansnews.net\\\/?p=3814#article\",\"isPartOf\":{\"@id\":\"https:\\\/\\\/lesvolcansnews.net\\\/?p=3814\"},\"author\":{\"name\":\"R\u00e9daction - Les Volcans News\",\"@id\":\"https:\\\/\\\/lesvolcansnews.net\\\/#\\\/schema\\\/person\\\/82c8bed2e77879ecf6cca63441f57354\"},\"headline\":\"Nord-Kivu: la mesure interdisant l&#8217;importation du sachet non biod\u00e9gradable bien suivie par les op\u00e9rateurs \u00e9conomiques de Goma\",\"datePublished\":\"2019-07-05T11:21:20+00:00\",\"dateModified\":\"2019-07-05T11:25:07+00:00\",\"mainEntityOfPage\":{\"@id\":\"https:\\\/\\\/lesvolcansnews.net\\\/?p=3814\"},\"wordCount\":145,\"commentCount\":0,\"image\":{\"@id\":\"https:\\\/\\\/lesvolcansnews.net\\\/?p=3814#primaryimage\"},\"thumbnailUrl\":\"https:\\\/\\\/lesvolcansnews.net\\\/wp-content\\\/uploads\\\/2019\\\/07\\\/sachets_plastiques-752x440.jpg\",\"articleSection\":[\"SOCIET\u00c9\"],\"inLanguage\":\"fr-FR\",\"potentialAction\":[{\"@type\":\"CommentAction\",\"name\":\"Comment\",\"target\":[\"https:\\\/\\\/lesvolcansnews.net\\\/?p=3814#respond\"]}]},{\"@type\":\"WebPage\",\"@id\":\"https:\\\/\\\/lesvolcansnews.net\\\/?p=3814\",\"url\":\"https:\\\/\\\/lesvolcansnews.net\\\/?p=3814\",\"name\":\"Nord-Kivu: la mesure interdisant l'importation du sachet non biod\u00e9gradable bien suivie par les op\u00e9rateurs \u00e9conomiques de Goma - LES VOLCANS NEWS\",\"isPartOf\":{\"@id\":\"https:\\\/\\\/lesvolcansnews.net\\\/#website\"},\"primaryImageOfPage\":{\"@id\":\"https:\\\/\\\/lesvolcansnews.net\\\/?p=3814#primaryimage\"},\"image\":{\"@id\":\"https:\\\/\\\/lesvolcansnews.net\\\/?p=3814#primaryimage\"},\"thumbnailUrl\":\"https:\\\/\\\/lesvolcansnews.net\\\/wp-content\\\/uploads\\\/2019\\\/07\\\/sachets_plastiques-752x440.jpg\",\"datePublished\":\"2019-07-05T11:21:20+00:00\",\"dateModified\":\"2019-07-05T11:25:07+00:00\",\"author\":{\"@id\":\"https:\\\/\\\/lesvolcansnews.net\\\/#\\\/schema\\\/person\\\/82c8bed2e77879ecf6cca63441f57354\"},\"breadcrumb\":{\"@id\":\"https:\\\/\\\/lesvolcansnews.net\\\/?p=3814#breadcrumb\"},\"inLanguage\":\"fr-FR\",\"potentialAction\":[{\"@type\":\"ReadAction\",\"target\":[\"https:\\\/\\\/lesvolcansnews.net\\\/?p=3814\"]}]},{\"@type\":\"ImageObject\",\"inLanguage\":\"fr-FR\",\"@id\":\"https:\\\/\\\/lesvolcansnews.net\\\/?p=3814#primaryimage\",\"url\":\"https:\\\/\\\/lesvolcansnews.net\\\/wp-content\\\/uploads\\\/2019\\\/07\\\/sachets_plastiques-752x440.jpg\",\"contentUrl\":\"https:\\\/\\\/lesvolcansnews.net\\\/wp-content\\\/uploads\\\/2019\\\/07\\\/sachets_plastiques-752x440.jpg\",\"width\":752,\"height\":440},{\"@type\":\"BreadcrumbList\",\"@id\":\"https:\\\/\\\/lesvolcansnews.net\\\/?p=3814#breadcrumb\",\"itemListElement\":[{\"@type\":\"ListItem\",\"position\":1,\"name\":\"Accueil\",\"item\":\"https:\\\/\\\/lesvolcansnews.net\\\/\"},{\"@type\":\"ListItem\",\"position\":2,\"name\":\"Nord-Kivu: la mesure interdisant l&#8217;importation du sachet non biod\u00e9gradable bien suivie par les op\u00e9rateurs \u00e9conomiques de Goma\"}]},{\"@type\":\"WebSite\",\"@id\":\"https:\\\/\\\/lesvolcansnews.net\\\/#website\",\"url\":\"https:\\\/\\\/lesvolcansnews.net\\\/\",\"name\":\"LES VOLCANS NEWS\",\"description\":\"L&#039;INFORMATION C&#039;EST NOUS\",\"potentialAction\":[{\"@type\":\"SearchAction\",\"target\":{\"@type\":\"EntryPoint\",\"urlTemplate\":\"https:\\\/\\\/lesvolcansnews.net\\\/?s={search_term_string}\"},\"query-input\":{\"@type\":\"PropertyValueSpecification\",\"valueRequired\":true,\"valueName\":\"search_term_string\"}}],\"inLanguage\":\"fr-FR\"},{\"@type\":\"Person\",\"@id\":\"https:\\\/\\\/lesvolcansnews.net\\\/#\\\/schema\\\/person\\\/82c8bed2e77879ecf6cca63441f57354\",\"name\":\"R\u00e9daction - Les Volcans News\",\"image\":{\"@type\":\"ImageObject\",\"inLanguage\":\"fr-FR\",\"@id\":\"https:\\\/\\\/secure.gravatar.com\\\/avatar\\\/8408942dd851e8a9c09f3d382a661bc05d2b3cd9002139bc1795b9528cdc6c80?s=96&d=mm&r=g\",\"url\":\"https:\\\/\\\/secure.gravatar.com\\\/avatar\\\/8408942dd851e8a9c09f3d382a661bc05d2b3cd9002139bc1795b9528cdc6c80?s=96&d=mm&r=g\",\"contentUrl\":\"https:\\\/\\\/secure.gravatar.com\\\/avatar\\\/8408942dd851e8a9c09f3d382a661bc05d2b3cd9002139bc1795b9528cdc6c80?s=96&d=mm&r=g\",\"caption\":\"R\u00e9daction - Les Volcans News\"},\"url\":\"https:\\\/\\\/lesvolcansnews.net\\\/?author=14\"}]}<\/script>\n<!-- \/ Yoast SEO plugin. -->","yoast_head_json":{"title":"Nord-Kivu: la mesure interdisant l'importation du sachet non biod\u00e9gradable bien suivie par les op\u00e9rateurs \u00e9conomiques de Goma - LES VOLCANS NEWS","robots":{"index":"index","follow":"follow","max-snippet":"max-snippet:-1","max-image-preview":"max-image-preview:large","max-video-preview":"max-video-preview:-1"},"canonical":"https:\/\/lesvolcansnews.net\/?p=3814","og_locale":"fr_FR","og_type":"article","og_title":"Nord-Kivu: la mesure interdisant l'importation du sachet non biod\u00e9gradable bien suivie par les op\u00e9rateurs \u00e9conomiques de Goma - LES VOLCANS NEWS","og_description":"la mesure interdisant l&#8217;importation du sachet et autres emballages non biod\u00e9gradables en province du Nord-kivu et sur toutes l\u2019\u00e9tendue de la RDC, est bien suivie par boutiquier de la ville","og_url":"https:\/\/lesvolcansnews.net\/?p=3814","og_site_name":"LES VOLCANS NEWS","article_published_time":"2019-07-05T11:21:20+00:00","article_modified_time":"2019-07-05T11:25:07+00:00","og_image":[{"width":752,"height":440,"url":"https:\/\/lesvolcansnews.net\/wp-content\/uploads\/2019\/07\/sachets_plastiques-752x440.jpg","type":"image\/jpeg"}],"author":"R\u00e9daction - Les Volcans News","twitter_card":"summary_large_image","twitter_misc":{"\u00c9crit par":"R\u00e9daction - Les Volcans News","Dur\u00e9e de lecture estim\u00e9e":"1 minute"},"schema":{"@context":"https:\/\/schema.org","@graph":[{"@type":"Article","@id":"https:\/\/lesvolcansnews.net\/?p=3814#article","isPartOf":{"@id":"https:\/\/lesvolcansnews.net\/?p=3814"},"author":{"name":"R\u00e9daction - Les Volcans News","@id":"https:\/\/lesvolcansnews.net\/#\/schema\/person\/82c8bed2e77879ecf6cca63441f57354"},"headline":"Nord-Kivu: la mesure interdisant l&#8217;importation du sachet non biod\u00e9gradable bien suivie par les op\u00e9rateurs \u00e9conomiques de Goma","datePublished":"2019-07-05T11:21:20+00:00","dateModified":"2019-07-05T11:25:07+00:00","mainEntityOfPage":{"@id":"https:\/\/lesvolcansnews.net\/?p=3814"},"wordCount":145,"commentCount":0,"image":{"@id":"https:\/\/lesvolcansnews.net\/?p=3814#primaryimage"},"thumbnailUrl":"https:\/\/lesvolcansnews.net\/wp-content\/uploads\/2019\/07\/sachets_plastiques-752x440.jpg","articleSection":["SOCIET\u00c9"],"inLanguage":"fr-FR","potentialAction":[{"@type":"CommentAction","name":"Comment","target":["https:\/\/lesvolcansnews.net\/?p=3814#respond"]}]},{"@type":"WebPage","@id":"https:\/\/lesvolcansnews.net\/?p=3814","url":"https:\/\/lesvolcansnews.net\/?p=3814","name":"Nord-Kivu: la mesure interdisant l'importation du sachet non biod\u00e9gradable bien suivie par les op\u00e9rateurs \u00e9conomiques de Goma - LES VOLCANS NEWS","isPartOf":{"@id":"https:\/\/lesvolcansnews.net\/#website"},"primaryImageOfPage":{"@id":"https:\/\/lesvolcansnews.net\/?p=3814#primaryimage"},"image":{"@id":"https:\/\/lesvolcansnews.net\/?p=3814#primaryimage"},"thumbnailUrl":"https:\/\/lesvolcansnews.net\/wp-content\/uploads\/2019\/07\/sachets_plastiques-752x440.jpg","datePublished":"2019-07-05T11:21:20+00:00","dateModified":"2019-07-05T11:25:07+00:00","author":{"@id":"https:\/\/lesvolcansnews.net\/#\/schema\/person\/82c8bed2e77879ecf6cca63441f57354"},"breadcrumb":{"@id":"https:\/\/lesvolcansnews.net\/?p=3814#breadcrumb"},"inLanguage":"fr-FR","potentialAction":[{"@type":"ReadAction","target":["https:\/\/lesvolcansnews.net\/?p=3814"]}]},{"@type":"ImageObject","inLanguage":"fr-FR","@id":"https:\/\/lesvolcansnews.net\/?p=3814#primaryimage","url":"https:\/\/lesvolcansnews.net\/wp-content\/uploads\/2019\/07\/sachets_plastiques-752x440.jpg","contentUrl":"https:\/\/lesvolcansnews.net\/wp-content\/uploads\/2019\/07\/sachets_plastiques-752x440.jpg","width":752,"height":440},{"@type":"BreadcrumbList","@id":"https:\/\/lesvolcansnews.net\/?p=3814#breadcrumb","itemListElement":[{"@type":"ListItem","position":1,"name":"Accueil","item":"https:\/\/lesvolcansnews.net\/"},{"@type":"ListItem","position":2,"name":"Nord-Kivu: la mesure interdisant l&#8217;importation du sachet non biod\u00e9gradable bien suivie par les op\u00e9rateurs \u00e9conomiques de Goma"}]},{"@type":"WebSite","@id":"https:\/\/lesvolcansnews.net\/#website","url":"https:\/\/lesvolcansnews.net\/","name":"LES VOLCANS NEWS","description":"L&#039;INFORMATION C&#039;EST NOUS","potentialAction":[{"@type":"SearchAction","target":{"@type":"EntryPoint","urlTemplate":"https:\/\/lesvolcansnews.net\/?s={search_term_string}"},"query-input":{"@type":"PropertyValueSpecification","valueRequired":true,"valueName":"search_term_string"}}],"inLanguage":"fr-FR"},{"@type":"Person","@id":"https:\/\/lesvolcansnews.net\/#\/schema\/person\/82c8bed2e77879ecf6cca63441f57354","name":"R\u00e9daction - Les Volcans News","image":{"@type":"ImageObject","inLanguage":"fr-FR","@id":"https:\/\/secure.gravatar.com\/avatar\/8408942dd851e8a9c09f3d382a661bc05d2b3cd9002139bc1795b9528cdc6c80?s=96&d=mm&r=g","url":"https:\/\/secure.gravatar.com\/avatar\/8408942dd851e8a9c09f3d382a661bc05d2b3cd9002139bc1795b9528cdc6c80?s=96&d=mm&r=g","contentUrl":"https:\/\/secure.gravatar.com\/avatar\/8408942dd851e8a9c09f3d382a661bc05d2b3cd9002139bc1795b9528cdc6c80?s=96&d=mm&r=g","caption":"R\u00e9daction - Les Volcans News"},"url":"https:\/\/lesvolcansnews.net\/?author=14"}]}},"_links":{"self":[{"href":"https:\/\/lesvolcansnews.net\/index.php?rest_route=\/wp\/v2\/posts\/3814","targetHints":{"allow":["GET"]}}],"collection":[{"href":"https:\/\/lesvolcansnews.net\/index.php?rest_route=\/wp\/v2\/posts"}],"about":[{"href":"https:\/\/lesvolcansnews.net\/index.php?rest_route=\/wp\/v2\/types\/post"}],"author":[{"embeddable":true,"href":"https:\/\/lesvolcansnews.net\/index.php?rest_route=\/wp\/v2\/users\/14"}],"replies":[{"embeddable":true,"href":"https:\/\/lesvolcansnews.net\/index.php?rest_route=%2Fwp%2Fv2%2Fcomments&post=3814"}],"version-history":[{"count":3,"href":"https:\/\/lesvolcansnews.net\/index.php?rest_route=\/wp\/v2\/posts\/3814\/revisions"}],"predecessor-version":[{"id":3818,"href":"https:\/\/lesvolcansnews.net\/index.php?rest_route=\/wp\/v2\/posts\/3814\/revisions\/3818"}],"wp:featuredmedia":[{"embeddable":true,"href":"https:\/\/lesvolcansnews.net\/index.php?rest_route=\/wp\/v2\/media\/3816"}],"wp:attachment":[{"href":"https:\/\/lesvolcansnews.net\/index.php?rest_route=%2Fwp%2Fv2%2Fmedia&parent=3814"}],"wp:term":[{"taxonomy":"category","embeddable":true,"href":"https:\/\/lesvolcansnews.net\/index.php?rest_route=%2Fwp%2Fv2%2Fcategories&post=3814"},{"taxonomy":"post_tag","embeddable":true,"href":"https:\/\/lesvolcansnews.net\/index.php?rest_route=%2Fwp%2Fv2%2Ftags&post=3814"}],"curies":[{"name":"wp","href":"https:\/\/api.w.org\/{rel}","templated":true}]}}