{"id":3809,"date":"2019-07-04T14:17:51","date_gmt":"2019-07-04T14:17:51","guid":{"rendered":"http:\/\/lesvolcansnews.net\/2019\/07\/04\/la-societe-civile-reagit-a-propos-de-la-proposition-de-nojec-sur-une-formation-militaire-obligatoire-aux-finalistes-des-humanites\/"},"modified":"2019-07-04T14:29:21","modified_gmt":"2019-07-04T14:29:21","slug":"la-societe-civile-reagit-a-propos-de-la-proposition-de-nojec-sur-une-formation-militaire-obligatoire-aux-finalistes-des-humanites","status":"publish","type":"post","link":"https:\/\/lesvolcansnews.net\/?p=3809","title":{"rendered":"Nord-Kivu: La soci\u00e9t\u00e9 civile r\u00e9agit \u00e0 propos de la proposition de NOJEC sur une formation militaire obligatoire aux finalistes des humanit\u00e9s"},"content":{"rendered":"<p>La proposition du NOJEC relative \u00e0 une formation militaire obligatoire avant d\u2019entamer les \u00e9tudes sup\u00e9rieures et universitaires, suscite des diverses r\u00e9actions au sein de la soci\u00e9t\u00e9 civile de la ville de Goma.<\/p>\n<p>Le secr\u00e9taire provincial de la soci\u00e9t\u00e9 civile du Nord-Kivu, estime que  cette question est hors la logique d\u2019\u00eatre \u00e9voqu\u00e9e, \u00e0 forte raison que le probl\u00e8me qui entrave la bonne marche des affaires de l\u2019\u00c9tat n\u2019est pas l\u2019insuffisance des effectifs militaires, mais plut\u00f4t celui de la gouvernance.<br \/>\nC\u2019est, a-t-il soutenu, la gouvernance qui boite et qui devra \u00eatre revue ainsi qu&#8217;am\u00e9lior\u00e9e, avant de penser au recrutement dans la police et l\u2019arm\u00e9e et enfin \u00e0 leur redynamisation.<br \/>\nM. Johson Ishara, pr\u00e9sident du parlement des jeunes au Nord Kivu, a pour sa part indiqu\u00e9 que, cela offenserait aux droits et libert\u00e9s publics qui consacrent le libre choix d\u2019embrasser ou pas les services de s\u00e9curit\u00e9 entre autre, l\u2019arm\u00e9e et la police.<br \/>\nEnsuite, a-t-il conclu, cette option n\u00e9cessite des gros moyens aussi bien financiers, mat\u00e9riels qu\u2019humains que le pays ne peut jamais disposer au stade actuel.<br \/>\nA noter que, ce parti politique avait \u00e9mis cette proposition au pr\u00e9sident de la R\u00e9publique \u00e0 travers une correspondance lui adress\u00e9e il y a peu.<\/p>\n<p><strong>R\u00e9daction<\/strong><\/p>\n","protected":false},"excerpt":{"rendered":"<p>La proposition du NOJEC relative \u00e0 une formation militaire obligatoire avant d\u2019entamer les \u00e9tudes sup\u00e9rieures et universitaires, suscite des diverses r\u00e9actions au sein de la soci\u00e9t\u00e9 civile de la ville<\/p>\n","protected":false},"author":14,"featured_media":3808,"comment_status":"open","ping_status":"open","sticky":false,"template":"","format":"standard","meta":{"footnotes":""},"categories":[27],"tags":[],"class_list":["post-3809","post","type-post","status-publish","format-standard","has-post-thumbnail","hentry","category-politique"],"yoast_head":"<!-- This site is optimized with the Yoast SEO plugin v27.3 - https:\/\/yoast.com\/product\/yoast-seo-wordpress\/ -->\n<title>Nord-Kivu: La soci\u00e9t\u00e9 civile r\u00e9agit \u00e0 propos de la proposition de NOJEC sur une formation militaire obligatoire aux finalistes des humanit\u00e9s - LES VOLCANS NEWS<\/title>\n<meta name=\"robots\" content=\"index, follow, max-snippet:-1, max-image-preview:large, max-video-preview:-1\" \/>\n<link rel=\"canonical\" href=\"https:\/\/lesvolcansnews.net\/?p=3809\" \/>\n<meta property=\"og:locale\" content=\"fr_FR\" \/>\n<meta property=\"og:type\" content=\"article\" \/>\n<meta property=\"og:title\" content=\"Nord-Kivu: La soci\u00e9t\u00e9 civile r\u00e9agit \u00e0 propos de la proposition de NOJEC sur une formation militaire obligatoire aux finalistes des humanit\u00e9s - LES VOLCANS NEWS\" \/>\n<meta property=\"og:description\" content=\"La proposition du NOJEC relative \u00e0 une formation militaire obligatoire avant d\u2019entamer les \u00e9tudes sup\u00e9rieures et universitaires, suscite des diverses r\u00e9actions au sein de la soci\u00e9t\u00e9 civile de la ville\" \/>\n<meta property=\"og:url\" content=\"https:\/\/lesvolcansnews.net\/?p=3809\" \/>\n<meta property=\"og:site_name\" content=\"LES VOLCANS NEWS\" \/>\n<meta property=\"article:published_time\" content=\"2019-07-04T14:17:51+00:00\" \/>\n<meta property=\"article:modified_time\" content=\"2019-07-04T14:29:21+00:00\" \/>\n<meta property=\"og:image\" content=\"https:\/\/lesvolcansnews.net\/wp-content\/uploads\/2019\/07\/Constant-Mutamba.jpeg\" \/>\n\t<meta property=\"og:image:width\" content=\"837\" \/>\n\t<meta property=\"og:image:height\" content=\"445\" \/>\n\t<meta property=\"og:image:type\" content=\"image\/jpeg\" \/>\n<meta name=\"author\" content=\"R\u00e9daction - Les Volcans News\" \/>\n<meta name=\"twitter:card\" content=\"summary_large_image\" \/>\n<meta name=\"twitter:label1\" content=\"\u00c9crit par\" \/>\n\t<meta name=\"twitter:data1\" content=\"R\u00e9daction - Les Volcans News\" \/>\n\t<meta name=\"twitter:label2\" content=\"Dur\u00e9e de lecture estim\u00e9e\" \/>\n\t<meta name=\"twitter:data2\" content=\"1 minute\" \/>\n<script type=\"application\/ld+json\" class=\"yoast-schema-graph\">{\"@context\":\"https:\\\/\\\/schema.org\",\"@graph\":[{\"@type\":\"Article\",\"@id\":\"https:\\\/\\\/lesvolcansnews.net\\\/?p=3809#article\",\"isPartOf\":{\"@id\":\"https:\\\/\\\/lesvolcansnews.net\\\/?p=3809\"},\"author\":{\"name\":\"R\u00e9daction - Les Volcans News\",\"@id\":\"https:\\\/\\\/lesvolcansnews.net\\\/#\\\/schema\\\/person\\\/82c8bed2e77879ecf6cca63441f57354\"},\"headline\":\"Nord-Kivu: La soci\u00e9t\u00e9 civile r\u00e9agit \u00e0 propos de la proposition de NOJEC sur une formation militaire obligatoire aux finalistes des humanit\u00e9s\",\"datePublished\":\"2019-07-04T14:17:51+00:00\",\"dateModified\":\"2019-07-04T14:29:21+00:00\",\"mainEntityOfPage\":{\"@id\":\"https:\\\/\\\/lesvolcansnews.net\\\/?p=3809\"},\"wordCount\":250,\"commentCount\":0,\"image\":{\"@id\":\"https:\\\/\\\/lesvolcansnews.net\\\/?p=3809#primaryimage\"},\"thumbnailUrl\":\"https:\\\/\\\/lesvolcansnews.net\\\/wp-content\\\/uploads\\\/2019\\\/07\\\/Constant-Mutamba.jpeg\",\"articleSection\":[\"POLITIQUE\"],\"inLanguage\":\"fr-FR\",\"potentialAction\":[{\"@type\":\"CommentAction\",\"name\":\"Comment\",\"target\":[\"https:\\\/\\\/lesvolcansnews.net\\\/?p=3809#respond\"]}]},{\"@type\":\"WebPage\",\"@id\":\"https:\\\/\\\/lesvolcansnews.net\\\/?p=3809\",\"url\":\"https:\\\/\\\/lesvolcansnews.net\\\/?p=3809\",\"name\":\"Nord-Kivu: La soci\u00e9t\u00e9 civile r\u00e9agit \u00e0 propos de la proposition de NOJEC sur une formation militaire obligatoire aux finalistes des humanit\u00e9s - LES VOLCANS NEWS\",\"isPartOf\":{\"@id\":\"https:\\\/\\\/lesvolcansnews.net\\\/#website\"},\"primaryImageOfPage\":{\"@id\":\"https:\\\/\\\/lesvolcansnews.net\\\/?p=3809#primaryimage\"},\"image\":{\"@id\":\"https:\\\/\\\/lesvolcansnews.net\\\/?p=3809#primaryimage\"},\"thumbnailUrl\":\"https:\\\/\\\/lesvolcansnews.net\\\/wp-content\\\/uploads\\\/2019\\\/07\\\/Constant-Mutamba.jpeg\",\"datePublished\":\"2019-07-04T14:17:51+00:00\",\"dateModified\":\"2019-07-04T14:29:21+00:00\",\"author\":{\"@id\":\"https:\\\/\\\/lesvolcansnews.net\\\/#\\\/schema\\\/person\\\/82c8bed2e77879ecf6cca63441f57354\"},\"breadcrumb\":{\"@id\":\"https:\\\/\\\/lesvolcansnews.net\\\/?p=3809#breadcrumb\"},\"inLanguage\":\"fr-FR\",\"potentialAction\":[{\"@type\":\"ReadAction\",\"target\":[\"https:\\\/\\\/lesvolcansnews.net\\\/?p=3809\"]}]},{\"@type\":\"ImageObject\",\"inLanguage\":\"fr-FR\",\"@id\":\"https:\\\/\\\/lesvolcansnews.net\\\/?p=3809#primaryimage\",\"url\":\"https:\\\/\\\/lesvolcansnews.net\\\/wp-content\\\/uploads\\\/2019\\\/07\\\/Constant-Mutamba.jpeg\",\"contentUrl\":\"https:\\\/\\\/lesvolcansnews.net\\\/wp-content\\\/uploads\\\/2019\\\/07\\\/Constant-Mutamba.jpeg\",\"width\":837,\"height\":445},{\"@type\":\"BreadcrumbList\",\"@id\":\"https:\\\/\\\/lesvolcansnews.net\\\/?p=3809#breadcrumb\",\"itemListElement\":[{\"@type\":\"ListItem\",\"position\":1,\"name\":\"Accueil\",\"item\":\"https:\\\/\\\/lesvolcansnews.net\\\/\"},{\"@type\":\"ListItem\",\"position\":2,\"name\":\"Nord-Kivu: La soci\u00e9t\u00e9 civile r\u00e9agit \u00e0 propos de la proposition de NOJEC sur une formation militaire obligatoire aux finalistes des humanit\u00e9s\"}]},{\"@type\":\"WebSite\",\"@id\":\"https:\\\/\\\/lesvolcansnews.net\\\/#website\",\"url\":\"https:\\\/\\\/lesvolcansnews.net\\\/\",\"name\":\"LES VOLCANS NEWS\",\"description\":\"L&#039;INFORMATION C&#039;EST NOUS\",\"potentialAction\":[{\"@type\":\"SearchAction\",\"target\":{\"@type\":\"EntryPoint\",\"urlTemplate\":\"https:\\\/\\\/lesvolcansnews.net\\\/?s={search_term_string}\"},\"query-input\":{\"@type\":\"PropertyValueSpecification\",\"valueRequired\":true,\"valueName\":\"search_term_string\"}}],\"inLanguage\":\"fr-FR\"},{\"@type\":\"Person\",\"@id\":\"https:\\\/\\\/lesvolcansnews.net\\\/#\\\/schema\\\/person\\\/82c8bed2e77879ecf6cca63441f57354\",\"name\":\"R\u00e9daction - Les Volcans News\",\"image\":{\"@type\":\"ImageObject\",\"inLanguage\":\"fr-FR\",\"@id\":\"https:\\\/\\\/secure.gravatar.com\\\/avatar\\\/8408942dd851e8a9c09f3d382a661bc05d2b3cd9002139bc1795b9528cdc6c80?s=96&d=mm&r=g\",\"url\":\"https:\\\/\\\/secure.gravatar.com\\\/avatar\\\/8408942dd851e8a9c09f3d382a661bc05d2b3cd9002139bc1795b9528cdc6c80?s=96&d=mm&r=g\",\"contentUrl\":\"https:\\\/\\\/secure.gravatar.com\\\/avatar\\\/8408942dd851e8a9c09f3d382a661bc05d2b3cd9002139bc1795b9528cdc6c80?s=96&d=mm&r=g\",\"caption\":\"R\u00e9daction - Les Volcans News\"},\"url\":\"https:\\\/\\\/lesvolcansnews.net\\\/?author=14\"}]}<\/script>\n<!-- \/ Yoast SEO plugin. -->","yoast_head_json":{"title":"Nord-Kivu: La soci\u00e9t\u00e9 civile r\u00e9agit \u00e0 propos de la proposition de NOJEC sur une formation militaire obligatoire aux finalistes des humanit\u00e9s - LES VOLCANS NEWS","robots":{"index":"index","follow":"follow","max-snippet":"max-snippet:-1","max-image-preview":"max-image-preview:large","max-video-preview":"max-video-preview:-1"},"canonical":"https:\/\/lesvolcansnews.net\/?p=3809","og_locale":"fr_FR","og_type":"article","og_title":"Nord-Kivu: La soci\u00e9t\u00e9 civile r\u00e9agit \u00e0 propos de la proposition de NOJEC sur une formation militaire obligatoire aux finalistes des humanit\u00e9s - LES VOLCANS NEWS","og_description":"La proposition du NOJEC relative \u00e0 une formation militaire obligatoire avant d\u2019entamer les \u00e9tudes sup\u00e9rieures et universitaires, suscite des diverses r\u00e9actions au sein de la soci\u00e9t\u00e9 civile de la ville","og_url":"https:\/\/lesvolcansnews.net\/?p=3809","og_site_name":"LES VOLCANS NEWS","article_published_time":"2019-07-04T14:17:51+00:00","article_modified_time":"2019-07-04T14:29:21+00:00","og_image":[{"width":837,"height":445,"url":"https:\/\/lesvolcansnews.net\/wp-content\/uploads\/2019\/07\/Constant-Mutamba.jpeg","type":"image\/jpeg"}],"author":"R\u00e9daction - Les Volcans News","twitter_card":"summary_large_image","twitter_misc":{"\u00c9crit par":"R\u00e9daction - Les Volcans News","Dur\u00e9e de lecture estim\u00e9e":"1 minute"},"schema":{"@context":"https:\/\/schema.org","@graph":[{"@type":"Article","@id":"https:\/\/lesvolcansnews.net\/?p=3809#article","isPartOf":{"@id":"https:\/\/lesvolcansnews.net\/?p=3809"},"author":{"name":"R\u00e9daction - Les Volcans News","@id":"https:\/\/lesvolcansnews.net\/#\/schema\/person\/82c8bed2e77879ecf6cca63441f57354"},"headline":"Nord-Kivu: La soci\u00e9t\u00e9 civile r\u00e9agit \u00e0 propos de la proposition de NOJEC sur une formation militaire obligatoire aux finalistes des humanit\u00e9s","datePublished":"2019-07-04T14:17:51+00:00","dateModified":"2019-07-04T14:29:21+00:00","mainEntityOfPage":{"@id":"https:\/\/lesvolcansnews.net\/?p=3809"},"wordCount":250,"commentCount":0,"image":{"@id":"https:\/\/lesvolcansnews.net\/?p=3809#primaryimage"},"thumbnailUrl":"https:\/\/lesvolcansnews.net\/wp-content\/uploads\/2019\/07\/Constant-Mutamba.jpeg","articleSection":["POLITIQUE"],"inLanguage":"fr-FR","potentialAction":[{"@type":"CommentAction","name":"Comment","target":["https:\/\/lesvolcansnews.net\/?p=3809#respond"]}]},{"@type":"WebPage","@id":"https:\/\/lesvolcansnews.net\/?p=3809","url":"https:\/\/lesvolcansnews.net\/?p=3809","name":"Nord-Kivu: La soci\u00e9t\u00e9 civile r\u00e9agit \u00e0 propos de la proposition de NOJEC sur une formation militaire obligatoire aux finalistes des humanit\u00e9s - LES VOLCANS NEWS","isPartOf":{"@id":"https:\/\/lesvolcansnews.net\/#website"},"primaryImageOfPage":{"@id":"https:\/\/lesvolcansnews.net\/?p=3809#primaryimage"},"image":{"@id":"https:\/\/lesvolcansnews.net\/?p=3809#primaryimage"},"thumbnailUrl":"https:\/\/lesvolcansnews.net\/wp-content\/uploads\/2019\/07\/Constant-Mutamba.jpeg","datePublished":"2019-07-04T14:17:51+00:00","dateModified":"2019-07-04T14:29:21+00:00","author":{"@id":"https:\/\/lesvolcansnews.net\/#\/schema\/person\/82c8bed2e77879ecf6cca63441f57354"},"breadcrumb":{"@id":"https:\/\/lesvolcansnews.net\/?p=3809#breadcrumb"},"inLanguage":"fr-FR","potentialAction":[{"@type":"ReadAction","target":["https:\/\/lesvolcansnews.net\/?p=3809"]}]},{"@type":"ImageObject","inLanguage":"fr-FR","@id":"https:\/\/lesvolcansnews.net\/?p=3809#primaryimage","url":"https:\/\/lesvolcansnews.net\/wp-content\/uploads\/2019\/07\/Constant-Mutamba.jpeg","contentUrl":"https:\/\/lesvolcansnews.net\/wp-content\/uploads\/2019\/07\/Constant-Mutamba.jpeg","width":837,"height":445},{"@type":"BreadcrumbList","@id":"https:\/\/lesvolcansnews.net\/?p=3809#breadcrumb","itemListElement":[{"@type":"ListItem","position":1,"name":"Accueil","item":"https:\/\/lesvolcansnews.net\/"},{"@type":"ListItem","position":2,"name":"Nord-Kivu: La soci\u00e9t\u00e9 civile r\u00e9agit \u00e0 propos de la proposition de NOJEC sur une formation militaire obligatoire aux finalistes des humanit\u00e9s"}]},{"@type":"WebSite","@id":"https:\/\/lesvolcansnews.net\/#website","url":"https:\/\/lesvolcansnews.net\/","name":"LES VOLCANS NEWS","description":"L&#039;INFORMATION C&#039;EST NOUS","potentialAction":[{"@type":"SearchAction","target":{"@type":"EntryPoint","urlTemplate":"https:\/\/lesvolcansnews.net\/?s={search_term_string}"},"query-input":{"@type":"PropertyValueSpecification","valueRequired":true,"valueName":"search_term_string"}}],"inLanguage":"fr-FR"},{"@type":"Person","@id":"https:\/\/lesvolcansnews.net\/#\/schema\/person\/82c8bed2e77879ecf6cca63441f57354","name":"R\u00e9daction - Les Volcans News","image":{"@type":"ImageObject","inLanguage":"fr-FR","@id":"https:\/\/secure.gravatar.com\/avatar\/8408942dd851e8a9c09f3d382a661bc05d2b3cd9002139bc1795b9528cdc6c80?s=96&d=mm&r=g","url":"https:\/\/secure.gravatar.com\/avatar\/8408942dd851e8a9c09f3d382a661bc05d2b3cd9002139bc1795b9528cdc6c80?s=96&d=mm&r=g","contentUrl":"https:\/\/secure.gravatar.com\/avatar\/8408942dd851e8a9c09f3d382a661bc05d2b3cd9002139bc1795b9528cdc6c80?s=96&d=mm&r=g","caption":"R\u00e9daction - Les Volcans News"},"url":"https:\/\/lesvolcansnews.net\/?author=14"}]}},"_links":{"self":[{"href":"https:\/\/lesvolcansnews.net\/index.php?rest_route=\/wp\/v2\/posts\/3809","targetHints":{"allow":["GET"]}}],"collection":[{"href":"https:\/\/lesvolcansnews.net\/index.php?rest_route=\/wp\/v2\/posts"}],"about":[{"href":"https:\/\/lesvolcansnews.net\/index.php?rest_route=\/wp\/v2\/types\/post"}],"author":[{"embeddable":true,"href":"https:\/\/lesvolcansnews.net\/index.php?rest_route=\/wp\/v2\/users\/14"}],"replies":[{"embeddable":true,"href":"https:\/\/lesvolcansnews.net\/index.php?rest_route=%2Fwp%2Fv2%2Fcomments&post=3809"}],"version-history":[{"count":1,"href":"https:\/\/lesvolcansnews.net\/index.php?rest_route=\/wp\/v2\/posts\/3809\/revisions"}],"predecessor-version":[{"id":3810,"href":"https:\/\/lesvolcansnews.net\/index.php?rest_route=\/wp\/v2\/posts\/3809\/revisions\/3810"}],"wp:featuredmedia":[{"embeddable":true,"href":"https:\/\/lesvolcansnews.net\/index.php?rest_route=\/wp\/v2\/media\/3808"}],"wp:attachment":[{"href":"https:\/\/lesvolcansnews.net\/index.php?rest_route=%2Fwp%2Fv2%2Fmedia&parent=3809"}],"wp:term":[{"taxonomy":"category","embeddable":true,"href":"https:\/\/lesvolcansnews.net\/index.php?rest_route=%2Fwp%2Fv2%2Fcategories&post=3809"},{"taxonomy":"post_tag","embeddable":true,"href":"https:\/\/lesvolcansnews.net\/index.php?rest_route=%2Fwp%2Fv2%2Ftags&post=3809"}],"curies":[{"name":"wp","href":"https:\/\/api.w.org\/{rel}","templated":true}]}}