{"id":3805,"date":"2019-07-03T20:15:47","date_gmt":"2019-07-03T20:15:47","guid":{"rendered":"https:\/\/lesvolcansnews.net\/2019\/07\/03\/nord-kivu-patrick-munyomo-retrouve-a-nouveau-sa-place-a-lhemicycle-apres-la-validation-par-la-cour-constitutionnelle\/"},"modified":"2019-07-03T20:15:47","modified_gmt":"2019-07-03T20:15:47","slug":"nord-kivu-patrick-munyomo-retrouve-a-nouveau-sa-place-a-lhemicycle-apres-la-validation-par-la-cour-constitutionnelle","status":"publish","type":"post","link":"https:\/\/lesvolcansnews.net\/?p=3805","title":{"rendered":"Nord-Kivu : Patrick Munyomo retrouve \u00e0 nouveau sa place \u00e0 l&#8217;h\u00e9micycle apr\u00e8s la validation par la cour constitutionnelle"},"content":{"rendered":"<p>Patrick Munyomo Basilwango, d\u00e9put\u00e9 national \u00e9lu sur la liste<br \/>\nde l&#8217;AFDC dans la ville de goma  vient d&#8217;\u00eatre r\u00e9habilitation de nouveau comme d\u00e9put\u00e9 national par la cour constitutionnelle de la RDC apr\u00e8s son invalidation en faveur de Mundenga chose qui avait provoqu\u00e9e des soul\u00e8vement des femmes et jeunes qui \u00e9taient descendus dans la rue de Goma pour<br \/>\nd\u00e9noncer cette invalidation.<\/p>\n<p><strong><em>R\u00e9daction<\/em><\/strong><\/p>\n","protected":false},"excerpt":{"rendered":"<p>Patrick Munyomo Basilwango, d\u00e9put\u00e9 national \u00e9lu sur la liste de l&#8217;AFDC dans la ville de goma vient d&#8217;\u00eatre r\u00e9habilitation de nouveau comme d\u00e9put\u00e9 national par la cour constitutionnelle de la<\/p>\n","protected":false},"author":14,"featured_media":3804,"comment_status":"open","ping_status":"open","sticky":false,"template":"","format":"standard","meta":{"footnotes":""},"categories":[27],"tags":[],"class_list":["post-3805","post","type-post","status-publish","format-standard","has-post-thumbnail","hentry","category-politique"],"yoast_head":"<!-- This site is optimized with the Yoast SEO plugin v27.3 - https:\/\/yoast.com\/product\/yoast-seo-wordpress\/ -->\n<title>Nord-Kivu : Patrick Munyomo retrouve \u00e0 nouveau sa place \u00e0 l&#039;h\u00e9micycle apr\u00e8s la validation par la cour constitutionnelle - LES VOLCANS NEWS<\/title>\n<meta name=\"robots\" content=\"index, follow, max-snippet:-1, max-image-preview:large, max-video-preview:-1\" \/>\n<link rel=\"canonical\" href=\"https:\/\/lesvolcansnews.net\/?p=3805\" \/>\n<meta property=\"og:locale\" content=\"fr_FR\" \/>\n<meta property=\"og:type\" content=\"article\" \/>\n<meta property=\"og:title\" content=\"Nord-Kivu : Patrick Munyomo retrouve \u00e0 nouveau sa place \u00e0 l&#039;h\u00e9micycle apr\u00e8s la validation par la cour constitutionnelle - LES VOLCANS NEWS\" \/>\n<meta property=\"og:description\" content=\"Patrick Munyomo Basilwango, d\u00e9put\u00e9 national \u00e9lu sur la liste de l&#8217;AFDC dans la ville de goma vient d&#8217;\u00eatre r\u00e9habilitation de nouveau comme d\u00e9put\u00e9 national par la cour constitutionnelle de la\" \/>\n<meta property=\"og:url\" content=\"https:\/\/lesvolcansnews.net\/?p=3805\" \/>\n<meta property=\"og:site_name\" content=\"LES VOLCANS NEWS\" \/>\n<meta property=\"article:published_time\" content=\"2019-07-03T20:15:47+00:00\" \/>\n<meta property=\"og:image\" content=\"https:\/\/lesvolcansnews.net\/wp-content\/uploads\/2019\/07\/Patrick-Munyomo-valide.jpg\" \/>\n\t<meta property=\"og:image:width\" content=\"640\" \/>\n\t<meta property=\"og:image:height\" content=\"427\" \/>\n\t<meta property=\"og:image:type\" content=\"image\/jpeg\" \/>\n<meta name=\"author\" content=\"R\u00e9daction - Les Volcans News\" \/>\n<meta name=\"twitter:card\" content=\"summary_large_image\" \/>\n<meta name=\"twitter:label1\" content=\"\u00c9crit par\" \/>\n\t<meta name=\"twitter:data1\" content=\"R\u00e9daction - Les Volcans News\" \/>\n<script type=\"application\/ld+json\" class=\"yoast-schema-graph\">{\"@context\":\"https:\\\/\\\/schema.org\",\"@graph\":[{\"@type\":\"Article\",\"@id\":\"https:\\\/\\\/lesvolcansnews.net\\\/?p=3805#article\",\"isPartOf\":{\"@id\":\"https:\\\/\\\/lesvolcansnews.net\\\/?p=3805\"},\"author\":{\"name\":\"R\u00e9daction - Les Volcans News\",\"@id\":\"https:\\\/\\\/lesvolcansnews.net\\\/#\\\/schema\\\/person\\\/82c8bed2e77879ecf6cca63441f57354\"},\"headline\":\"Nord-Kivu : Patrick Munyomo retrouve \u00e0 nouveau sa place \u00e0 l&#8217;h\u00e9micycle apr\u00e8s la validation par la cour constitutionnelle\",\"datePublished\":\"2019-07-03T20:15:47+00:00\",\"mainEntityOfPage\":{\"@id\":\"https:\\\/\\\/lesvolcansnews.net\\\/?p=3805\"},\"wordCount\":89,\"commentCount\":0,\"image\":{\"@id\":\"https:\\\/\\\/lesvolcansnews.net\\\/?p=3805#primaryimage\"},\"thumbnailUrl\":\"https:\\\/\\\/lesvolcansnews.net\\\/wp-content\\\/uploads\\\/2019\\\/07\\\/Patrick-Munyomo-valide.jpg\",\"articleSection\":[\"POLITIQUE\"],\"inLanguage\":\"fr-FR\",\"potentialAction\":[{\"@type\":\"CommentAction\",\"name\":\"Comment\",\"target\":[\"https:\\\/\\\/lesvolcansnews.net\\\/?p=3805#respond\"]}]},{\"@type\":\"WebPage\",\"@id\":\"https:\\\/\\\/lesvolcansnews.net\\\/?p=3805\",\"url\":\"https:\\\/\\\/lesvolcansnews.net\\\/?p=3805\",\"name\":\"Nord-Kivu : Patrick Munyomo retrouve \u00e0 nouveau sa place \u00e0 l'h\u00e9micycle apr\u00e8s la validation par la cour constitutionnelle - LES VOLCANS NEWS\",\"isPartOf\":{\"@id\":\"https:\\\/\\\/lesvolcansnews.net\\\/#website\"},\"primaryImageOfPage\":{\"@id\":\"https:\\\/\\\/lesvolcansnews.net\\\/?p=3805#primaryimage\"},\"image\":{\"@id\":\"https:\\\/\\\/lesvolcansnews.net\\\/?p=3805#primaryimage\"},\"thumbnailUrl\":\"https:\\\/\\\/lesvolcansnews.net\\\/wp-content\\\/uploads\\\/2019\\\/07\\\/Patrick-Munyomo-valide.jpg\",\"datePublished\":\"2019-07-03T20:15:47+00:00\",\"author\":{\"@id\":\"https:\\\/\\\/lesvolcansnews.net\\\/#\\\/schema\\\/person\\\/82c8bed2e77879ecf6cca63441f57354\"},\"breadcrumb\":{\"@id\":\"https:\\\/\\\/lesvolcansnews.net\\\/?p=3805#breadcrumb\"},\"inLanguage\":\"fr-FR\",\"potentialAction\":[{\"@type\":\"ReadAction\",\"target\":[\"https:\\\/\\\/lesvolcansnews.net\\\/?p=3805\"]}]},{\"@type\":\"ImageObject\",\"inLanguage\":\"fr-FR\",\"@id\":\"https:\\\/\\\/lesvolcansnews.net\\\/?p=3805#primaryimage\",\"url\":\"https:\\\/\\\/lesvolcansnews.net\\\/wp-content\\\/uploads\\\/2019\\\/07\\\/Patrick-Munyomo-valide.jpg\",\"contentUrl\":\"https:\\\/\\\/lesvolcansnews.net\\\/wp-content\\\/uploads\\\/2019\\\/07\\\/Patrick-Munyomo-valide.jpg\",\"width\":640,\"height\":427},{\"@type\":\"BreadcrumbList\",\"@id\":\"https:\\\/\\\/lesvolcansnews.net\\\/?p=3805#breadcrumb\",\"itemListElement\":[{\"@type\":\"ListItem\",\"position\":1,\"name\":\"Accueil\",\"item\":\"https:\\\/\\\/lesvolcansnews.net\\\/\"},{\"@type\":\"ListItem\",\"position\":2,\"name\":\"Nord-Kivu : Patrick Munyomo retrouve \u00e0 nouveau sa place \u00e0 l&#8217;h\u00e9micycle apr\u00e8s la validation par la cour constitutionnelle\"}]},{\"@type\":\"WebSite\",\"@id\":\"https:\\\/\\\/lesvolcansnews.net\\\/#website\",\"url\":\"https:\\\/\\\/lesvolcansnews.net\\\/\",\"name\":\"LES VOLCANS NEWS\",\"description\":\"L&#039;INFORMATION C&#039;EST NOUS\",\"potentialAction\":[{\"@type\":\"SearchAction\",\"target\":{\"@type\":\"EntryPoint\",\"urlTemplate\":\"https:\\\/\\\/lesvolcansnews.net\\\/?s={search_term_string}\"},\"query-input\":{\"@type\":\"PropertyValueSpecification\",\"valueRequired\":true,\"valueName\":\"search_term_string\"}}],\"inLanguage\":\"fr-FR\"},{\"@type\":\"Person\",\"@id\":\"https:\\\/\\\/lesvolcansnews.net\\\/#\\\/schema\\\/person\\\/82c8bed2e77879ecf6cca63441f57354\",\"name\":\"R\u00e9daction - Les Volcans News\",\"image\":{\"@type\":\"ImageObject\",\"inLanguage\":\"fr-FR\",\"@id\":\"https:\\\/\\\/secure.gravatar.com\\\/avatar\\\/8408942dd851e8a9c09f3d382a661bc05d2b3cd9002139bc1795b9528cdc6c80?s=96&d=mm&r=g\",\"url\":\"https:\\\/\\\/secure.gravatar.com\\\/avatar\\\/8408942dd851e8a9c09f3d382a661bc05d2b3cd9002139bc1795b9528cdc6c80?s=96&d=mm&r=g\",\"contentUrl\":\"https:\\\/\\\/secure.gravatar.com\\\/avatar\\\/8408942dd851e8a9c09f3d382a661bc05d2b3cd9002139bc1795b9528cdc6c80?s=96&d=mm&r=g\",\"caption\":\"R\u00e9daction - Les Volcans News\"},\"url\":\"https:\\\/\\\/lesvolcansnews.net\\\/?author=14\"}]}<\/script>\n<!-- \/ Yoast SEO plugin. -->","yoast_head_json":{"title":"Nord-Kivu : Patrick Munyomo retrouve \u00e0 nouveau sa place \u00e0 l'h\u00e9micycle apr\u00e8s la validation par la cour constitutionnelle - LES VOLCANS NEWS","robots":{"index":"index","follow":"follow","max-snippet":"max-snippet:-1","max-image-preview":"max-image-preview:large","max-video-preview":"max-video-preview:-1"},"canonical":"https:\/\/lesvolcansnews.net\/?p=3805","og_locale":"fr_FR","og_type":"article","og_title":"Nord-Kivu : Patrick Munyomo retrouve \u00e0 nouveau sa place \u00e0 l'h\u00e9micycle apr\u00e8s la validation par la cour constitutionnelle - LES VOLCANS NEWS","og_description":"Patrick Munyomo Basilwango, d\u00e9put\u00e9 national \u00e9lu sur la liste de l&#8217;AFDC dans la ville de goma vient d&#8217;\u00eatre r\u00e9habilitation de nouveau comme d\u00e9put\u00e9 national par la cour constitutionnelle de la","og_url":"https:\/\/lesvolcansnews.net\/?p=3805","og_site_name":"LES VOLCANS NEWS","article_published_time":"2019-07-03T20:15:47+00:00","og_image":[{"width":640,"height":427,"url":"https:\/\/lesvolcansnews.net\/wp-content\/uploads\/2019\/07\/Patrick-Munyomo-valide.jpg","type":"image\/jpeg"}],"author":"R\u00e9daction - Les Volcans News","twitter_card":"summary_large_image","twitter_misc":{"\u00c9crit par":"R\u00e9daction - Les Volcans News"},"schema":{"@context":"https:\/\/schema.org","@graph":[{"@type":"Article","@id":"https:\/\/lesvolcansnews.net\/?p=3805#article","isPartOf":{"@id":"https:\/\/lesvolcansnews.net\/?p=3805"},"author":{"name":"R\u00e9daction - Les Volcans News","@id":"https:\/\/lesvolcansnews.net\/#\/schema\/person\/82c8bed2e77879ecf6cca63441f57354"},"headline":"Nord-Kivu : Patrick Munyomo retrouve \u00e0 nouveau sa place \u00e0 l&#8217;h\u00e9micycle apr\u00e8s la validation par la cour constitutionnelle","datePublished":"2019-07-03T20:15:47+00:00","mainEntityOfPage":{"@id":"https:\/\/lesvolcansnews.net\/?p=3805"},"wordCount":89,"commentCount":0,"image":{"@id":"https:\/\/lesvolcansnews.net\/?p=3805#primaryimage"},"thumbnailUrl":"https:\/\/lesvolcansnews.net\/wp-content\/uploads\/2019\/07\/Patrick-Munyomo-valide.jpg","articleSection":["POLITIQUE"],"inLanguage":"fr-FR","potentialAction":[{"@type":"CommentAction","name":"Comment","target":["https:\/\/lesvolcansnews.net\/?p=3805#respond"]}]},{"@type":"WebPage","@id":"https:\/\/lesvolcansnews.net\/?p=3805","url":"https:\/\/lesvolcansnews.net\/?p=3805","name":"Nord-Kivu : Patrick Munyomo retrouve \u00e0 nouveau sa place \u00e0 l'h\u00e9micycle apr\u00e8s la validation par la cour constitutionnelle - LES VOLCANS NEWS","isPartOf":{"@id":"https:\/\/lesvolcansnews.net\/#website"},"primaryImageOfPage":{"@id":"https:\/\/lesvolcansnews.net\/?p=3805#primaryimage"},"image":{"@id":"https:\/\/lesvolcansnews.net\/?p=3805#primaryimage"},"thumbnailUrl":"https:\/\/lesvolcansnews.net\/wp-content\/uploads\/2019\/07\/Patrick-Munyomo-valide.jpg","datePublished":"2019-07-03T20:15:47+00:00","author":{"@id":"https:\/\/lesvolcansnews.net\/#\/schema\/person\/82c8bed2e77879ecf6cca63441f57354"},"breadcrumb":{"@id":"https:\/\/lesvolcansnews.net\/?p=3805#breadcrumb"},"inLanguage":"fr-FR","potentialAction":[{"@type":"ReadAction","target":["https:\/\/lesvolcansnews.net\/?p=3805"]}]},{"@type":"ImageObject","inLanguage":"fr-FR","@id":"https:\/\/lesvolcansnews.net\/?p=3805#primaryimage","url":"https:\/\/lesvolcansnews.net\/wp-content\/uploads\/2019\/07\/Patrick-Munyomo-valide.jpg","contentUrl":"https:\/\/lesvolcansnews.net\/wp-content\/uploads\/2019\/07\/Patrick-Munyomo-valide.jpg","width":640,"height":427},{"@type":"BreadcrumbList","@id":"https:\/\/lesvolcansnews.net\/?p=3805#breadcrumb","itemListElement":[{"@type":"ListItem","position":1,"name":"Accueil","item":"https:\/\/lesvolcansnews.net\/"},{"@type":"ListItem","position":2,"name":"Nord-Kivu : Patrick Munyomo retrouve \u00e0 nouveau sa place \u00e0 l&#8217;h\u00e9micycle apr\u00e8s la validation par la cour constitutionnelle"}]},{"@type":"WebSite","@id":"https:\/\/lesvolcansnews.net\/#website","url":"https:\/\/lesvolcansnews.net\/","name":"LES VOLCANS NEWS","description":"L&#039;INFORMATION C&#039;EST NOUS","potentialAction":[{"@type":"SearchAction","target":{"@type":"EntryPoint","urlTemplate":"https:\/\/lesvolcansnews.net\/?s={search_term_string}"},"query-input":{"@type":"PropertyValueSpecification","valueRequired":true,"valueName":"search_term_string"}}],"inLanguage":"fr-FR"},{"@type":"Person","@id":"https:\/\/lesvolcansnews.net\/#\/schema\/person\/82c8bed2e77879ecf6cca63441f57354","name":"R\u00e9daction - Les Volcans News","image":{"@type":"ImageObject","inLanguage":"fr-FR","@id":"https:\/\/secure.gravatar.com\/avatar\/8408942dd851e8a9c09f3d382a661bc05d2b3cd9002139bc1795b9528cdc6c80?s=96&d=mm&r=g","url":"https:\/\/secure.gravatar.com\/avatar\/8408942dd851e8a9c09f3d382a661bc05d2b3cd9002139bc1795b9528cdc6c80?s=96&d=mm&r=g","contentUrl":"https:\/\/secure.gravatar.com\/avatar\/8408942dd851e8a9c09f3d382a661bc05d2b3cd9002139bc1795b9528cdc6c80?s=96&d=mm&r=g","caption":"R\u00e9daction - Les Volcans News"},"url":"https:\/\/lesvolcansnews.net\/?author=14"}]}},"_links":{"self":[{"href":"https:\/\/lesvolcansnews.net\/index.php?rest_route=\/wp\/v2\/posts\/3805","targetHints":{"allow":["GET"]}}],"collection":[{"href":"https:\/\/lesvolcansnews.net\/index.php?rest_route=\/wp\/v2\/posts"}],"about":[{"href":"https:\/\/lesvolcansnews.net\/index.php?rest_route=\/wp\/v2\/types\/post"}],"author":[{"embeddable":true,"href":"https:\/\/lesvolcansnews.net\/index.php?rest_route=\/wp\/v2\/users\/14"}],"replies":[{"embeddable":true,"href":"https:\/\/lesvolcansnews.net\/index.php?rest_route=%2Fwp%2Fv2%2Fcomments&post=3805"}],"version-history":[{"count":0,"href":"https:\/\/lesvolcansnews.net\/index.php?rest_route=\/wp\/v2\/posts\/3805\/revisions"}],"wp:featuredmedia":[{"embeddable":true,"href":"https:\/\/lesvolcansnews.net\/index.php?rest_route=\/wp\/v2\/media\/3804"}],"wp:attachment":[{"href":"https:\/\/lesvolcansnews.net\/index.php?rest_route=%2Fwp%2Fv2%2Fmedia&parent=3805"}],"wp:term":[{"taxonomy":"category","embeddable":true,"href":"https:\/\/lesvolcansnews.net\/index.php?rest_route=%2Fwp%2Fv2%2Fcategories&post=3805"},{"taxonomy":"post_tag","embeddable":true,"href":"https:\/\/lesvolcansnews.net\/index.php?rest_route=%2Fwp%2Fv2%2Ftags&post=3805"}],"curies":[{"name":"wp","href":"https:\/\/api.w.org\/{rel}","templated":true}]}}