{"id":3801,"date":"2019-07-03T13:36:02","date_gmt":"2019-07-03T13:36:02","guid":{"rendered":"https:\/\/lesvolcansnews.net\/2019\/07\/03\/can-egypte-2019-jonathan-bolingi-dement-son-forfait-pour-la-suite-de-la-can\/"},"modified":"2019-07-03T13:36:02","modified_gmt":"2019-07-03T13:36:02","slug":"can-egypte-2019-jonathan-bolingi-dement-son-forfait-pour-la-suite-de-la-can","status":"publish","type":"post","link":"https:\/\/lesvolcansnews.net\/?p=3801","title":{"rendered":"Can Egypte 2019 : Jonathan bolingi d\u00e9ment son forfait pour la suite de la CAN."},"content":{"rendered":"<p>Sorti sur blessure le 30 JUIN 2019 lors de la troisi\u00e8me sortie des l\u00e9opards de la RDC \u00e0 la coupe d\u2019Afrique des Nations Egypte 2019 Jonathan Bolingi \u00e9tait annonc\u00e9 indisponible par plusieurs m\u00e9dias pour la suite de la comp\u00e9tition faisant \u00e9tat d\u2019une grave blessure au genou contract\u00e9e apr\u00e8s son premier but inscrit \u00e0 la 4\u00e8me minute avec les l\u00e9opards de la RDC vainqueur quatre buts \u00e0 brosse contre le Zimbabwe. Jonathan Bolingi vient de donner la vraie version de fait sur sa page Facebook en assurant que sa blessure n&#8217;est pas grave et il pourrait renouer  avec la pelouse le plus vite possible en cas d\u2019une qualification des l\u00e9opards face au Madagascar aux huiti\u00e8mes de finale de la can 2019.<br \/>\n\u00ab je d\u00e9mens cette nouvelle qui circule sur les r\u00e9seaux sociaux et certaines presses sur ma disqualification suite \u00e0 ma sortie sur blessure \u00bb, a-t-il dit avant de confirm\u00e9 \u00ab je ne souffre pas du ligament crois\u00e9. Mon genou va tr\u00e8s bien je marche normalement sans b\u00e9quille, suis juste mis en repos par le m\u00e9decin et je continuerai cette pr\u00e9cieuse comp\u00e9tition avec mon \u00e9quipe \u00bb peut-on lire sur sa page ce mercredi le 3 JUILLET 2019.<\/p>\n<p><strong>Georges Ben Muhima <\/strong><\/p>\n","protected":false},"excerpt":{"rendered":"<p>Sorti sur blessure le 30 JUIN 2019 lors de la troisi\u00e8me sortie des l\u00e9opards de la RDC \u00e0 la coupe d\u2019Afrique des Nations Egypte 2019 Jonathan Bolingi \u00e9tait annonc\u00e9 indisponible<\/p>\n","protected":false},"author":14,"featured_media":3800,"comment_status":"open","ping_status":"open","sticky":false,"template":"","format":"standard","meta":{"footnotes":""},"categories":[11],"tags":[],"class_list":["post-3801","post","type-post","status-publish","format-standard","has-post-thumbnail","hentry","category-sports"],"yoast_head":"<!-- This site is optimized with the Yoast SEO plugin v27.3 - https:\/\/yoast.com\/product\/yoast-seo-wordpress\/ -->\n<title>Can Egypte 2019 : Jonathan bolingi d\u00e9ment son forfait pour la suite de la CAN. - LES VOLCANS NEWS<\/title>\n<meta name=\"robots\" content=\"index, follow, max-snippet:-1, max-image-preview:large, max-video-preview:-1\" \/>\n<link rel=\"canonical\" href=\"https:\/\/lesvolcansnews.net\/?p=3801\" \/>\n<meta property=\"og:locale\" content=\"fr_FR\" \/>\n<meta property=\"og:type\" content=\"article\" \/>\n<meta property=\"og:title\" content=\"Can Egypte 2019 : Jonathan bolingi d\u00e9ment son forfait pour la suite de la CAN. - LES VOLCANS NEWS\" \/>\n<meta property=\"og:description\" content=\"Sorti sur blessure le 30 JUIN 2019 lors de la troisi\u00e8me sortie des l\u00e9opards de la RDC \u00e0 la coupe d\u2019Afrique des Nations Egypte 2019 Jonathan Bolingi \u00e9tait annonc\u00e9 indisponible\" \/>\n<meta property=\"og:url\" content=\"https:\/\/lesvolcansnews.net\/?p=3801\" \/>\n<meta property=\"og:site_name\" content=\"LES VOLCANS NEWS\" \/>\n<meta property=\"article:published_time\" content=\"2019-07-03T13:36:02+00:00\" \/>\n<meta property=\"og:image\" content=\"https:\/\/lesvolcansnews.net\/wp-content\/uploads\/2019\/07\/IMG-20190703-WA0092.jpg\" \/>\n\t<meta property=\"og:image:width\" content=\"474\" \/>\n\t<meta property=\"og:image:height\" content=\"307\" \/>\n\t<meta property=\"og:image:type\" content=\"image\/jpeg\" \/>\n<meta name=\"author\" content=\"R\u00e9daction - Les Volcans News\" \/>\n<meta name=\"twitter:card\" content=\"summary_large_image\" \/>\n<meta name=\"twitter:label1\" content=\"\u00c9crit par\" \/>\n\t<meta name=\"twitter:data1\" content=\"R\u00e9daction - Les Volcans News\" \/>\n\t<meta name=\"twitter:label2\" content=\"Dur\u00e9e de lecture estim\u00e9e\" \/>\n\t<meta name=\"twitter:data2\" content=\"1 minute\" \/>\n<script type=\"application\/ld+json\" class=\"yoast-schema-graph\">{\"@context\":\"https:\\\/\\\/schema.org\",\"@graph\":[{\"@type\":\"Article\",\"@id\":\"https:\\\/\\\/lesvolcansnews.net\\\/?p=3801#article\",\"isPartOf\":{\"@id\":\"https:\\\/\\\/lesvolcansnews.net\\\/?p=3801\"},\"author\":{\"name\":\"R\u00e9daction - Les Volcans News\",\"@id\":\"https:\\\/\\\/lesvolcansnews.net\\\/#\\\/schema\\\/person\\\/82c8bed2e77879ecf6cca63441f57354\"},\"headline\":\"Can Egypte 2019 : Jonathan bolingi d\u00e9ment son forfait pour la suite de la CAN.\",\"datePublished\":\"2019-07-03T13:36:02+00:00\",\"mainEntityOfPage\":{\"@id\":\"https:\\\/\\\/lesvolcansnews.net\\\/?p=3801\"},\"wordCount\":219,\"commentCount\":0,\"image\":{\"@id\":\"https:\\\/\\\/lesvolcansnews.net\\\/?p=3801#primaryimage\"},\"thumbnailUrl\":\"https:\\\/\\\/lesvolcansnews.net\\\/wp-content\\\/uploads\\\/2019\\\/07\\\/IMG-20190703-WA0092.jpg\",\"articleSection\":[\"SPORTS\"],\"inLanguage\":\"fr-FR\",\"potentialAction\":[{\"@type\":\"CommentAction\",\"name\":\"Comment\",\"target\":[\"https:\\\/\\\/lesvolcansnews.net\\\/?p=3801#respond\"]}]},{\"@type\":\"WebPage\",\"@id\":\"https:\\\/\\\/lesvolcansnews.net\\\/?p=3801\",\"url\":\"https:\\\/\\\/lesvolcansnews.net\\\/?p=3801\",\"name\":\"Can Egypte 2019 : Jonathan bolingi d\u00e9ment son forfait pour la suite de la CAN. - LES VOLCANS NEWS\",\"isPartOf\":{\"@id\":\"https:\\\/\\\/lesvolcansnews.net\\\/#website\"},\"primaryImageOfPage\":{\"@id\":\"https:\\\/\\\/lesvolcansnews.net\\\/?p=3801#primaryimage\"},\"image\":{\"@id\":\"https:\\\/\\\/lesvolcansnews.net\\\/?p=3801#primaryimage\"},\"thumbnailUrl\":\"https:\\\/\\\/lesvolcansnews.net\\\/wp-content\\\/uploads\\\/2019\\\/07\\\/IMG-20190703-WA0092.jpg\",\"datePublished\":\"2019-07-03T13:36:02+00:00\",\"author\":{\"@id\":\"https:\\\/\\\/lesvolcansnews.net\\\/#\\\/schema\\\/person\\\/82c8bed2e77879ecf6cca63441f57354\"},\"breadcrumb\":{\"@id\":\"https:\\\/\\\/lesvolcansnews.net\\\/?p=3801#breadcrumb\"},\"inLanguage\":\"fr-FR\",\"potentialAction\":[{\"@type\":\"ReadAction\",\"target\":[\"https:\\\/\\\/lesvolcansnews.net\\\/?p=3801\"]}]},{\"@type\":\"ImageObject\",\"inLanguage\":\"fr-FR\",\"@id\":\"https:\\\/\\\/lesvolcansnews.net\\\/?p=3801#primaryimage\",\"url\":\"https:\\\/\\\/lesvolcansnews.net\\\/wp-content\\\/uploads\\\/2019\\\/07\\\/IMG-20190703-WA0092.jpg\",\"contentUrl\":\"https:\\\/\\\/lesvolcansnews.net\\\/wp-content\\\/uploads\\\/2019\\\/07\\\/IMG-20190703-WA0092.jpg\",\"width\":474,\"height\":307},{\"@type\":\"BreadcrumbList\",\"@id\":\"https:\\\/\\\/lesvolcansnews.net\\\/?p=3801#breadcrumb\",\"itemListElement\":[{\"@type\":\"ListItem\",\"position\":1,\"name\":\"Accueil\",\"item\":\"https:\\\/\\\/lesvolcansnews.net\\\/\"},{\"@type\":\"ListItem\",\"position\":2,\"name\":\"Can Egypte 2019 : Jonathan bolingi d\u00e9ment son forfait pour la suite de la CAN.\"}]},{\"@type\":\"WebSite\",\"@id\":\"https:\\\/\\\/lesvolcansnews.net\\\/#website\",\"url\":\"https:\\\/\\\/lesvolcansnews.net\\\/\",\"name\":\"LES VOLCANS NEWS\",\"description\":\"L&#039;INFORMATION C&#039;EST NOUS\",\"potentialAction\":[{\"@type\":\"SearchAction\",\"target\":{\"@type\":\"EntryPoint\",\"urlTemplate\":\"https:\\\/\\\/lesvolcansnews.net\\\/?s={search_term_string}\"},\"query-input\":{\"@type\":\"PropertyValueSpecification\",\"valueRequired\":true,\"valueName\":\"search_term_string\"}}],\"inLanguage\":\"fr-FR\"},{\"@type\":\"Person\",\"@id\":\"https:\\\/\\\/lesvolcansnews.net\\\/#\\\/schema\\\/person\\\/82c8bed2e77879ecf6cca63441f57354\",\"name\":\"R\u00e9daction - Les Volcans News\",\"image\":{\"@type\":\"ImageObject\",\"inLanguage\":\"fr-FR\",\"@id\":\"https:\\\/\\\/secure.gravatar.com\\\/avatar\\\/8408942dd851e8a9c09f3d382a661bc05d2b3cd9002139bc1795b9528cdc6c80?s=96&d=mm&r=g\",\"url\":\"https:\\\/\\\/secure.gravatar.com\\\/avatar\\\/8408942dd851e8a9c09f3d382a661bc05d2b3cd9002139bc1795b9528cdc6c80?s=96&d=mm&r=g\",\"contentUrl\":\"https:\\\/\\\/secure.gravatar.com\\\/avatar\\\/8408942dd851e8a9c09f3d382a661bc05d2b3cd9002139bc1795b9528cdc6c80?s=96&d=mm&r=g\",\"caption\":\"R\u00e9daction - Les Volcans News\"},\"url\":\"https:\\\/\\\/lesvolcansnews.net\\\/?author=14\"}]}<\/script>\n<!-- \/ Yoast SEO plugin. -->","yoast_head_json":{"title":"Can Egypte 2019 : Jonathan bolingi d\u00e9ment son forfait pour la suite de la CAN. - LES VOLCANS NEWS","robots":{"index":"index","follow":"follow","max-snippet":"max-snippet:-1","max-image-preview":"max-image-preview:large","max-video-preview":"max-video-preview:-1"},"canonical":"https:\/\/lesvolcansnews.net\/?p=3801","og_locale":"fr_FR","og_type":"article","og_title":"Can Egypte 2019 : Jonathan bolingi d\u00e9ment son forfait pour la suite de la CAN. - LES VOLCANS NEWS","og_description":"Sorti sur blessure le 30 JUIN 2019 lors de la troisi\u00e8me sortie des l\u00e9opards de la RDC \u00e0 la coupe d\u2019Afrique des Nations Egypte 2019 Jonathan Bolingi \u00e9tait annonc\u00e9 indisponible","og_url":"https:\/\/lesvolcansnews.net\/?p=3801","og_site_name":"LES VOLCANS NEWS","article_published_time":"2019-07-03T13:36:02+00:00","og_image":[{"width":474,"height":307,"url":"https:\/\/lesvolcansnews.net\/wp-content\/uploads\/2019\/07\/IMG-20190703-WA0092.jpg","type":"image\/jpeg"}],"author":"R\u00e9daction - Les Volcans News","twitter_card":"summary_large_image","twitter_misc":{"\u00c9crit par":"R\u00e9daction - Les Volcans News","Dur\u00e9e de lecture estim\u00e9e":"1 minute"},"schema":{"@context":"https:\/\/schema.org","@graph":[{"@type":"Article","@id":"https:\/\/lesvolcansnews.net\/?p=3801#article","isPartOf":{"@id":"https:\/\/lesvolcansnews.net\/?p=3801"},"author":{"name":"R\u00e9daction - Les Volcans News","@id":"https:\/\/lesvolcansnews.net\/#\/schema\/person\/82c8bed2e77879ecf6cca63441f57354"},"headline":"Can Egypte 2019 : Jonathan bolingi d\u00e9ment son forfait pour la suite de la CAN.","datePublished":"2019-07-03T13:36:02+00:00","mainEntityOfPage":{"@id":"https:\/\/lesvolcansnews.net\/?p=3801"},"wordCount":219,"commentCount":0,"image":{"@id":"https:\/\/lesvolcansnews.net\/?p=3801#primaryimage"},"thumbnailUrl":"https:\/\/lesvolcansnews.net\/wp-content\/uploads\/2019\/07\/IMG-20190703-WA0092.jpg","articleSection":["SPORTS"],"inLanguage":"fr-FR","potentialAction":[{"@type":"CommentAction","name":"Comment","target":["https:\/\/lesvolcansnews.net\/?p=3801#respond"]}]},{"@type":"WebPage","@id":"https:\/\/lesvolcansnews.net\/?p=3801","url":"https:\/\/lesvolcansnews.net\/?p=3801","name":"Can Egypte 2019 : Jonathan bolingi d\u00e9ment son forfait pour la suite de la CAN. - LES VOLCANS NEWS","isPartOf":{"@id":"https:\/\/lesvolcansnews.net\/#website"},"primaryImageOfPage":{"@id":"https:\/\/lesvolcansnews.net\/?p=3801#primaryimage"},"image":{"@id":"https:\/\/lesvolcansnews.net\/?p=3801#primaryimage"},"thumbnailUrl":"https:\/\/lesvolcansnews.net\/wp-content\/uploads\/2019\/07\/IMG-20190703-WA0092.jpg","datePublished":"2019-07-03T13:36:02+00:00","author":{"@id":"https:\/\/lesvolcansnews.net\/#\/schema\/person\/82c8bed2e77879ecf6cca63441f57354"},"breadcrumb":{"@id":"https:\/\/lesvolcansnews.net\/?p=3801#breadcrumb"},"inLanguage":"fr-FR","potentialAction":[{"@type":"ReadAction","target":["https:\/\/lesvolcansnews.net\/?p=3801"]}]},{"@type":"ImageObject","inLanguage":"fr-FR","@id":"https:\/\/lesvolcansnews.net\/?p=3801#primaryimage","url":"https:\/\/lesvolcansnews.net\/wp-content\/uploads\/2019\/07\/IMG-20190703-WA0092.jpg","contentUrl":"https:\/\/lesvolcansnews.net\/wp-content\/uploads\/2019\/07\/IMG-20190703-WA0092.jpg","width":474,"height":307},{"@type":"BreadcrumbList","@id":"https:\/\/lesvolcansnews.net\/?p=3801#breadcrumb","itemListElement":[{"@type":"ListItem","position":1,"name":"Accueil","item":"https:\/\/lesvolcansnews.net\/"},{"@type":"ListItem","position":2,"name":"Can Egypte 2019 : Jonathan bolingi d\u00e9ment son forfait pour la suite de la CAN."}]},{"@type":"WebSite","@id":"https:\/\/lesvolcansnews.net\/#website","url":"https:\/\/lesvolcansnews.net\/","name":"LES VOLCANS NEWS","description":"L&#039;INFORMATION C&#039;EST NOUS","potentialAction":[{"@type":"SearchAction","target":{"@type":"EntryPoint","urlTemplate":"https:\/\/lesvolcansnews.net\/?s={search_term_string}"},"query-input":{"@type":"PropertyValueSpecification","valueRequired":true,"valueName":"search_term_string"}}],"inLanguage":"fr-FR"},{"@type":"Person","@id":"https:\/\/lesvolcansnews.net\/#\/schema\/person\/82c8bed2e77879ecf6cca63441f57354","name":"R\u00e9daction - Les Volcans News","image":{"@type":"ImageObject","inLanguage":"fr-FR","@id":"https:\/\/secure.gravatar.com\/avatar\/8408942dd851e8a9c09f3d382a661bc05d2b3cd9002139bc1795b9528cdc6c80?s=96&d=mm&r=g","url":"https:\/\/secure.gravatar.com\/avatar\/8408942dd851e8a9c09f3d382a661bc05d2b3cd9002139bc1795b9528cdc6c80?s=96&d=mm&r=g","contentUrl":"https:\/\/secure.gravatar.com\/avatar\/8408942dd851e8a9c09f3d382a661bc05d2b3cd9002139bc1795b9528cdc6c80?s=96&d=mm&r=g","caption":"R\u00e9daction - Les Volcans News"},"url":"https:\/\/lesvolcansnews.net\/?author=14"}]}},"_links":{"self":[{"href":"https:\/\/lesvolcansnews.net\/index.php?rest_route=\/wp\/v2\/posts\/3801","targetHints":{"allow":["GET"]}}],"collection":[{"href":"https:\/\/lesvolcansnews.net\/index.php?rest_route=\/wp\/v2\/posts"}],"about":[{"href":"https:\/\/lesvolcansnews.net\/index.php?rest_route=\/wp\/v2\/types\/post"}],"author":[{"embeddable":true,"href":"https:\/\/lesvolcansnews.net\/index.php?rest_route=\/wp\/v2\/users\/14"}],"replies":[{"embeddable":true,"href":"https:\/\/lesvolcansnews.net\/index.php?rest_route=%2Fwp%2Fv2%2Fcomments&post=3801"}],"version-history":[{"count":0,"href":"https:\/\/lesvolcansnews.net\/index.php?rest_route=\/wp\/v2\/posts\/3801\/revisions"}],"wp:featuredmedia":[{"embeddable":true,"href":"https:\/\/lesvolcansnews.net\/index.php?rest_route=\/wp\/v2\/media\/3800"}],"wp:attachment":[{"href":"https:\/\/lesvolcansnews.net\/index.php?rest_route=%2Fwp%2Fv2%2Fmedia&parent=3801"}],"wp:term":[{"taxonomy":"category","embeddable":true,"href":"https:\/\/lesvolcansnews.net\/index.php?rest_route=%2Fwp%2Fv2%2Fcategories&post=3801"},{"taxonomy":"post_tag","embeddable":true,"href":"https:\/\/lesvolcansnews.net\/index.php?rest_route=%2Fwp%2Fv2%2Ftags&post=3801"}],"curies":[{"name":"wp","href":"https:\/\/api.w.org\/{rel}","templated":true}]}}