{"id":3788,"date":"2019-07-03T05:45:39","date_gmt":"2019-07-03T05:45:39","guid":{"rendered":"https:\/\/lesvolcansnews.net\/2019\/07\/03\/goma-un-journaliste-de-ub-fm-agresse-par-des-inconnus\/"},"modified":"2019-07-03T05:57:52","modified_gmt":"2019-07-03T05:57:52","slug":"goma-un-journaliste-de-ub-fm-agresse-par-des-inconnus","status":"publish","type":"post","link":"https:\/\/lesvolcansnews.net\/?p=3788","title":{"rendered":"Goma: un journaliste de UB.FM agress\u00e9 par des bandits"},"content":{"rendered":"<p>Le journaliste zanem Nety Zaidi  a \u00e9t\u00e9 poignard\u00e9 \u00e0 la t\u00eate et \u00e0 la bouch\u00e9,ce mercredi 3juillet, par trois jeunes non identifi\u00e9s. Le directeur de programme, \u00e0 la Radio priv\u00e9e UB.FM de Goma estime qu\u2019il<br \/>\ns\u2019agit simplement d\u2019un acte isol\u00e9.<br \/>\nD\u2019apr\u00e8s les r\u00e9cits des faits, il venait de sa maison pour le travail afin de lancer l&#8217;antenne matinale.<br \/>\nComme son v\u00e9hicule n&#8217;\u00e9tait pas disponible , zanem  quittait son domicile \u00e0 pieds, situ\u00e9 au<br \/>\nquartier Mabanga.<br \/>\nC\u2019est aux alentours du stade de l&#8217;unit\u00e9 , que trois jeunes l\u2019ont interpell\u00e9 avant de le d\u00e9pouiller de tout ce qui l&#8217;avait deux t\u00e9l\u00e9phones et une somme d&#8217;argent.<\/p>\n<p>A en croire les r\u00e9cits du journaliste agress\u00e9, pendant qu\u2019il se d\u00e9battait pour se lib\u00e9rer de ses agresseurs, l\u2019un des bandits<br \/>\nl\u2019a poignard\u00e9 \u00e0 la bouche, le blessant gri\u00e8vement.<br \/>\nIl s\u2019en est sorti, gr\u00e2ce \u00e0 l\u2019intervention des passants.<\/p>\n<p>Ce cas arrive apr\u00e8s celui d&#8217;une autre journaliste de la partie grand nord de la province du Nord-Kivu qui a perdu plusieurs de ses biens apr\u00e8s l&#8217;agression par des hommes estim\u00e9s aux voleurs.<\/p>\n<p>Gabriel KASHUGUSHU<\/p>\n","protected":false},"excerpt":{"rendered":"<p>Le journaliste zanem Nety Zaidi a \u00e9t\u00e9 poignard\u00e9 \u00e0 la t\u00eate et \u00e0 la bouch\u00e9,ce mercredi 3juillet, par trois jeunes non identifi\u00e9s. Le directeur de programme, \u00e0 la Radio priv\u00e9e<\/p>\n","protected":false},"author":14,"featured_media":3787,"comment_status":"open","ping_status":"open","sticky":false,"template":"","format":"standard","meta":{"footnotes":""},"categories":[9],"tags":[],"class_list":["post-3788","post","type-post","status-publish","format-standard","has-post-thumbnail","hentry","category-societe"],"yoast_head":"<!-- This site is optimized with the Yoast SEO plugin v27.3 - https:\/\/yoast.com\/product\/yoast-seo-wordpress\/ -->\n<title>Goma: un journaliste de UB.FM agress\u00e9 par des bandits - LES VOLCANS NEWS<\/title>\n<meta name=\"robots\" content=\"index, follow, max-snippet:-1, max-image-preview:large, max-video-preview:-1\" \/>\n<link rel=\"canonical\" href=\"https:\/\/lesvolcansnews.net\/?p=3788\" \/>\n<meta property=\"og:locale\" content=\"fr_FR\" \/>\n<meta property=\"og:type\" content=\"article\" \/>\n<meta property=\"og:title\" content=\"Goma: un journaliste de UB.FM agress\u00e9 par des bandits - LES VOLCANS NEWS\" \/>\n<meta property=\"og:description\" content=\"Le journaliste zanem Nety Zaidi a \u00e9t\u00e9 poignard\u00e9 \u00e0 la t\u00eate et \u00e0 la bouch\u00e9,ce mercredi 3juillet, par trois jeunes non identifi\u00e9s. Le directeur de programme, \u00e0 la Radio priv\u00e9e\" \/>\n<meta property=\"og:url\" content=\"https:\/\/lesvolcansnews.net\/?p=3788\" \/>\n<meta property=\"og:site_name\" content=\"LES VOLCANS NEWS\" \/>\n<meta property=\"article:published_time\" content=\"2019-07-03T05:45:39+00:00\" \/>\n<meta property=\"article:modified_time\" content=\"2019-07-03T05:57:52+00:00\" \/>\n<meta property=\"og:image\" content=\"https:\/\/lesvolcansnews.net\/wp-content\/uploads\/2019\/07\/IMG-20190703-WA0019.jpg\" \/>\n\t<meta property=\"og:image:width\" content=\"576\" \/>\n\t<meta property=\"og:image:height\" content=\"1024\" \/>\n\t<meta property=\"og:image:type\" content=\"image\/jpeg\" \/>\n<meta name=\"author\" content=\"R\u00e9daction - Les Volcans News\" \/>\n<meta name=\"twitter:card\" content=\"summary_large_image\" \/>\n<meta name=\"twitter:label1\" content=\"\u00c9crit par\" \/>\n\t<meta name=\"twitter:data1\" content=\"R\u00e9daction - Les Volcans News\" \/>\n\t<meta name=\"twitter:label2\" content=\"Dur\u00e9e de lecture estim\u00e9e\" \/>\n\t<meta name=\"twitter:data2\" content=\"1 minute\" \/>\n<script type=\"application\/ld+json\" class=\"yoast-schema-graph\">{\"@context\":\"https:\\\/\\\/schema.org\",\"@graph\":[{\"@type\":\"Article\",\"@id\":\"https:\\\/\\\/lesvolcansnews.net\\\/?p=3788#article\",\"isPartOf\":{\"@id\":\"https:\\\/\\\/lesvolcansnews.net\\\/?p=3788\"},\"author\":{\"name\":\"R\u00e9daction - Les Volcans News\",\"@id\":\"https:\\\/\\\/lesvolcansnews.net\\\/#\\\/schema\\\/person\\\/82c8bed2e77879ecf6cca63441f57354\"},\"headline\":\"Goma: un journaliste de UB.FM agress\u00e9 par des bandits\",\"datePublished\":\"2019-07-03T05:45:39+00:00\",\"dateModified\":\"2019-07-03T05:57:52+00:00\",\"mainEntityOfPage\":{\"@id\":\"https:\\\/\\\/lesvolcansnews.net\\\/?p=3788\"},\"wordCount\":215,\"commentCount\":0,\"image\":{\"@id\":\"https:\\\/\\\/lesvolcansnews.net\\\/?p=3788#primaryimage\"},\"thumbnailUrl\":\"https:\\\/\\\/lesvolcansnews.net\\\/wp-content\\\/uploads\\\/2019\\\/07\\\/IMG-20190703-WA0019.jpg\",\"articleSection\":[\"SOCIET\u00c9\"],\"inLanguage\":\"fr-FR\",\"potentialAction\":[{\"@type\":\"CommentAction\",\"name\":\"Comment\",\"target\":[\"https:\\\/\\\/lesvolcansnews.net\\\/?p=3788#respond\"]}]},{\"@type\":\"WebPage\",\"@id\":\"https:\\\/\\\/lesvolcansnews.net\\\/?p=3788\",\"url\":\"https:\\\/\\\/lesvolcansnews.net\\\/?p=3788\",\"name\":\"Goma: un journaliste de UB.FM agress\u00e9 par des bandits - LES VOLCANS NEWS\",\"isPartOf\":{\"@id\":\"https:\\\/\\\/lesvolcansnews.net\\\/#website\"},\"primaryImageOfPage\":{\"@id\":\"https:\\\/\\\/lesvolcansnews.net\\\/?p=3788#primaryimage\"},\"image\":{\"@id\":\"https:\\\/\\\/lesvolcansnews.net\\\/?p=3788#primaryimage\"},\"thumbnailUrl\":\"https:\\\/\\\/lesvolcansnews.net\\\/wp-content\\\/uploads\\\/2019\\\/07\\\/IMG-20190703-WA0019.jpg\",\"datePublished\":\"2019-07-03T05:45:39+00:00\",\"dateModified\":\"2019-07-03T05:57:52+00:00\",\"author\":{\"@id\":\"https:\\\/\\\/lesvolcansnews.net\\\/#\\\/schema\\\/person\\\/82c8bed2e77879ecf6cca63441f57354\"},\"breadcrumb\":{\"@id\":\"https:\\\/\\\/lesvolcansnews.net\\\/?p=3788#breadcrumb\"},\"inLanguage\":\"fr-FR\",\"potentialAction\":[{\"@type\":\"ReadAction\",\"target\":[\"https:\\\/\\\/lesvolcansnews.net\\\/?p=3788\"]}]},{\"@type\":\"ImageObject\",\"inLanguage\":\"fr-FR\",\"@id\":\"https:\\\/\\\/lesvolcansnews.net\\\/?p=3788#primaryimage\",\"url\":\"https:\\\/\\\/lesvolcansnews.net\\\/wp-content\\\/uploads\\\/2019\\\/07\\\/IMG-20190703-WA0019.jpg\",\"contentUrl\":\"https:\\\/\\\/lesvolcansnews.net\\\/wp-content\\\/uploads\\\/2019\\\/07\\\/IMG-20190703-WA0019.jpg\",\"width\":576,\"height\":1024},{\"@type\":\"BreadcrumbList\",\"@id\":\"https:\\\/\\\/lesvolcansnews.net\\\/?p=3788#breadcrumb\",\"itemListElement\":[{\"@type\":\"ListItem\",\"position\":1,\"name\":\"Accueil\",\"item\":\"https:\\\/\\\/lesvolcansnews.net\\\/\"},{\"@type\":\"ListItem\",\"position\":2,\"name\":\"Goma: un journaliste de UB.FM agress\u00e9 par des bandits\"}]},{\"@type\":\"WebSite\",\"@id\":\"https:\\\/\\\/lesvolcansnews.net\\\/#website\",\"url\":\"https:\\\/\\\/lesvolcansnews.net\\\/\",\"name\":\"LES VOLCANS NEWS\",\"description\":\"L&#039;INFORMATION C&#039;EST NOUS\",\"potentialAction\":[{\"@type\":\"SearchAction\",\"target\":{\"@type\":\"EntryPoint\",\"urlTemplate\":\"https:\\\/\\\/lesvolcansnews.net\\\/?s={search_term_string}\"},\"query-input\":{\"@type\":\"PropertyValueSpecification\",\"valueRequired\":true,\"valueName\":\"search_term_string\"}}],\"inLanguage\":\"fr-FR\"},{\"@type\":\"Person\",\"@id\":\"https:\\\/\\\/lesvolcansnews.net\\\/#\\\/schema\\\/person\\\/82c8bed2e77879ecf6cca63441f57354\",\"name\":\"R\u00e9daction - Les Volcans News\",\"image\":{\"@type\":\"ImageObject\",\"inLanguage\":\"fr-FR\",\"@id\":\"https:\\\/\\\/secure.gravatar.com\\\/avatar\\\/8408942dd851e8a9c09f3d382a661bc05d2b3cd9002139bc1795b9528cdc6c80?s=96&d=mm&r=g\",\"url\":\"https:\\\/\\\/secure.gravatar.com\\\/avatar\\\/8408942dd851e8a9c09f3d382a661bc05d2b3cd9002139bc1795b9528cdc6c80?s=96&d=mm&r=g\",\"contentUrl\":\"https:\\\/\\\/secure.gravatar.com\\\/avatar\\\/8408942dd851e8a9c09f3d382a661bc05d2b3cd9002139bc1795b9528cdc6c80?s=96&d=mm&r=g\",\"caption\":\"R\u00e9daction - Les Volcans News\"},\"url\":\"https:\\\/\\\/lesvolcansnews.net\\\/?author=14\"}]}<\/script>\n<!-- \/ Yoast SEO plugin. -->","yoast_head_json":{"title":"Goma: un journaliste de UB.FM agress\u00e9 par des bandits - LES VOLCANS NEWS","robots":{"index":"index","follow":"follow","max-snippet":"max-snippet:-1","max-image-preview":"max-image-preview:large","max-video-preview":"max-video-preview:-1"},"canonical":"https:\/\/lesvolcansnews.net\/?p=3788","og_locale":"fr_FR","og_type":"article","og_title":"Goma: un journaliste de UB.FM agress\u00e9 par des bandits - LES VOLCANS NEWS","og_description":"Le journaliste zanem Nety Zaidi a \u00e9t\u00e9 poignard\u00e9 \u00e0 la t\u00eate et \u00e0 la bouch\u00e9,ce mercredi 3juillet, par trois jeunes non identifi\u00e9s. Le directeur de programme, \u00e0 la Radio priv\u00e9e","og_url":"https:\/\/lesvolcansnews.net\/?p=3788","og_site_name":"LES VOLCANS NEWS","article_published_time":"2019-07-03T05:45:39+00:00","article_modified_time":"2019-07-03T05:57:52+00:00","og_image":[{"width":576,"height":1024,"url":"https:\/\/lesvolcansnews.net\/wp-content\/uploads\/2019\/07\/IMG-20190703-WA0019.jpg","type":"image\/jpeg"}],"author":"R\u00e9daction - Les Volcans News","twitter_card":"summary_large_image","twitter_misc":{"\u00c9crit par":"R\u00e9daction - Les Volcans News","Dur\u00e9e de lecture estim\u00e9e":"1 minute"},"schema":{"@context":"https:\/\/schema.org","@graph":[{"@type":"Article","@id":"https:\/\/lesvolcansnews.net\/?p=3788#article","isPartOf":{"@id":"https:\/\/lesvolcansnews.net\/?p=3788"},"author":{"name":"R\u00e9daction - Les Volcans News","@id":"https:\/\/lesvolcansnews.net\/#\/schema\/person\/82c8bed2e77879ecf6cca63441f57354"},"headline":"Goma: un journaliste de UB.FM agress\u00e9 par des bandits","datePublished":"2019-07-03T05:45:39+00:00","dateModified":"2019-07-03T05:57:52+00:00","mainEntityOfPage":{"@id":"https:\/\/lesvolcansnews.net\/?p=3788"},"wordCount":215,"commentCount":0,"image":{"@id":"https:\/\/lesvolcansnews.net\/?p=3788#primaryimage"},"thumbnailUrl":"https:\/\/lesvolcansnews.net\/wp-content\/uploads\/2019\/07\/IMG-20190703-WA0019.jpg","articleSection":["SOCIET\u00c9"],"inLanguage":"fr-FR","potentialAction":[{"@type":"CommentAction","name":"Comment","target":["https:\/\/lesvolcansnews.net\/?p=3788#respond"]}]},{"@type":"WebPage","@id":"https:\/\/lesvolcansnews.net\/?p=3788","url":"https:\/\/lesvolcansnews.net\/?p=3788","name":"Goma: un journaliste de UB.FM agress\u00e9 par des bandits - LES VOLCANS NEWS","isPartOf":{"@id":"https:\/\/lesvolcansnews.net\/#website"},"primaryImageOfPage":{"@id":"https:\/\/lesvolcansnews.net\/?p=3788#primaryimage"},"image":{"@id":"https:\/\/lesvolcansnews.net\/?p=3788#primaryimage"},"thumbnailUrl":"https:\/\/lesvolcansnews.net\/wp-content\/uploads\/2019\/07\/IMG-20190703-WA0019.jpg","datePublished":"2019-07-03T05:45:39+00:00","dateModified":"2019-07-03T05:57:52+00:00","author":{"@id":"https:\/\/lesvolcansnews.net\/#\/schema\/person\/82c8bed2e77879ecf6cca63441f57354"},"breadcrumb":{"@id":"https:\/\/lesvolcansnews.net\/?p=3788#breadcrumb"},"inLanguage":"fr-FR","potentialAction":[{"@type":"ReadAction","target":["https:\/\/lesvolcansnews.net\/?p=3788"]}]},{"@type":"ImageObject","inLanguage":"fr-FR","@id":"https:\/\/lesvolcansnews.net\/?p=3788#primaryimage","url":"https:\/\/lesvolcansnews.net\/wp-content\/uploads\/2019\/07\/IMG-20190703-WA0019.jpg","contentUrl":"https:\/\/lesvolcansnews.net\/wp-content\/uploads\/2019\/07\/IMG-20190703-WA0019.jpg","width":576,"height":1024},{"@type":"BreadcrumbList","@id":"https:\/\/lesvolcansnews.net\/?p=3788#breadcrumb","itemListElement":[{"@type":"ListItem","position":1,"name":"Accueil","item":"https:\/\/lesvolcansnews.net\/"},{"@type":"ListItem","position":2,"name":"Goma: un journaliste de UB.FM agress\u00e9 par des bandits"}]},{"@type":"WebSite","@id":"https:\/\/lesvolcansnews.net\/#website","url":"https:\/\/lesvolcansnews.net\/","name":"LES VOLCANS NEWS","description":"L&#039;INFORMATION C&#039;EST NOUS","potentialAction":[{"@type":"SearchAction","target":{"@type":"EntryPoint","urlTemplate":"https:\/\/lesvolcansnews.net\/?s={search_term_string}"},"query-input":{"@type":"PropertyValueSpecification","valueRequired":true,"valueName":"search_term_string"}}],"inLanguage":"fr-FR"},{"@type":"Person","@id":"https:\/\/lesvolcansnews.net\/#\/schema\/person\/82c8bed2e77879ecf6cca63441f57354","name":"R\u00e9daction - Les Volcans News","image":{"@type":"ImageObject","inLanguage":"fr-FR","@id":"https:\/\/secure.gravatar.com\/avatar\/8408942dd851e8a9c09f3d382a661bc05d2b3cd9002139bc1795b9528cdc6c80?s=96&d=mm&r=g","url":"https:\/\/secure.gravatar.com\/avatar\/8408942dd851e8a9c09f3d382a661bc05d2b3cd9002139bc1795b9528cdc6c80?s=96&d=mm&r=g","contentUrl":"https:\/\/secure.gravatar.com\/avatar\/8408942dd851e8a9c09f3d382a661bc05d2b3cd9002139bc1795b9528cdc6c80?s=96&d=mm&r=g","caption":"R\u00e9daction - Les Volcans News"},"url":"https:\/\/lesvolcansnews.net\/?author=14"}]}},"_links":{"self":[{"href":"https:\/\/lesvolcansnews.net\/index.php?rest_route=\/wp\/v2\/posts\/3788","targetHints":{"allow":["GET"]}}],"collection":[{"href":"https:\/\/lesvolcansnews.net\/index.php?rest_route=\/wp\/v2\/posts"}],"about":[{"href":"https:\/\/lesvolcansnews.net\/index.php?rest_route=\/wp\/v2\/types\/post"}],"author":[{"embeddable":true,"href":"https:\/\/lesvolcansnews.net\/index.php?rest_route=\/wp\/v2\/users\/14"}],"replies":[{"embeddable":true,"href":"https:\/\/lesvolcansnews.net\/index.php?rest_route=%2Fwp%2Fv2%2Fcomments&post=3788"}],"version-history":[{"count":1,"href":"https:\/\/lesvolcansnews.net\/index.php?rest_route=\/wp\/v2\/posts\/3788\/revisions"}],"predecessor-version":[{"id":3789,"href":"https:\/\/lesvolcansnews.net\/index.php?rest_route=\/wp\/v2\/posts\/3788\/revisions\/3789"}],"wp:featuredmedia":[{"embeddable":true,"href":"https:\/\/lesvolcansnews.net\/index.php?rest_route=\/wp\/v2\/media\/3787"}],"wp:attachment":[{"href":"https:\/\/lesvolcansnews.net\/index.php?rest_route=%2Fwp%2Fv2%2Fmedia&parent=3788"}],"wp:term":[{"taxonomy":"category","embeddable":true,"href":"https:\/\/lesvolcansnews.net\/index.php?rest_route=%2Fwp%2Fv2%2Fcategories&post=3788"},{"taxonomy":"post_tag","embeddable":true,"href":"https:\/\/lesvolcansnews.net\/index.php?rest_route=%2Fwp%2Fv2%2Ftags&post=3788"}],"curies":[{"name":"wp","href":"https:\/\/api.w.org\/{rel}","templated":true}]}}