{"id":3758,"date":"2019-06-29T17:51:17","date_gmt":"2019-06-29T17:51:17","guid":{"rendered":"https:\/\/lesvolcansnews.net\/2019\/06\/29\/transfert-deo-kanda-en-pret-dans-une-equipe-tanzanienne\/"},"modified":"2019-06-29T18:02:29","modified_gmt":"2019-06-29T18:02:29","slug":"transfert-deo-kanda-en-pret-dans-une-equipe-tanzanienne","status":"publish","type":"post","link":"https:\/\/lesvolcansnews.net\/?p=3758","title":{"rendered":"Transfert : Deo Kanda en pr\u00eat dans une \u00e9quipe tanzanienne"},"content":{"rendered":"<p>Coiffeur depuis son retour dans l&#8217;effectif du tp mazembe de Lubumbashi l&#8217;ailier congolais DEO KANDA A MUKOK file en tanzanie et d\u00e9couvrira le championnat tanzanien avec le sc Simba pour un pr\u00eat d&#8217;une saison peut-on lire sur le site du TP Mazembe le samedi 29 juin 2019.<br \/>\nVainqueur de la ligue des champions de la CAF en 2010 et finaliste malheureux de la coupe du monde de club \u00e0 la m\u00eame ann\u00e9e, l&#8217;ancien joueur du DCMP est all\u00e9 au Maghreb au sein du Raja Casablanca avec \u00e0 la cl\u00e9 une finale de la coupe du monde de club une fois de plus perdue avant de revenir au pays dans son \u00e9quipe du coeur o\u00f9 il retrouvera la concurrence sur la ligne d&#8217;attaque avec une mont\u00e9e en puissance de certains jeunes de l&#8217;\u00e9quipe ,Jackson muleka,meschack Elia,ben malango ainsi de suite.<br \/>\nLe choix de Simba est une bonne d\u00e9cision d&#8217;autant plus que cette \u00e9quipe est championne de la Tanzanie et jouera la ligue des champions de la CAF la saison prochaine et le congolais pourra apparaitre sur le continent dans une comp\u00e9tition qu&#8217;il maitrise gr\u00e8s parfaitement.<\/p>\n<p>Georges Ben Muhima<\/p>\n","protected":false},"excerpt":{"rendered":"<p>Coiffeur depuis son retour dans l&#8217;effectif du tp mazembe de Lubumbashi l&#8217;ailier congolais DEO KANDA A MUKOK file en tanzanie et d\u00e9couvrira le championnat tanzanien avec le sc Simba pour<\/p>\n","protected":false},"author":14,"featured_media":0,"comment_status":"open","ping_status":"open","sticky":false,"template":"","format":"standard","meta":{"footnotes":""},"categories":[11],"tags":[],"class_list":["post-3758","post","type-post","status-publish","format-standard","hentry","category-sports"],"yoast_head":"<!-- This site is optimized with the Yoast SEO plugin v27.3 - https:\/\/yoast.com\/product\/yoast-seo-wordpress\/ -->\n<title>Transfert : Deo Kanda en pr\u00eat dans une \u00e9quipe tanzanienne - LES VOLCANS NEWS<\/title>\n<meta name=\"robots\" content=\"index, follow, max-snippet:-1, max-image-preview:large, max-video-preview:-1\" \/>\n<link rel=\"canonical\" href=\"https:\/\/lesvolcansnews.net\/?p=3758\" \/>\n<meta property=\"og:locale\" content=\"fr_FR\" \/>\n<meta property=\"og:type\" content=\"article\" \/>\n<meta property=\"og:title\" content=\"Transfert : Deo Kanda en pr\u00eat dans une \u00e9quipe tanzanienne - LES VOLCANS NEWS\" \/>\n<meta property=\"og:description\" content=\"Coiffeur depuis son retour dans l&#8217;effectif du tp mazembe de Lubumbashi l&#8217;ailier congolais DEO KANDA A MUKOK file en tanzanie et d\u00e9couvrira le championnat tanzanien avec le sc Simba pour\" \/>\n<meta property=\"og:url\" content=\"https:\/\/lesvolcansnews.net\/?p=3758\" \/>\n<meta property=\"og:site_name\" content=\"LES VOLCANS NEWS\" \/>\n<meta property=\"article:published_time\" content=\"2019-06-29T17:51:17+00:00\" \/>\n<meta property=\"article:modified_time\" content=\"2019-06-29T18:02:29+00:00\" \/>\n<meta name=\"author\" content=\"R\u00e9daction - Les Volcans News\" \/>\n<meta name=\"twitter:card\" content=\"summary_large_image\" \/>\n<meta name=\"twitter:label1\" content=\"\u00c9crit par\" \/>\n\t<meta name=\"twitter:data1\" content=\"R\u00e9daction - Les Volcans News\" \/>\n\t<meta name=\"twitter:label2\" content=\"Dur\u00e9e de lecture estim\u00e9e\" \/>\n\t<meta name=\"twitter:data2\" content=\"1 minute\" \/>\n<script type=\"application\/ld+json\" class=\"yoast-schema-graph\">{\"@context\":\"https:\\\/\\\/schema.org\",\"@graph\":[{\"@type\":\"Article\",\"@id\":\"https:\\\/\\\/lesvolcansnews.net\\\/?p=3758#article\",\"isPartOf\":{\"@id\":\"https:\\\/\\\/lesvolcansnews.net\\\/?p=3758\"},\"author\":{\"name\":\"R\u00e9daction - Les Volcans News\",\"@id\":\"https:\\\/\\\/lesvolcansnews.net\\\/#\\\/schema\\\/person\\\/82c8bed2e77879ecf6cca63441f57354\"},\"headline\":\"Transfert : Deo Kanda en pr\u00eat dans une \u00e9quipe tanzanienne\",\"datePublished\":\"2019-06-29T17:51:17+00:00\",\"dateModified\":\"2019-06-29T18:02:29+00:00\",\"mainEntityOfPage\":{\"@id\":\"https:\\\/\\\/lesvolcansnews.net\\\/?p=3758\"},\"wordCount\":210,\"commentCount\":0,\"articleSection\":[\"SPORTS\"],\"inLanguage\":\"fr-FR\",\"potentialAction\":[{\"@type\":\"CommentAction\",\"name\":\"Comment\",\"target\":[\"https:\\\/\\\/lesvolcansnews.net\\\/?p=3758#respond\"]}]},{\"@type\":\"WebPage\",\"@id\":\"https:\\\/\\\/lesvolcansnews.net\\\/?p=3758\",\"url\":\"https:\\\/\\\/lesvolcansnews.net\\\/?p=3758\",\"name\":\"Transfert : Deo Kanda en pr\u00eat dans une \u00e9quipe tanzanienne - LES VOLCANS NEWS\",\"isPartOf\":{\"@id\":\"https:\\\/\\\/lesvolcansnews.net\\\/#website\"},\"datePublished\":\"2019-06-29T17:51:17+00:00\",\"dateModified\":\"2019-06-29T18:02:29+00:00\",\"author\":{\"@id\":\"https:\\\/\\\/lesvolcansnews.net\\\/#\\\/schema\\\/person\\\/82c8bed2e77879ecf6cca63441f57354\"},\"breadcrumb\":{\"@id\":\"https:\\\/\\\/lesvolcansnews.net\\\/?p=3758#breadcrumb\"},\"inLanguage\":\"fr-FR\",\"potentialAction\":[{\"@type\":\"ReadAction\",\"target\":[\"https:\\\/\\\/lesvolcansnews.net\\\/?p=3758\"]}]},{\"@type\":\"BreadcrumbList\",\"@id\":\"https:\\\/\\\/lesvolcansnews.net\\\/?p=3758#breadcrumb\",\"itemListElement\":[{\"@type\":\"ListItem\",\"position\":1,\"name\":\"Accueil\",\"item\":\"https:\\\/\\\/lesvolcansnews.net\\\/\"},{\"@type\":\"ListItem\",\"position\":2,\"name\":\"Transfert : Deo Kanda en pr\u00eat dans une \u00e9quipe tanzanienne\"}]},{\"@type\":\"WebSite\",\"@id\":\"https:\\\/\\\/lesvolcansnews.net\\\/#website\",\"url\":\"https:\\\/\\\/lesvolcansnews.net\\\/\",\"name\":\"LES VOLCANS NEWS\",\"description\":\"L&#039;INFORMATION C&#039;EST NOUS\",\"potentialAction\":[{\"@type\":\"SearchAction\",\"target\":{\"@type\":\"EntryPoint\",\"urlTemplate\":\"https:\\\/\\\/lesvolcansnews.net\\\/?s={search_term_string}\"},\"query-input\":{\"@type\":\"PropertyValueSpecification\",\"valueRequired\":true,\"valueName\":\"search_term_string\"}}],\"inLanguage\":\"fr-FR\"},{\"@type\":\"Person\",\"@id\":\"https:\\\/\\\/lesvolcansnews.net\\\/#\\\/schema\\\/person\\\/82c8bed2e77879ecf6cca63441f57354\",\"name\":\"R\u00e9daction - Les Volcans News\",\"image\":{\"@type\":\"ImageObject\",\"inLanguage\":\"fr-FR\",\"@id\":\"https:\\\/\\\/secure.gravatar.com\\\/avatar\\\/8408942dd851e8a9c09f3d382a661bc05d2b3cd9002139bc1795b9528cdc6c80?s=96&d=mm&r=g\",\"url\":\"https:\\\/\\\/secure.gravatar.com\\\/avatar\\\/8408942dd851e8a9c09f3d382a661bc05d2b3cd9002139bc1795b9528cdc6c80?s=96&d=mm&r=g\",\"contentUrl\":\"https:\\\/\\\/secure.gravatar.com\\\/avatar\\\/8408942dd851e8a9c09f3d382a661bc05d2b3cd9002139bc1795b9528cdc6c80?s=96&d=mm&r=g\",\"caption\":\"R\u00e9daction - Les Volcans News\"},\"url\":\"https:\\\/\\\/lesvolcansnews.net\\\/?author=14\"}]}<\/script>\n<!-- \/ Yoast SEO plugin. -->","yoast_head_json":{"title":"Transfert : Deo Kanda en pr\u00eat dans une \u00e9quipe tanzanienne - LES VOLCANS NEWS","robots":{"index":"index","follow":"follow","max-snippet":"max-snippet:-1","max-image-preview":"max-image-preview:large","max-video-preview":"max-video-preview:-1"},"canonical":"https:\/\/lesvolcansnews.net\/?p=3758","og_locale":"fr_FR","og_type":"article","og_title":"Transfert : Deo Kanda en pr\u00eat dans une \u00e9quipe tanzanienne - LES VOLCANS NEWS","og_description":"Coiffeur depuis son retour dans l&#8217;effectif du tp mazembe de Lubumbashi l&#8217;ailier congolais DEO KANDA A MUKOK file en tanzanie et d\u00e9couvrira le championnat tanzanien avec le sc Simba pour","og_url":"https:\/\/lesvolcansnews.net\/?p=3758","og_site_name":"LES VOLCANS NEWS","article_published_time":"2019-06-29T17:51:17+00:00","article_modified_time":"2019-06-29T18:02:29+00:00","author":"R\u00e9daction - Les Volcans News","twitter_card":"summary_large_image","twitter_misc":{"\u00c9crit par":"R\u00e9daction - Les Volcans News","Dur\u00e9e de lecture estim\u00e9e":"1 minute"},"schema":{"@context":"https:\/\/schema.org","@graph":[{"@type":"Article","@id":"https:\/\/lesvolcansnews.net\/?p=3758#article","isPartOf":{"@id":"https:\/\/lesvolcansnews.net\/?p=3758"},"author":{"name":"R\u00e9daction - Les Volcans News","@id":"https:\/\/lesvolcansnews.net\/#\/schema\/person\/82c8bed2e77879ecf6cca63441f57354"},"headline":"Transfert : Deo Kanda en pr\u00eat dans une \u00e9quipe tanzanienne","datePublished":"2019-06-29T17:51:17+00:00","dateModified":"2019-06-29T18:02:29+00:00","mainEntityOfPage":{"@id":"https:\/\/lesvolcansnews.net\/?p=3758"},"wordCount":210,"commentCount":0,"articleSection":["SPORTS"],"inLanguage":"fr-FR","potentialAction":[{"@type":"CommentAction","name":"Comment","target":["https:\/\/lesvolcansnews.net\/?p=3758#respond"]}]},{"@type":"WebPage","@id":"https:\/\/lesvolcansnews.net\/?p=3758","url":"https:\/\/lesvolcansnews.net\/?p=3758","name":"Transfert : Deo Kanda en pr\u00eat dans une \u00e9quipe tanzanienne - LES VOLCANS NEWS","isPartOf":{"@id":"https:\/\/lesvolcansnews.net\/#website"},"datePublished":"2019-06-29T17:51:17+00:00","dateModified":"2019-06-29T18:02:29+00:00","author":{"@id":"https:\/\/lesvolcansnews.net\/#\/schema\/person\/82c8bed2e77879ecf6cca63441f57354"},"breadcrumb":{"@id":"https:\/\/lesvolcansnews.net\/?p=3758#breadcrumb"},"inLanguage":"fr-FR","potentialAction":[{"@type":"ReadAction","target":["https:\/\/lesvolcansnews.net\/?p=3758"]}]},{"@type":"BreadcrumbList","@id":"https:\/\/lesvolcansnews.net\/?p=3758#breadcrumb","itemListElement":[{"@type":"ListItem","position":1,"name":"Accueil","item":"https:\/\/lesvolcansnews.net\/"},{"@type":"ListItem","position":2,"name":"Transfert : Deo Kanda en pr\u00eat dans une \u00e9quipe tanzanienne"}]},{"@type":"WebSite","@id":"https:\/\/lesvolcansnews.net\/#website","url":"https:\/\/lesvolcansnews.net\/","name":"LES VOLCANS NEWS","description":"L&#039;INFORMATION C&#039;EST NOUS","potentialAction":[{"@type":"SearchAction","target":{"@type":"EntryPoint","urlTemplate":"https:\/\/lesvolcansnews.net\/?s={search_term_string}"},"query-input":{"@type":"PropertyValueSpecification","valueRequired":true,"valueName":"search_term_string"}}],"inLanguage":"fr-FR"},{"@type":"Person","@id":"https:\/\/lesvolcansnews.net\/#\/schema\/person\/82c8bed2e77879ecf6cca63441f57354","name":"R\u00e9daction - Les Volcans News","image":{"@type":"ImageObject","inLanguage":"fr-FR","@id":"https:\/\/secure.gravatar.com\/avatar\/8408942dd851e8a9c09f3d382a661bc05d2b3cd9002139bc1795b9528cdc6c80?s=96&d=mm&r=g","url":"https:\/\/secure.gravatar.com\/avatar\/8408942dd851e8a9c09f3d382a661bc05d2b3cd9002139bc1795b9528cdc6c80?s=96&d=mm&r=g","contentUrl":"https:\/\/secure.gravatar.com\/avatar\/8408942dd851e8a9c09f3d382a661bc05d2b3cd9002139bc1795b9528cdc6c80?s=96&d=mm&r=g","caption":"R\u00e9daction - Les Volcans News"},"url":"https:\/\/lesvolcansnews.net\/?author=14"}]}},"_links":{"self":[{"href":"https:\/\/lesvolcansnews.net\/index.php?rest_route=\/wp\/v2\/posts\/3758","targetHints":{"allow":["GET"]}}],"collection":[{"href":"https:\/\/lesvolcansnews.net\/index.php?rest_route=\/wp\/v2\/posts"}],"about":[{"href":"https:\/\/lesvolcansnews.net\/index.php?rest_route=\/wp\/v2\/types\/post"}],"author":[{"embeddable":true,"href":"https:\/\/lesvolcansnews.net\/index.php?rest_route=\/wp\/v2\/users\/14"}],"replies":[{"embeddable":true,"href":"https:\/\/lesvolcansnews.net\/index.php?rest_route=%2Fwp%2Fv2%2Fcomments&post=3758"}],"version-history":[{"count":1,"href":"https:\/\/lesvolcansnews.net\/index.php?rest_route=\/wp\/v2\/posts\/3758\/revisions"}],"predecessor-version":[{"id":3761,"href":"https:\/\/lesvolcansnews.net\/index.php?rest_route=\/wp\/v2\/posts\/3758\/revisions\/3761"}],"wp:attachment":[{"href":"https:\/\/lesvolcansnews.net\/index.php?rest_route=%2Fwp%2Fv2%2Fmedia&parent=3758"}],"wp:term":[{"taxonomy":"category","embeddable":true,"href":"https:\/\/lesvolcansnews.net\/index.php?rest_route=%2Fwp%2Fv2%2Fcategories&post=3758"},{"taxonomy":"post_tag","embeddable":true,"href":"https:\/\/lesvolcansnews.net\/index.php?rest_route=%2Fwp%2Fv2%2Ftags&post=3758"}],"curies":[{"name":"wp","href":"https:\/\/api.w.org\/{rel}","templated":true}]}}