{"id":3755,"date":"2019-06-29T16:02:04","date_gmt":"2019-06-29T16:02:04","guid":{"rendered":"https:\/\/lesvolcansnews.net\/2019\/06\/29\/football-lecole-de-foot-goal-annonce-la-construction-de-son-centre-de-formation\/"},"modified":"2019-06-29T16:03:11","modified_gmt":"2019-06-29T16:03:11","slug":"football-lecole-de-foot-goal-annonce-la-construction-de-son-centre-de-formation","status":"publish","type":"post","link":"https:\/\/lesvolcansnews.net\/?p=3755","title":{"rendered":"Football: le FC Goal annonce la construction de son centre de formation"},"content":{"rendered":"<p>Affilier dans la premi\u00e8re division du championnat local de l&#8217;Entente urbaine de foot ball Goma, le foot ball club <strong><em>Goma academy of leader<\/em><\/strong> aura \u00e0 tr\u00e8s bient\u00f4t son centre de formation de football dans le quartier Mugunga, Commune de Karisimbi ville de Goma.<br \/>\nCette nouvelle a \u00e9t\u00e9 annonc\u00e9e par le pr\u00e9sident Ugo Merlon kasuku ce samedi 29 juin 2019 \u00e0 l&#8217;occasion de son assembl\u00e9e g\u00e9n\u00e9rale ordinaire avant la nouvelle saison. Le pr\u00e9sident a eu \u00e0 pr\u00e9ciser que les travaux de construction d\u00e9marrent d\u00e9j\u00e0 ce lundi  1 juillet 2019. &#8221; A<em> partir de lundi, goal commence \u00e0 construire son centre de formation de football \u00e0 Mugunga. On esp\u00e8re aller tr\u00e8s vite pour finir les travaux dans 6 \u00e0 8 mois&#8221;, <\/em>nous a confi\u00e9 l&#8217;ancien joueur de football qui veut aller tr\u00e8s loin en annon\u00e7ant \u00e9galement l&#8217;arriv\u00e9e d&#8217;un entra\u00eeneur professionnel dans deux semaines en provenance de la Belgique pour apporter son savoir faire dans cette jeunesse.<br \/>\nFranck vanden borre comme c&#8217;est de lui qu&#8217;il s&#8217;agit, est un entra\u00eeneur chevronn\u00e9 fr\u00e8re a Anthony vaden borre international belge d&#8217;origine congolaise ancien joueur de la Fiorentina,Anderlecht, Genoa,Portsmouth, Genk,Montpellier ,et r\u00e9cemment le TP Mazembe dans une aventure de courte dur\u00e9e. L&#8217;apport de Franck Vanden borre sera important dans cette \u00e9cole de football qui n&#8217;a que deux ans dans le championnat local de Goma et qui peut se f\u00e9liciter de son rendement promettant dans cette comp\u00e9tition et dans la formation des joueurs. Un parcours \u00e9logieux que retrace le pr\u00e9sident du club.<\/p>\n<p>&#8221; <em>notre premi\u00e8re ann\u00e9e dans la deuxi\u00e8me division on avait r\u00e9alis\u00e9 un parcours sans faute terminant en t\u00eate synonyme d&#8217;une mont\u00e9e en premi\u00e8re division et dans l&#8217;\u00e9lite on a termin\u00e9 sixi\u00e8me et atteindre l&#8217;objectif. Et au-del\u00e0 du maintien, l&#8217;objectif \u00e9tait \u00e9galement la formation et l&#8217; indicateur qui prouve que Goal a r\u00e9ussi, c&#8217;est le tournoi de d\u00e9tection kongo international cup o\u00f9 12 joueurs qui avaient obtenus leurs premi\u00e8res licences dans cette acad\u00e9mie de football se sont retrouv\u00e9s sur la liste des 33 meilleurs de la r\u00e9gion avant que 5 dont un encore a Goal ne se classent dans la derni\u00e8re liste de 18 joueurs retenus pour un tournoi en Espagne<\/em>&#8221; a conclu ce jeune dirigeant de l&#8217;\u00e9quipe.<br \/>\nAvec  ce d\u00e9part, Goal peut jouer le r\u00f4le de p\u00e9pini\u00e8re du football congolais dans l&#8217;avenir surtout dans les \u00e9quipes d&#8217;\u00e2ges.<\/p>\n<p><strong><em>Georges Ben Muhima<\/em><\/strong><\/p>\n","protected":false},"excerpt":{"rendered":"<p>Affilier dans la premi\u00e8re division du championnat local de l&#8217;Entente urbaine de foot ball Goma, le foot ball club Goma academy of leader aura \u00e0 tr\u00e8s bient\u00f4t son centre de<\/p>\n","protected":false},"author":14,"featured_media":0,"comment_status":"open","ping_status":"open","sticky":false,"template":"","format":"standard","meta":{"footnotes":""},"categories":[11],"tags":[],"class_list":["post-3755","post","type-post","status-publish","format-standard","hentry","category-sports"],"yoast_head":"<!-- This site is optimized with the Yoast SEO plugin v27.3 - https:\/\/yoast.com\/product\/yoast-seo-wordpress\/ -->\n<title>Football: le FC Goal annonce la construction de son centre de formation - LES VOLCANS NEWS<\/title>\n<meta name=\"robots\" content=\"index, follow, max-snippet:-1, max-image-preview:large, max-video-preview:-1\" \/>\n<link rel=\"canonical\" href=\"https:\/\/lesvolcansnews.net\/?p=3755\" \/>\n<meta property=\"og:locale\" content=\"fr_FR\" \/>\n<meta property=\"og:type\" content=\"article\" \/>\n<meta property=\"og:title\" content=\"Football: le FC Goal annonce la construction de son centre de formation - LES VOLCANS NEWS\" \/>\n<meta property=\"og:description\" content=\"Affilier dans la premi\u00e8re division du championnat local de l&#8217;Entente urbaine de foot ball Goma, le foot ball club Goma academy of leader aura \u00e0 tr\u00e8s bient\u00f4t son centre de\" \/>\n<meta property=\"og:url\" content=\"https:\/\/lesvolcansnews.net\/?p=3755\" \/>\n<meta property=\"og:site_name\" content=\"LES VOLCANS NEWS\" \/>\n<meta property=\"article:published_time\" content=\"2019-06-29T16:02:04+00:00\" \/>\n<meta property=\"article:modified_time\" content=\"2019-06-29T16:03:11+00:00\" \/>\n<meta name=\"author\" content=\"R\u00e9daction - Les Volcans News\" \/>\n<meta name=\"twitter:card\" content=\"summary_large_image\" \/>\n<meta name=\"twitter:label1\" content=\"\u00c9crit par\" \/>\n\t<meta name=\"twitter:data1\" content=\"R\u00e9daction - Les Volcans News\" \/>\n\t<meta name=\"twitter:label2\" content=\"Dur\u00e9e de lecture estim\u00e9e\" \/>\n\t<meta name=\"twitter:data2\" content=\"2 minutes\" \/>\n<script type=\"application\/ld+json\" class=\"yoast-schema-graph\">{\"@context\":\"https:\\\/\\\/schema.org\",\"@graph\":[{\"@type\":\"Article\",\"@id\":\"https:\\\/\\\/lesvolcansnews.net\\\/?p=3755#article\",\"isPartOf\":{\"@id\":\"https:\\\/\\\/lesvolcansnews.net\\\/?p=3755\"},\"author\":{\"name\":\"R\u00e9daction - Les Volcans News\",\"@id\":\"https:\\\/\\\/lesvolcansnews.net\\\/#\\\/schema\\\/person\\\/82c8bed2e77879ecf6cca63441f57354\"},\"headline\":\"Football: le FC Goal annonce la construction de son centre de formation\",\"datePublished\":\"2019-06-29T16:02:04+00:00\",\"dateModified\":\"2019-06-29T16:03:11+00:00\",\"mainEntityOfPage\":{\"@id\":\"https:\\\/\\\/lesvolcansnews.net\\\/?p=3755\"},\"wordCount\":444,\"commentCount\":0,\"articleSection\":[\"SPORTS\"],\"inLanguage\":\"fr-FR\",\"potentialAction\":[{\"@type\":\"CommentAction\",\"name\":\"Comment\",\"target\":[\"https:\\\/\\\/lesvolcansnews.net\\\/?p=3755#respond\"]}]},{\"@type\":\"WebPage\",\"@id\":\"https:\\\/\\\/lesvolcansnews.net\\\/?p=3755\",\"url\":\"https:\\\/\\\/lesvolcansnews.net\\\/?p=3755\",\"name\":\"Football: le FC Goal annonce la construction de son centre de formation - LES VOLCANS NEWS\",\"isPartOf\":{\"@id\":\"https:\\\/\\\/lesvolcansnews.net\\\/#website\"},\"datePublished\":\"2019-06-29T16:02:04+00:00\",\"dateModified\":\"2019-06-29T16:03:11+00:00\",\"author\":{\"@id\":\"https:\\\/\\\/lesvolcansnews.net\\\/#\\\/schema\\\/person\\\/82c8bed2e77879ecf6cca63441f57354\"},\"breadcrumb\":{\"@id\":\"https:\\\/\\\/lesvolcansnews.net\\\/?p=3755#breadcrumb\"},\"inLanguage\":\"fr-FR\",\"potentialAction\":[{\"@type\":\"ReadAction\",\"target\":[\"https:\\\/\\\/lesvolcansnews.net\\\/?p=3755\"]}]},{\"@type\":\"BreadcrumbList\",\"@id\":\"https:\\\/\\\/lesvolcansnews.net\\\/?p=3755#breadcrumb\",\"itemListElement\":[{\"@type\":\"ListItem\",\"position\":1,\"name\":\"Accueil\",\"item\":\"https:\\\/\\\/lesvolcansnews.net\\\/\"},{\"@type\":\"ListItem\",\"position\":2,\"name\":\"Football: le FC Goal annonce la construction de son centre de formation\"}]},{\"@type\":\"WebSite\",\"@id\":\"https:\\\/\\\/lesvolcansnews.net\\\/#website\",\"url\":\"https:\\\/\\\/lesvolcansnews.net\\\/\",\"name\":\"LES VOLCANS NEWS\",\"description\":\"L&#039;INFORMATION C&#039;EST NOUS\",\"potentialAction\":[{\"@type\":\"SearchAction\",\"target\":{\"@type\":\"EntryPoint\",\"urlTemplate\":\"https:\\\/\\\/lesvolcansnews.net\\\/?s={search_term_string}\"},\"query-input\":{\"@type\":\"PropertyValueSpecification\",\"valueRequired\":true,\"valueName\":\"search_term_string\"}}],\"inLanguage\":\"fr-FR\"},{\"@type\":\"Person\",\"@id\":\"https:\\\/\\\/lesvolcansnews.net\\\/#\\\/schema\\\/person\\\/82c8bed2e77879ecf6cca63441f57354\",\"name\":\"R\u00e9daction - Les Volcans News\",\"image\":{\"@type\":\"ImageObject\",\"inLanguage\":\"fr-FR\",\"@id\":\"https:\\\/\\\/secure.gravatar.com\\\/avatar\\\/8408942dd851e8a9c09f3d382a661bc05d2b3cd9002139bc1795b9528cdc6c80?s=96&d=mm&r=g\",\"url\":\"https:\\\/\\\/secure.gravatar.com\\\/avatar\\\/8408942dd851e8a9c09f3d382a661bc05d2b3cd9002139bc1795b9528cdc6c80?s=96&d=mm&r=g\",\"contentUrl\":\"https:\\\/\\\/secure.gravatar.com\\\/avatar\\\/8408942dd851e8a9c09f3d382a661bc05d2b3cd9002139bc1795b9528cdc6c80?s=96&d=mm&r=g\",\"caption\":\"R\u00e9daction - Les Volcans News\"},\"url\":\"https:\\\/\\\/lesvolcansnews.net\\\/?author=14\"}]}<\/script>\n<!-- \/ Yoast SEO plugin. -->","yoast_head_json":{"title":"Football: le FC Goal annonce la construction de son centre de formation - LES VOLCANS NEWS","robots":{"index":"index","follow":"follow","max-snippet":"max-snippet:-1","max-image-preview":"max-image-preview:large","max-video-preview":"max-video-preview:-1"},"canonical":"https:\/\/lesvolcansnews.net\/?p=3755","og_locale":"fr_FR","og_type":"article","og_title":"Football: le FC Goal annonce la construction de son centre de formation - LES VOLCANS NEWS","og_description":"Affilier dans la premi\u00e8re division du championnat local de l&#8217;Entente urbaine de foot ball Goma, le foot ball club Goma academy of leader aura \u00e0 tr\u00e8s bient\u00f4t son centre de","og_url":"https:\/\/lesvolcansnews.net\/?p=3755","og_site_name":"LES VOLCANS NEWS","article_published_time":"2019-06-29T16:02:04+00:00","article_modified_time":"2019-06-29T16:03:11+00:00","author":"R\u00e9daction - Les Volcans News","twitter_card":"summary_large_image","twitter_misc":{"\u00c9crit par":"R\u00e9daction - Les Volcans News","Dur\u00e9e de lecture estim\u00e9e":"2 minutes"},"schema":{"@context":"https:\/\/schema.org","@graph":[{"@type":"Article","@id":"https:\/\/lesvolcansnews.net\/?p=3755#article","isPartOf":{"@id":"https:\/\/lesvolcansnews.net\/?p=3755"},"author":{"name":"R\u00e9daction - Les Volcans News","@id":"https:\/\/lesvolcansnews.net\/#\/schema\/person\/82c8bed2e77879ecf6cca63441f57354"},"headline":"Football: le FC Goal annonce la construction de son centre de formation","datePublished":"2019-06-29T16:02:04+00:00","dateModified":"2019-06-29T16:03:11+00:00","mainEntityOfPage":{"@id":"https:\/\/lesvolcansnews.net\/?p=3755"},"wordCount":444,"commentCount":0,"articleSection":["SPORTS"],"inLanguage":"fr-FR","potentialAction":[{"@type":"CommentAction","name":"Comment","target":["https:\/\/lesvolcansnews.net\/?p=3755#respond"]}]},{"@type":"WebPage","@id":"https:\/\/lesvolcansnews.net\/?p=3755","url":"https:\/\/lesvolcansnews.net\/?p=3755","name":"Football: le FC Goal annonce la construction de son centre de formation - LES VOLCANS NEWS","isPartOf":{"@id":"https:\/\/lesvolcansnews.net\/#website"},"datePublished":"2019-06-29T16:02:04+00:00","dateModified":"2019-06-29T16:03:11+00:00","author":{"@id":"https:\/\/lesvolcansnews.net\/#\/schema\/person\/82c8bed2e77879ecf6cca63441f57354"},"breadcrumb":{"@id":"https:\/\/lesvolcansnews.net\/?p=3755#breadcrumb"},"inLanguage":"fr-FR","potentialAction":[{"@type":"ReadAction","target":["https:\/\/lesvolcansnews.net\/?p=3755"]}]},{"@type":"BreadcrumbList","@id":"https:\/\/lesvolcansnews.net\/?p=3755#breadcrumb","itemListElement":[{"@type":"ListItem","position":1,"name":"Accueil","item":"https:\/\/lesvolcansnews.net\/"},{"@type":"ListItem","position":2,"name":"Football: le FC Goal annonce la construction de son centre de formation"}]},{"@type":"WebSite","@id":"https:\/\/lesvolcansnews.net\/#website","url":"https:\/\/lesvolcansnews.net\/","name":"LES VOLCANS NEWS","description":"L&#039;INFORMATION C&#039;EST NOUS","potentialAction":[{"@type":"SearchAction","target":{"@type":"EntryPoint","urlTemplate":"https:\/\/lesvolcansnews.net\/?s={search_term_string}"},"query-input":{"@type":"PropertyValueSpecification","valueRequired":true,"valueName":"search_term_string"}}],"inLanguage":"fr-FR"},{"@type":"Person","@id":"https:\/\/lesvolcansnews.net\/#\/schema\/person\/82c8bed2e77879ecf6cca63441f57354","name":"R\u00e9daction - Les Volcans News","image":{"@type":"ImageObject","inLanguage":"fr-FR","@id":"https:\/\/secure.gravatar.com\/avatar\/8408942dd851e8a9c09f3d382a661bc05d2b3cd9002139bc1795b9528cdc6c80?s=96&d=mm&r=g","url":"https:\/\/secure.gravatar.com\/avatar\/8408942dd851e8a9c09f3d382a661bc05d2b3cd9002139bc1795b9528cdc6c80?s=96&d=mm&r=g","contentUrl":"https:\/\/secure.gravatar.com\/avatar\/8408942dd851e8a9c09f3d382a661bc05d2b3cd9002139bc1795b9528cdc6c80?s=96&d=mm&r=g","caption":"R\u00e9daction - Les Volcans News"},"url":"https:\/\/lesvolcansnews.net\/?author=14"}]}},"_links":{"self":[{"href":"https:\/\/lesvolcansnews.net\/index.php?rest_route=\/wp\/v2\/posts\/3755","targetHints":{"allow":["GET"]}}],"collection":[{"href":"https:\/\/lesvolcansnews.net\/index.php?rest_route=\/wp\/v2\/posts"}],"about":[{"href":"https:\/\/lesvolcansnews.net\/index.php?rest_route=\/wp\/v2\/types\/post"}],"author":[{"embeddable":true,"href":"https:\/\/lesvolcansnews.net\/index.php?rest_route=\/wp\/v2\/users\/14"}],"replies":[{"embeddable":true,"href":"https:\/\/lesvolcansnews.net\/index.php?rest_route=%2Fwp%2Fv2%2Fcomments&post=3755"}],"version-history":[{"count":1,"href":"https:\/\/lesvolcansnews.net\/index.php?rest_route=\/wp\/v2\/posts\/3755\/revisions"}],"predecessor-version":[{"id":3756,"href":"https:\/\/lesvolcansnews.net\/index.php?rest_route=\/wp\/v2\/posts\/3755\/revisions\/3756"}],"wp:attachment":[{"href":"https:\/\/lesvolcansnews.net\/index.php?rest_route=%2Fwp%2Fv2%2Fmedia&parent=3755"}],"wp:term":[{"taxonomy":"category","embeddable":true,"href":"https:\/\/lesvolcansnews.net\/index.php?rest_route=%2Fwp%2Fv2%2Fcategories&post=3755"},{"taxonomy":"post_tag","embeddable":true,"href":"https:\/\/lesvolcansnews.net\/index.php?rest_route=%2Fwp%2Fv2%2Ftags&post=3755"}],"curies":[{"name":"wp","href":"https:\/\/api.w.org\/{rel}","templated":true}]}}