{"id":3739,"date":"2019-06-28T12:30:31","date_gmt":"2019-06-28T12:30:31","guid":{"rendered":"http:\/\/lesvolcansnews.net\/2019\/06\/28\/nord-kivu-les-groupes-armes-appeles-a-rejoindre-les-forces-regulieres\/"},"modified":"2019-06-28T12:30:31","modified_gmt":"2019-06-28T12:30:31","slug":"nord-kivu-les-groupes-armes-appeles-a-rejoindre-les-forces-regulieres","status":"publish","type":"post","link":"https:\/\/lesvolcansnews.net\/?p=3739","title":{"rendered":"Nord-Kivu : les groupes arm\u00e9s appel\u00e9s \u00e0 rejoindre les forces r\u00e9guli\u00e8res"},"content":{"rendered":"<p>Dans une interview accord\u00e9e derni\u00e8rement \u00e0 la r\u00e9daction de lesvolcansnews.net, l\u2019honorable d\u00e9put\u00e9, Hope Sabini, a appel\u00e9 les groupes arm\u00e9s \u0153uvrant dans sa circonscription \u00e9lectorale en particulier et de toute la province en g\u00e9n\u00e9ral, \u00e0 rejoindre les Forces Arm\u00e9s de la R\u00e9publique D\u00e9mocratique du Congo (FARDC).<br \/>\nCet \u00e9lu de Rutshuru, estime que m\u00eame si les revendications de ces groupes n\u00e9gatifs sont fond\u00e9s, le temps de tueries et massacres ou kidnapp\u00e9s les paisibles populations est r\u00e9volus.<br \/>\nIl a promis \u00e0 accompagn\u00e9 les FARDC dans la r\u00e9alisation de sa mission qui est celui de la protection de l\u2019int\u00e9grit\u00e9 territoriale. Il va proc\u00e9der \u00e0 sensibiliser les membres des groupes arm\u00e9s de vouloir se d\u00e9sengager sur la voie de faits des violations des droits de l\u2019homme.<br \/>\nSignalons que le comandant de la 34\u00e8me R\u00e9gion Militaire, le g\u00e9n\u00e9ral Ilunga Mpeko Edmond, s\u2019est entretenu la semaine derni\u00e8re avec les honorables d\u00e9put\u00e9s provinciales dans le cadre d\u2019appeler les \u00e9lus du peules \u00e0 l\u2019accompagner.<br \/>\n<em><strong>Ana Ndoole<\/strong><\/em><\/p>\n","protected":false},"excerpt":{"rendered":"<p>Dans une interview accord\u00e9e derni\u00e8rement \u00e0 la r\u00e9daction de lesvolcansnews.net, l\u2019honorable d\u00e9put\u00e9, Hope Sabini, a appel\u00e9 les groupes arm\u00e9s \u0153uvrant dans sa circonscription \u00e9lectorale en particulier et de toute la<\/p>\n","protected":false},"author":14,"featured_media":3738,"comment_status":"open","ping_status":"open","sticky":false,"template":"","format":"standard","meta":{"footnotes":""},"categories":[27],"tags":[],"class_list":["post-3739","post","type-post","status-publish","format-standard","has-post-thumbnail","hentry","category-politique"],"yoast_head":"<!-- This site is optimized with the Yoast SEO plugin v27.3 - https:\/\/yoast.com\/product\/yoast-seo-wordpress\/ -->\n<title>Nord-Kivu : les groupes arm\u00e9s appel\u00e9s \u00e0 rejoindre les forces r\u00e9guli\u00e8res - LES VOLCANS NEWS<\/title>\n<meta name=\"robots\" content=\"index, follow, max-snippet:-1, max-image-preview:large, max-video-preview:-1\" \/>\n<link rel=\"canonical\" href=\"https:\/\/lesvolcansnews.net\/?p=3739\" \/>\n<meta property=\"og:locale\" content=\"fr_FR\" \/>\n<meta property=\"og:type\" content=\"article\" \/>\n<meta property=\"og:title\" content=\"Nord-Kivu : les groupes arm\u00e9s appel\u00e9s \u00e0 rejoindre les forces r\u00e9guli\u00e8res - LES VOLCANS NEWS\" \/>\n<meta property=\"og:description\" content=\"Dans une interview accord\u00e9e derni\u00e8rement \u00e0 la r\u00e9daction de lesvolcansnews.net, l\u2019honorable d\u00e9put\u00e9, Hope Sabini, a appel\u00e9 les groupes arm\u00e9s \u0153uvrant dans sa circonscription \u00e9lectorale en particulier et de toute la\" \/>\n<meta property=\"og:url\" content=\"https:\/\/lesvolcansnews.net\/?p=3739\" \/>\n<meta property=\"og:site_name\" content=\"LES VOLCANS NEWS\" \/>\n<meta property=\"article:published_time\" content=\"2019-06-28T12:30:31+00:00\" \/>\n<meta property=\"og:image\" content=\"https:\/\/lesvolcansnews.net\/wp-content\/uploads\/2019\/06\/IMG-20190628-WA0121.jpg\" \/>\n\t<meta property=\"og:image:width\" content=\"607\" \/>\n\t<meta property=\"og:image:height\" content=\"1080\" \/>\n\t<meta property=\"og:image:type\" content=\"image\/jpeg\" \/>\n<meta name=\"author\" content=\"R\u00e9daction - Les Volcans News\" \/>\n<meta name=\"twitter:card\" content=\"summary_large_image\" \/>\n<meta name=\"twitter:label1\" content=\"\u00c9crit par\" \/>\n\t<meta name=\"twitter:data1\" content=\"R\u00e9daction - Les Volcans News\" \/>\n\t<meta name=\"twitter:label2\" content=\"Dur\u00e9e de lecture estim\u00e9e\" \/>\n\t<meta name=\"twitter:data2\" content=\"1 minute\" \/>\n<script type=\"application\/ld+json\" class=\"yoast-schema-graph\">{\"@context\":\"https:\\\/\\\/schema.org\",\"@graph\":[{\"@type\":\"Article\",\"@id\":\"https:\\\/\\\/lesvolcansnews.net\\\/?p=3739#article\",\"isPartOf\":{\"@id\":\"https:\\\/\\\/lesvolcansnews.net\\\/?p=3739\"},\"author\":{\"name\":\"R\u00e9daction - Les Volcans News\",\"@id\":\"https:\\\/\\\/lesvolcansnews.net\\\/#\\\/schema\\\/person\\\/82c8bed2e77879ecf6cca63441f57354\"},\"headline\":\"Nord-Kivu : les groupes arm\u00e9s appel\u00e9s \u00e0 rejoindre les forces r\u00e9guli\u00e8res\",\"datePublished\":\"2019-06-28T12:30:31+00:00\",\"mainEntityOfPage\":{\"@id\":\"https:\\\/\\\/lesvolcansnews.net\\\/?p=3739\"},\"wordCount\":198,\"commentCount\":0,\"image\":{\"@id\":\"https:\\\/\\\/lesvolcansnews.net\\\/?p=3739#primaryimage\"},\"thumbnailUrl\":\"https:\\\/\\\/lesvolcansnews.net\\\/wp-content\\\/uploads\\\/2019\\\/06\\\/IMG-20190628-WA0121.jpg\",\"articleSection\":[\"POLITIQUE\"],\"inLanguage\":\"fr-FR\",\"potentialAction\":[{\"@type\":\"CommentAction\",\"name\":\"Comment\",\"target\":[\"https:\\\/\\\/lesvolcansnews.net\\\/?p=3739#respond\"]}]},{\"@type\":\"WebPage\",\"@id\":\"https:\\\/\\\/lesvolcansnews.net\\\/?p=3739\",\"url\":\"https:\\\/\\\/lesvolcansnews.net\\\/?p=3739\",\"name\":\"Nord-Kivu : les groupes arm\u00e9s appel\u00e9s \u00e0 rejoindre les forces r\u00e9guli\u00e8res - LES VOLCANS NEWS\",\"isPartOf\":{\"@id\":\"https:\\\/\\\/lesvolcansnews.net\\\/#website\"},\"primaryImageOfPage\":{\"@id\":\"https:\\\/\\\/lesvolcansnews.net\\\/?p=3739#primaryimage\"},\"image\":{\"@id\":\"https:\\\/\\\/lesvolcansnews.net\\\/?p=3739#primaryimage\"},\"thumbnailUrl\":\"https:\\\/\\\/lesvolcansnews.net\\\/wp-content\\\/uploads\\\/2019\\\/06\\\/IMG-20190628-WA0121.jpg\",\"datePublished\":\"2019-06-28T12:30:31+00:00\",\"author\":{\"@id\":\"https:\\\/\\\/lesvolcansnews.net\\\/#\\\/schema\\\/person\\\/82c8bed2e77879ecf6cca63441f57354\"},\"breadcrumb\":{\"@id\":\"https:\\\/\\\/lesvolcansnews.net\\\/?p=3739#breadcrumb\"},\"inLanguage\":\"fr-FR\",\"potentialAction\":[{\"@type\":\"ReadAction\",\"target\":[\"https:\\\/\\\/lesvolcansnews.net\\\/?p=3739\"]}]},{\"@type\":\"ImageObject\",\"inLanguage\":\"fr-FR\",\"@id\":\"https:\\\/\\\/lesvolcansnews.net\\\/?p=3739#primaryimage\",\"url\":\"https:\\\/\\\/lesvolcansnews.net\\\/wp-content\\\/uploads\\\/2019\\\/06\\\/IMG-20190628-WA0121.jpg\",\"contentUrl\":\"https:\\\/\\\/lesvolcansnews.net\\\/wp-content\\\/uploads\\\/2019\\\/06\\\/IMG-20190628-WA0121.jpg\",\"width\":607,\"height\":1080},{\"@type\":\"BreadcrumbList\",\"@id\":\"https:\\\/\\\/lesvolcansnews.net\\\/?p=3739#breadcrumb\",\"itemListElement\":[{\"@type\":\"ListItem\",\"position\":1,\"name\":\"Accueil\",\"item\":\"https:\\\/\\\/lesvolcansnews.net\\\/\"},{\"@type\":\"ListItem\",\"position\":2,\"name\":\"Nord-Kivu : les groupes arm\u00e9s appel\u00e9s \u00e0 rejoindre les forces r\u00e9guli\u00e8res\"}]},{\"@type\":\"WebSite\",\"@id\":\"https:\\\/\\\/lesvolcansnews.net\\\/#website\",\"url\":\"https:\\\/\\\/lesvolcansnews.net\\\/\",\"name\":\"LES VOLCANS NEWS\",\"description\":\"L&#039;INFORMATION C&#039;EST NOUS\",\"potentialAction\":[{\"@type\":\"SearchAction\",\"target\":{\"@type\":\"EntryPoint\",\"urlTemplate\":\"https:\\\/\\\/lesvolcansnews.net\\\/?s={search_term_string}\"},\"query-input\":{\"@type\":\"PropertyValueSpecification\",\"valueRequired\":true,\"valueName\":\"search_term_string\"}}],\"inLanguage\":\"fr-FR\"},{\"@type\":\"Person\",\"@id\":\"https:\\\/\\\/lesvolcansnews.net\\\/#\\\/schema\\\/person\\\/82c8bed2e77879ecf6cca63441f57354\",\"name\":\"R\u00e9daction - Les Volcans News\",\"image\":{\"@type\":\"ImageObject\",\"inLanguage\":\"fr-FR\",\"@id\":\"https:\\\/\\\/secure.gravatar.com\\\/avatar\\\/8408942dd851e8a9c09f3d382a661bc05d2b3cd9002139bc1795b9528cdc6c80?s=96&d=mm&r=g\",\"url\":\"https:\\\/\\\/secure.gravatar.com\\\/avatar\\\/8408942dd851e8a9c09f3d382a661bc05d2b3cd9002139bc1795b9528cdc6c80?s=96&d=mm&r=g\",\"contentUrl\":\"https:\\\/\\\/secure.gravatar.com\\\/avatar\\\/8408942dd851e8a9c09f3d382a661bc05d2b3cd9002139bc1795b9528cdc6c80?s=96&d=mm&r=g\",\"caption\":\"R\u00e9daction - Les Volcans News\"},\"url\":\"https:\\\/\\\/lesvolcansnews.net\\\/?author=14\"}]}<\/script>\n<!-- \/ Yoast SEO plugin. -->","yoast_head_json":{"title":"Nord-Kivu : les groupes arm\u00e9s appel\u00e9s \u00e0 rejoindre les forces r\u00e9guli\u00e8res - LES VOLCANS NEWS","robots":{"index":"index","follow":"follow","max-snippet":"max-snippet:-1","max-image-preview":"max-image-preview:large","max-video-preview":"max-video-preview:-1"},"canonical":"https:\/\/lesvolcansnews.net\/?p=3739","og_locale":"fr_FR","og_type":"article","og_title":"Nord-Kivu : les groupes arm\u00e9s appel\u00e9s \u00e0 rejoindre les forces r\u00e9guli\u00e8res - LES VOLCANS NEWS","og_description":"Dans une interview accord\u00e9e derni\u00e8rement \u00e0 la r\u00e9daction de lesvolcansnews.net, l\u2019honorable d\u00e9put\u00e9, Hope Sabini, a appel\u00e9 les groupes arm\u00e9s \u0153uvrant dans sa circonscription \u00e9lectorale en particulier et de toute la","og_url":"https:\/\/lesvolcansnews.net\/?p=3739","og_site_name":"LES VOLCANS NEWS","article_published_time":"2019-06-28T12:30:31+00:00","og_image":[{"width":607,"height":1080,"url":"https:\/\/lesvolcansnews.net\/wp-content\/uploads\/2019\/06\/IMG-20190628-WA0121.jpg","type":"image\/jpeg"}],"author":"R\u00e9daction - Les Volcans News","twitter_card":"summary_large_image","twitter_misc":{"\u00c9crit par":"R\u00e9daction - Les Volcans News","Dur\u00e9e de lecture estim\u00e9e":"1 minute"},"schema":{"@context":"https:\/\/schema.org","@graph":[{"@type":"Article","@id":"https:\/\/lesvolcansnews.net\/?p=3739#article","isPartOf":{"@id":"https:\/\/lesvolcansnews.net\/?p=3739"},"author":{"name":"R\u00e9daction - Les Volcans News","@id":"https:\/\/lesvolcansnews.net\/#\/schema\/person\/82c8bed2e77879ecf6cca63441f57354"},"headline":"Nord-Kivu : les groupes arm\u00e9s appel\u00e9s \u00e0 rejoindre les forces r\u00e9guli\u00e8res","datePublished":"2019-06-28T12:30:31+00:00","mainEntityOfPage":{"@id":"https:\/\/lesvolcansnews.net\/?p=3739"},"wordCount":198,"commentCount":0,"image":{"@id":"https:\/\/lesvolcansnews.net\/?p=3739#primaryimage"},"thumbnailUrl":"https:\/\/lesvolcansnews.net\/wp-content\/uploads\/2019\/06\/IMG-20190628-WA0121.jpg","articleSection":["POLITIQUE"],"inLanguage":"fr-FR","potentialAction":[{"@type":"CommentAction","name":"Comment","target":["https:\/\/lesvolcansnews.net\/?p=3739#respond"]}]},{"@type":"WebPage","@id":"https:\/\/lesvolcansnews.net\/?p=3739","url":"https:\/\/lesvolcansnews.net\/?p=3739","name":"Nord-Kivu : les groupes arm\u00e9s appel\u00e9s \u00e0 rejoindre les forces r\u00e9guli\u00e8res - LES VOLCANS NEWS","isPartOf":{"@id":"https:\/\/lesvolcansnews.net\/#website"},"primaryImageOfPage":{"@id":"https:\/\/lesvolcansnews.net\/?p=3739#primaryimage"},"image":{"@id":"https:\/\/lesvolcansnews.net\/?p=3739#primaryimage"},"thumbnailUrl":"https:\/\/lesvolcansnews.net\/wp-content\/uploads\/2019\/06\/IMG-20190628-WA0121.jpg","datePublished":"2019-06-28T12:30:31+00:00","author":{"@id":"https:\/\/lesvolcansnews.net\/#\/schema\/person\/82c8bed2e77879ecf6cca63441f57354"},"breadcrumb":{"@id":"https:\/\/lesvolcansnews.net\/?p=3739#breadcrumb"},"inLanguage":"fr-FR","potentialAction":[{"@type":"ReadAction","target":["https:\/\/lesvolcansnews.net\/?p=3739"]}]},{"@type":"ImageObject","inLanguage":"fr-FR","@id":"https:\/\/lesvolcansnews.net\/?p=3739#primaryimage","url":"https:\/\/lesvolcansnews.net\/wp-content\/uploads\/2019\/06\/IMG-20190628-WA0121.jpg","contentUrl":"https:\/\/lesvolcansnews.net\/wp-content\/uploads\/2019\/06\/IMG-20190628-WA0121.jpg","width":607,"height":1080},{"@type":"BreadcrumbList","@id":"https:\/\/lesvolcansnews.net\/?p=3739#breadcrumb","itemListElement":[{"@type":"ListItem","position":1,"name":"Accueil","item":"https:\/\/lesvolcansnews.net\/"},{"@type":"ListItem","position":2,"name":"Nord-Kivu : les groupes arm\u00e9s appel\u00e9s \u00e0 rejoindre les forces r\u00e9guli\u00e8res"}]},{"@type":"WebSite","@id":"https:\/\/lesvolcansnews.net\/#website","url":"https:\/\/lesvolcansnews.net\/","name":"LES VOLCANS NEWS","description":"L&#039;INFORMATION C&#039;EST NOUS","potentialAction":[{"@type":"SearchAction","target":{"@type":"EntryPoint","urlTemplate":"https:\/\/lesvolcansnews.net\/?s={search_term_string}"},"query-input":{"@type":"PropertyValueSpecification","valueRequired":true,"valueName":"search_term_string"}}],"inLanguage":"fr-FR"},{"@type":"Person","@id":"https:\/\/lesvolcansnews.net\/#\/schema\/person\/82c8bed2e77879ecf6cca63441f57354","name":"R\u00e9daction - Les Volcans News","image":{"@type":"ImageObject","inLanguage":"fr-FR","@id":"https:\/\/secure.gravatar.com\/avatar\/8408942dd851e8a9c09f3d382a661bc05d2b3cd9002139bc1795b9528cdc6c80?s=96&d=mm&r=g","url":"https:\/\/secure.gravatar.com\/avatar\/8408942dd851e8a9c09f3d382a661bc05d2b3cd9002139bc1795b9528cdc6c80?s=96&d=mm&r=g","contentUrl":"https:\/\/secure.gravatar.com\/avatar\/8408942dd851e8a9c09f3d382a661bc05d2b3cd9002139bc1795b9528cdc6c80?s=96&d=mm&r=g","caption":"R\u00e9daction - Les Volcans News"},"url":"https:\/\/lesvolcansnews.net\/?author=14"}]}},"_links":{"self":[{"href":"https:\/\/lesvolcansnews.net\/index.php?rest_route=\/wp\/v2\/posts\/3739","targetHints":{"allow":["GET"]}}],"collection":[{"href":"https:\/\/lesvolcansnews.net\/index.php?rest_route=\/wp\/v2\/posts"}],"about":[{"href":"https:\/\/lesvolcansnews.net\/index.php?rest_route=\/wp\/v2\/types\/post"}],"author":[{"embeddable":true,"href":"https:\/\/lesvolcansnews.net\/index.php?rest_route=\/wp\/v2\/users\/14"}],"replies":[{"embeddable":true,"href":"https:\/\/lesvolcansnews.net\/index.php?rest_route=%2Fwp%2Fv2%2Fcomments&post=3739"}],"version-history":[{"count":0,"href":"https:\/\/lesvolcansnews.net\/index.php?rest_route=\/wp\/v2\/posts\/3739\/revisions"}],"wp:featuredmedia":[{"embeddable":true,"href":"https:\/\/lesvolcansnews.net\/index.php?rest_route=\/wp\/v2\/media\/3738"}],"wp:attachment":[{"href":"https:\/\/lesvolcansnews.net\/index.php?rest_route=%2Fwp%2Fv2%2Fmedia&parent=3739"}],"wp:term":[{"taxonomy":"category","embeddable":true,"href":"https:\/\/lesvolcansnews.net\/index.php?rest_route=%2Fwp%2Fv2%2Fcategories&post=3739"},{"taxonomy":"post_tag","embeddable":true,"href":"https:\/\/lesvolcansnews.net\/index.php?rest_route=%2Fwp%2Fv2%2Ftags&post=3739"}],"curies":[{"name":"wp","href":"https:\/\/api.w.org\/{rel}","templated":true}]}}