{"id":3685,"date":"2019-06-25T18:26:00","date_gmt":"2019-06-25T18:26:00","guid":{"rendered":"http:\/\/lesvolcansnews.net\/?p=3685"},"modified":"2019-06-25T18:32:14","modified_gmt":"2019-06-25T18:32:14","slug":"goma-les-parlements-des-jeunes-du-nord-kivu-et-le-comite-provincial-des-etudiants-mettent-en-garde-contre-toute-attaque-aux-eleves-finalistes","status":"publish","type":"post","link":"https:\/\/lesvolcansnews.net\/?p=3685","title":{"rendered":"Goma : Les parlements des jeunes du Nord-Kivu et le Comit\u00e9 Provincial des \u00c9tudiants  mettent en garde contre toute attaque aux \u00e9l\u00e8ves finalistes"},"content":{"rendered":"\n<p><br><\/p>\n\n\n\n<p>Les parlements des\njeunes du Nord-Kivu et le Comit\u00e9 Provincial des \u00c9tudiants &nbsp;du Nord-Kivu ont dans un communiqu\u00e9 conjoint\nsign\u00e9 ce mardi 25 juin 2019 en ville de Goma, &nbsp;annonc\u00e9 les mesures prises pour d\u00e9courager les\nactes qui sont toujours&nbsp; pos\u00e9s sur les\njeunes finalistes du secondaire au dernier jour des examens d&#8217;Etat dans la\nville de Goma.<\/p>\n\n\n\n<p>Un climat de tensions\ns\u2019est toujours observ\u00e9 entre les \u00e9l\u00e8ves &nbsp;finalistes\net les jeunes se faisant passer comme des \u00e9tudiants. Les deux organisations se\nsont convenues de mettre en place&nbsp; des\nmesures de r\u00e9torsion en cas d\u2019une \u00e9ventuelle tentative des soient disant\n\u00e9tudiants. &nbsp;&nbsp;<\/p>\n\n\n\n<p>\u2018<em>\u2019Les deux structures interviennent pour d\u00e9courager ces comportements inciviques et barbares qui se font observer dans la ville de Goma et ailleurs o\u00f9 certains jeunes se faisant passer comme \u00e9tudiants se donnent le plaisir de s&#8217;attaquer aux \u00e9l\u00e8ves en d\u00e9chirant leurs uniformes et d&#8217;autre part certains \u00e9l\u00e8ves ayant transform\u00e9 cette anti valeur en valeur, en rentrant \u00e0 la maison \u00e0 moiti\u00e9 nus <\/em>\u2018\u2019, indique le communique conjoint. <\/p>\n\n\n\n<p>Engag\u00e9s dans un \u00a0combat pour soigner l\u2019imager ternie de l\u2019\u00e9tudiant de la ville de Goma et \u00a0pour la promotion des valeurs de l\u2019excellence, les deux structures pr\u00e9viennent que les\u00a0dispositifs s\u00e9curitaires seront mis en contribution en cas de d\u00e9viation. Ainsi, \u00a0ils invitent les chefs des centres \u00e0 signaler tout cas de trouble qui sera observ\u00e9 dans les centres \u00e0 leur disposition. \u00ab\u00a0<em>Un jeune se faisant passer comme \u00e9tudiant et qui se donnera le luxe de s&#8217;attaquer aux \u00e9l\u00e8ves en arrachant leurs stylos ou d\u00e9chirer ses v\u00eatements, il se verra r\u00e9pondre de ses actes devant les services comp\u00e9tents<\/em> \u00bb, conclu le communiqu\u00e9 conjoint. <\/p>\n\n\n\n<p><strong><em>GABRIEL KASHUGUSHU\u00a0\u00a0\u00a0<\/em><\/strong>\u00a0 <br><\/p>\n","protected":false},"excerpt":{"rendered":"<p>Les parlements des jeunes du Nord-Kivu et le Comit\u00e9 Provincial des \u00c9tudiants &nbsp;du Nord-Kivu ont dans un communiqu\u00e9 conjoint sign\u00e9 ce mardi 25 juin 2019 en ville de Goma, &nbsp;annonc\u00e9<\/p>\n","protected":false},"author":14,"featured_media":3687,"comment_status":"open","ping_status":"open","sticky":false,"template":"","format":"standard","meta":{"footnotes":""},"categories":[9],"tags":[],"class_list":["post-3685","post","type-post","status-publish","format-standard","has-post-thumbnail","hentry","category-societe"],"yoast_head":"<!-- This site is optimized with the Yoast SEO plugin v27.3 - https:\/\/yoast.com\/product\/yoast-seo-wordpress\/ -->\n<title>Goma : Les parlements des jeunes du Nord-Kivu et le Comit\u00e9 Provincial des \u00c9tudiants mettent en garde contre toute attaque aux \u00e9l\u00e8ves finalistes - LES VOLCANS NEWS<\/title>\n<meta name=\"robots\" content=\"index, follow, max-snippet:-1, max-image-preview:large, max-video-preview:-1\" \/>\n<link rel=\"canonical\" href=\"https:\/\/lesvolcansnews.net\/?p=3685\" \/>\n<meta property=\"og:locale\" content=\"fr_FR\" \/>\n<meta property=\"og:type\" content=\"article\" \/>\n<meta property=\"og:title\" content=\"Goma : Les parlements des jeunes du Nord-Kivu et le Comit\u00e9 Provincial des \u00c9tudiants mettent en garde contre toute attaque aux \u00e9l\u00e8ves finalistes - LES VOLCANS NEWS\" \/>\n<meta property=\"og:description\" content=\"Les parlements des jeunes du Nord-Kivu et le Comit\u00e9 Provincial des \u00c9tudiants &nbsp;du Nord-Kivu ont dans un communiqu\u00e9 conjoint sign\u00e9 ce mardi 25 juin 2019 en ville de Goma, &nbsp;annonc\u00e9\" \/>\n<meta property=\"og:url\" content=\"https:\/\/lesvolcansnews.net\/?p=3685\" \/>\n<meta property=\"og:site_name\" content=\"LES VOLCANS NEWS\" \/>\n<meta property=\"article:published_time\" content=\"2019-06-25T18:26:00+00:00\" \/>\n<meta property=\"article:modified_time\" content=\"2019-06-25T18:32:14+00:00\" \/>\n<meta property=\"og:image\" content=\"https:\/\/lesvolcansnews.net\/wp-content\/uploads\/2019\/06\/IMG_20190625_193011_932.jpg\" \/>\n\t<meta property=\"og:image:width\" content=\"538\" \/>\n\t<meta property=\"og:image:height\" content=\"495\" \/>\n\t<meta property=\"og:image:type\" content=\"image\/jpeg\" \/>\n<meta name=\"author\" content=\"R\u00e9daction - Les Volcans News\" \/>\n<meta name=\"twitter:card\" content=\"summary_large_image\" \/>\n<meta name=\"twitter:label1\" content=\"\u00c9crit par\" \/>\n\t<meta name=\"twitter:data1\" content=\"R\u00e9daction - Les Volcans News\" \/>\n\t<meta name=\"twitter:label2\" content=\"Dur\u00e9e de lecture estim\u00e9e\" \/>\n\t<meta name=\"twitter:data2\" content=\"1 minute\" \/>\n<script type=\"application\/ld+json\" class=\"yoast-schema-graph\">{\"@context\":\"https:\\\/\\\/schema.org\",\"@graph\":[{\"@type\":\"Article\",\"@id\":\"https:\\\/\\\/lesvolcansnews.net\\\/?p=3685#article\",\"isPartOf\":{\"@id\":\"https:\\\/\\\/lesvolcansnews.net\\\/?p=3685\"},\"author\":{\"name\":\"R\u00e9daction - Les Volcans News\",\"@id\":\"https:\\\/\\\/lesvolcansnews.net\\\/#\\\/schema\\\/person\\\/82c8bed2e77879ecf6cca63441f57354\"},\"headline\":\"Goma : Les parlements des jeunes du Nord-Kivu et le Comit\u00e9 Provincial des \u00c9tudiants mettent en garde contre toute attaque aux \u00e9l\u00e8ves finalistes\",\"datePublished\":\"2019-06-25T18:26:00+00:00\",\"dateModified\":\"2019-06-25T18:32:14+00:00\",\"mainEntityOfPage\":{\"@id\":\"https:\\\/\\\/lesvolcansnews.net\\\/?p=3685\"},\"wordCount\":320,\"commentCount\":0,\"image\":{\"@id\":\"https:\\\/\\\/lesvolcansnews.net\\\/?p=3685#primaryimage\"},\"thumbnailUrl\":\"https:\\\/\\\/lesvolcansnews.net\\\/wp-content\\\/uploads\\\/2019\\\/06\\\/IMG_20190625_193011_932.jpg\",\"articleSection\":[\"SOCIET\u00c9\"],\"inLanguage\":\"fr-FR\",\"potentialAction\":[{\"@type\":\"CommentAction\",\"name\":\"Comment\",\"target\":[\"https:\\\/\\\/lesvolcansnews.net\\\/?p=3685#respond\"]}]},{\"@type\":\"WebPage\",\"@id\":\"https:\\\/\\\/lesvolcansnews.net\\\/?p=3685\",\"url\":\"https:\\\/\\\/lesvolcansnews.net\\\/?p=3685\",\"name\":\"Goma : Les parlements des jeunes du Nord-Kivu et le Comit\u00e9 Provincial des \u00c9tudiants mettent en garde contre toute attaque aux \u00e9l\u00e8ves finalistes - LES VOLCANS NEWS\",\"isPartOf\":{\"@id\":\"https:\\\/\\\/lesvolcansnews.net\\\/#website\"},\"primaryImageOfPage\":{\"@id\":\"https:\\\/\\\/lesvolcansnews.net\\\/?p=3685#primaryimage\"},\"image\":{\"@id\":\"https:\\\/\\\/lesvolcansnews.net\\\/?p=3685#primaryimage\"},\"thumbnailUrl\":\"https:\\\/\\\/lesvolcansnews.net\\\/wp-content\\\/uploads\\\/2019\\\/06\\\/IMG_20190625_193011_932.jpg\",\"datePublished\":\"2019-06-25T18:26:00+00:00\",\"dateModified\":\"2019-06-25T18:32:14+00:00\",\"author\":{\"@id\":\"https:\\\/\\\/lesvolcansnews.net\\\/#\\\/schema\\\/person\\\/82c8bed2e77879ecf6cca63441f57354\"},\"breadcrumb\":{\"@id\":\"https:\\\/\\\/lesvolcansnews.net\\\/?p=3685#breadcrumb\"},\"inLanguage\":\"fr-FR\",\"potentialAction\":[{\"@type\":\"ReadAction\",\"target\":[\"https:\\\/\\\/lesvolcansnews.net\\\/?p=3685\"]}]},{\"@type\":\"ImageObject\",\"inLanguage\":\"fr-FR\",\"@id\":\"https:\\\/\\\/lesvolcansnews.net\\\/?p=3685#primaryimage\",\"url\":\"https:\\\/\\\/lesvolcansnews.net\\\/wp-content\\\/uploads\\\/2019\\\/06\\\/IMG_20190625_193011_932.jpg\",\"contentUrl\":\"https:\\\/\\\/lesvolcansnews.net\\\/wp-content\\\/uploads\\\/2019\\\/06\\\/IMG_20190625_193011_932.jpg\",\"width\":538,\"height\":495},{\"@type\":\"BreadcrumbList\",\"@id\":\"https:\\\/\\\/lesvolcansnews.net\\\/?p=3685#breadcrumb\",\"itemListElement\":[{\"@type\":\"ListItem\",\"position\":1,\"name\":\"Accueil\",\"item\":\"https:\\\/\\\/lesvolcansnews.net\\\/\"},{\"@type\":\"ListItem\",\"position\":2,\"name\":\"Goma : Les parlements des jeunes du Nord-Kivu et le Comit\u00e9 Provincial des \u00c9tudiants mettent en garde contre toute attaque aux \u00e9l\u00e8ves finalistes\"}]},{\"@type\":\"WebSite\",\"@id\":\"https:\\\/\\\/lesvolcansnews.net\\\/#website\",\"url\":\"https:\\\/\\\/lesvolcansnews.net\\\/\",\"name\":\"LES VOLCANS NEWS\",\"description\":\"L&#039;INFORMATION C&#039;EST NOUS\",\"potentialAction\":[{\"@type\":\"SearchAction\",\"target\":{\"@type\":\"EntryPoint\",\"urlTemplate\":\"https:\\\/\\\/lesvolcansnews.net\\\/?s={search_term_string}\"},\"query-input\":{\"@type\":\"PropertyValueSpecification\",\"valueRequired\":true,\"valueName\":\"search_term_string\"}}],\"inLanguage\":\"fr-FR\"},{\"@type\":\"Person\",\"@id\":\"https:\\\/\\\/lesvolcansnews.net\\\/#\\\/schema\\\/person\\\/82c8bed2e77879ecf6cca63441f57354\",\"name\":\"R\u00e9daction - Les Volcans News\",\"image\":{\"@type\":\"ImageObject\",\"inLanguage\":\"fr-FR\",\"@id\":\"https:\\\/\\\/secure.gravatar.com\\\/avatar\\\/8408942dd851e8a9c09f3d382a661bc05d2b3cd9002139bc1795b9528cdc6c80?s=96&d=mm&r=g\",\"url\":\"https:\\\/\\\/secure.gravatar.com\\\/avatar\\\/8408942dd851e8a9c09f3d382a661bc05d2b3cd9002139bc1795b9528cdc6c80?s=96&d=mm&r=g\",\"contentUrl\":\"https:\\\/\\\/secure.gravatar.com\\\/avatar\\\/8408942dd851e8a9c09f3d382a661bc05d2b3cd9002139bc1795b9528cdc6c80?s=96&d=mm&r=g\",\"caption\":\"R\u00e9daction - Les Volcans News\"},\"url\":\"https:\\\/\\\/lesvolcansnews.net\\\/?author=14\"}]}<\/script>\n<!-- \/ Yoast SEO plugin. -->","yoast_head_json":{"title":"Goma : Les parlements des jeunes du Nord-Kivu et le Comit\u00e9 Provincial des \u00c9tudiants mettent en garde contre toute attaque aux \u00e9l\u00e8ves finalistes - LES VOLCANS NEWS","robots":{"index":"index","follow":"follow","max-snippet":"max-snippet:-1","max-image-preview":"max-image-preview:large","max-video-preview":"max-video-preview:-1"},"canonical":"https:\/\/lesvolcansnews.net\/?p=3685","og_locale":"fr_FR","og_type":"article","og_title":"Goma : Les parlements des jeunes du Nord-Kivu et le Comit\u00e9 Provincial des \u00c9tudiants mettent en garde contre toute attaque aux \u00e9l\u00e8ves finalistes - LES VOLCANS NEWS","og_description":"Les parlements des jeunes du Nord-Kivu et le Comit\u00e9 Provincial des \u00c9tudiants &nbsp;du Nord-Kivu ont dans un communiqu\u00e9 conjoint sign\u00e9 ce mardi 25 juin 2019 en ville de Goma, &nbsp;annonc\u00e9","og_url":"https:\/\/lesvolcansnews.net\/?p=3685","og_site_name":"LES VOLCANS NEWS","article_published_time":"2019-06-25T18:26:00+00:00","article_modified_time":"2019-06-25T18:32:14+00:00","og_image":[{"width":538,"height":495,"url":"https:\/\/lesvolcansnews.net\/wp-content\/uploads\/2019\/06\/IMG_20190625_193011_932.jpg","type":"image\/jpeg"}],"author":"R\u00e9daction - Les Volcans News","twitter_card":"summary_large_image","twitter_misc":{"\u00c9crit par":"R\u00e9daction - Les Volcans News","Dur\u00e9e de lecture estim\u00e9e":"1 minute"},"schema":{"@context":"https:\/\/schema.org","@graph":[{"@type":"Article","@id":"https:\/\/lesvolcansnews.net\/?p=3685#article","isPartOf":{"@id":"https:\/\/lesvolcansnews.net\/?p=3685"},"author":{"name":"R\u00e9daction - Les Volcans News","@id":"https:\/\/lesvolcansnews.net\/#\/schema\/person\/82c8bed2e77879ecf6cca63441f57354"},"headline":"Goma : Les parlements des jeunes du Nord-Kivu et le Comit\u00e9 Provincial des \u00c9tudiants mettent en garde contre toute attaque aux \u00e9l\u00e8ves finalistes","datePublished":"2019-06-25T18:26:00+00:00","dateModified":"2019-06-25T18:32:14+00:00","mainEntityOfPage":{"@id":"https:\/\/lesvolcansnews.net\/?p=3685"},"wordCount":320,"commentCount":0,"image":{"@id":"https:\/\/lesvolcansnews.net\/?p=3685#primaryimage"},"thumbnailUrl":"https:\/\/lesvolcansnews.net\/wp-content\/uploads\/2019\/06\/IMG_20190625_193011_932.jpg","articleSection":["SOCIET\u00c9"],"inLanguage":"fr-FR","potentialAction":[{"@type":"CommentAction","name":"Comment","target":["https:\/\/lesvolcansnews.net\/?p=3685#respond"]}]},{"@type":"WebPage","@id":"https:\/\/lesvolcansnews.net\/?p=3685","url":"https:\/\/lesvolcansnews.net\/?p=3685","name":"Goma : Les parlements des jeunes du Nord-Kivu et le Comit\u00e9 Provincial des \u00c9tudiants mettent en garde contre toute attaque aux \u00e9l\u00e8ves finalistes - LES VOLCANS NEWS","isPartOf":{"@id":"https:\/\/lesvolcansnews.net\/#website"},"primaryImageOfPage":{"@id":"https:\/\/lesvolcansnews.net\/?p=3685#primaryimage"},"image":{"@id":"https:\/\/lesvolcansnews.net\/?p=3685#primaryimage"},"thumbnailUrl":"https:\/\/lesvolcansnews.net\/wp-content\/uploads\/2019\/06\/IMG_20190625_193011_932.jpg","datePublished":"2019-06-25T18:26:00+00:00","dateModified":"2019-06-25T18:32:14+00:00","author":{"@id":"https:\/\/lesvolcansnews.net\/#\/schema\/person\/82c8bed2e77879ecf6cca63441f57354"},"breadcrumb":{"@id":"https:\/\/lesvolcansnews.net\/?p=3685#breadcrumb"},"inLanguage":"fr-FR","potentialAction":[{"@type":"ReadAction","target":["https:\/\/lesvolcansnews.net\/?p=3685"]}]},{"@type":"ImageObject","inLanguage":"fr-FR","@id":"https:\/\/lesvolcansnews.net\/?p=3685#primaryimage","url":"https:\/\/lesvolcansnews.net\/wp-content\/uploads\/2019\/06\/IMG_20190625_193011_932.jpg","contentUrl":"https:\/\/lesvolcansnews.net\/wp-content\/uploads\/2019\/06\/IMG_20190625_193011_932.jpg","width":538,"height":495},{"@type":"BreadcrumbList","@id":"https:\/\/lesvolcansnews.net\/?p=3685#breadcrumb","itemListElement":[{"@type":"ListItem","position":1,"name":"Accueil","item":"https:\/\/lesvolcansnews.net\/"},{"@type":"ListItem","position":2,"name":"Goma : Les parlements des jeunes du Nord-Kivu et le Comit\u00e9 Provincial des \u00c9tudiants mettent en garde contre toute attaque aux \u00e9l\u00e8ves finalistes"}]},{"@type":"WebSite","@id":"https:\/\/lesvolcansnews.net\/#website","url":"https:\/\/lesvolcansnews.net\/","name":"LES VOLCANS NEWS","description":"L&#039;INFORMATION C&#039;EST NOUS","potentialAction":[{"@type":"SearchAction","target":{"@type":"EntryPoint","urlTemplate":"https:\/\/lesvolcansnews.net\/?s={search_term_string}"},"query-input":{"@type":"PropertyValueSpecification","valueRequired":true,"valueName":"search_term_string"}}],"inLanguage":"fr-FR"},{"@type":"Person","@id":"https:\/\/lesvolcansnews.net\/#\/schema\/person\/82c8bed2e77879ecf6cca63441f57354","name":"R\u00e9daction - Les Volcans News","image":{"@type":"ImageObject","inLanguage":"fr-FR","@id":"https:\/\/secure.gravatar.com\/avatar\/8408942dd851e8a9c09f3d382a661bc05d2b3cd9002139bc1795b9528cdc6c80?s=96&d=mm&r=g","url":"https:\/\/secure.gravatar.com\/avatar\/8408942dd851e8a9c09f3d382a661bc05d2b3cd9002139bc1795b9528cdc6c80?s=96&d=mm&r=g","contentUrl":"https:\/\/secure.gravatar.com\/avatar\/8408942dd851e8a9c09f3d382a661bc05d2b3cd9002139bc1795b9528cdc6c80?s=96&d=mm&r=g","caption":"R\u00e9daction - Les Volcans News"},"url":"https:\/\/lesvolcansnews.net\/?author=14"}]}},"_links":{"self":[{"href":"https:\/\/lesvolcansnews.net\/index.php?rest_route=\/wp\/v2\/posts\/3685","targetHints":{"allow":["GET"]}}],"collection":[{"href":"https:\/\/lesvolcansnews.net\/index.php?rest_route=\/wp\/v2\/posts"}],"about":[{"href":"https:\/\/lesvolcansnews.net\/index.php?rest_route=\/wp\/v2\/types\/post"}],"author":[{"embeddable":true,"href":"https:\/\/lesvolcansnews.net\/index.php?rest_route=\/wp\/v2\/users\/14"}],"replies":[{"embeddable":true,"href":"https:\/\/lesvolcansnews.net\/index.php?rest_route=%2Fwp%2Fv2%2Fcomments&post=3685"}],"version-history":[{"count":1,"href":"https:\/\/lesvolcansnews.net\/index.php?rest_route=\/wp\/v2\/posts\/3685\/revisions"}],"predecessor-version":[{"id":3686,"href":"https:\/\/lesvolcansnews.net\/index.php?rest_route=\/wp\/v2\/posts\/3685\/revisions\/3686"}],"wp:featuredmedia":[{"embeddable":true,"href":"https:\/\/lesvolcansnews.net\/index.php?rest_route=\/wp\/v2\/media\/3687"}],"wp:attachment":[{"href":"https:\/\/lesvolcansnews.net\/index.php?rest_route=%2Fwp%2Fv2%2Fmedia&parent=3685"}],"wp:term":[{"taxonomy":"category","embeddable":true,"href":"https:\/\/lesvolcansnews.net\/index.php?rest_route=%2Fwp%2Fv2%2Fcategories&post=3685"},{"taxonomy":"post_tag","embeddable":true,"href":"https:\/\/lesvolcansnews.net\/index.php?rest_route=%2Fwp%2Fv2%2Ftags&post=3685"}],"curies":[{"name":"wp","href":"https:\/\/api.w.org\/{rel}","templated":true}]}}