{"id":3673,"date":"2019-06-24T15:15:03","date_gmt":"2019-06-24T15:15:03","guid":{"rendered":"http:\/\/lesvolcansnews.net\/?p=3673"},"modified":"2019-06-24T15:15:11","modified_gmt":"2019-06-24T15:15:11","slug":"nord-kivu-les-journalistes-de-goma-sensibilises-sur-la-maladie-debola","status":"publish","type":"post","link":"https:\/\/lesvolcansnews.net\/?p=3673","title":{"rendered":"NORD-KIVU: Les journalistes de Goma sensibilis\u00e9s sur la maladie d&#8217;EBOLA"},"content":{"rendered":"\n<p><strong><br><\/strong><\/p>\n\n\n\n<p>Les experts des diff\u00e9rents organismes des nations \u00a0unies engag\u00e9s dans la riposte contre la maladie \u00e0 virus Ebola au Nord-Kivu et les repr\u00e9sentants du gouvernement congolais dans cette lutte, ont sensibilis\u00e9 lundi au centre de presse de l\u2019union nationale de la presse du Congo UNPC section du Nord-Kivu, les journalistes des diff\u00e9rents m\u00e9dias sur la maladie \u00e0 virus Ebola. \u00a0 <\/p>\n\n\n\n<p>Le docteur jean marie Nyambe de l\u2019organisation des nations unies pour la sant\u00e9, OMS a sur conscrit ce briefing avec les hommes des m\u00e9dias dans le \u00a0cadre d\u2019une suite des activistes de riposte visant \u00e0 atteindre l\u2019engagement communautaire voulu par toutes les parties associ\u00e9s dans cette riposte. Il a fait savoir que le combat contre Ebola doit \u00eatre participatif et collectif sur toute pour cette derni\u00e8re r\u00e9apparition qui a perdur\u00e9 et qui devient de plus en plus une urgence en sant\u00e9 \u00e0 port\u00e9e r\u00e9gionale. \u00ab <em>Maintenant les gens constatent que Ebola c\u2019est r\u00e9el et que tous les pays voisins sont en danger, il est maintenant urgent de travailler en \u00e9quipe <\/em>\u00bb, a dit le docteur. <\/p>\n\n\n\n<p>Les membres de cette \u00e9quipe d\u2019experts ont tous invit\u00e9 les chevaliers de la plume et du micro \u00e0 s\u2019approprier cette lutte dans leurs milieux nature comme dans le public \u00e0 partir de leurs diff\u00e9rents organes de presse. \u00ab\u00a0\u00c7a sera horrible de voir un journaliste \u00eatre atteint par la maladie \u00e0 virus Ebola\u00a0\u00bb, ont-ils dit tous. \u00a0<\/p>\n\n\n\n<p><strong>R\u00e9daction <\/strong><\/p>\n","protected":false},"excerpt":{"rendered":"<p>Les experts des diff\u00e9rents organismes des nations \u00a0unies engag\u00e9s dans la riposte contre la maladie \u00e0 virus Ebola au Nord-Kivu et les repr\u00e9sentants du gouvernement congolais dans cette lutte, ont<\/p>\n","protected":false},"author":14,"featured_media":0,"comment_status":"open","ping_status":"open","sticky":false,"template":"","format":"standard","meta":{"footnotes":""},"categories":[1],"tags":[],"class_list":["post-3673","post","type-post","status-publish","format-standard","hentry","category-actualite"],"yoast_head":"<!-- This site is optimized with the Yoast SEO plugin v27.3 - https:\/\/yoast.com\/product\/yoast-seo-wordpress\/ -->\n<title>NORD-KIVU: Les journalistes de Goma sensibilis\u00e9s sur la maladie d&#039;EBOLA - LES VOLCANS NEWS<\/title>\n<meta name=\"robots\" content=\"index, follow, max-snippet:-1, max-image-preview:large, max-video-preview:-1\" \/>\n<link rel=\"canonical\" href=\"https:\/\/lesvolcansnews.net\/?p=3673\" \/>\n<meta property=\"og:locale\" content=\"fr_FR\" \/>\n<meta property=\"og:type\" content=\"article\" \/>\n<meta property=\"og:title\" content=\"NORD-KIVU: Les journalistes de Goma sensibilis\u00e9s sur la maladie d&#039;EBOLA - LES VOLCANS NEWS\" \/>\n<meta property=\"og:description\" content=\"Les experts des diff\u00e9rents organismes des nations \u00a0unies engag\u00e9s dans la riposte contre la maladie \u00e0 virus Ebola au Nord-Kivu et les repr\u00e9sentants du gouvernement congolais dans cette lutte, ont\" \/>\n<meta property=\"og:url\" content=\"https:\/\/lesvolcansnews.net\/?p=3673\" \/>\n<meta property=\"og:site_name\" content=\"LES VOLCANS NEWS\" \/>\n<meta property=\"article:published_time\" content=\"2019-06-24T15:15:03+00:00\" \/>\n<meta property=\"article:modified_time\" content=\"2019-06-24T15:15:11+00:00\" \/>\n<meta name=\"author\" content=\"R\u00e9daction - Les Volcans News\" \/>\n<meta name=\"twitter:card\" content=\"summary_large_image\" \/>\n<meta name=\"twitter:label1\" content=\"\u00c9crit par\" \/>\n\t<meta name=\"twitter:data1\" content=\"R\u00e9daction - Les Volcans News\" \/>\n\t<meta name=\"twitter:label2\" content=\"Dur\u00e9e de lecture estim\u00e9e\" \/>\n\t<meta name=\"twitter:data2\" content=\"1 minute\" \/>\n<script type=\"application\/ld+json\" class=\"yoast-schema-graph\">{\"@context\":\"https:\\\/\\\/schema.org\",\"@graph\":[{\"@type\":\"Article\",\"@id\":\"https:\\\/\\\/lesvolcansnews.net\\\/?p=3673#article\",\"isPartOf\":{\"@id\":\"https:\\\/\\\/lesvolcansnews.net\\\/?p=3673\"},\"author\":{\"name\":\"R\u00e9daction - Les Volcans News\",\"@id\":\"https:\\\/\\\/lesvolcansnews.net\\\/#\\\/schema\\\/person\\\/82c8bed2e77879ecf6cca63441f57354\"},\"headline\":\"NORD-KIVU: Les journalistes de Goma sensibilis\u00e9s sur la maladie d&#8217;EBOLA\",\"datePublished\":\"2019-06-24T15:15:03+00:00\",\"dateModified\":\"2019-06-24T15:15:11+00:00\",\"mainEntityOfPage\":{\"@id\":\"https:\\\/\\\/lesvolcansnews.net\\\/?p=3673\"},\"wordCount\":254,\"commentCount\":0,\"articleSection\":[\"ACTUALIT\u00c9\"],\"inLanguage\":\"fr-FR\",\"potentialAction\":[{\"@type\":\"CommentAction\",\"name\":\"Comment\",\"target\":[\"https:\\\/\\\/lesvolcansnews.net\\\/?p=3673#respond\"]}]},{\"@type\":\"WebPage\",\"@id\":\"https:\\\/\\\/lesvolcansnews.net\\\/?p=3673\",\"url\":\"https:\\\/\\\/lesvolcansnews.net\\\/?p=3673\",\"name\":\"NORD-KIVU: Les journalistes de Goma sensibilis\u00e9s sur la maladie d'EBOLA - LES VOLCANS NEWS\",\"isPartOf\":{\"@id\":\"https:\\\/\\\/lesvolcansnews.net\\\/#website\"},\"datePublished\":\"2019-06-24T15:15:03+00:00\",\"dateModified\":\"2019-06-24T15:15:11+00:00\",\"author\":{\"@id\":\"https:\\\/\\\/lesvolcansnews.net\\\/#\\\/schema\\\/person\\\/82c8bed2e77879ecf6cca63441f57354\"},\"breadcrumb\":{\"@id\":\"https:\\\/\\\/lesvolcansnews.net\\\/?p=3673#breadcrumb\"},\"inLanguage\":\"fr-FR\",\"potentialAction\":[{\"@type\":\"ReadAction\",\"target\":[\"https:\\\/\\\/lesvolcansnews.net\\\/?p=3673\"]}]},{\"@type\":\"BreadcrumbList\",\"@id\":\"https:\\\/\\\/lesvolcansnews.net\\\/?p=3673#breadcrumb\",\"itemListElement\":[{\"@type\":\"ListItem\",\"position\":1,\"name\":\"Accueil\",\"item\":\"https:\\\/\\\/lesvolcansnews.net\\\/\"},{\"@type\":\"ListItem\",\"position\":2,\"name\":\"NORD-KIVU: Les journalistes de Goma sensibilis\u00e9s sur la maladie d&#8217;EBOLA\"}]},{\"@type\":\"WebSite\",\"@id\":\"https:\\\/\\\/lesvolcansnews.net\\\/#website\",\"url\":\"https:\\\/\\\/lesvolcansnews.net\\\/\",\"name\":\"LES VOLCANS NEWS\",\"description\":\"L&#039;INFORMATION C&#039;EST NOUS\",\"potentialAction\":[{\"@type\":\"SearchAction\",\"target\":{\"@type\":\"EntryPoint\",\"urlTemplate\":\"https:\\\/\\\/lesvolcansnews.net\\\/?s={search_term_string}\"},\"query-input\":{\"@type\":\"PropertyValueSpecification\",\"valueRequired\":true,\"valueName\":\"search_term_string\"}}],\"inLanguage\":\"fr-FR\"},{\"@type\":\"Person\",\"@id\":\"https:\\\/\\\/lesvolcansnews.net\\\/#\\\/schema\\\/person\\\/82c8bed2e77879ecf6cca63441f57354\",\"name\":\"R\u00e9daction - Les Volcans News\",\"image\":{\"@type\":\"ImageObject\",\"inLanguage\":\"fr-FR\",\"@id\":\"https:\\\/\\\/secure.gravatar.com\\\/avatar\\\/8408942dd851e8a9c09f3d382a661bc05d2b3cd9002139bc1795b9528cdc6c80?s=96&d=mm&r=g\",\"url\":\"https:\\\/\\\/secure.gravatar.com\\\/avatar\\\/8408942dd851e8a9c09f3d382a661bc05d2b3cd9002139bc1795b9528cdc6c80?s=96&d=mm&r=g\",\"contentUrl\":\"https:\\\/\\\/secure.gravatar.com\\\/avatar\\\/8408942dd851e8a9c09f3d382a661bc05d2b3cd9002139bc1795b9528cdc6c80?s=96&d=mm&r=g\",\"caption\":\"R\u00e9daction - Les Volcans News\"},\"url\":\"https:\\\/\\\/lesvolcansnews.net\\\/?author=14\"}]}<\/script>\n<!-- \/ Yoast SEO plugin. -->","yoast_head_json":{"title":"NORD-KIVU: Les journalistes de Goma sensibilis\u00e9s sur la maladie d'EBOLA - LES VOLCANS NEWS","robots":{"index":"index","follow":"follow","max-snippet":"max-snippet:-1","max-image-preview":"max-image-preview:large","max-video-preview":"max-video-preview:-1"},"canonical":"https:\/\/lesvolcansnews.net\/?p=3673","og_locale":"fr_FR","og_type":"article","og_title":"NORD-KIVU: Les journalistes de Goma sensibilis\u00e9s sur la maladie d'EBOLA - LES VOLCANS NEWS","og_description":"Les experts des diff\u00e9rents organismes des nations \u00a0unies engag\u00e9s dans la riposte contre la maladie \u00e0 virus Ebola au Nord-Kivu et les repr\u00e9sentants du gouvernement congolais dans cette lutte, ont","og_url":"https:\/\/lesvolcansnews.net\/?p=3673","og_site_name":"LES VOLCANS NEWS","article_published_time":"2019-06-24T15:15:03+00:00","article_modified_time":"2019-06-24T15:15:11+00:00","author":"R\u00e9daction - Les Volcans News","twitter_card":"summary_large_image","twitter_misc":{"\u00c9crit par":"R\u00e9daction - Les Volcans News","Dur\u00e9e de lecture estim\u00e9e":"1 minute"},"schema":{"@context":"https:\/\/schema.org","@graph":[{"@type":"Article","@id":"https:\/\/lesvolcansnews.net\/?p=3673#article","isPartOf":{"@id":"https:\/\/lesvolcansnews.net\/?p=3673"},"author":{"name":"R\u00e9daction - Les Volcans News","@id":"https:\/\/lesvolcansnews.net\/#\/schema\/person\/82c8bed2e77879ecf6cca63441f57354"},"headline":"NORD-KIVU: Les journalistes de Goma sensibilis\u00e9s sur la maladie d&#8217;EBOLA","datePublished":"2019-06-24T15:15:03+00:00","dateModified":"2019-06-24T15:15:11+00:00","mainEntityOfPage":{"@id":"https:\/\/lesvolcansnews.net\/?p=3673"},"wordCount":254,"commentCount":0,"articleSection":["ACTUALIT\u00c9"],"inLanguage":"fr-FR","potentialAction":[{"@type":"CommentAction","name":"Comment","target":["https:\/\/lesvolcansnews.net\/?p=3673#respond"]}]},{"@type":"WebPage","@id":"https:\/\/lesvolcansnews.net\/?p=3673","url":"https:\/\/lesvolcansnews.net\/?p=3673","name":"NORD-KIVU: Les journalistes de Goma sensibilis\u00e9s sur la maladie d'EBOLA - LES VOLCANS NEWS","isPartOf":{"@id":"https:\/\/lesvolcansnews.net\/#website"},"datePublished":"2019-06-24T15:15:03+00:00","dateModified":"2019-06-24T15:15:11+00:00","author":{"@id":"https:\/\/lesvolcansnews.net\/#\/schema\/person\/82c8bed2e77879ecf6cca63441f57354"},"breadcrumb":{"@id":"https:\/\/lesvolcansnews.net\/?p=3673#breadcrumb"},"inLanguage":"fr-FR","potentialAction":[{"@type":"ReadAction","target":["https:\/\/lesvolcansnews.net\/?p=3673"]}]},{"@type":"BreadcrumbList","@id":"https:\/\/lesvolcansnews.net\/?p=3673#breadcrumb","itemListElement":[{"@type":"ListItem","position":1,"name":"Accueil","item":"https:\/\/lesvolcansnews.net\/"},{"@type":"ListItem","position":2,"name":"NORD-KIVU: Les journalistes de Goma sensibilis\u00e9s sur la maladie d&#8217;EBOLA"}]},{"@type":"WebSite","@id":"https:\/\/lesvolcansnews.net\/#website","url":"https:\/\/lesvolcansnews.net\/","name":"LES VOLCANS NEWS","description":"L&#039;INFORMATION C&#039;EST NOUS","potentialAction":[{"@type":"SearchAction","target":{"@type":"EntryPoint","urlTemplate":"https:\/\/lesvolcansnews.net\/?s={search_term_string}"},"query-input":{"@type":"PropertyValueSpecification","valueRequired":true,"valueName":"search_term_string"}}],"inLanguage":"fr-FR"},{"@type":"Person","@id":"https:\/\/lesvolcansnews.net\/#\/schema\/person\/82c8bed2e77879ecf6cca63441f57354","name":"R\u00e9daction - Les Volcans News","image":{"@type":"ImageObject","inLanguage":"fr-FR","@id":"https:\/\/secure.gravatar.com\/avatar\/8408942dd851e8a9c09f3d382a661bc05d2b3cd9002139bc1795b9528cdc6c80?s=96&d=mm&r=g","url":"https:\/\/secure.gravatar.com\/avatar\/8408942dd851e8a9c09f3d382a661bc05d2b3cd9002139bc1795b9528cdc6c80?s=96&d=mm&r=g","contentUrl":"https:\/\/secure.gravatar.com\/avatar\/8408942dd851e8a9c09f3d382a661bc05d2b3cd9002139bc1795b9528cdc6c80?s=96&d=mm&r=g","caption":"R\u00e9daction - Les Volcans News"},"url":"https:\/\/lesvolcansnews.net\/?author=14"}]}},"_links":{"self":[{"href":"https:\/\/lesvolcansnews.net\/index.php?rest_route=\/wp\/v2\/posts\/3673","targetHints":{"allow":["GET"]}}],"collection":[{"href":"https:\/\/lesvolcansnews.net\/index.php?rest_route=\/wp\/v2\/posts"}],"about":[{"href":"https:\/\/lesvolcansnews.net\/index.php?rest_route=\/wp\/v2\/types\/post"}],"author":[{"embeddable":true,"href":"https:\/\/lesvolcansnews.net\/index.php?rest_route=\/wp\/v2\/users\/14"}],"replies":[{"embeddable":true,"href":"https:\/\/lesvolcansnews.net\/index.php?rest_route=%2Fwp%2Fv2%2Fcomments&post=3673"}],"version-history":[{"count":2,"href":"https:\/\/lesvolcansnews.net\/index.php?rest_route=\/wp\/v2\/posts\/3673\/revisions"}],"predecessor-version":[{"id":3682,"href":"https:\/\/lesvolcansnews.net\/index.php?rest_route=\/wp\/v2\/posts\/3673\/revisions\/3682"}],"wp:attachment":[{"href":"https:\/\/lesvolcansnews.net\/index.php?rest_route=%2Fwp%2Fv2%2Fmedia&parent=3673"}],"wp:term":[{"taxonomy":"category","embeddable":true,"href":"https:\/\/lesvolcansnews.net\/index.php?rest_route=%2Fwp%2Fv2%2Fcategories&post=3673"},{"taxonomy":"post_tag","embeddable":true,"href":"https:\/\/lesvolcansnews.net\/index.php?rest_route=%2Fwp%2Fv2%2Ftags&post=3673"}],"curies":[{"name":"wp","href":"https:\/\/api.w.org\/{rel}","templated":true}]}}