{"id":3671,"date":"2019-06-24T13:40:49","date_gmt":"2019-06-24T13:40:49","guid":{"rendered":"http:\/\/lesvolcansnews.net\/2019\/06\/24\/exetats-2019-le-maire-de-butembo-a-lance-les-epreuves\/"},"modified":"2019-06-24T13:44:42","modified_gmt":"2019-06-24T13:44:42","slug":"exetats-2019-le-maire-de-butembo-a-lance-les-epreuves","status":"publish","type":"post","link":"https:\/\/lesvolcansnews.net\/?p=3671","title":{"rendered":"EX\u00c9TATS 2019: le maire sylvain Mbusa lance  les \u00e9preuves \u00e0 Butembo"},"content":{"rendered":"<p>Lundi 24 juin, les \u00e9l\u00e8ves finalistes de l&#8217;\u00e9cole secondaire ont d\u00e9but\u00e9 les \u00e9preuves des examens d&#8217;\u00c9tat \u00e9dition 2018-2019 sur le territoire national de la R\u00e9publique d\u00e9mocratique du Congo except\u00e9s ceux de Beni ville et territoire.<\/p>\n<p>\u00c0 Butembo au Nord-Kivu, c&#8217;est le maire de la ville Ma\u00eetre Sylvain Kanyamanda qui a proc\u00e9d\u00e9 au lancement officiel de ces \u00e9preuves \u00e0 l&#8217;Institut Monseigneur Kataliko.<\/p>\n<p>21 centres vont accueillir 19623 candidats dans l&#8217;intervalle de 4 jours pr\u00e9vus pour la passation de la session ordinaire. Pour le cas de Beni ville et territoire, les finalistes attendront la date du 12 au 16 Ao\u00fbt 2019 pour passer  ces \u00e9preuves.<\/p>\n<p>Selon les sources s\u00fbres du minist\u00e8re provincial de l&#8217;enseignement  au Nord-Kivu, l&#8217;ins\u00e9curit\u00e9 dans la r\u00e9gion de Beni ville et territoire est \u00e0 la base de ce report.<\/p>\n<p><strong>Lyriciste Fabrice<\/strong><\/p>\n","protected":false},"excerpt":{"rendered":"<p>Lundi 24 juin, les \u00e9l\u00e8ves finalistes de l&#8217;\u00e9cole secondaire ont d\u00e9but\u00e9 les \u00e9preuves des examens d&#8217;\u00c9tat \u00e9dition 2018-2019 sur le territoire national de la R\u00e9publique d\u00e9mocratique du Congo except\u00e9s ceux<\/p>\n","protected":false},"author":14,"featured_media":3670,"comment_status":"open","ping_status":"open","sticky":false,"template":"","format":"standard","meta":{"footnotes":""},"categories":[1],"tags":[],"class_list":["post-3671","post","type-post","status-publish","format-standard","has-post-thumbnail","hentry","category-actualite"],"yoast_head":"<!-- This site is optimized with the Yoast SEO plugin v27.3 - https:\/\/yoast.com\/product\/yoast-seo-wordpress\/ -->\n<title>EX\u00c9TATS 2019: le maire sylvain Mbusa lance les \u00e9preuves \u00e0 Butembo - LES VOLCANS NEWS<\/title>\n<meta name=\"robots\" content=\"index, follow, max-snippet:-1, max-image-preview:large, max-video-preview:-1\" \/>\n<link rel=\"canonical\" href=\"https:\/\/lesvolcansnews.net\/?p=3671\" \/>\n<meta property=\"og:locale\" content=\"fr_FR\" \/>\n<meta property=\"og:type\" content=\"article\" \/>\n<meta property=\"og:title\" content=\"EX\u00c9TATS 2019: le maire sylvain Mbusa lance les \u00e9preuves \u00e0 Butembo - LES VOLCANS NEWS\" \/>\n<meta property=\"og:description\" content=\"Lundi 24 juin, les \u00e9l\u00e8ves finalistes de l&#8217;\u00e9cole secondaire ont d\u00e9but\u00e9 les \u00e9preuves des examens d&#8217;\u00c9tat \u00e9dition 2018-2019 sur le territoire national de la R\u00e9publique d\u00e9mocratique du Congo except\u00e9s ceux\" \/>\n<meta property=\"og:url\" content=\"https:\/\/lesvolcansnews.net\/?p=3671\" \/>\n<meta property=\"og:site_name\" content=\"LES VOLCANS NEWS\" \/>\n<meta property=\"article:published_time\" content=\"2019-06-24T13:40:49+00:00\" \/>\n<meta property=\"article:modified_time\" content=\"2019-06-24T13:44:42+00:00\" \/>\n<meta property=\"og:image\" content=\"https:\/\/lesvolcansnews.net\/wp-content\/uploads\/2019\/06\/IMG-20190624-WA0136.jpg\" \/>\n\t<meta property=\"og:image:width\" content=\"1080\" \/>\n\t<meta property=\"og:image:height\" content=\"607\" \/>\n\t<meta property=\"og:image:type\" content=\"image\/jpeg\" \/>\n<meta name=\"author\" content=\"R\u00e9daction - Les Volcans News\" \/>\n<meta name=\"twitter:card\" content=\"summary_large_image\" \/>\n<meta name=\"twitter:label1\" content=\"\u00c9crit par\" \/>\n\t<meta name=\"twitter:data1\" content=\"R\u00e9daction - Les Volcans News\" \/>\n\t<meta name=\"twitter:label2\" content=\"Dur\u00e9e de lecture estim\u00e9e\" \/>\n\t<meta name=\"twitter:data2\" content=\"1 minute\" \/>\n<script type=\"application\/ld+json\" class=\"yoast-schema-graph\">{\"@context\":\"https:\\\/\\\/schema.org\",\"@graph\":[{\"@type\":\"Article\",\"@id\":\"https:\\\/\\\/lesvolcansnews.net\\\/?p=3671#article\",\"isPartOf\":{\"@id\":\"https:\\\/\\\/lesvolcansnews.net\\\/?p=3671\"},\"author\":{\"name\":\"R\u00e9daction - Les Volcans News\",\"@id\":\"https:\\\/\\\/lesvolcansnews.net\\\/#\\\/schema\\\/person\\\/82c8bed2e77879ecf6cca63441f57354\"},\"headline\":\"EX\u00c9TATS 2019: le maire sylvain Mbusa lance les \u00e9preuves \u00e0 Butembo\",\"datePublished\":\"2019-06-24T13:40:49+00:00\",\"dateModified\":\"2019-06-24T13:44:42+00:00\",\"mainEntityOfPage\":{\"@id\":\"https:\\\/\\\/lesvolcansnews.net\\\/?p=3671\"},\"wordCount\":152,\"commentCount\":0,\"image\":{\"@id\":\"https:\\\/\\\/lesvolcansnews.net\\\/?p=3671#primaryimage\"},\"thumbnailUrl\":\"https:\\\/\\\/lesvolcansnews.net\\\/wp-content\\\/uploads\\\/2019\\\/06\\\/IMG-20190624-WA0136.jpg\",\"articleSection\":[\"ACTUALIT\u00c9\"],\"inLanguage\":\"fr-FR\",\"potentialAction\":[{\"@type\":\"CommentAction\",\"name\":\"Comment\",\"target\":[\"https:\\\/\\\/lesvolcansnews.net\\\/?p=3671#respond\"]}]},{\"@type\":\"WebPage\",\"@id\":\"https:\\\/\\\/lesvolcansnews.net\\\/?p=3671\",\"url\":\"https:\\\/\\\/lesvolcansnews.net\\\/?p=3671\",\"name\":\"EX\u00c9TATS 2019: le maire sylvain Mbusa lance les \u00e9preuves \u00e0 Butembo - LES VOLCANS NEWS\",\"isPartOf\":{\"@id\":\"https:\\\/\\\/lesvolcansnews.net\\\/#website\"},\"primaryImageOfPage\":{\"@id\":\"https:\\\/\\\/lesvolcansnews.net\\\/?p=3671#primaryimage\"},\"image\":{\"@id\":\"https:\\\/\\\/lesvolcansnews.net\\\/?p=3671#primaryimage\"},\"thumbnailUrl\":\"https:\\\/\\\/lesvolcansnews.net\\\/wp-content\\\/uploads\\\/2019\\\/06\\\/IMG-20190624-WA0136.jpg\",\"datePublished\":\"2019-06-24T13:40:49+00:00\",\"dateModified\":\"2019-06-24T13:44:42+00:00\",\"author\":{\"@id\":\"https:\\\/\\\/lesvolcansnews.net\\\/#\\\/schema\\\/person\\\/82c8bed2e77879ecf6cca63441f57354\"},\"breadcrumb\":{\"@id\":\"https:\\\/\\\/lesvolcansnews.net\\\/?p=3671#breadcrumb\"},\"inLanguage\":\"fr-FR\",\"potentialAction\":[{\"@type\":\"ReadAction\",\"target\":[\"https:\\\/\\\/lesvolcansnews.net\\\/?p=3671\"]}]},{\"@type\":\"ImageObject\",\"inLanguage\":\"fr-FR\",\"@id\":\"https:\\\/\\\/lesvolcansnews.net\\\/?p=3671#primaryimage\",\"url\":\"https:\\\/\\\/lesvolcansnews.net\\\/wp-content\\\/uploads\\\/2019\\\/06\\\/IMG-20190624-WA0136.jpg\",\"contentUrl\":\"https:\\\/\\\/lesvolcansnews.net\\\/wp-content\\\/uploads\\\/2019\\\/06\\\/IMG-20190624-WA0136.jpg\",\"width\":1080,\"height\":607},{\"@type\":\"BreadcrumbList\",\"@id\":\"https:\\\/\\\/lesvolcansnews.net\\\/?p=3671#breadcrumb\",\"itemListElement\":[{\"@type\":\"ListItem\",\"position\":1,\"name\":\"Accueil\",\"item\":\"https:\\\/\\\/lesvolcansnews.net\\\/\"},{\"@type\":\"ListItem\",\"position\":2,\"name\":\"EX\u00c9TATS 2019: le maire sylvain Mbusa lance les \u00e9preuves \u00e0 Butembo\"}]},{\"@type\":\"WebSite\",\"@id\":\"https:\\\/\\\/lesvolcansnews.net\\\/#website\",\"url\":\"https:\\\/\\\/lesvolcansnews.net\\\/\",\"name\":\"LES VOLCANS NEWS\",\"description\":\"L&#039;INFORMATION C&#039;EST NOUS\",\"potentialAction\":[{\"@type\":\"SearchAction\",\"target\":{\"@type\":\"EntryPoint\",\"urlTemplate\":\"https:\\\/\\\/lesvolcansnews.net\\\/?s={search_term_string}\"},\"query-input\":{\"@type\":\"PropertyValueSpecification\",\"valueRequired\":true,\"valueName\":\"search_term_string\"}}],\"inLanguage\":\"fr-FR\"},{\"@type\":\"Person\",\"@id\":\"https:\\\/\\\/lesvolcansnews.net\\\/#\\\/schema\\\/person\\\/82c8bed2e77879ecf6cca63441f57354\",\"name\":\"R\u00e9daction - Les Volcans News\",\"image\":{\"@type\":\"ImageObject\",\"inLanguage\":\"fr-FR\",\"@id\":\"https:\\\/\\\/secure.gravatar.com\\\/avatar\\\/8408942dd851e8a9c09f3d382a661bc05d2b3cd9002139bc1795b9528cdc6c80?s=96&d=mm&r=g\",\"url\":\"https:\\\/\\\/secure.gravatar.com\\\/avatar\\\/8408942dd851e8a9c09f3d382a661bc05d2b3cd9002139bc1795b9528cdc6c80?s=96&d=mm&r=g\",\"contentUrl\":\"https:\\\/\\\/secure.gravatar.com\\\/avatar\\\/8408942dd851e8a9c09f3d382a661bc05d2b3cd9002139bc1795b9528cdc6c80?s=96&d=mm&r=g\",\"caption\":\"R\u00e9daction - Les Volcans News\"},\"url\":\"https:\\\/\\\/lesvolcansnews.net\\\/?author=14\"}]}<\/script>\n<!-- \/ Yoast SEO plugin. -->","yoast_head_json":{"title":"EX\u00c9TATS 2019: le maire sylvain Mbusa lance les \u00e9preuves \u00e0 Butembo - LES VOLCANS NEWS","robots":{"index":"index","follow":"follow","max-snippet":"max-snippet:-1","max-image-preview":"max-image-preview:large","max-video-preview":"max-video-preview:-1"},"canonical":"https:\/\/lesvolcansnews.net\/?p=3671","og_locale":"fr_FR","og_type":"article","og_title":"EX\u00c9TATS 2019: le maire sylvain Mbusa lance les \u00e9preuves \u00e0 Butembo - LES VOLCANS NEWS","og_description":"Lundi 24 juin, les \u00e9l\u00e8ves finalistes de l&#8217;\u00e9cole secondaire ont d\u00e9but\u00e9 les \u00e9preuves des examens d&#8217;\u00c9tat \u00e9dition 2018-2019 sur le territoire national de la R\u00e9publique d\u00e9mocratique du Congo except\u00e9s ceux","og_url":"https:\/\/lesvolcansnews.net\/?p=3671","og_site_name":"LES VOLCANS NEWS","article_published_time":"2019-06-24T13:40:49+00:00","article_modified_time":"2019-06-24T13:44:42+00:00","og_image":[{"width":1080,"height":607,"url":"https:\/\/lesvolcansnews.net\/wp-content\/uploads\/2019\/06\/IMG-20190624-WA0136.jpg","type":"image\/jpeg"}],"author":"R\u00e9daction - Les Volcans News","twitter_card":"summary_large_image","twitter_misc":{"\u00c9crit par":"R\u00e9daction - Les Volcans News","Dur\u00e9e de lecture estim\u00e9e":"1 minute"},"schema":{"@context":"https:\/\/schema.org","@graph":[{"@type":"Article","@id":"https:\/\/lesvolcansnews.net\/?p=3671#article","isPartOf":{"@id":"https:\/\/lesvolcansnews.net\/?p=3671"},"author":{"name":"R\u00e9daction - Les Volcans News","@id":"https:\/\/lesvolcansnews.net\/#\/schema\/person\/82c8bed2e77879ecf6cca63441f57354"},"headline":"EX\u00c9TATS 2019: le maire sylvain Mbusa lance les \u00e9preuves \u00e0 Butembo","datePublished":"2019-06-24T13:40:49+00:00","dateModified":"2019-06-24T13:44:42+00:00","mainEntityOfPage":{"@id":"https:\/\/lesvolcansnews.net\/?p=3671"},"wordCount":152,"commentCount":0,"image":{"@id":"https:\/\/lesvolcansnews.net\/?p=3671#primaryimage"},"thumbnailUrl":"https:\/\/lesvolcansnews.net\/wp-content\/uploads\/2019\/06\/IMG-20190624-WA0136.jpg","articleSection":["ACTUALIT\u00c9"],"inLanguage":"fr-FR","potentialAction":[{"@type":"CommentAction","name":"Comment","target":["https:\/\/lesvolcansnews.net\/?p=3671#respond"]}]},{"@type":"WebPage","@id":"https:\/\/lesvolcansnews.net\/?p=3671","url":"https:\/\/lesvolcansnews.net\/?p=3671","name":"EX\u00c9TATS 2019: le maire sylvain Mbusa lance les \u00e9preuves \u00e0 Butembo - LES VOLCANS NEWS","isPartOf":{"@id":"https:\/\/lesvolcansnews.net\/#website"},"primaryImageOfPage":{"@id":"https:\/\/lesvolcansnews.net\/?p=3671#primaryimage"},"image":{"@id":"https:\/\/lesvolcansnews.net\/?p=3671#primaryimage"},"thumbnailUrl":"https:\/\/lesvolcansnews.net\/wp-content\/uploads\/2019\/06\/IMG-20190624-WA0136.jpg","datePublished":"2019-06-24T13:40:49+00:00","dateModified":"2019-06-24T13:44:42+00:00","author":{"@id":"https:\/\/lesvolcansnews.net\/#\/schema\/person\/82c8bed2e77879ecf6cca63441f57354"},"breadcrumb":{"@id":"https:\/\/lesvolcansnews.net\/?p=3671#breadcrumb"},"inLanguage":"fr-FR","potentialAction":[{"@type":"ReadAction","target":["https:\/\/lesvolcansnews.net\/?p=3671"]}]},{"@type":"ImageObject","inLanguage":"fr-FR","@id":"https:\/\/lesvolcansnews.net\/?p=3671#primaryimage","url":"https:\/\/lesvolcansnews.net\/wp-content\/uploads\/2019\/06\/IMG-20190624-WA0136.jpg","contentUrl":"https:\/\/lesvolcansnews.net\/wp-content\/uploads\/2019\/06\/IMG-20190624-WA0136.jpg","width":1080,"height":607},{"@type":"BreadcrumbList","@id":"https:\/\/lesvolcansnews.net\/?p=3671#breadcrumb","itemListElement":[{"@type":"ListItem","position":1,"name":"Accueil","item":"https:\/\/lesvolcansnews.net\/"},{"@type":"ListItem","position":2,"name":"EX\u00c9TATS 2019: le maire sylvain Mbusa lance les \u00e9preuves \u00e0 Butembo"}]},{"@type":"WebSite","@id":"https:\/\/lesvolcansnews.net\/#website","url":"https:\/\/lesvolcansnews.net\/","name":"LES VOLCANS NEWS","description":"L&#039;INFORMATION C&#039;EST NOUS","potentialAction":[{"@type":"SearchAction","target":{"@type":"EntryPoint","urlTemplate":"https:\/\/lesvolcansnews.net\/?s={search_term_string}"},"query-input":{"@type":"PropertyValueSpecification","valueRequired":true,"valueName":"search_term_string"}}],"inLanguage":"fr-FR"},{"@type":"Person","@id":"https:\/\/lesvolcansnews.net\/#\/schema\/person\/82c8bed2e77879ecf6cca63441f57354","name":"R\u00e9daction - Les Volcans News","image":{"@type":"ImageObject","inLanguage":"fr-FR","@id":"https:\/\/secure.gravatar.com\/avatar\/8408942dd851e8a9c09f3d382a661bc05d2b3cd9002139bc1795b9528cdc6c80?s=96&d=mm&r=g","url":"https:\/\/secure.gravatar.com\/avatar\/8408942dd851e8a9c09f3d382a661bc05d2b3cd9002139bc1795b9528cdc6c80?s=96&d=mm&r=g","contentUrl":"https:\/\/secure.gravatar.com\/avatar\/8408942dd851e8a9c09f3d382a661bc05d2b3cd9002139bc1795b9528cdc6c80?s=96&d=mm&r=g","caption":"R\u00e9daction - Les Volcans News"},"url":"https:\/\/lesvolcansnews.net\/?author=14"}]}},"_links":{"self":[{"href":"https:\/\/lesvolcansnews.net\/index.php?rest_route=\/wp\/v2\/posts\/3671","targetHints":{"allow":["GET"]}}],"collection":[{"href":"https:\/\/lesvolcansnews.net\/index.php?rest_route=\/wp\/v2\/posts"}],"about":[{"href":"https:\/\/lesvolcansnews.net\/index.php?rest_route=\/wp\/v2\/types\/post"}],"author":[{"embeddable":true,"href":"https:\/\/lesvolcansnews.net\/index.php?rest_route=\/wp\/v2\/users\/14"}],"replies":[{"embeddable":true,"href":"https:\/\/lesvolcansnews.net\/index.php?rest_route=%2Fwp%2Fv2%2Fcomments&post=3671"}],"version-history":[{"count":1,"href":"https:\/\/lesvolcansnews.net\/index.php?rest_route=\/wp\/v2\/posts\/3671\/revisions"}],"predecessor-version":[{"id":3672,"href":"https:\/\/lesvolcansnews.net\/index.php?rest_route=\/wp\/v2\/posts\/3671\/revisions\/3672"}],"wp:featuredmedia":[{"embeddable":true,"href":"https:\/\/lesvolcansnews.net\/index.php?rest_route=\/wp\/v2\/media\/3670"}],"wp:attachment":[{"href":"https:\/\/lesvolcansnews.net\/index.php?rest_route=%2Fwp%2Fv2%2Fmedia&parent=3671"}],"wp:term":[{"taxonomy":"category","embeddable":true,"href":"https:\/\/lesvolcansnews.net\/index.php?rest_route=%2Fwp%2Fv2%2Fcategories&post=3671"},{"taxonomy":"post_tag","embeddable":true,"href":"https:\/\/lesvolcansnews.net\/index.php?rest_route=%2Fwp%2Fv2%2Ftags&post=3671"}],"curies":[{"name":"wp","href":"https:\/\/api.w.org\/{rel}","templated":true}]}}