{"id":3659,"date":"2019-06-24T11:33:41","date_gmt":"2019-06-24T11:33:41","guid":{"rendered":"http:\/\/lesvolcansnews.net\/?p=3659"},"modified":"2019-06-24T11:36:30","modified_gmt":"2019-06-24T11:36:30","slug":"exetat-2019-49-237-candidats-des-cycles-long-et-court-passent-la-session-ordinaire-en-province-du-nord-kivu","status":"publish","type":"post","link":"https:\/\/lesvolcansnews.net\/?p=3659","title":{"rendered":"Ex\u00e9tat 2019: 49.237 candidats des cycles long et court passent la session ordinaire en province du Nord-Kivu"},"content":{"rendered":"\n<p> <br><strong><br><\/strong><\/p>\n\n\n\n<p>Le gouverneur int\u00e9rimaire de la province du Nord-Kivu,\nMe Feller LUTAICHIRWA MULWAHALE, a proc\u00e9d\u00e9 ce lundi 24 juin, au lancement\nofficiel de la session ordinaire de l\u2019examen d\u2019\u00e9tat, \u00e9dition 2019, organis\u00e9e au\ncentre de passation Goma 22, situ\u00e9 \u00e0 l\u2019\u00e9cole primaire Chipuko de Goma, devant\nplusieurs autorit\u00e9s intervenantes dans le domaine \u00e9ducationnel.<\/p>\n\n\n\n<p>Quarante neuf mille deux cent trente sept (49.237)\ncandidats des cycles long et court, dont vingt deux&nbsp; mille quatre cent septante quatre filles\n(22.474), participent pendant quatre jours \u00e0 cette 53<sup>\u00e8me<\/sup> \u00e9dition des\nexamens d\u2019\u00e9tat 2018-2019, repartis dans 145 centres dont un centre \u00e0 Kigali,\n\u00e9parpill\u00e9s sur l\u2019ensemble de trois provinces \u00e9ducationnelles de la province du\nNord-Kivu. <\/p>\n\n\n\n<p>Ces statistiques ont \u00e9t\u00e9 r\u00e9v\u00e9l\u00e9es par l\u2019autorit\u00e9\nprovinciale du Nord-Kivu, \u00e0 l\u2019exception d\u2019Oicha et Beni Ville, deux entit\u00e9s du\ngrand Nord qui ont un calendrier scolaire sp\u00e9cial, soit, du 12 au 15 aout\nprochains, date \u00e0 laquelle les candidats finalistes vont pass\u00e9s leurs examens\nd\u2019\u00e9tat. Selon Feller Lutaichirwa, le report de l\u2019examen d\u2019\u00e9tat, est justifi\u00e9\npar les probl\u00e8mes de l\u2019ins\u00e9curit\u00e9 et de l\u2019\u00e9pid\u00e9mie de la maladie \u00e0 virus Ebola\nqui s\u00e9vit dans cette partie du territoire.<\/p>\n\n\n\n<p>Le gouverneur int\u00e9rimaire de la province du Nord-Kivu,\na indiqu\u00e9 que cette \u00e9valuation sera sanctionn\u00e9e par la remise d\u2019un Dipl\u00f4me\nd\u2019\u00c9tat qui est la cl\u00e9 pour la poursuite des \u00e9tudes sup\u00e9rieures et\nuniversitaires avant de prodiguer aux candidats quelques conseils \u00e0 appliquer\npour maximiser les chances de r\u00e9ussite, notamment respecter les orientations du\nchef de centre, \u00e9viter la frousse et faire confiance en Dieu et en soi-m\u00eame,\n\u00e9viter la tricherie et la collaboration des voisins ou mystique, exploiter au\nmaximum le temps vous imparti avant de souhaiter \u00e0 tous les candidats cent pour\ncent de r\u00e9ussite. <\/p>\n\n\n\n<p><strong>S\/T. 15.593 candidats\nfinalistes dont 7.100 filles align\u00e9s pour la province \u00e9ducationnelle du\nNord-Kivu 1<\/strong><\/p>\n\n\n\n<p>Pour sa part, le directeur province \u00e9ducationnelle\nNord-Kivu 1, M. David Ruka\u2019t Muteb, a r\u00e9v\u00e9l\u00e9 que, le comit\u00e9 provincial de\nl\u2019examen d\u2019\u00e9tat, a retenu 54 centres de passation dont la ville de Goma 28\ncentres plus celui de au Rwanda, le territoire de Nyiragongo six (6) centres et\nle territoire de Rutshuru 19 centres, avec au cycle long 15.593 candidats\nfinalistes dont 7.100 filles et au cycle court 133 candidats dont 120 filles.<\/p>\n\n\n\n<p>Signalons que l\u2019examen d\u2019\u00e9tat comporte trois \u00e9tapes,\nnotamment les \u00e9preuves pr\u00e9liminaires, les \u00e9preuves hors sessions et la session\nordinaire, p\u00e9riode pendant laquelle les candidats finalistes sont jaug\u00e9s les\ncapacit\u00e9s \u00e0 l\u2019issus du cursus scolaires. &nbsp;<\/p>\n\n\n\n<p><strong>Ana Ndoole<\/strong><\/p>\n","protected":false},"excerpt":{"rendered":"<p>Le gouverneur int\u00e9rimaire de la province du Nord-Kivu, Me Feller LUTAICHIRWA MULWAHALE, a proc\u00e9d\u00e9 ce lundi 24 juin, au lancement officiel de la session ordinaire de l\u2019examen d\u2019\u00e9tat, \u00e9dition 2019,<\/p>\n","protected":false},"author":14,"featured_media":0,"comment_status":"open","ping_status":"open","sticky":false,"template":"","format":"standard","meta":{"footnotes":""},"categories":[1,9],"tags":[],"class_list":["post-3659","post","type-post","status-publish","format-standard","hentry","category-actualite","category-societe"],"yoast_head":"<!-- This site is optimized with the Yoast SEO plugin v27.3 - https:\/\/yoast.com\/product\/yoast-seo-wordpress\/ -->\n<title>Ex\u00e9tat 2019: 49.237 candidats des cycles long et court passent la session ordinaire en province du Nord-Kivu - LES VOLCANS NEWS<\/title>\n<meta name=\"robots\" content=\"index, follow, max-snippet:-1, max-image-preview:large, max-video-preview:-1\" \/>\n<link rel=\"canonical\" href=\"https:\/\/lesvolcansnews.net\/?p=3659\" \/>\n<meta property=\"og:locale\" content=\"fr_FR\" \/>\n<meta property=\"og:type\" content=\"article\" \/>\n<meta property=\"og:title\" content=\"Ex\u00e9tat 2019: 49.237 candidats des cycles long et court passent la session ordinaire en province du Nord-Kivu - LES VOLCANS NEWS\" \/>\n<meta property=\"og:description\" content=\"Le gouverneur int\u00e9rimaire de la province du Nord-Kivu, Me Feller LUTAICHIRWA MULWAHALE, a proc\u00e9d\u00e9 ce lundi 24 juin, au lancement officiel de la session ordinaire de l\u2019examen d\u2019\u00e9tat, \u00e9dition 2019,\" \/>\n<meta property=\"og:url\" content=\"https:\/\/lesvolcansnews.net\/?p=3659\" \/>\n<meta property=\"og:site_name\" content=\"LES VOLCANS NEWS\" \/>\n<meta property=\"article:published_time\" content=\"2019-06-24T11:33:41+00:00\" \/>\n<meta property=\"article:modified_time\" content=\"2019-06-24T11:36:30+00:00\" \/>\n<meta name=\"author\" content=\"R\u00e9daction - Les Volcans News\" \/>\n<meta name=\"twitter:card\" content=\"summary_large_image\" \/>\n<meta name=\"twitter:label1\" content=\"\u00c9crit par\" \/>\n\t<meta name=\"twitter:data1\" content=\"R\u00e9daction - Les Volcans News\" \/>\n\t<meta name=\"twitter:label2\" content=\"Dur\u00e9e de lecture estim\u00e9e\" \/>\n\t<meta name=\"twitter:data2\" content=\"2 minutes\" \/>\n<script type=\"application\/ld+json\" class=\"yoast-schema-graph\">{\"@context\":\"https:\\\/\\\/schema.org\",\"@graph\":[{\"@type\":\"Article\",\"@id\":\"https:\\\/\\\/lesvolcansnews.net\\\/?p=3659#article\",\"isPartOf\":{\"@id\":\"https:\\\/\\\/lesvolcansnews.net\\\/?p=3659\"},\"author\":{\"name\":\"R\u00e9daction - Les Volcans News\",\"@id\":\"https:\\\/\\\/lesvolcansnews.net\\\/#\\\/schema\\\/person\\\/82c8bed2e77879ecf6cca63441f57354\"},\"headline\":\"Ex\u00e9tat 2019: 49.237 candidats des cycles long et court passent la session ordinaire en province du Nord-Kivu\",\"datePublished\":\"2019-06-24T11:33:41+00:00\",\"dateModified\":\"2019-06-24T11:36:30+00:00\",\"mainEntityOfPage\":{\"@id\":\"https:\\\/\\\/lesvolcansnews.net\\\/?p=3659\"},\"wordCount\":445,\"commentCount\":0,\"articleSection\":[\"ACTUALIT\u00c9\",\"SOCIET\u00c9\"],\"inLanguage\":\"fr-FR\",\"potentialAction\":[{\"@type\":\"CommentAction\",\"name\":\"Comment\",\"target\":[\"https:\\\/\\\/lesvolcansnews.net\\\/?p=3659#respond\"]}]},{\"@type\":\"WebPage\",\"@id\":\"https:\\\/\\\/lesvolcansnews.net\\\/?p=3659\",\"url\":\"https:\\\/\\\/lesvolcansnews.net\\\/?p=3659\",\"name\":\"Ex\u00e9tat 2019: 49.237 candidats des cycles long et court passent la session ordinaire en province du Nord-Kivu - LES VOLCANS NEWS\",\"isPartOf\":{\"@id\":\"https:\\\/\\\/lesvolcansnews.net\\\/#website\"},\"datePublished\":\"2019-06-24T11:33:41+00:00\",\"dateModified\":\"2019-06-24T11:36:30+00:00\",\"author\":{\"@id\":\"https:\\\/\\\/lesvolcansnews.net\\\/#\\\/schema\\\/person\\\/82c8bed2e77879ecf6cca63441f57354\"},\"breadcrumb\":{\"@id\":\"https:\\\/\\\/lesvolcansnews.net\\\/?p=3659#breadcrumb\"},\"inLanguage\":\"fr-FR\",\"potentialAction\":[{\"@type\":\"ReadAction\",\"target\":[\"https:\\\/\\\/lesvolcansnews.net\\\/?p=3659\"]}]},{\"@type\":\"BreadcrumbList\",\"@id\":\"https:\\\/\\\/lesvolcansnews.net\\\/?p=3659#breadcrumb\",\"itemListElement\":[{\"@type\":\"ListItem\",\"position\":1,\"name\":\"Accueil\",\"item\":\"https:\\\/\\\/lesvolcansnews.net\\\/\"},{\"@type\":\"ListItem\",\"position\":2,\"name\":\"Ex\u00e9tat 2019: 49.237 candidats des cycles long et court passent la session ordinaire en province du Nord-Kivu\"}]},{\"@type\":\"WebSite\",\"@id\":\"https:\\\/\\\/lesvolcansnews.net\\\/#website\",\"url\":\"https:\\\/\\\/lesvolcansnews.net\\\/\",\"name\":\"LES VOLCANS NEWS\",\"description\":\"L&#039;INFORMATION C&#039;EST NOUS\",\"potentialAction\":[{\"@type\":\"SearchAction\",\"target\":{\"@type\":\"EntryPoint\",\"urlTemplate\":\"https:\\\/\\\/lesvolcansnews.net\\\/?s={search_term_string}\"},\"query-input\":{\"@type\":\"PropertyValueSpecification\",\"valueRequired\":true,\"valueName\":\"search_term_string\"}}],\"inLanguage\":\"fr-FR\"},{\"@type\":\"Person\",\"@id\":\"https:\\\/\\\/lesvolcansnews.net\\\/#\\\/schema\\\/person\\\/82c8bed2e77879ecf6cca63441f57354\",\"name\":\"R\u00e9daction - Les Volcans News\",\"image\":{\"@type\":\"ImageObject\",\"inLanguage\":\"fr-FR\",\"@id\":\"https:\\\/\\\/secure.gravatar.com\\\/avatar\\\/8408942dd851e8a9c09f3d382a661bc05d2b3cd9002139bc1795b9528cdc6c80?s=96&d=mm&r=g\",\"url\":\"https:\\\/\\\/secure.gravatar.com\\\/avatar\\\/8408942dd851e8a9c09f3d382a661bc05d2b3cd9002139bc1795b9528cdc6c80?s=96&d=mm&r=g\",\"contentUrl\":\"https:\\\/\\\/secure.gravatar.com\\\/avatar\\\/8408942dd851e8a9c09f3d382a661bc05d2b3cd9002139bc1795b9528cdc6c80?s=96&d=mm&r=g\",\"caption\":\"R\u00e9daction - Les Volcans News\"},\"url\":\"https:\\\/\\\/lesvolcansnews.net\\\/?author=14\"}]}<\/script>\n<!-- \/ Yoast SEO plugin. -->","yoast_head_json":{"title":"Ex\u00e9tat 2019: 49.237 candidats des cycles long et court passent la session ordinaire en province du Nord-Kivu - LES VOLCANS NEWS","robots":{"index":"index","follow":"follow","max-snippet":"max-snippet:-1","max-image-preview":"max-image-preview:large","max-video-preview":"max-video-preview:-1"},"canonical":"https:\/\/lesvolcansnews.net\/?p=3659","og_locale":"fr_FR","og_type":"article","og_title":"Ex\u00e9tat 2019: 49.237 candidats des cycles long et court passent la session ordinaire en province du Nord-Kivu - LES VOLCANS NEWS","og_description":"Le gouverneur int\u00e9rimaire de la province du Nord-Kivu, Me Feller LUTAICHIRWA MULWAHALE, a proc\u00e9d\u00e9 ce lundi 24 juin, au lancement officiel de la session ordinaire de l\u2019examen d\u2019\u00e9tat, \u00e9dition 2019,","og_url":"https:\/\/lesvolcansnews.net\/?p=3659","og_site_name":"LES VOLCANS NEWS","article_published_time":"2019-06-24T11:33:41+00:00","article_modified_time":"2019-06-24T11:36:30+00:00","author":"R\u00e9daction - Les Volcans News","twitter_card":"summary_large_image","twitter_misc":{"\u00c9crit par":"R\u00e9daction - Les Volcans News","Dur\u00e9e de lecture estim\u00e9e":"2 minutes"},"schema":{"@context":"https:\/\/schema.org","@graph":[{"@type":"Article","@id":"https:\/\/lesvolcansnews.net\/?p=3659#article","isPartOf":{"@id":"https:\/\/lesvolcansnews.net\/?p=3659"},"author":{"name":"R\u00e9daction - Les Volcans News","@id":"https:\/\/lesvolcansnews.net\/#\/schema\/person\/82c8bed2e77879ecf6cca63441f57354"},"headline":"Ex\u00e9tat 2019: 49.237 candidats des cycles long et court passent la session ordinaire en province du Nord-Kivu","datePublished":"2019-06-24T11:33:41+00:00","dateModified":"2019-06-24T11:36:30+00:00","mainEntityOfPage":{"@id":"https:\/\/lesvolcansnews.net\/?p=3659"},"wordCount":445,"commentCount":0,"articleSection":["ACTUALIT\u00c9","SOCIET\u00c9"],"inLanguage":"fr-FR","potentialAction":[{"@type":"CommentAction","name":"Comment","target":["https:\/\/lesvolcansnews.net\/?p=3659#respond"]}]},{"@type":"WebPage","@id":"https:\/\/lesvolcansnews.net\/?p=3659","url":"https:\/\/lesvolcansnews.net\/?p=3659","name":"Ex\u00e9tat 2019: 49.237 candidats des cycles long et court passent la session ordinaire en province du Nord-Kivu - LES VOLCANS NEWS","isPartOf":{"@id":"https:\/\/lesvolcansnews.net\/#website"},"datePublished":"2019-06-24T11:33:41+00:00","dateModified":"2019-06-24T11:36:30+00:00","author":{"@id":"https:\/\/lesvolcansnews.net\/#\/schema\/person\/82c8bed2e77879ecf6cca63441f57354"},"breadcrumb":{"@id":"https:\/\/lesvolcansnews.net\/?p=3659#breadcrumb"},"inLanguage":"fr-FR","potentialAction":[{"@type":"ReadAction","target":["https:\/\/lesvolcansnews.net\/?p=3659"]}]},{"@type":"BreadcrumbList","@id":"https:\/\/lesvolcansnews.net\/?p=3659#breadcrumb","itemListElement":[{"@type":"ListItem","position":1,"name":"Accueil","item":"https:\/\/lesvolcansnews.net\/"},{"@type":"ListItem","position":2,"name":"Ex\u00e9tat 2019: 49.237 candidats des cycles long et court passent la session ordinaire en province du Nord-Kivu"}]},{"@type":"WebSite","@id":"https:\/\/lesvolcansnews.net\/#website","url":"https:\/\/lesvolcansnews.net\/","name":"LES VOLCANS NEWS","description":"L&#039;INFORMATION C&#039;EST NOUS","potentialAction":[{"@type":"SearchAction","target":{"@type":"EntryPoint","urlTemplate":"https:\/\/lesvolcansnews.net\/?s={search_term_string}"},"query-input":{"@type":"PropertyValueSpecification","valueRequired":true,"valueName":"search_term_string"}}],"inLanguage":"fr-FR"},{"@type":"Person","@id":"https:\/\/lesvolcansnews.net\/#\/schema\/person\/82c8bed2e77879ecf6cca63441f57354","name":"R\u00e9daction - Les Volcans News","image":{"@type":"ImageObject","inLanguage":"fr-FR","@id":"https:\/\/secure.gravatar.com\/avatar\/8408942dd851e8a9c09f3d382a661bc05d2b3cd9002139bc1795b9528cdc6c80?s=96&d=mm&r=g","url":"https:\/\/secure.gravatar.com\/avatar\/8408942dd851e8a9c09f3d382a661bc05d2b3cd9002139bc1795b9528cdc6c80?s=96&d=mm&r=g","contentUrl":"https:\/\/secure.gravatar.com\/avatar\/8408942dd851e8a9c09f3d382a661bc05d2b3cd9002139bc1795b9528cdc6c80?s=96&d=mm&r=g","caption":"R\u00e9daction - Les Volcans News"},"url":"https:\/\/lesvolcansnews.net\/?author=14"}]}},"_links":{"self":[{"href":"https:\/\/lesvolcansnews.net\/index.php?rest_route=\/wp\/v2\/posts\/3659","targetHints":{"allow":["GET"]}}],"collection":[{"href":"https:\/\/lesvolcansnews.net\/index.php?rest_route=\/wp\/v2\/posts"}],"about":[{"href":"https:\/\/lesvolcansnews.net\/index.php?rest_route=\/wp\/v2\/types\/post"}],"author":[{"embeddable":true,"href":"https:\/\/lesvolcansnews.net\/index.php?rest_route=\/wp\/v2\/users\/14"}],"replies":[{"embeddable":true,"href":"https:\/\/lesvolcansnews.net\/index.php?rest_route=%2Fwp%2Fv2%2Fcomments&post=3659"}],"version-history":[{"count":1,"href":"https:\/\/lesvolcansnews.net\/index.php?rest_route=\/wp\/v2\/posts\/3659\/revisions"}],"predecessor-version":[{"id":3660,"href":"https:\/\/lesvolcansnews.net\/index.php?rest_route=\/wp\/v2\/posts\/3659\/revisions\/3660"}],"wp:attachment":[{"href":"https:\/\/lesvolcansnews.net\/index.php?rest_route=%2Fwp%2Fv2%2Fmedia&parent=3659"}],"wp:term":[{"taxonomy":"category","embeddable":true,"href":"https:\/\/lesvolcansnews.net\/index.php?rest_route=%2Fwp%2Fv2%2Fcategories&post=3659"},{"taxonomy":"post_tag","embeddable":true,"href":"https:\/\/lesvolcansnews.net\/index.php?rest_route=%2Fwp%2Fv2%2Ftags&post=3659"}],"curies":[{"name":"wp","href":"https:\/\/api.w.org\/{rel}","templated":true}]}}