{"id":3640,"date":"2019-06-23T04:39:37","date_gmt":"2019-06-23T04:39:37","guid":{"rendered":"https:\/\/lesvolcansnews.net\/2019\/06\/23\/la-fec-identifie-trois-principes-pour-reflechir-sur-le-modele-minier-en-rdc\/"},"modified":"2019-06-23T04:48:27","modified_gmt":"2019-06-23T04:48:27","slug":"la-fec-identifie-trois-principes-pour-reflechir-sur-le-modele-minier-en-rdc","status":"publish","type":"post","link":"https:\/\/lesvolcansnews.net\/?p=3640","title":{"rendered":"La FEC identifie trois principes pour r\u00e9fl\u00e9chir sur le mod\u00e8le minier en RDC"},"content":{"rendered":"<p>Le pr\u00e9sident de la F\u00e9d\u00e9ration des entreprises du Congo (FEC), Albert Yuma, a identifi\u00e9 trois principes pour r\u00e9fl\u00e9chir \u00e0<br \/>\nnouveau sur le mod\u00e8le minier en R\u00e9publique d\u00e9mocratique du Congo.<br \/>\nIl l\u2019a fait savoir lors de son intervention \u00e0 la semaine mini\u00e8re qui s\u2019est tenue du 18 au 21 juin 2019 \u00e0 Lubumbashi, dans le Haut-Katanga, indique l&#8217;ACP.<br \/>\nLes trois principes , a-t-il indique sont : un mod\u00e8le qui modifie les r\u00e8gles du partage des ressources<br \/>\nentre l\u2019investisseur et le pays de l\u2019investissement en alignant mieux leurs int\u00e9r\u00eats respectifs, un mod\u00e8le qui favorise la valeur ajout\u00e9e locale et un autre mod\u00e8le<br \/>\ndans lequel la puissance publique joue r\u00e9ellement son<br \/>\nr\u00f4le de gardienne de ses ressources strat\u00e9giques.<br \/>\nLe pr\u00e9sident du patronat congolais a \u00e9galement fait<br \/>\nremarquer que ces trois principes permettront au secteur minier de la RDC de contribuer en profondeur \u00e0 l\u2019\u00e9mergence d\u2019un secteur priv\u00e9 d\u00e9velopp\u00e9 o\u00f9 les nationaux comme les partenaires \u00e9trangers trouveront leur compte, avant d\u2019ajouter que la RDC regorge encore de nombreuses opportunit\u00e9s de d\u00e9veloppement dans les mines mais, \u00e9galement dans le secteur de l\u2019\u00e9nergie et des transports. Pour lui, il n\u2019est pas question de chercher \u00e0 ce que les congolais remplacent les op\u00e9rateurs \u00e9trangers actuels au regard de l\u2019\u00e9chec que cela a connu, avant de souhaiter qu\u2019il y ait aussi un tissu entrepreneurial congolais, comme cela fut le cas dans le pass\u00e9. \u00abC\u2019est indispensable, parce que si on veut vraiment que le secteur priv\u00e9 contribue \u00e0 la croissance du pays, il doit jouer un r\u00f4le de courroie de transmission entre l\u2019\u00e9conomie et les populations, il faudrait aussi qu\u2019on puisse compter sur le secteur priv\u00e9 de nationaux congolais \u00bb, a d\u00e9clar\u00e9 le pr\u00e9sident de la FEC.<br \/>\nIl a par ailleurs fait noter qu\u2019il est temps que l\u2019\u00e9conomie du pays cesser \u00eatre une \u00e9conomie de<br \/>\nrente qui utiliser les faibles devises qui reviennent au pays pour massivement importer des biens de premi\u00e8re n\u00e9cessit\u00e9.<br \/>\nLe pr\u00e9sident de la FEC a, \u00e0 cette occasion r\u00e9it\u00e9r\u00e9 sa d\u00e9termination de s\u2019opposer \u00e0 toute tentative de<br \/>\nmodification du nouveau Code minier, avant d\u2019estimer qu\u2019une l\u00e9gislation ne couvre pas tout,<br \/>\nm\u00eame si elle trace des perspectives dans un grand<br \/>\nnombre de sujets.<\/p>\n<p><strong>R\u00e9daction<\/strong><\/p>\n","protected":false},"excerpt":{"rendered":"<p>Le pr\u00e9sident de la F\u00e9d\u00e9ration des entreprises du Congo (FEC), Albert Yuma, a identifi\u00e9 trois principes pour r\u00e9fl\u00e9chir \u00e0 nouveau sur le mod\u00e8le minier en R\u00e9publique d\u00e9mocratique du Congo. Il<\/p>\n","protected":false},"author":14,"featured_media":0,"comment_status":"open","ping_status":"open","sticky":false,"template":"","format":"standard","meta":{"footnotes":""},"categories":[8],"tags":[],"class_list":["post-3640","post","type-post","status-publish","format-standard","hentry","category-economie"],"yoast_head":"<!-- This site is optimized with the Yoast SEO plugin v27.3 - https:\/\/yoast.com\/product\/yoast-seo-wordpress\/ -->\n<title>La FEC identifie trois principes pour r\u00e9fl\u00e9chir sur le mod\u00e8le minier en RDC - LES VOLCANS NEWS<\/title>\n<meta name=\"robots\" content=\"index, follow, max-snippet:-1, max-image-preview:large, max-video-preview:-1\" \/>\n<link rel=\"canonical\" href=\"https:\/\/lesvolcansnews.net\/?p=3640\" \/>\n<meta property=\"og:locale\" content=\"fr_FR\" \/>\n<meta property=\"og:type\" content=\"article\" \/>\n<meta property=\"og:title\" content=\"La FEC identifie trois principes pour r\u00e9fl\u00e9chir sur le mod\u00e8le minier en RDC - LES VOLCANS NEWS\" \/>\n<meta property=\"og:description\" content=\"Le pr\u00e9sident de la F\u00e9d\u00e9ration des entreprises du Congo (FEC), Albert Yuma, a identifi\u00e9 trois principes pour r\u00e9fl\u00e9chir \u00e0 nouveau sur le mod\u00e8le minier en R\u00e9publique d\u00e9mocratique du Congo. Il\" \/>\n<meta property=\"og:url\" content=\"https:\/\/lesvolcansnews.net\/?p=3640\" \/>\n<meta property=\"og:site_name\" content=\"LES VOLCANS NEWS\" \/>\n<meta property=\"article:published_time\" content=\"2019-06-23T04:39:37+00:00\" \/>\n<meta property=\"article:modified_time\" content=\"2019-06-23T04:48:27+00:00\" \/>\n<meta name=\"author\" content=\"R\u00e9daction - Les Volcans News\" \/>\n<meta name=\"twitter:card\" content=\"summary_large_image\" \/>\n<meta name=\"twitter:label1\" content=\"\u00c9crit par\" \/>\n\t<meta name=\"twitter:data1\" content=\"R\u00e9daction - Les Volcans News\" \/>\n\t<meta name=\"twitter:label2\" content=\"Dur\u00e9e de lecture estim\u00e9e\" \/>\n\t<meta name=\"twitter:data2\" content=\"2 minutes\" \/>\n<script type=\"application\/ld+json\" class=\"yoast-schema-graph\">{\"@context\":\"https:\\\/\\\/schema.org\",\"@graph\":[{\"@type\":\"Article\",\"@id\":\"https:\\\/\\\/lesvolcansnews.net\\\/?p=3640#article\",\"isPartOf\":{\"@id\":\"https:\\\/\\\/lesvolcansnews.net\\\/?p=3640\"},\"author\":{\"name\":\"R\u00e9daction - Les Volcans News\",\"@id\":\"https:\\\/\\\/lesvolcansnews.net\\\/#\\\/schema\\\/person\\\/82c8bed2e77879ecf6cca63441f57354\"},\"headline\":\"La FEC identifie trois principes pour r\u00e9fl\u00e9chir sur le mod\u00e8le minier en RDC\",\"datePublished\":\"2019-06-23T04:39:37+00:00\",\"dateModified\":\"2019-06-23T04:48:27+00:00\",\"mainEntityOfPage\":{\"@id\":\"https:\\\/\\\/lesvolcansnews.net\\\/?p=3640\"},\"wordCount\":416,\"commentCount\":0,\"articleSection\":[\"\u00c9CONOMIE\"],\"inLanguage\":\"fr-FR\",\"potentialAction\":[{\"@type\":\"CommentAction\",\"name\":\"Comment\",\"target\":[\"https:\\\/\\\/lesvolcansnews.net\\\/?p=3640#respond\"]}]},{\"@type\":\"WebPage\",\"@id\":\"https:\\\/\\\/lesvolcansnews.net\\\/?p=3640\",\"url\":\"https:\\\/\\\/lesvolcansnews.net\\\/?p=3640\",\"name\":\"La FEC identifie trois principes pour r\u00e9fl\u00e9chir sur le mod\u00e8le minier en RDC - LES VOLCANS NEWS\",\"isPartOf\":{\"@id\":\"https:\\\/\\\/lesvolcansnews.net\\\/#website\"},\"datePublished\":\"2019-06-23T04:39:37+00:00\",\"dateModified\":\"2019-06-23T04:48:27+00:00\",\"author\":{\"@id\":\"https:\\\/\\\/lesvolcansnews.net\\\/#\\\/schema\\\/person\\\/82c8bed2e77879ecf6cca63441f57354\"},\"breadcrumb\":{\"@id\":\"https:\\\/\\\/lesvolcansnews.net\\\/?p=3640#breadcrumb\"},\"inLanguage\":\"fr-FR\",\"potentialAction\":[{\"@type\":\"ReadAction\",\"target\":[\"https:\\\/\\\/lesvolcansnews.net\\\/?p=3640\"]}]},{\"@type\":\"BreadcrumbList\",\"@id\":\"https:\\\/\\\/lesvolcansnews.net\\\/?p=3640#breadcrumb\",\"itemListElement\":[{\"@type\":\"ListItem\",\"position\":1,\"name\":\"Accueil\",\"item\":\"https:\\\/\\\/lesvolcansnews.net\\\/\"},{\"@type\":\"ListItem\",\"position\":2,\"name\":\"La FEC identifie trois principes pour r\u00e9fl\u00e9chir sur le mod\u00e8le minier en RDC\"}]},{\"@type\":\"WebSite\",\"@id\":\"https:\\\/\\\/lesvolcansnews.net\\\/#website\",\"url\":\"https:\\\/\\\/lesvolcansnews.net\\\/\",\"name\":\"LES VOLCANS NEWS\",\"description\":\"L&#039;INFORMATION C&#039;EST NOUS\",\"potentialAction\":[{\"@type\":\"SearchAction\",\"target\":{\"@type\":\"EntryPoint\",\"urlTemplate\":\"https:\\\/\\\/lesvolcansnews.net\\\/?s={search_term_string}\"},\"query-input\":{\"@type\":\"PropertyValueSpecification\",\"valueRequired\":true,\"valueName\":\"search_term_string\"}}],\"inLanguage\":\"fr-FR\"},{\"@type\":\"Person\",\"@id\":\"https:\\\/\\\/lesvolcansnews.net\\\/#\\\/schema\\\/person\\\/82c8bed2e77879ecf6cca63441f57354\",\"name\":\"R\u00e9daction - Les Volcans News\",\"image\":{\"@type\":\"ImageObject\",\"inLanguage\":\"fr-FR\",\"@id\":\"https:\\\/\\\/secure.gravatar.com\\\/avatar\\\/8408942dd851e8a9c09f3d382a661bc05d2b3cd9002139bc1795b9528cdc6c80?s=96&d=mm&r=g\",\"url\":\"https:\\\/\\\/secure.gravatar.com\\\/avatar\\\/8408942dd851e8a9c09f3d382a661bc05d2b3cd9002139bc1795b9528cdc6c80?s=96&d=mm&r=g\",\"contentUrl\":\"https:\\\/\\\/secure.gravatar.com\\\/avatar\\\/8408942dd851e8a9c09f3d382a661bc05d2b3cd9002139bc1795b9528cdc6c80?s=96&d=mm&r=g\",\"caption\":\"R\u00e9daction - Les Volcans News\"},\"url\":\"https:\\\/\\\/lesvolcansnews.net\\\/?author=14\"}]}<\/script>\n<!-- \/ Yoast SEO plugin. -->","yoast_head_json":{"title":"La FEC identifie trois principes pour r\u00e9fl\u00e9chir sur le mod\u00e8le minier en RDC - LES VOLCANS NEWS","robots":{"index":"index","follow":"follow","max-snippet":"max-snippet:-1","max-image-preview":"max-image-preview:large","max-video-preview":"max-video-preview:-1"},"canonical":"https:\/\/lesvolcansnews.net\/?p=3640","og_locale":"fr_FR","og_type":"article","og_title":"La FEC identifie trois principes pour r\u00e9fl\u00e9chir sur le mod\u00e8le minier en RDC - LES VOLCANS NEWS","og_description":"Le pr\u00e9sident de la F\u00e9d\u00e9ration des entreprises du Congo (FEC), Albert Yuma, a identifi\u00e9 trois principes pour r\u00e9fl\u00e9chir \u00e0 nouveau sur le mod\u00e8le minier en R\u00e9publique d\u00e9mocratique du Congo. Il","og_url":"https:\/\/lesvolcansnews.net\/?p=3640","og_site_name":"LES VOLCANS NEWS","article_published_time":"2019-06-23T04:39:37+00:00","article_modified_time":"2019-06-23T04:48:27+00:00","author":"R\u00e9daction - Les Volcans News","twitter_card":"summary_large_image","twitter_misc":{"\u00c9crit par":"R\u00e9daction - Les Volcans News","Dur\u00e9e de lecture estim\u00e9e":"2 minutes"},"schema":{"@context":"https:\/\/schema.org","@graph":[{"@type":"Article","@id":"https:\/\/lesvolcansnews.net\/?p=3640#article","isPartOf":{"@id":"https:\/\/lesvolcansnews.net\/?p=3640"},"author":{"name":"R\u00e9daction - Les Volcans News","@id":"https:\/\/lesvolcansnews.net\/#\/schema\/person\/82c8bed2e77879ecf6cca63441f57354"},"headline":"La FEC identifie trois principes pour r\u00e9fl\u00e9chir sur le mod\u00e8le minier en RDC","datePublished":"2019-06-23T04:39:37+00:00","dateModified":"2019-06-23T04:48:27+00:00","mainEntityOfPage":{"@id":"https:\/\/lesvolcansnews.net\/?p=3640"},"wordCount":416,"commentCount":0,"articleSection":["\u00c9CONOMIE"],"inLanguage":"fr-FR","potentialAction":[{"@type":"CommentAction","name":"Comment","target":["https:\/\/lesvolcansnews.net\/?p=3640#respond"]}]},{"@type":"WebPage","@id":"https:\/\/lesvolcansnews.net\/?p=3640","url":"https:\/\/lesvolcansnews.net\/?p=3640","name":"La FEC identifie trois principes pour r\u00e9fl\u00e9chir sur le mod\u00e8le minier en RDC - LES VOLCANS NEWS","isPartOf":{"@id":"https:\/\/lesvolcansnews.net\/#website"},"datePublished":"2019-06-23T04:39:37+00:00","dateModified":"2019-06-23T04:48:27+00:00","author":{"@id":"https:\/\/lesvolcansnews.net\/#\/schema\/person\/82c8bed2e77879ecf6cca63441f57354"},"breadcrumb":{"@id":"https:\/\/lesvolcansnews.net\/?p=3640#breadcrumb"},"inLanguage":"fr-FR","potentialAction":[{"@type":"ReadAction","target":["https:\/\/lesvolcansnews.net\/?p=3640"]}]},{"@type":"BreadcrumbList","@id":"https:\/\/lesvolcansnews.net\/?p=3640#breadcrumb","itemListElement":[{"@type":"ListItem","position":1,"name":"Accueil","item":"https:\/\/lesvolcansnews.net\/"},{"@type":"ListItem","position":2,"name":"La FEC identifie trois principes pour r\u00e9fl\u00e9chir sur le mod\u00e8le minier en RDC"}]},{"@type":"WebSite","@id":"https:\/\/lesvolcansnews.net\/#website","url":"https:\/\/lesvolcansnews.net\/","name":"LES VOLCANS NEWS","description":"L&#039;INFORMATION C&#039;EST NOUS","potentialAction":[{"@type":"SearchAction","target":{"@type":"EntryPoint","urlTemplate":"https:\/\/lesvolcansnews.net\/?s={search_term_string}"},"query-input":{"@type":"PropertyValueSpecification","valueRequired":true,"valueName":"search_term_string"}}],"inLanguage":"fr-FR"},{"@type":"Person","@id":"https:\/\/lesvolcansnews.net\/#\/schema\/person\/82c8bed2e77879ecf6cca63441f57354","name":"R\u00e9daction - Les Volcans News","image":{"@type":"ImageObject","inLanguage":"fr-FR","@id":"https:\/\/secure.gravatar.com\/avatar\/8408942dd851e8a9c09f3d382a661bc05d2b3cd9002139bc1795b9528cdc6c80?s=96&d=mm&r=g","url":"https:\/\/secure.gravatar.com\/avatar\/8408942dd851e8a9c09f3d382a661bc05d2b3cd9002139bc1795b9528cdc6c80?s=96&d=mm&r=g","contentUrl":"https:\/\/secure.gravatar.com\/avatar\/8408942dd851e8a9c09f3d382a661bc05d2b3cd9002139bc1795b9528cdc6c80?s=96&d=mm&r=g","caption":"R\u00e9daction - Les Volcans News"},"url":"https:\/\/lesvolcansnews.net\/?author=14"}]}},"_links":{"self":[{"href":"https:\/\/lesvolcansnews.net\/index.php?rest_route=\/wp\/v2\/posts\/3640","targetHints":{"allow":["GET"]}}],"collection":[{"href":"https:\/\/lesvolcansnews.net\/index.php?rest_route=\/wp\/v2\/posts"}],"about":[{"href":"https:\/\/lesvolcansnews.net\/index.php?rest_route=\/wp\/v2\/types\/post"}],"author":[{"embeddable":true,"href":"https:\/\/lesvolcansnews.net\/index.php?rest_route=\/wp\/v2\/users\/14"}],"replies":[{"embeddable":true,"href":"https:\/\/lesvolcansnews.net\/index.php?rest_route=%2Fwp%2Fv2%2Fcomments&post=3640"}],"version-history":[{"count":1,"href":"https:\/\/lesvolcansnews.net\/index.php?rest_route=\/wp\/v2\/posts\/3640\/revisions"}],"predecessor-version":[{"id":3641,"href":"https:\/\/lesvolcansnews.net\/index.php?rest_route=\/wp\/v2\/posts\/3640\/revisions\/3641"}],"wp:attachment":[{"href":"https:\/\/lesvolcansnews.net\/index.php?rest_route=%2Fwp%2Fv2%2Fmedia&parent=3640"}],"wp:term":[{"taxonomy":"category","embeddable":true,"href":"https:\/\/lesvolcansnews.net\/index.php?rest_route=%2Fwp%2Fv2%2Fcategories&post=3640"},{"taxonomy":"post_tag","embeddable":true,"href":"https:\/\/lesvolcansnews.net\/index.php?rest_route=%2Fwp%2Fv2%2Ftags&post=3640"}],"curies":[{"name":"wp","href":"https:\/\/api.w.org\/{rel}","templated":true}]}}