{"id":36098,"date":"2022-12-27T08:35:45","date_gmt":"2022-12-27T08:35:45","guid":{"rendered":"https:\/\/lesvolcansnews.net\/?p=36098"},"modified":"2022-12-27T11:25:01","modified_gmt":"2022-12-27T11:25:01","slug":"necrologie-le-chef-de-groupement-busanza-en-chefferie-de-bashu-nest-plus","status":"publish","type":"post","link":"https:\/\/lesvolcansnews.net\/?p=36098","title":{"rendered":"N\u00e9crologie\u00a0: Le chef de groupement Busanza en chefferie de Bwisha n&#8217;est plus"},"content":{"rendered":"\n<p>La chefferie de Bwisha est en deuil. Elle vient de perdre l&#8217;un de ses animateurs \u00e0 l&#8217;occurrence le chef du groupement Busanza.<br \/><br \/>La nouvelle est tomb\u00e9e comme une foudre le matin de ce mardi 27 d\u00e9cembre 2022.<br \/><br \/>Plusieurs sources contact\u00e9es par lesvolcansnews.net ont confirm\u00e9 la mort depuis 3 heures de monsieur Bahizi Ndabateze Claude.<br \/><br \/>Il \u00e9tait intern\u00e9 \u00e0 l\u2019h\u00f4pital Betsaida connu sous le nom de CBCA\/Ndosho, lieu o\u00f9 il est d\u00e9c\u00e9d\u00e9 de suite d\u2019une maladie, indiquent nos sources. <br \/><br \/>Le doyen des chefs des groupements de la chefferie de Bwisha s\u2019\u00e9tait d\u00e9plac\u00e9 \u00e0 Goma depuis plus d\u2019un mois maintenant, avec ses six confr\u00e8res chefs des groupements y compris le chef de la chefferie apr\u00e8s l\u2019occupation d\u2019une grande partie de cette entit\u00e9 du territoire de Rutshuru par les rebelles du M23.<br \/><br \/>Paix \u00e0 son \u00e2me&nbsp;!<br \/><br \/><strong>La R\u00e9daction<\/strong><\/p>\n","protected":false},"excerpt":{"rendered":"<p>La chefferie de Bwisha est en deuil. Elle vient de perdre l&#8217;un de ses animateurs \u00e0 l&#8217;occurrence le chef du groupement Busanza. La nouvelle est tomb\u00e9e comme une foudre le<\/p>\n","protected":false},"author":14,"featured_media":36097,"comment_status":"open","ping_status":"open","sticky":false,"template":"","format":"standard","meta":{"footnotes":""},"categories":[53],"tags":[],"class_list":["post-36098","post","type-post","status-publish","format-standard","has-post-thumbnail","hentry","category-necrologie"],"yoast_head":"<!-- This site is optimized with the Yoast SEO plugin v27.5 - https:\/\/yoast.com\/product\/yoast-seo-wordpress\/ -->\n<title>N\u00e9crologie\u00a0: Le chef de groupement Busanza en chefferie de Bwisha n&#039;est plus - LES VOLCANS NEWS<\/title>\n<meta name=\"robots\" content=\"index, follow, max-snippet:-1, max-image-preview:large, max-video-preview:-1\" \/>\n<link rel=\"canonical\" href=\"https:\/\/lesvolcansnews.net\/?p=36098\" \/>\n<meta property=\"og:locale\" content=\"fr_FR\" \/>\n<meta property=\"og:type\" content=\"article\" \/>\n<meta property=\"og:title\" content=\"N\u00e9crologie\u00a0: Le chef de groupement Busanza en chefferie de Bwisha n&#039;est plus - LES VOLCANS NEWS\" \/>\n<meta property=\"og:description\" content=\"La chefferie de Bwisha est en deuil. Elle vient de perdre l&#8217;un de ses animateurs \u00e0 l&#8217;occurrence le chef du groupement Busanza. La nouvelle est tomb\u00e9e comme une foudre le\" \/>\n<meta property=\"og:url\" content=\"https:\/\/lesvolcansnews.net\/?p=36098\" \/>\n<meta property=\"og:site_name\" content=\"LES VOLCANS NEWS\" \/>\n<meta property=\"article:published_time\" content=\"2022-12-27T08:35:45+00:00\" \/>\n<meta property=\"article:modified_time\" content=\"2022-12-27T11:25:01+00:00\" \/>\n<meta property=\"og:image\" content=\"https:\/\/lesvolcansnews.net\/wp-content\/uploads\/2022\/12\/IMG-20221227-WA0013.jpg\" \/>\n\t<meta property=\"og:image:width\" content=\"720\" \/>\n\t<meta property=\"og:image:height\" content=\"960\" \/>\n\t<meta property=\"og:image:type\" content=\"image\/jpeg\" \/>\n<meta name=\"author\" content=\"R\u00e9daction - Les Volcans News\" \/>\n<meta name=\"twitter:card\" content=\"summary_large_image\" \/>\n<meta name=\"twitter:label1\" content=\"\u00c9crit par\" \/>\n\t<meta name=\"twitter:data1\" content=\"R\u00e9daction - Les Volcans News\" \/>\n\t<meta name=\"twitter:label2\" content=\"Dur\u00e9e de lecture estim\u00e9e\" \/>\n\t<meta name=\"twitter:data2\" content=\"1 minute\" \/>\n<script type=\"application\/ld+json\" class=\"yoast-schema-graph\">{\"@context\":\"https:\\\/\\\/schema.org\",\"@graph\":[{\"@type\":\"Article\",\"@id\":\"https:\\\/\\\/lesvolcansnews.net\\\/?p=36098#article\",\"isPartOf\":{\"@id\":\"https:\\\/\\\/lesvolcansnews.net\\\/?p=36098\"},\"author\":{\"name\":\"R\u00e9daction - Les Volcans News\",\"@id\":\"https:\\\/\\\/lesvolcansnews.net\\\/#\\\/schema\\\/person\\\/82c8bed2e77879ecf6cca63441f57354\"},\"headline\":\"N\u00e9crologie\u00a0: Le chef de groupement Busanza en chefferie de Bwisha n&#8217;est plus\",\"datePublished\":\"2022-12-27T08:35:45+00:00\",\"dateModified\":\"2022-12-27T11:25:01+00:00\",\"mainEntityOfPage\":{\"@id\":\"https:\\\/\\\/lesvolcansnews.net\\\/?p=36098\"},\"wordCount\":163,\"commentCount\":0,\"image\":{\"@id\":\"https:\\\/\\\/lesvolcansnews.net\\\/?p=36098#primaryimage\"},\"thumbnailUrl\":\"https:\\\/\\\/lesvolcansnews.net\\\/wp-content\\\/uploads\\\/2022\\\/12\\\/IMG-20221227-WA0013.jpg\",\"articleSection\":[\"N\u00c9CROLOGIE\"],\"inLanguage\":\"fr-FR\",\"potentialAction\":[{\"@type\":\"CommentAction\",\"name\":\"Comment\",\"target\":[\"https:\\\/\\\/lesvolcansnews.net\\\/?p=36098#respond\"]}]},{\"@type\":\"WebPage\",\"@id\":\"https:\\\/\\\/lesvolcansnews.net\\\/?p=36098\",\"url\":\"https:\\\/\\\/lesvolcansnews.net\\\/?p=36098\",\"name\":\"N\u00e9crologie\u00a0: Le chef de groupement Busanza en chefferie de Bwisha n'est plus - LES VOLCANS NEWS\",\"isPartOf\":{\"@id\":\"https:\\\/\\\/lesvolcansnews.net\\\/#website\"},\"primaryImageOfPage\":{\"@id\":\"https:\\\/\\\/lesvolcansnews.net\\\/?p=36098#primaryimage\"},\"image\":{\"@id\":\"https:\\\/\\\/lesvolcansnews.net\\\/?p=36098#primaryimage\"},\"thumbnailUrl\":\"https:\\\/\\\/lesvolcansnews.net\\\/wp-content\\\/uploads\\\/2022\\\/12\\\/IMG-20221227-WA0013.jpg\",\"datePublished\":\"2022-12-27T08:35:45+00:00\",\"dateModified\":\"2022-12-27T11:25:01+00:00\",\"author\":{\"@id\":\"https:\\\/\\\/lesvolcansnews.net\\\/#\\\/schema\\\/person\\\/82c8bed2e77879ecf6cca63441f57354\"},\"breadcrumb\":{\"@id\":\"https:\\\/\\\/lesvolcansnews.net\\\/?p=36098#breadcrumb\"},\"inLanguage\":\"fr-FR\",\"potentialAction\":[{\"@type\":\"ReadAction\",\"target\":[\"https:\\\/\\\/lesvolcansnews.net\\\/?p=36098\"]}]},{\"@type\":\"ImageObject\",\"inLanguage\":\"fr-FR\",\"@id\":\"https:\\\/\\\/lesvolcansnews.net\\\/?p=36098#primaryimage\",\"url\":\"https:\\\/\\\/lesvolcansnews.net\\\/wp-content\\\/uploads\\\/2022\\\/12\\\/IMG-20221227-WA0013.jpg\",\"contentUrl\":\"https:\\\/\\\/lesvolcansnews.net\\\/wp-content\\\/uploads\\\/2022\\\/12\\\/IMG-20221227-WA0013.jpg\",\"width\":720,\"height\":960},{\"@type\":\"BreadcrumbList\",\"@id\":\"https:\\\/\\\/lesvolcansnews.net\\\/?p=36098#breadcrumb\",\"itemListElement\":[{\"@type\":\"ListItem\",\"position\":1,\"name\":\"Accueil\",\"item\":\"https:\\\/\\\/lesvolcansnews.net\\\/\"},{\"@type\":\"ListItem\",\"position\":2,\"name\":\"N\u00e9crologie\u00a0: Le chef de groupement Busanza en chefferie de Bwisha n&#8217;est plus\"}]},{\"@type\":\"WebSite\",\"@id\":\"https:\\\/\\\/lesvolcansnews.net\\\/#website\",\"url\":\"https:\\\/\\\/lesvolcansnews.net\\\/\",\"name\":\"LES VOLCANS NEWS\",\"description\":\"L&#039;INFORMATION C&#039;EST NOUS\",\"potentialAction\":[{\"@type\":\"SearchAction\",\"target\":{\"@type\":\"EntryPoint\",\"urlTemplate\":\"https:\\\/\\\/lesvolcansnews.net\\\/?s={search_term_string}\"},\"query-input\":{\"@type\":\"PropertyValueSpecification\",\"valueRequired\":true,\"valueName\":\"search_term_string\"}}],\"inLanguage\":\"fr-FR\"},{\"@type\":\"Person\",\"@id\":\"https:\\\/\\\/lesvolcansnews.net\\\/#\\\/schema\\\/person\\\/82c8bed2e77879ecf6cca63441f57354\",\"name\":\"R\u00e9daction - Les Volcans News\",\"image\":{\"@type\":\"ImageObject\",\"inLanguage\":\"fr-FR\",\"@id\":\"https:\\\/\\\/secure.gravatar.com\\\/avatar\\\/8408942dd851e8a9c09f3d382a661bc05d2b3cd9002139bc1795b9528cdc6c80?s=96&d=mm&r=g\",\"url\":\"https:\\\/\\\/secure.gravatar.com\\\/avatar\\\/8408942dd851e8a9c09f3d382a661bc05d2b3cd9002139bc1795b9528cdc6c80?s=96&d=mm&r=g\",\"contentUrl\":\"https:\\\/\\\/secure.gravatar.com\\\/avatar\\\/8408942dd851e8a9c09f3d382a661bc05d2b3cd9002139bc1795b9528cdc6c80?s=96&d=mm&r=g\",\"caption\":\"R\u00e9daction - Les Volcans News\"},\"url\":\"https:\\\/\\\/lesvolcansnews.net\\\/?author=14\"}]}<\/script>\n<!-- \/ Yoast SEO plugin. -->","yoast_head_json":{"title":"N\u00e9crologie\u00a0: Le chef de groupement Busanza en chefferie de Bwisha n'est plus - LES VOLCANS NEWS","robots":{"index":"index","follow":"follow","max-snippet":"max-snippet:-1","max-image-preview":"max-image-preview:large","max-video-preview":"max-video-preview:-1"},"canonical":"https:\/\/lesvolcansnews.net\/?p=36098","og_locale":"fr_FR","og_type":"article","og_title":"N\u00e9crologie\u00a0: Le chef de groupement Busanza en chefferie de Bwisha n'est plus - LES VOLCANS NEWS","og_description":"La chefferie de Bwisha est en deuil. Elle vient de perdre l&#8217;un de ses animateurs \u00e0 l&#8217;occurrence le chef du groupement Busanza. La nouvelle est tomb\u00e9e comme une foudre le","og_url":"https:\/\/lesvolcansnews.net\/?p=36098","og_site_name":"LES VOLCANS NEWS","article_published_time":"2022-12-27T08:35:45+00:00","article_modified_time":"2022-12-27T11:25:01+00:00","og_image":[{"width":720,"height":960,"url":"https:\/\/lesvolcansnews.net\/wp-content\/uploads\/2022\/12\/IMG-20221227-WA0013.jpg","type":"image\/jpeg"}],"author":"R\u00e9daction - Les Volcans News","twitter_card":"summary_large_image","twitter_misc":{"\u00c9crit par":"R\u00e9daction - Les Volcans News","Dur\u00e9e de lecture estim\u00e9e":"1 minute"},"schema":{"@context":"https:\/\/schema.org","@graph":[{"@type":"Article","@id":"https:\/\/lesvolcansnews.net\/?p=36098#article","isPartOf":{"@id":"https:\/\/lesvolcansnews.net\/?p=36098"},"author":{"name":"R\u00e9daction - Les Volcans News","@id":"https:\/\/lesvolcansnews.net\/#\/schema\/person\/82c8bed2e77879ecf6cca63441f57354"},"headline":"N\u00e9crologie\u00a0: Le chef de groupement Busanza en chefferie de Bwisha n&#8217;est plus","datePublished":"2022-12-27T08:35:45+00:00","dateModified":"2022-12-27T11:25:01+00:00","mainEntityOfPage":{"@id":"https:\/\/lesvolcansnews.net\/?p=36098"},"wordCount":163,"commentCount":0,"image":{"@id":"https:\/\/lesvolcansnews.net\/?p=36098#primaryimage"},"thumbnailUrl":"https:\/\/lesvolcansnews.net\/wp-content\/uploads\/2022\/12\/IMG-20221227-WA0013.jpg","articleSection":["N\u00c9CROLOGIE"],"inLanguage":"fr-FR","potentialAction":[{"@type":"CommentAction","name":"Comment","target":["https:\/\/lesvolcansnews.net\/?p=36098#respond"]}]},{"@type":"WebPage","@id":"https:\/\/lesvolcansnews.net\/?p=36098","url":"https:\/\/lesvolcansnews.net\/?p=36098","name":"N\u00e9crologie\u00a0: Le chef de groupement Busanza en chefferie de Bwisha n'est plus - LES VOLCANS NEWS","isPartOf":{"@id":"https:\/\/lesvolcansnews.net\/#website"},"primaryImageOfPage":{"@id":"https:\/\/lesvolcansnews.net\/?p=36098#primaryimage"},"image":{"@id":"https:\/\/lesvolcansnews.net\/?p=36098#primaryimage"},"thumbnailUrl":"https:\/\/lesvolcansnews.net\/wp-content\/uploads\/2022\/12\/IMG-20221227-WA0013.jpg","datePublished":"2022-12-27T08:35:45+00:00","dateModified":"2022-12-27T11:25:01+00:00","author":{"@id":"https:\/\/lesvolcansnews.net\/#\/schema\/person\/82c8bed2e77879ecf6cca63441f57354"},"breadcrumb":{"@id":"https:\/\/lesvolcansnews.net\/?p=36098#breadcrumb"},"inLanguage":"fr-FR","potentialAction":[{"@type":"ReadAction","target":["https:\/\/lesvolcansnews.net\/?p=36098"]}]},{"@type":"ImageObject","inLanguage":"fr-FR","@id":"https:\/\/lesvolcansnews.net\/?p=36098#primaryimage","url":"https:\/\/lesvolcansnews.net\/wp-content\/uploads\/2022\/12\/IMG-20221227-WA0013.jpg","contentUrl":"https:\/\/lesvolcansnews.net\/wp-content\/uploads\/2022\/12\/IMG-20221227-WA0013.jpg","width":720,"height":960},{"@type":"BreadcrumbList","@id":"https:\/\/lesvolcansnews.net\/?p=36098#breadcrumb","itemListElement":[{"@type":"ListItem","position":1,"name":"Accueil","item":"https:\/\/lesvolcansnews.net\/"},{"@type":"ListItem","position":2,"name":"N\u00e9crologie\u00a0: Le chef de groupement Busanza en chefferie de Bwisha n&#8217;est plus"}]},{"@type":"WebSite","@id":"https:\/\/lesvolcansnews.net\/#website","url":"https:\/\/lesvolcansnews.net\/","name":"LES VOLCANS NEWS","description":"L&#039;INFORMATION C&#039;EST NOUS","potentialAction":[{"@type":"SearchAction","target":{"@type":"EntryPoint","urlTemplate":"https:\/\/lesvolcansnews.net\/?s={search_term_string}"},"query-input":{"@type":"PropertyValueSpecification","valueRequired":true,"valueName":"search_term_string"}}],"inLanguage":"fr-FR"},{"@type":"Person","@id":"https:\/\/lesvolcansnews.net\/#\/schema\/person\/82c8bed2e77879ecf6cca63441f57354","name":"R\u00e9daction - Les Volcans News","image":{"@type":"ImageObject","inLanguage":"fr-FR","@id":"https:\/\/secure.gravatar.com\/avatar\/8408942dd851e8a9c09f3d382a661bc05d2b3cd9002139bc1795b9528cdc6c80?s=96&d=mm&r=g","url":"https:\/\/secure.gravatar.com\/avatar\/8408942dd851e8a9c09f3d382a661bc05d2b3cd9002139bc1795b9528cdc6c80?s=96&d=mm&r=g","contentUrl":"https:\/\/secure.gravatar.com\/avatar\/8408942dd851e8a9c09f3d382a661bc05d2b3cd9002139bc1795b9528cdc6c80?s=96&d=mm&r=g","caption":"R\u00e9daction - Les Volcans News"},"url":"https:\/\/lesvolcansnews.net\/?author=14"}]}},"_links":{"self":[{"href":"https:\/\/lesvolcansnews.net\/index.php?rest_route=\/wp\/v2\/posts\/36098","targetHints":{"allow":["GET"]}}],"collection":[{"href":"https:\/\/lesvolcansnews.net\/index.php?rest_route=\/wp\/v2\/posts"}],"about":[{"href":"https:\/\/lesvolcansnews.net\/index.php?rest_route=\/wp\/v2\/types\/post"}],"author":[{"embeddable":true,"href":"https:\/\/lesvolcansnews.net\/index.php?rest_route=\/wp\/v2\/users\/14"}],"replies":[{"embeddable":true,"href":"https:\/\/lesvolcansnews.net\/index.php?rest_route=%2Fwp%2Fv2%2Fcomments&post=36098"}],"version-history":[{"count":2,"href":"https:\/\/lesvolcansnews.net\/index.php?rest_route=\/wp\/v2\/posts\/36098\/revisions"}],"predecessor-version":[{"id":36106,"href":"https:\/\/lesvolcansnews.net\/index.php?rest_route=\/wp\/v2\/posts\/36098\/revisions\/36106"}],"wp:featuredmedia":[{"embeddable":true,"href":"https:\/\/lesvolcansnews.net\/index.php?rest_route=\/wp\/v2\/media\/36097"}],"wp:attachment":[{"href":"https:\/\/lesvolcansnews.net\/index.php?rest_route=%2Fwp%2Fv2%2Fmedia&parent=36098"}],"wp:term":[{"taxonomy":"category","embeddable":true,"href":"https:\/\/lesvolcansnews.net\/index.php?rest_route=%2Fwp%2Fv2%2Fcategories&post=36098"},{"taxonomy":"post_tag","embeddable":true,"href":"https:\/\/lesvolcansnews.net\/index.php?rest_route=%2Fwp%2Fv2%2Ftags&post=36098"}],"curies":[{"name":"wp","href":"https:\/\/api.w.org\/{rel}","templated":true}]}}