{"id":36090,"date":"2022-12-27T04:14:44","date_gmt":"2022-12-27T04:14:44","guid":{"rendered":"https:\/\/lesvolcansnews.net\/2022\/12\/27\/nord-kivu-un-groupe-de-presumes-bandits-criminels-apprehendes-a-goma-presentes-au-vice-gouverneur\/"},"modified":"2022-12-27T04:14:44","modified_gmt":"2022-12-27T04:14:44","slug":"nord-kivu-un-groupe-de-presumes-bandits-criminels-apprehendes-a-goma-presentes-au-vice-gouverneur","status":"publish","type":"post","link":"https:\/\/lesvolcansnews.net\/?p=36090","title":{"rendered":"Nord-Kivu : Un groupe de pr\u00e9sum\u00e9s bandits criminels appr\u00e9hend\u00e9s \u00e0 Goma pr\u00e9sent\u00e9s au vice-gouverneur"},"content":{"rendered":"\n<p>Plusieurs pr\u00e9sum\u00e9s bandits criminels, \u00e0 la base de l&#8217;ins\u00e9curit\u00e9 \u00e0 Goma, chef-lieu du Nord-Kivu, ont \u00e9t\u00e9 pr\u00e9sent\u00e9s lundi 26 d\u00e9cembre 2022 au vice-gouverneur Romy Ekuka.<br><br>La pr\u00e9sentation de ces pr\u00e9sum\u00e9s accus\u00e9s de plusieurs exactions en cette p\u00e9riode de fin d\u2019ann\u00e9e dans la ville de Goma a \u00e9t\u00e9 faite par le commissaire sup\u00e9rieur principal Dr Alain Alisa Job au vice gouverneur de province, le commissaire divisionnaire Romy Ekuka. <br><br>La police nationale tient en m\u00eame temps \u00e0 rassurer la population de Goma sur la passation s\u00e9curis\u00e9e de cette p\u00e9riode festive. <br><br><strong>La r\u00e9daction<\/strong> <\/p>\n","protected":false},"excerpt":{"rendered":"<p>Plusieurs pr\u00e9sum\u00e9s bandits criminels, \u00e0 la base de l&#8217;ins\u00e9curit\u00e9 \u00e0 Goma, chef-lieu du Nord-Kivu, ont \u00e9t\u00e9 pr\u00e9sent\u00e9s lundi 26 d\u00e9cembre 2022 au vice-gouverneur Romy Ekuka. La pr\u00e9sentation de ces pr\u00e9sum\u00e9s<\/p>\n","protected":false},"author":14,"featured_media":36089,"comment_status":"open","ping_status":"open","sticky":false,"template":"","format":"standard","meta":{"footnotes":""},"categories":[9],"tags":[],"class_list":["post-36090","post","type-post","status-publish","format-standard","has-post-thumbnail","hentry","category-societe"],"yoast_head":"<!-- This site is optimized with the Yoast SEO plugin v27.5 - https:\/\/yoast.com\/product\/yoast-seo-wordpress\/ -->\n<title>Nord-Kivu : Un groupe de pr\u00e9sum\u00e9s bandits criminels appr\u00e9hend\u00e9s \u00e0 Goma pr\u00e9sent\u00e9s au vice-gouverneur - LES VOLCANS NEWS<\/title>\n<meta name=\"robots\" content=\"index, follow, max-snippet:-1, max-image-preview:large, max-video-preview:-1\" \/>\n<link rel=\"canonical\" href=\"https:\/\/lesvolcansnews.net\/?p=36090\" \/>\n<meta property=\"og:locale\" content=\"fr_FR\" \/>\n<meta property=\"og:type\" content=\"article\" \/>\n<meta property=\"og:title\" content=\"Nord-Kivu : Un groupe de pr\u00e9sum\u00e9s bandits criminels appr\u00e9hend\u00e9s \u00e0 Goma pr\u00e9sent\u00e9s au vice-gouverneur - LES VOLCANS NEWS\" \/>\n<meta property=\"og:description\" content=\"Plusieurs pr\u00e9sum\u00e9s bandits criminels, \u00e0 la base de l&#8217;ins\u00e9curit\u00e9 \u00e0 Goma, chef-lieu du Nord-Kivu, ont \u00e9t\u00e9 pr\u00e9sent\u00e9s lundi 26 d\u00e9cembre 2022 au vice-gouverneur Romy Ekuka. La pr\u00e9sentation de ces pr\u00e9sum\u00e9s\" \/>\n<meta property=\"og:url\" content=\"https:\/\/lesvolcansnews.net\/?p=36090\" \/>\n<meta property=\"og:site_name\" content=\"LES VOLCANS NEWS\" \/>\n<meta property=\"article:published_time\" content=\"2022-12-27T04:14:44+00:00\" \/>\n<meta property=\"og:image\" content=\"https:\/\/lesvolcansnews.net\/wp-content\/uploads\/2022\/12\/1672041604489.jpg\" \/>\n\t<meta property=\"og:image:width\" content=\"720\" \/>\n\t<meta property=\"og:image:height\" content=\"480\" \/>\n\t<meta property=\"og:image:type\" content=\"image\/jpeg\" \/>\n<meta name=\"author\" content=\"R\u00e9daction - Les Volcans News\" \/>\n<meta name=\"twitter:card\" content=\"summary_large_image\" \/>\n<meta name=\"twitter:label1\" content=\"\u00c9crit par\" \/>\n\t<meta name=\"twitter:data1\" content=\"R\u00e9daction - Les Volcans News\" \/>\n\t<meta name=\"twitter:label2\" content=\"Dur\u00e9e de lecture estim\u00e9e\" \/>\n\t<meta name=\"twitter:data2\" content=\"1 minute\" \/>\n<script type=\"application\/ld+json\" class=\"yoast-schema-graph\">{\"@context\":\"https:\\\/\\\/schema.org\",\"@graph\":[{\"@type\":\"Article\",\"@id\":\"https:\\\/\\\/lesvolcansnews.net\\\/?p=36090#article\",\"isPartOf\":{\"@id\":\"https:\\\/\\\/lesvolcansnews.net\\\/?p=36090\"},\"author\":{\"name\":\"R\u00e9daction - Les Volcans News\",\"@id\":\"https:\\\/\\\/lesvolcansnews.net\\\/#\\\/schema\\\/person\\\/82c8bed2e77879ecf6cca63441f57354\"},\"headline\":\"Nord-Kivu : Un groupe de pr\u00e9sum\u00e9s bandits criminels appr\u00e9hend\u00e9s \u00e0 Goma pr\u00e9sent\u00e9s au vice-gouverneur\",\"datePublished\":\"2022-12-27T04:14:44+00:00\",\"mainEntityOfPage\":{\"@id\":\"https:\\\/\\\/lesvolcansnews.net\\\/?p=36090\"},\"wordCount\":123,\"commentCount\":0,\"image\":{\"@id\":\"https:\\\/\\\/lesvolcansnews.net\\\/?p=36090#primaryimage\"},\"thumbnailUrl\":\"https:\\\/\\\/lesvolcansnews.net\\\/wp-content\\\/uploads\\\/2022\\\/12\\\/1672041604489.jpg\",\"articleSection\":[\"SOCIET\u00c9\"],\"inLanguage\":\"fr-FR\",\"potentialAction\":[{\"@type\":\"CommentAction\",\"name\":\"Comment\",\"target\":[\"https:\\\/\\\/lesvolcansnews.net\\\/?p=36090#respond\"]}]},{\"@type\":\"WebPage\",\"@id\":\"https:\\\/\\\/lesvolcansnews.net\\\/?p=36090\",\"url\":\"https:\\\/\\\/lesvolcansnews.net\\\/?p=36090\",\"name\":\"Nord-Kivu : Un groupe de pr\u00e9sum\u00e9s bandits criminels appr\u00e9hend\u00e9s \u00e0 Goma pr\u00e9sent\u00e9s au vice-gouverneur - LES VOLCANS NEWS\",\"isPartOf\":{\"@id\":\"https:\\\/\\\/lesvolcansnews.net\\\/#website\"},\"primaryImageOfPage\":{\"@id\":\"https:\\\/\\\/lesvolcansnews.net\\\/?p=36090#primaryimage\"},\"image\":{\"@id\":\"https:\\\/\\\/lesvolcansnews.net\\\/?p=36090#primaryimage\"},\"thumbnailUrl\":\"https:\\\/\\\/lesvolcansnews.net\\\/wp-content\\\/uploads\\\/2022\\\/12\\\/1672041604489.jpg\",\"datePublished\":\"2022-12-27T04:14:44+00:00\",\"author\":{\"@id\":\"https:\\\/\\\/lesvolcansnews.net\\\/#\\\/schema\\\/person\\\/82c8bed2e77879ecf6cca63441f57354\"},\"breadcrumb\":{\"@id\":\"https:\\\/\\\/lesvolcansnews.net\\\/?p=36090#breadcrumb\"},\"inLanguage\":\"fr-FR\",\"potentialAction\":[{\"@type\":\"ReadAction\",\"target\":[\"https:\\\/\\\/lesvolcansnews.net\\\/?p=36090\"]}]},{\"@type\":\"ImageObject\",\"inLanguage\":\"fr-FR\",\"@id\":\"https:\\\/\\\/lesvolcansnews.net\\\/?p=36090#primaryimage\",\"url\":\"https:\\\/\\\/lesvolcansnews.net\\\/wp-content\\\/uploads\\\/2022\\\/12\\\/1672041604489.jpg\",\"contentUrl\":\"https:\\\/\\\/lesvolcansnews.net\\\/wp-content\\\/uploads\\\/2022\\\/12\\\/1672041604489.jpg\",\"width\":720,\"height\":480,\"caption\":\"Des pr\u00e9sum\u00e9s criminels pr\u00e9sent\u00e9s au vice-gouverneur, photo droit tierce\"},{\"@type\":\"BreadcrumbList\",\"@id\":\"https:\\\/\\\/lesvolcansnews.net\\\/?p=36090#breadcrumb\",\"itemListElement\":[{\"@type\":\"ListItem\",\"position\":1,\"name\":\"Accueil\",\"item\":\"https:\\\/\\\/lesvolcansnews.net\\\/\"},{\"@type\":\"ListItem\",\"position\":2,\"name\":\"Nord-Kivu : Un groupe de pr\u00e9sum\u00e9s bandits criminels appr\u00e9hend\u00e9s \u00e0 Goma pr\u00e9sent\u00e9s au vice-gouverneur\"}]},{\"@type\":\"WebSite\",\"@id\":\"https:\\\/\\\/lesvolcansnews.net\\\/#website\",\"url\":\"https:\\\/\\\/lesvolcansnews.net\\\/\",\"name\":\"LES VOLCANS NEWS\",\"description\":\"L&#039;INFORMATION C&#039;EST NOUS\",\"potentialAction\":[{\"@type\":\"SearchAction\",\"target\":{\"@type\":\"EntryPoint\",\"urlTemplate\":\"https:\\\/\\\/lesvolcansnews.net\\\/?s={search_term_string}\"},\"query-input\":{\"@type\":\"PropertyValueSpecification\",\"valueRequired\":true,\"valueName\":\"search_term_string\"}}],\"inLanguage\":\"fr-FR\"},{\"@type\":\"Person\",\"@id\":\"https:\\\/\\\/lesvolcansnews.net\\\/#\\\/schema\\\/person\\\/82c8bed2e77879ecf6cca63441f57354\",\"name\":\"R\u00e9daction - Les Volcans News\",\"image\":{\"@type\":\"ImageObject\",\"inLanguage\":\"fr-FR\",\"@id\":\"https:\\\/\\\/secure.gravatar.com\\\/avatar\\\/8408942dd851e8a9c09f3d382a661bc05d2b3cd9002139bc1795b9528cdc6c80?s=96&d=mm&r=g\",\"url\":\"https:\\\/\\\/secure.gravatar.com\\\/avatar\\\/8408942dd851e8a9c09f3d382a661bc05d2b3cd9002139bc1795b9528cdc6c80?s=96&d=mm&r=g\",\"contentUrl\":\"https:\\\/\\\/secure.gravatar.com\\\/avatar\\\/8408942dd851e8a9c09f3d382a661bc05d2b3cd9002139bc1795b9528cdc6c80?s=96&d=mm&r=g\",\"caption\":\"R\u00e9daction - Les Volcans News\"},\"url\":\"https:\\\/\\\/lesvolcansnews.net\\\/?author=14\"}]}<\/script>\n<!-- \/ Yoast SEO plugin. -->","yoast_head_json":{"title":"Nord-Kivu : Un groupe de pr\u00e9sum\u00e9s bandits criminels appr\u00e9hend\u00e9s \u00e0 Goma pr\u00e9sent\u00e9s au vice-gouverneur - LES VOLCANS NEWS","robots":{"index":"index","follow":"follow","max-snippet":"max-snippet:-1","max-image-preview":"max-image-preview:large","max-video-preview":"max-video-preview:-1"},"canonical":"https:\/\/lesvolcansnews.net\/?p=36090","og_locale":"fr_FR","og_type":"article","og_title":"Nord-Kivu : Un groupe de pr\u00e9sum\u00e9s bandits criminels appr\u00e9hend\u00e9s \u00e0 Goma pr\u00e9sent\u00e9s au vice-gouverneur - LES VOLCANS NEWS","og_description":"Plusieurs pr\u00e9sum\u00e9s bandits criminels, \u00e0 la base de l&#8217;ins\u00e9curit\u00e9 \u00e0 Goma, chef-lieu du Nord-Kivu, ont \u00e9t\u00e9 pr\u00e9sent\u00e9s lundi 26 d\u00e9cembre 2022 au vice-gouverneur Romy Ekuka. La pr\u00e9sentation de ces pr\u00e9sum\u00e9s","og_url":"https:\/\/lesvolcansnews.net\/?p=36090","og_site_name":"LES VOLCANS NEWS","article_published_time":"2022-12-27T04:14:44+00:00","og_image":[{"width":720,"height":480,"url":"https:\/\/lesvolcansnews.net\/wp-content\/uploads\/2022\/12\/1672041604489.jpg","type":"image\/jpeg"}],"author":"R\u00e9daction - Les Volcans News","twitter_card":"summary_large_image","twitter_misc":{"\u00c9crit par":"R\u00e9daction - Les Volcans News","Dur\u00e9e de lecture estim\u00e9e":"1 minute"},"schema":{"@context":"https:\/\/schema.org","@graph":[{"@type":"Article","@id":"https:\/\/lesvolcansnews.net\/?p=36090#article","isPartOf":{"@id":"https:\/\/lesvolcansnews.net\/?p=36090"},"author":{"name":"R\u00e9daction - Les Volcans News","@id":"https:\/\/lesvolcansnews.net\/#\/schema\/person\/82c8bed2e77879ecf6cca63441f57354"},"headline":"Nord-Kivu : Un groupe de pr\u00e9sum\u00e9s bandits criminels appr\u00e9hend\u00e9s \u00e0 Goma pr\u00e9sent\u00e9s au vice-gouverneur","datePublished":"2022-12-27T04:14:44+00:00","mainEntityOfPage":{"@id":"https:\/\/lesvolcansnews.net\/?p=36090"},"wordCount":123,"commentCount":0,"image":{"@id":"https:\/\/lesvolcansnews.net\/?p=36090#primaryimage"},"thumbnailUrl":"https:\/\/lesvolcansnews.net\/wp-content\/uploads\/2022\/12\/1672041604489.jpg","articleSection":["SOCIET\u00c9"],"inLanguage":"fr-FR","potentialAction":[{"@type":"CommentAction","name":"Comment","target":["https:\/\/lesvolcansnews.net\/?p=36090#respond"]}]},{"@type":"WebPage","@id":"https:\/\/lesvolcansnews.net\/?p=36090","url":"https:\/\/lesvolcansnews.net\/?p=36090","name":"Nord-Kivu : Un groupe de pr\u00e9sum\u00e9s bandits criminels appr\u00e9hend\u00e9s \u00e0 Goma pr\u00e9sent\u00e9s au vice-gouverneur - LES VOLCANS NEWS","isPartOf":{"@id":"https:\/\/lesvolcansnews.net\/#website"},"primaryImageOfPage":{"@id":"https:\/\/lesvolcansnews.net\/?p=36090#primaryimage"},"image":{"@id":"https:\/\/lesvolcansnews.net\/?p=36090#primaryimage"},"thumbnailUrl":"https:\/\/lesvolcansnews.net\/wp-content\/uploads\/2022\/12\/1672041604489.jpg","datePublished":"2022-12-27T04:14:44+00:00","author":{"@id":"https:\/\/lesvolcansnews.net\/#\/schema\/person\/82c8bed2e77879ecf6cca63441f57354"},"breadcrumb":{"@id":"https:\/\/lesvolcansnews.net\/?p=36090#breadcrumb"},"inLanguage":"fr-FR","potentialAction":[{"@type":"ReadAction","target":["https:\/\/lesvolcansnews.net\/?p=36090"]}]},{"@type":"ImageObject","inLanguage":"fr-FR","@id":"https:\/\/lesvolcansnews.net\/?p=36090#primaryimage","url":"https:\/\/lesvolcansnews.net\/wp-content\/uploads\/2022\/12\/1672041604489.jpg","contentUrl":"https:\/\/lesvolcansnews.net\/wp-content\/uploads\/2022\/12\/1672041604489.jpg","width":720,"height":480,"caption":"Des pr\u00e9sum\u00e9s criminels pr\u00e9sent\u00e9s au vice-gouverneur, photo droit tierce"},{"@type":"BreadcrumbList","@id":"https:\/\/lesvolcansnews.net\/?p=36090#breadcrumb","itemListElement":[{"@type":"ListItem","position":1,"name":"Accueil","item":"https:\/\/lesvolcansnews.net\/"},{"@type":"ListItem","position":2,"name":"Nord-Kivu : Un groupe de pr\u00e9sum\u00e9s bandits criminels appr\u00e9hend\u00e9s \u00e0 Goma pr\u00e9sent\u00e9s au vice-gouverneur"}]},{"@type":"WebSite","@id":"https:\/\/lesvolcansnews.net\/#website","url":"https:\/\/lesvolcansnews.net\/","name":"LES VOLCANS NEWS","description":"L&#039;INFORMATION C&#039;EST NOUS","potentialAction":[{"@type":"SearchAction","target":{"@type":"EntryPoint","urlTemplate":"https:\/\/lesvolcansnews.net\/?s={search_term_string}"},"query-input":{"@type":"PropertyValueSpecification","valueRequired":true,"valueName":"search_term_string"}}],"inLanguage":"fr-FR"},{"@type":"Person","@id":"https:\/\/lesvolcansnews.net\/#\/schema\/person\/82c8bed2e77879ecf6cca63441f57354","name":"R\u00e9daction - Les Volcans News","image":{"@type":"ImageObject","inLanguage":"fr-FR","@id":"https:\/\/secure.gravatar.com\/avatar\/8408942dd851e8a9c09f3d382a661bc05d2b3cd9002139bc1795b9528cdc6c80?s=96&d=mm&r=g","url":"https:\/\/secure.gravatar.com\/avatar\/8408942dd851e8a9c09f3d382a661bc05d2b3cd9002139bc1795b9528cdc6c80?s=96&d=mm&r=g","contentUrl":"https:\/\/secure.gravatar.com\/avatar\/8408942dd851e8a9c09f3d382a661bc05d2b3cd9002139bc1795b9528cdc6c80?s=96&d=mm&r=g","caption":"R\u00e9daction - Les Volcans News"},"url":"https:\/\/lesvolcansnews.net\/?author=14"}]}},"_links":{"self":[{"href":"https:\/\/lesvolcansnews.net\/index.php?rest_route=\/wp\/v2\/posts\/36090","targetHints":{"allow":["GET"]}}],"collection":[{"href":"https:\/\/lesvolcansnews.net\/index.php?rest_route=\/wp\/v2\/posts"}],"about":[{"href":"https:\/\/lesvolcansnews.net\/index.php?rest_route=\/wp\/v2\/types\/post"}],"author":[{"embeddable":true,"href":"https:\/\/lesvolcansnews.net\/index.php?rest_route=\/wp\/v2\/users\/14"}],"replies":[{"embeddable":true,"href":"https:\/\/lesvolcansnews.net\/index.php?rest_route=%2Fwp%2Fv2%2Fcomments&post=36090"}],"version-history":[{"count":0,"href":"https:\/\/lesvolcansnews.net\/index.php?rest_route=\/wp\/v2\/posts\/36090\/revisions"}],"wp:featuredmedia":[{"embeddable":true,"href":"https:\/\/lesvolcansnews.net\/index.php?rest_route=\/wp\/v2\/media\/36089"}],"wp:attachment":[{"href":"https:\/\/lesvolcansnews.net\/index.php?rest_route=%2Fwp%2Fv2%2Fmedia&parent=36090"}],"wp:term":[{"taxonomy":"category","embeddable":true,"href":"https:\/\/lesvolcansnews.net\/index.php?rest_route=%2Fwp%2Fv2%2Fcategories&post=36090"},{"taxonomy":"post_tag","embeddable":true,"href":"https:\/\/lesvolcansnews.net\/index.php?rest_route=%2Fwp%2Fv2%2Ftags&post=36090"}],"curies":[{"name":"wp","href":"https:\/\/api.w.org\/{rel}","templated":true}]}}