{"id":3609,"date":"2019-06-20T19:23:25","date_gmt":"2019-06-20T19:23:25","guid":{"rendered":"https:\/\/lesvolcansnews.net\/2019\/06\/20\/nord-kivu-lancement-officiel-des-activites-du-guichet-unique-de-creation-dentreprises-a-goma\/"},"modified":"2019-06-20T19:23:25","modified_gmt":"2019-06-20T19:23:25","slug":"nord-kivu-lancement-officiel-des-activites-du-guichet-unique-de-creation-dentreprises-a-goma","status":"publish","type":"post","link":"https:\/\/lesvolcansnews.net\/?p=3609","title":{"rendered":"Nord-Kivu: lancement officiel des activit\u00e9s du guichet unique de cr\u00e9ation d\u2019entreprises \u00e0 Goma"},"content":{"rendered":"<p>M. Feller Lutaichirwa Mulwahale, gouverneur a.i de la province du Nord-Kivu, a proc\u00e9d\u00e9 ce jeudi \u00e0 Goma, au lancement officiel les activit\u00e9s de Guichet Unique de Cr\u00e9ation d\u2019Entreprise (GUCE), antenne du Nord-Kivu dans le cadre de l\u2019am\u00e9lioration du climat des affaires des investissements.<br \/>\nDans son allocution, l\u2019autorit\u00e9 provinciale a remerci\u00e9 le gouvernement national de Kinshasa, pour avoir cr\u00e9\u00e9 cette structure qui va d\u00e9sormais \u00e9pargner les op\u00e9rateurs \u00e9conomiques et ceux qui d\u00e9sirent le devenir des d\u00e9penses qui pesaient lourdement sur la tr\u00e9sorerie des hommes d\u2019affaires dans le besoin de cr\u00e9er les entreprises, un des grands piliers des acquis de la r\u00e9volution de la modernit\u00e9.<br \/>\nIl a \u00e9mis le v\u0153u de voir ce GUCE, booster l\u2019\u00e9conomie de la province du Nord-Kivu, et que les op\u00e9rateurs qui \u0153uvraient dans la clandestine, ne le fasse plus gr\u00e2ce \u00e0 ce service de l\u2019Etat, antenne du Nord-Kivu.<br \/>\nPour sa part, le Directeur G\u00e9n\u00e9ral du GUCE, M. Amisi Herady, a r\u00e9v\u00e9l\u00e9 qu\u2019il suffit de payer aupr\u00e8s d\u2019une banque agr\u00e9\u00e9e, l\u2019\u00e9quivalent en francs congolais de 80 dollars pour la cr\u00e9ation d\u2019une soci\u00e9t\u00e9 et l\u2019\u00e9quivalent en francs congolais de 30 dollars pour la cr\u00e9ation d\u2019un \u00e9tablissement.<\/p>\n<p><em><strong>Mission<\/strong><\/em><\/p>\n<p>Le guichet unique a comme mission fondamentale de faciliter le processus de cr\u00e9ation d\u2019entreprise en RDC en g\u00e9n\u00e9ral et en province du Nord-Kivu en particulier, en r\u00e9unissant tous les documents administratifs afin de se mettre en ordre avec la l\u00e9gislation et d\u00e9marrer r\u00e9guli\u00e8rement ses activit\u00e9s, a-t-il poursuivi.<br \/>\nLes demandeurs n\u2019effectueront plus plusieurs d\u00e9marches en s\u2019adressant \u00e0 une multitude d\u2019administration \u00e9tatique. Il suffit de contacter un et un seul service public de l\u2019Etat, \u00e0 savoir le Guichet Unique de Cr\u00e9ation d\u2019Entreprise pour accomplir toutes les formalit\u00e9s requises pendant un d\u00e9lai maximum de trois jours et obtenir rapidement et facilement tous les documents obligatoires, a-t-il conclu.<br \/>\n<strong>Ana Ndoole<\/strong><\/p>\n","protected":false},"excerpt":{"rendered":"<p>M. Feller Lutaichirwa Mulwahale, gouverneur a.i de la province du Nord-Kivu, a proc\u00e9d\u00e9 ce jeudi \u00e0 Goma, au lancement officiel les activit\u00e9s de Guichet Unique de Cr\u00e9ation d\u2019Entreprise (GUCE), antenne<\/p>\n","protected":false},"author":14,"featured_media":3608,"comment_status":"open","ping_status":"open","sticky":false,"template":"","format":"standard","meta":{"footnotes":""},"categories":[8],"tags":[],"class_list":["post-3609","post","type-post","status-publish","format-standard","has-post-thumbnail","hentry","category-economie"],"yoast_head":"<!-- This site is optimized with the Yoast SEO plugin v27.3 - https:\/\/yoast.com\/product\/yoast-seo-wordpress\/ -->\n<title>Nord-Kivu: lancement officiel des activit\u00e9s du guichet unique de cr\u00e9ation d\u2019entreprises \u00e0 Goma - LES VOLCANS NEWS<\/title>\n<meta name=\"robots\" content=\"index, follow, max-snippet:-1, max-image-preview:large, max-video-preview:-1\" \/>\n<link rel=\"canonical\" href=\"https:\/\/lesvolcansnews.net\/?p=3609\" \/>\n<meta property=\"og:locale\" content=\"fr_FR\" \/>\n<meta property=\"og:type\" content=\"article\" \/>\n<meta property=\"og:title\" content=\"Nord-Kivu: lancement officiel des activit\u00e9s du guichet unique de cr\u00e9ation d\u2019entreprises \u00e0 Goma - LES VOLCANS NEWS\" \/>\n<meta property=\"og:description\" content=\"M. Feller Lutaichirwa Mulwahale, gouverneur a.i de la province du Nord-Kivu, a proc\u00e9d\u00e9 ce jeudi \u00e0 Goma, au lancement officiel les activit\u00e9s de Guichet Unique de Cr\u00e9ation d\u2019Entreprise (GUCE), antenne\" \/>\n<meta property=\"og:url\" content=\"https:\/\/lesvolcansnews.net\/?p=3609\" \/>\n<meta property=\"og:site_name\" content=\"LES VOLCANS NEWS\" \/>\n<meta property=\"article:published_time\" content=\"2019-06-20T19:23:25+00:00\" \/>\n<meta property=\"og:image\" content=\"https:\/\/lesvolcansnews.net\/wp-content\/uploads\/2019\/06\/IMG-20190620-WA0113.jpg\" \/>\n\t<meta property=\"og:image:width\" content=\"1040\" \/>\n\t<meta property=\"og:image:height\" content=\"780\" \/>\n\t<meta property=\"og:image:type\" content=\"image\/jpeg\" \/>\n<meta name=\"author\" content=\"R\u00e9daction - Les Volcans News\" \/>\n<meta name=\"twitter:card\" content=\"summary_large_image\" \/>\n<meta name=\"twitter:label1\" content=\"\u00c9crit par\" \/>\n\t<meta name=\"twitter:data1\" content=\"R\u00e9daction - Les Volcans News\" \/>\n\t<meta name=\"twitter:label2\" content=\"Dur\u00e9e de lecture estim\u00e9e\" \/>\n\t<meta name=\"twitter:data2\" content=\"2 minutes\" \/>\n<script type=\"application\/ld+json\" class=\"yoast-schema-graph\">{\"@context\":\"https:\\\/\\\/schema.org\",\"@graph\":[{\"@type\":\"Article\",\"@id\":\"https:\\\/\\\/lesvolcansnews.net\\\/?p=3609#article\",\"isPartOf\":{\"@id\":\"https:\\\/\\\/lesvolcansnews.net\\\/?p=3609\"},\"author\":{\"name\":\"R\u00e9daction - Les Volcans News\",\"@id\":\"https:\\\/\\\/lesvolcansnews.net\\\/#\\\/schema\\\/person\\\/82c8bed2e77879ecf6cca63441f57354\"},\"headline\":\"Nord-Kivu: lancement officiel des activit\u00e9s du guichet unique de cr\u00e9ation d\u2019entreprises \u00e0 Goma\",\"datePublished\":\"2019-06-20T19:23:25+00:00\",\"mainEntityOfPage\":{\"@id\":\"https:\\\/\\\/lesvolcansnews.net\\\/?p=3609\"},\"wordCount\":358,\"commentCount\":0,\"image\":{\"@id\":\"https:\\\/\\\/lesvolcansnews.net\\\/?p=3609#primaryimage\"},\"thumbnailUrl\":\"https:\\\/\\\/lesvolcansnews.net\\\/wp-content\\\/uploads\\\/2019\\\/06\\\/IMG-20190620-WA0113.jpg\",\"articleSection\":[\"\u00c9CONOMIE\"],\"inLanguage\":\"fr-FR\",\"potentialAction\":[{\"@type\":\"CommentAction\",\"name\":\"Comment\",\"target\":[\"https:\\\/\\\/lesvolcansnews.net\\\/?p=3609#respond\"]}]},{\"@type\":\"WebPage\",\"@id\":\"https:\\\/\\\/lesvolcansnews.net\\\/?p=3609\",\"url\":\"https:\\\/\\\/lesvolcansnews.net\\\/?p=3609\",\"name\":\"Nord-Kivu: lancement officiel des activit\u00e9s du guichet unique de cr\u00e9ation d\u2019entreprises \u00e0 Goma - LES VOLCANS NEWS\",\"isPartOf\":{\"@id\":\"https:\\\/\\\/lesvolcansnews.net\\\/#website\"},\"primaryImageOfPage\":{\"@id\":\"https:\\\/\\\/lesvolcansnews.net\\\/?p=3609#primaryimage\"},\"image\":{\"@id\":\"https:\\\/\\\/lesvolcansnews.net\\\/?p=3609#primaryimage\"},\"thumbnailUrl\":\"https:\\\/\\\/lesvolcansnews.net\\\/wp-content\\\/uploads\\\/2019\\\/06\\\/IMG-20190620-WA0113.jpg\",\"datePublished\":\"2019-06-20T19:23:25+00:00\",\"author\":{\"@id\":\"https:\\\/\\\/lesvolcansnews.net\\\/#\\\/schema\\\/person\\\/82c8bed2e77879ecf6cca63441f57354\"},\"breadcrumb\":{\"@id\":\"https:\\\/\\\/lesvolcansnews.net\\\/?p=3609#breadcrumb\"},\"inLanguage\":\"fr-FR\",\"potentialAction\":[{\"@type\":\"ReadAction\",\"target\":[\"https:\\\/\\\/lesvolcansnews.net\\\/?p=3609\"]}]},{\"@type\":\"ImageObject\",\"inLanguage\":\"fr-FR\",\"@id\":\"https:\\\/\\\/lesvolcansnews.net\\\/?p=3609#primaryimage\",\"url\":\"https:\\\/\\\/lesvolcansnews.net\\\/wp-content\\\/uploads\\\/2019\\\/06\\\/IMG-20190620-WA0113.jpg\",\"contentUrl\":\"https:\\\/\\\/lesvolcansnews.net\\\/wp-content\\\/uploads\\\/2019\\\/06\\\/IMG-20190620-WA0113.jpg\",\"width\":1040,\"height\":780},{\"@type\":\"BreadcrumbList\",\"@id\":\"https:\\\/\\\/lesvolcansnews.net\\\/?p=3609#breadcrumb\",\"itemListElement\":[{\"@type\":\"ListItem\",\"position\":1,\"name\":\"Accueil\",\"item\":\"https:\\\/\\\/lesvolcansnews.net\\\/\"},{\"@type\":\"ListItem\",\"position\":2,\"name\":\"Nord-Kivu: lancement officiel des activit\u00e9s du guichet unique de cr\u00e9ation d\u2019entreprises \u00e0 Goma\"}]},{\"@type\":\"WebSite\",\"@id\":\"https:\\\/\\\/lesvolcansnews.net\\\/#website\",\"url\":\"https:\\\/\\\/lesvolcansnews.net\\\/\",\"name\":\"LES VOLCANS NEWS\",\"description\":\"L&#039;INFORMATION C&#039;EST NOUS\",\"potentialAction\":[{\"@type\":\"SearchAction\",\"target\":{\"@type\":\"EntryPoint\",\"urlTemplate\":\"https:\\\/\\\/lesvolcansnews.net\\\/?s={search_term_string}\"},\"query-input\":{\"@type\":\"PropertyValueSpecification\",\"valueRequired\":true,\"valueName\":\"search_term_string\"}}],\"inLanguage\":\"fr-FR\"},{\"@type\":\"Person\",\"@id\":\"https:\\\/\\\/lesvolcansnews.net\\\/#\\\/schema\\\/person\\\/82c8bed2e77879ecf6cca63441f57354\",\"name\":\"R\u00e9daction - Les Volcans News\",\"image\":{\"@type\":\"ImageObject\",\"inLanguage\":\"fr-FR\",\"@id\":\"https:\\\/\\\/secure.gravatar.com\\\/avatar\\\/8408942dd851e8a9c09f3d382a661bc05d2b3cd9002139bc1795b9528cdc6c80?s=96&d=mm&r=g\",\"url\":\"https:\\\/\\\/secure.gravatar.com\\\/avatar\\\/8408942dd851e8a9c09f3d382a661bc05d2b3cd9002139bc1795b9528cdc6c80?s=96&d=mm&r=g\",\"contentUrl\":\"https:\\\/\\\/secure.gravatar.com\\\/avatar\\\/8408942dd851e8a9c09f3d382a661bc05d2b3cd9002139bc1795b9528cdc6c80?s=96&d=mm&r=g\",\"caption\":\"R\u00e9daction - Les Volcans News\"},\"url\":\"https:\\\/\\\/lesvolcansnews.net\\\/?author=14\"}]}<\/script>\n<!-- \/ Yoast SEO plugin. -->","yoast_head_json":{"title":"Nord-Kivu: lancement officiel des activit\u00e9s du guichet unique de cr\u00e9ation d\u2019entreprises \u00e0 Goma - LES VOLCANS NEWS","robots":{"index":"index","follow":"follow","max-snippet":"max-snippet:-1","max-image-preview":"max-image-preview:large","max-video-preview":"max-video-preview:-1"},"canonical":"https:\/\/lesvolcansnews.net\/?p=3609","og_locale":"fr_FR","og_type":"article","og_title":"Nord-Kivu: lancement officiel des activit\u00e9s du guichet unique de cr\u00e9ation d\u2019entreprises \u00e0 Goma - LES VOLCANS NEWS","og_description":"M. Feller Lutaichirwa Mulwahale, gouverneur a.i de la province du Nord-Kivu, a proc\u00e9d\u00e9 ce jeudi \u00e0 Goma, au lancement officiel les activit\u00e9s de Guichet Unique de Cr\u00e9ation d\u2019Entreprise (GUCE), antenne","og_url":"https:\/\/lesvolcansnews.net\/?p=3609","og_site_name":"LES VOLCANS NEWS","article_published_time":"2019-06-20T19:23:25+00:00","og_image":[{"width":1040,"height":780,"url":"https:\/\/lesvolcansnews.net\/wp-content\/uploads\/2019\/06\/IMG-20190620-WA0113.jpg","type":"image\/jpeg"}],"author":"R\u00e9daction - Les Volcans News","twitter_card":"summary_large_image","twitter_misc":{"\u00c9crit par":"R\u00e9daction - Les Volcans News","Dur\u00e9e de lecture estim\u00e9e":"2 minutes"},"schema":{"@context":"https:\/\/schema.org","@graph":[{"@type":"Article","@id":"https:\/\/lesvolcansnews.net\/?p=3609#article","isPartOf":{"@id":"https:\/\/lesvolcansnews.net\/?p=3609"},"author":{"name":"R\u00e9daction - Les Volcans News","@id":"https:\/\/lesvolcansnews.net\/#\/schema\/person\/82c8bed2e77879ecf6cca63441f57354"},"headline":"Nord-Kivu: lancement officiel des activit\u00e9s du guichet unique de cr\u00e9ation d\u2019entreprises \u00e0 Goma","datePublished":"2019-06-20T19:23:25+00:00","mainEntityOfPage":{"@id":"https:\/\/lesvolcansnews.net\/?p=3609"},"wordCount":358,"commentCount":0,"image":{"@id":"https:\/\/lesvolcansnews.net\/?p=3609#primaryimage"},"thumbnailUrl":"https:\/\/lesvolcansnews.net\/wp-content\/uploads\/2019\/06\/IMG-20190620-WA0113.jpg","articleSection":["\u00c9CONOMIE"],"inLanguage":"fr-FR","potentialAction":[{"@type":"CommentAction","name":"Comment","target":["https:\/\/lesvolcansnews.net\/?p=3609#respond"]}]},{"@type":"WebPage","@id":"https:\/\/lesvolcansnews.net\/?p=3609","url":"https:\/\/lesvolcansnews.net\/?p=3609","name":"Nord-Kivu: lancement officiel des activit\u00e9s du guichet unique de cr\u00e9ation d\u2019entreprises \u00e0 Goma - LES VOLCANS NEWS","isPartOf":{"@id":"https:\/\/lesvolcansnews.net\/#website"},"primaryImageOfPage":{"@id":"https:\/\/lesvolcansnews.net\/?p=3609#primaryimage"},"image":{"@id":"https:\/\/lesvolcansnews.net\/?p=3609#primaryimage"},"thumbnailUrl":"https:\/\/lesvolcansnews.net\/wp-content\/uploads\/2019\/06\/IMG-20190620-WA0113.jpg","datePublished":"2019-06-20T19:23:25+00:00","author":{"@id":"https:\/\/lesvolcansnews.net\/#\/schema\/person\/82c8bed2e77879ecf6cca63441f57354"},"breadcrumb":{"@id":"https:\/\/lesvolcansnews.net\/?p=3609#breadcrumb"},"inLanguage":"fr-FR","potentialAction":[{"@type":"ReadAction","target":["https:\/\/lesvolcansnews.net\/?p=3609"]}]},{"@type":"ImageObject","inLanguage":"fr-FR","@id":"https:\/\/lesvolcansnews.net\/?p=3609#primaryimage","url":"https:\/\/lesvolcansnews.net\/wp-content\/uploads\/2019\/06\/IMG-20190620-WA0113.jpg","contentUrl":"https:\/\/lesvolcansnews.net\/wp-content\/uploads\/2019\/06\/IMG-20190620-WA0113.jpg","width":1040,"height":780},{"@type":"BreadcrumbList","@id":"https:\/\/lesvolcansnews.net\/?p=3609#breadcrumb","itemListElement":[{"@type":"ListItem","position":1,"name":"Accueil","item":"https:\/\/lesvolcansnews.net\/"},{"@type":"ListItem","position":2,"name":"Nord-Kivu: lancement officiel des activit\u00e9s du guichet unique de cr\u00e9ation d\u2019entreprises \u00e0 Goma"}]},{"@type":"WebSite","@id":"https:\/\/lesvolcansnews.net\/#website","url":"https:\/\/lesvolcansnews.net\/","name":"LES VOLCANS NEWS","description":"L&#039;INFORMATION C&#039;EST NOUS","potentialAction":[{"@type":"SearchAction","target":{"@type":"EntryPoint","urlTemplate":"https:\/\/lesvolcansnews.net\/?s={search_term_string}"},"query-input":{"@type":"PropertyValueSpecification","valueRequired":true,"valueName":"search_term_string"}}],"inLanguage":"fr-FR"},{"@type":"Person","@id":"https:\/\/lesvolcansnews.net\/#\/schema\/person\/82c8bed2e77879ecf6cca63441f57354","name":"R\u00e9daction - Les Volcans News","image":{"@type":"ImageObject","inLanguage":"fr-FR","@id":"https:\/\/secure.gravatar.com\/avatar\/8408942dd851e8a9c09f3d382a661bc05d2b3cd9002139bc1795b9528cdc6c80?s=96&d=mm&r=g","url":"https:\/\/secure.gravatar.com\/avatar\/8408942dd851e8a9c09f3d382a661bc05d2b3cd9002139bc1795b9528cdc6c80?s=96&d=mm&r=g","contentUrl":"https:\/\/secure.gravatar.com\/avatar\/8408942dd851e8a9c09f3d382a661bc05d2b3cd9002139bc1795b9528cdc6c80?s=96&d=mm&r=g","caption":"R\u00e9daction - Les Volcans News"},"url":"https:\/\/lesvolcansnews.net\/?author=14"}]}},"_links":{"self":[{"href":"https:\/\/lesvolcansnews.net\/index.php?rest_route=\/wp\/v2\/posts\/3609","targetHints":{"allow":["GET"]}}],"collection":[{"href":"https:\/\/lesvolcansnews.net\/index.php?rest_route=\/wp\/v2\/posts"}],"about":[{"href":"https:\/\/lesvolcansnews.net\/index.php?rest_route=\/wp\/v2\/types\/post"}],"author":[{"embeddable":true,"href":"https:\/\/lesvolcansnews.net\/index.php?rest_route=\/wp\/v2\/users\/14"}],"replies":[{"embeddable":true,"href":"https:\/\/lesvolcansnews.net\/index.php?rest_route=%2Fwp%2Fv2%2Fcomments&post=3609"}],"version-history":[{"count":0,"href":"https:\/\/lesvolcansnews.net\/index.php?rest_route=\/wp\/v2\/posts\/3609\/revisions"}],"wp:featuredmedia":[{"embeddable":true,"href":"https:\/\/lesvolcansnews.net\/index.php?rest_route=\/wp\/v2\/media\/3608"}],"wp:attachment":[{"href":"https:\/\/lesvolcansnews.net\/index.php?rest_route=%2Fwp%2Fv2%2Fmedia&parent=3609"}],"wp:term":[{"taxonomy":"category","embeddable":true,"href":"https:\/\/lesvolcansnews.net\/index.php?rest_route=%2Fwp%2Fv2%2Fcategories&post=3609"},{"taxonomy":"post_tag","embeddable":true,"href":"https:\/\/lesvolcansnews.net\/index.php?rest_route=%2Fwp%2Fv2%2Ftags&post=3609"}],"curies":[{"name":"wp","href":"https:\/\/api.w.org\/{rel}","templated":true}]}}