{"id":3597,"date":"2019-06-19T18:41:55","date_gmt":"2019-06-19T18:41:55","guid":{"rendered":"https:\/\/lesvolcansnews.net\/2019\/06\/19\/can-2019-quelques-grandes-stars-du-football-africain-suivront-cette-competition-comme-supporters\/"},"modified":"2019-06-19T18:41:55","modified_gmt":"2019-06-19T18:41:55","slug":"can-2019-quelques-grandes-stars-du-football-africain-suivront-cette-competition-comme-supporters","status":"publish","type":"post","link":"https:\/\/lesvolcansnews.net\/?p=3597","title":{"rendered":"Can 2019 : Quelques grandes stars du football africain suivront cette comp\u00e9tition comme supporters"},"content":{"rendered":"<p>La coupe d\u2019Afrique des nations (CAN), c\u2019est la f\u00eate de retrouvaille entre nations, un spectacle et  rendez-vous des stars africaines \u00e9voluant sur le continent et en dehors de l\u2019Afrique.<br \/>\nLes grandes t\u00eates vont r\u00e9galer le public africain \u00e0 cette comp\u00e9tition et d\u2019autres ne seront pas \u00e0 ce rendez-vous de tous les deux ans.<br \/>\nA deux jours du coup d\u2019envoi de cette prestigieuse comp\u00e9tition, votre site vous propose les joueurs les plus entendus qui soit n\u2019ont pas convaincu leurs s\u00e9lectionneurs ou \u00e9limin\u00e9s avec leurs \u00e9quipes nationales incapables de se qualifier.<br \/>\n<strong>Pierre Emeric Aubameyang<\/strong><\/p>\n<p>Ce normal de commencer par ce joueur gabonais tr\u00e8s efficace avec son club d\u2019Arsenal en Angleterre.<br \/>\nMeilleur buteur du championnat le plus relev\u00e9 la Premier League avec Muhamed Salah et Sadio Mane, le ballon d&#8217;or africain 2015 a marqu\u00e9 au total 32buts pour sa premi\u00e8re saison avec les gunners sur les 52rencontres et jou\u00e9 la finale de la ligue Europa perdue face \u00e0 Chelsea. Une mont\u00e9e en puissance qui n\u2019avait servi en aucun cas son \u00e9quipe nationale d\u2019autant plus qu\u2019il avait des indiff\u00e9rents entre lui et le staff technique dirig\u00e9 par l\u2019ancien international gabonais Daniel cousin limog\u00e9 apr\u00e8s l\u2019\u00e9limination de la s\u00e9lection nationale face au Burundi lors de la derni\u00e8re journ\u00e9e des \u00e9liminatoires de la Can.<br \/>\nMalgr\u00e9 le retour du capitaine Aubameyang \u00e0 Bujumbura contre les hirondelles du Burundi, le Gabon n&#8217;avait pu faire mieux qu\u2019un nul de 1-1 insuffisant pour se qualifier.<br \/>\n<strong>Emmanuel Adebayor<\/strong><br \/>\nLe joueur qui \u00e9volue avec la formation de Basaksehir \u00e9tait \u00e0 deux doigts de jouer la quatri\u00e8me et la derni\u00e8re de sa carri\u00e8re peut \u00eatre car pouss\u00e9 par l\u2019\u00e2ge de 35ans, mais l\u2019ancien joueur d\u2019Arsenal avait regrett\u00e9 son but marqu\u00e9 lors de la derni\u00e8re journ\u00e9e qualificative contre B\u00e9nin qui s\u2019\u00e9tait qualifi\u00e9 suite \u00e0 son succ\u00e8s devant les \u00e9perviers 2-1.<br \/>\n<strong>Vincent Aboubakar<\/strong><br \/>\nCoinc\u00e9 par les blessures en r\u00e9p\u00e9titions, le h\u00e9ros du sacre de la cinqui\u00e8me couronne du Cameroun n\u2019a pas \u00e9t\u00e9 retenu par le s\u00e9lectionneur du Cameroun Clarence Seedorf.<br \/>\nL\u2019attaquant du FC Porto qui s\u2019est bless\u00e9 \u00e0 deux reprises cette saison, ne sera pas en \u00c9gypte pour d\u00e9fendre le titre avec ses co\u00e9quipiers.<br \/>\n<strong>Gervinho<\/strong>.<br \/>\nUn des joueurs exp\u00e9riment\u00e9s de la s\u00e9lection ivoirienne, Gervinho n\u2019a pas \u00e9t\u00e9 pr\u00e9f\u00e9r\u00e9 par le patron du staff technique des \u00e9l\u00e9phants Kamara qui a opt\u00e9 pour les jeunes afin de cr\u00e9er une nouvelle g\u00e9n\u00e9ration.<br \/>\nChampion d\u2019Afrique en 2015, le joueur de Parme disputait et remportait sa derni\u00e8re coupe d\u2019Afrique des nations sauf un miracle.<br \/>\n<strong>Bertrand Traor\u00e9.<\/strong><br \/>\nAuteur d\u2019une saison remarquable, le joueur de l&#8217;Olympique Lyonnais sera parmi les grands absents au pays des pyramides.<\/p>\n<p><strong>Georges Ben Muhima<\/strong><\/p>\n","protected":false},"excerpt":{"rendered":"<p>La coupe d\u2019Afrique des nations (CAN), c\u2019est la f\u00eate de retrouvaille entre nations, un spectacle et rendez-vous des stars africaines \u00e9voluant sur le continent et en dehors de l\u2019Afrique. Les<\/p>\n","protected":false},"author":14,"featured_media":0,"comment_status":"open","ping_status":"open","sticky":false,"template":"","format":"standard","meta":{"footnotes":""},"categories":[11],"tags":[],"class_list":["post-3597","post","type-post","status-publish","format-standard","hentry","category-sports"],"yoast_head":"<!-- This site is optimized with the Yoast SEO plugin v27.3 - https:\/\/yoast.com\/product\/yoast-seo-wordpress\/ -->\n<title>Can 2019 : Quelques grandes stars du football africain suivront cette comp\u00e9tition comme supporters - LES VOLCANS NEWS<\/title>\n<meta name=\"robots\" content=\"index, follow, max-snippet:-1, max-image-preview:large, max-video-preview:-1\" \/>\n<link rel=\"canonical\" href=\"https:\/\/lesvolcansnews.net\/?p=3597\" \/>\n<meta property=\"og:locale\" content=\"fr_FR\" \/>\n<meta property=\"og:type\" content=\"article\" \/>\n<meta property=\"og:title\" content=\"Can 2019 : Quelques grandes stars du football africain suivront cette comp\u00e9tition comme supporters - LES VOLCANS NEWS\" \/>\n<meta property=\"og:description\" content=\"La coupe d\u2019Afrique des nations (CAN), c\u2019est la f\u00eate de retrouvaille entre nations, un spectacle et rendez-vous des stars africaines \u00e9voluant sur le continent et en dehors de l\u2019Afrique. Les\" \/>\n<meta property=\"og:url\" content=\"https:\/\/lesvolcansnews.net\/?p=3597\" \/>\n<meta property=\"og:site_name\" content=\"LES VOLCANS NEWS\" \/>\n<meta property=\"article:published_time\" content=\"2019-06-19T18:41:55+00:00\" \/>\n<meta name=\"author\" content=\"R\u00e9daction - Les Volcans News\" \/>\n<meta name=\"twitter:card\" content=\"summary_large_image\" \/>\n<meta name=\"twitter:label1\" content=\"\u00c9crit par\" \/>\n\t<meta name=\"twitter:data1\" content=\"R\u00e9daction - Les Volcans News\" \/>\n\t<meta name=\"twitter:label2\" content=\"Dur\u00e9e de lecture estim\u00e9e\" \/>\n\t<meta name=\"twitter:data2\" content=\"2 minutes\" \/>\n<script type=\"application\/ld+json\" class=\"yoast-schema-graph\">{\"@context\":\"https:\\\/\\\/schema.org\",\"@graph\":[{\"@type\":\"Article\",\"@id\":\"https:\\\/\\\/lesvolcansnews.net\\\/?p=3597#article\",\"isPartOf\":{\"@id\":\"https:\\\/\\\/lesvolcansnews.net\\\/?p=3597\"},\"author\":{\"name\":\"R\u00e9daction - Les Volcans News\",\"@id\":\"https:\\\/\\\/lesvolcansnews.net\\\/#\\\/schema\\\/person\\\/82c8bed2e77879ecf6cca63441f57354\"},\"headline\":\"Can 2019 : Quelques grandes stars du football africain suivront cette comp\u00e9tition comme supporters\",\"datePublished\":\"2019-06-19T18:41:55+00:00\",\"mainEntityOfPage\":{\"@id\":\"https:\\\/\\\/lesvolcansnews.net\\\/?p=3597\"},\"wordCount\":497,\"commentCount\":0,\"articleSection\":[\"SPORTS\"],\"inLanguage\":\"fr-FR\",\"potentialAction\":[{\"@type\":\"CommentAction\",\"name\":\"Comment\",\"target\":[\"https:\\\/\\\/lesvolcansnews.net\\\/?p=3597#respond\"]}]},{\"@type\":\"WebPage\",\"@id\":\"https:\\\/\\\/lesvolcansnews.net\\\/?p=3597\",\"url\":\"https:\\\/\\\/lesvolcansnews.net\\\/?p=3597\",\"name\":\"Can 2019 : Quelques grandes stars du football africain suivront cette comp\u00e9tition comme supporters - LES VOLCANS NEWS\",\"isPartOf\":{\"@id\":\"https:\\\/\\\/lesvolcansnews.net\\\/#website\"},\"datePublished\":\"2019-06-19T18:41:55+00:00\",\"author\":{\"@id\":\"https:\\\/\\\/lesvolcansnews.net\\\/#\\\/schema\\\/person\\\/82c8bed2e77879ecf6cca63441f57354\"},\"breadcrumb\":{\"@id\":\"https:\\\/\\\/lesvolcansnews.net\\\/?p=3597#breadcrumb\"},\"inLanguage\":\"fr-FR\",\"potentialAction\":[{\"@type\":\"ReadAction\",\"target\":[\"https:\\\/\\\/lesvolcansnews.net\\\/?p=3597\"]}]},{\"@type\":\"BreadcrumbList\",\"@id\":\"https:\\\/\\\/lesvolcansnews.net\\\/?p=3597#breadcrumb\",\"itemListElement\":[{\"@type\":\"ListItem\",\"position\":1,\"name\":\"Accueil\",\"item\":\"https:\\\/\\\/lesvolcansnews.net\\\/\"},{\"@type\":\"ListItem\",\"position\":2,\"name\":\"Can 2019 : Quelques grandes stars du football africain suivront cette comp\u00e9tition comme supporters\"}]},{\"@type\":\"WebSite\",\"@id\":\"https:\\\/\\\/lesvolcansnews.net\\\/#website\",\"url\":\"https:\\\/\\\/lesvolcansnews.net\\\/\",\"name\":\"LES VOLCANS NEWS\",\"description\":\"L&#039;INFORMATION C&#039;EST NOUS\",\"potentialAction\":[{\"@type\":\"SearchAction\",\"target\":{\"@type\":\"EntryPoint\",\"urlTemplate\":\"https:\\\/\\\/lesvolcansnews.net\\\/?s={search_term_string}\"},\"query-input\":{\"@type\":\"PropertyValueSpecification\",\"valueRequired\":true,\"valueName\":\"search_term_string\"}}],\"inLanguage\":\"fr-FR\"},{\"@type\":\"Person\",\"@id\":\"https:\\\/\\\/lesvolcansnews.net\\\/#\\\/schema\\\/person\\\/82c8bed2e77879ecf6cca63441f57354\",\"name\":\"R\u00e9daction - Les Volcans News\",\"image\":{\"@type\":\"ImageObject\",\"inLanguage\":\"fr-FR\",\"@id\":\"https:\\\/\\\/secure.gravatar.com\\\/avatar\\\/8408942dd851e8a9c09f3d382a661bc05d2b3cd9002139bc1795b9528cdc6c80?s=96&d=mm&r=g\",\"url\":\"https:\\\/\\\/secure.gravatar.com\\\/avatar\\\/8408942dd851e8a9c09f3d382a661bc05d2b3cd9002139bc1795b9528cdc6c80?s=96&d=mm&r=g\",\"contentUrl\":\"https:\\\/\\\/secure.gravatar.com\\\/avatar\\\/8408942dd851e8a9c09f3d382a661bc05d2b3cd9002139bc1795b9528cdc6c80?s=96&d=mm&r=g\",\"caption\":\"R\u00e9daction - Les Volcans News\"},\"url\":\"https:\\\/\\\/lesvolcansnews.net\\\/?author=14\"}]}<\/script>\n<!-- \/ Yoast SEO plugin. -->","yoast_head_json":{"title":"Can 2019 : Quelques grandes stars du football africain suivront cette comp\u00e9tition comme supporters - LES VOLCANS NEWS","robots":{"index":"index","follow":"follow","max-snippet":"max-snippet:-1","max-image-preview":"max-image-preview:large","max-video-preview":"max-video-preview:-1"},"canonical":"https:\/\/lesvolcansnews.net\/?p=3597","og_locale":"fr_FR","og_type":"article","og_title":"Can 2019 : Quelques grandes stars du football africain suivront cette comp\u00e9tition comme supporters - LES VOLCANS NEWS","og_description":"La coupe d\u2019Afrique des nations (CAN), c\u2019est la f\u00eate de retrouvaille entre nations, un spectacle et rendez-vous des stars africaines \u00e9voluant sur le continent et en dehors de l\u2019Afrique. Les","og_url":"https:\/\/lesvolcansnews.net\/?p=3597","og_site_name":"LES VOLCANS NEWS","article_published_time":"2019-06-19T18:41:55+00:00","author":"R\u00e9daction - Les Volcans News","twitter_card":"summary_large_image","twitter_misc":{"\u00c9crit par":"R\u00e9daction - Les Volcans News","Dur\u00e9e de lecture estim\u00e9e":"2 minutes"},"schema":{"@context":"https:\/\/schema.org","@graph":[{"@type":"Article","@id":"https:\/\/lesvolcansnews.net\/?p=3597#article","isPartOf":{"@id":"https:\/\/lesvolcansnews.net\/?p=3597"},"author":{"name":"R\u00e9daction - Les Volcans News","@id":"https:\/\/lesvolcansnews.net\/#\/schema\/person\/82c8bed2e77879ecf6cca63441f57354"},"headline":"Can 2019 : Quelques grandes stars du football africain suivront cette comp\u00e9tition comme supporters","datePublished":"2019-06-19T18:41:55+00:00","mainEntityOfPage":{"@id":"https:\/\/lesvolcansnews.net\/?p=3597"},"wordCount":497,"commentCount":0,"articleSection":["SPORTS"],"inLanguage":"fr-FR","potentialAction":[{"@type":"CommentAction","name":"Comment","target":["https:\/\/lesvolcansnews.net\/?p=3597#respond"]}]},{"@type":"WebPage","@id":"https:\/\/lesvolcansnews.net\/?p=3597","url":"https:\/\/lesvolcansnews.net\/?p=3597","name":"Can 2019 : Quelques grandes stars du football africain suivront cette comp\u00e9tition comme supporters - LES VOLCANS NEWS","isPartOf":{"@id":"https:\/\/lesvolcansnews.net\/#website"},"datePublished":"2019-06-19T18:41:55+00:00","author":{"@id":"https:\/\/lesvolcansnews.net\/#\/schema\/person\/82c8bed2e77879ecf6cca63441f57354"},"breadcrumb":{"@id":"https:\/\/lesvolcansnews.net\/?p=3597#breadcrumb"},"inLanguage":"fr-FR","potentialAction":[{"@type":"ReadAction","target":["https:\/\/lesvolcansnews.net\/?p=3597"]}]},{"@type":"BreadcrumbList","@id":"https:\/\/lesvolcansnews.net\/?p=3597#breadcrumb","itemListElement":[{"@type":"ListItem","position":1,"name":"Accueil","item":"https:\/\/lesvolcansnews.net\/"},{"@type":"ListItem","position":2,"name":"Can 2019 : Quelques grandes stars du football africain suivront cette comp\u00e9tition comme supporters"}]},{"@type":"WebSite","@id":"https:\/\/lesvolcansnews.net\/#website","url":"https:\/\/lesvolcansnews.net\/","name":"LES VOLCANS NEWS","description":"L&#039;INFORMATION C&#039;EST NOUS","potentialAction":[{"@type":"SearchAction","target":{"@type":"EntryPoint","urlTemplate":"https:\/\/lesvolcansnews.net\/?s={search_term_string}"},"query-input":{"@type":"PropertyValueSpecification","valueRequired":true,"valueName":"search_term_string"}}],"inLanguage":"fr-FR"},{"@type":"Person","@id":"https:\/\/lesvolcansnews.net\/#\/schema\/person\/82c8bed2e77879ecf6cca63441f57354","name":"R\u00e9daction - Les Volcans News","image":{"@type":"ImageObject","inLanguage":"fr-FR","@id":"https:\/\/secure.gravatar.com\/avatar\/8408942dd851e8a9c09f3d382a661bc05d2b3cd9002139bc1795b9528cdc6c80?s=96&d=mm&r=g","url":"https:\/\/secure.gravatar.com\/avatar\/8408942dd851e8a9c09f3d382a661bc05d2b3cd9002139bc1795b9528cdc6c80?s=96&d=mm&r=g","contentUrl":"https:\/\/secure.gravatar.com\/avatar\/8408942dd851e8a9c09f3d382a661bc05d2b3cd9002139bc1795b9528cdc6c80?s=96&d=mm&r=g","caption":"R\u00e9daction - Les Volcans News"},"url":"https:\/\/lesvolcansnews.net\/?author=14"}]}},"_links":{"self":[{"href":"https:\/\/lesvolcansnews.net\/index.php?rest_route=\/wp\/v2\/posts\/3597","targetHints":{"allow":["GET"]}}],"collection":[{"href":"https:\/\/lesvolcansnews.net\/index.php?rest_route=\/wp\/v2\/posts"}],"about":[{"href":"https:\/\/lesvolcansnews.net\/index.php?rest_route=\/wp\/v2\/types\/post"}],"author":[{"embeddable":true,"href":"https:\/\/lesvolcansnews.net\/index.php?rest_route=\/wp\/v2\/users\/14"}],"replies":[{"embeddable":true,"href":"https:\/\/lesvolcansnews.net\/index.php?rest_route=%2Fwp%2Fv2%2Fcomments&post=3597"}],"version-history":[{"count":0,"href":"https:\/\/lesvolcansnews.net\/index.php?rest_route=\/wp\/v2\/posts\/3597\/revisions"}],"wp:attachment":[{"href":"https:\/\/lesvolcansnews.net\/index.php?rest_route=%2Fwp%2Fv2%2Fmedia&parent=3597"}],"wp:term":[{"taxonomy":"category","embeddable":true,"href":"https:\/\/lesvolcansnews.net\/index.php?rest_route=%2Fwp%2Fv2%2Fcategories&post=3597"},{"taxonomy":"post_tag","embeddable":true,"href":"https:\/\/lesvolcansnews.net\/index.php?rest_route=%2Fwp%2Fv2%2Ftags&post=3597"}],"curies":[{"name":"wp","href":"https:\/\/api.w.org\/{rel}","templated":true}]}}