{"id":35529,"date":"2022-12-09T17:01:24","date_gmt":"2022-12-09T17:01:24","guid":{"rendered":"https:\/\/lesvolcansnews.net\/2022\/12\/09\/nord-kivu-un-cas-de-justice-populaire-fait-deux-morts-a-butembo\/"},"modified":"2022-12-09T17:01:24","modified_gmt":"2022-12-09T17:01:24","slug":"nord-kivu-un-cas-de-justice-populaire-fait-deux-morts-a-butembo","status":"publish","type":"post","link":"https:\/\/lesvolcansnews.net\/?p=35529","title":{"rendered":"Nord-Kivu : Un cas de justice populaire fait deux morts \u00e0 Butembo"},"content":{"rendered":"\n<p>Un  nouveau cas de justice populaire a \u00e9t\u00e9 enregistr\u00e9 une fois de plus dans la matin\u00e9e de ce vendredi 09 d\u00e9cembre 2022 dans le quartier Vutetse-Base, commune de Kimemi en ville commerciale de Butembo.<br><br>Il s&#8217;agit de deux pr\u00e9sum\u00e9s voleurs de motos arr\u00eat\u00e9s en pleine op\u00e9ration dans ce quartier pr\u00e9cit\u00e9 dans une parcelle. \u00c0 peine \u00eatre ma\u00eetris\u00e9s par la population, ces larrons ont \u00e9t\u00e9 lapid\u00e9s sur le boulevard Joseph Kabila non loin de la mus\u00e9e nationale de Butembo.<br><br>&#8221; Deux bandits non autrement identifi\u00e9s sont morts par lapidation. Les vrais responsables de cette justice populaire ne sont pas encore connus &#8221; a rapport\u00e9 Kamala Mwenge, chef du quartier Vutetse-Base, tout en condamnant ce cas de justice populaire qui ne permet pas de bien r\u00e9soudre le probl\u00e8me.<br><br>Notons que la ville de Butembo enregistre ces derniers temps des cas de justice populaire. Depuis le d\u00e9but du mois de d\u00e9cembre en cours, au total quatre personnes pr\u00e9sum\u00e9es bandits ont \u00e9t\u00e9 soit br\u00fbl\u00e9es ou lapid\u00e9es par justice populaire.<br><br><strong>John Matata, \u00e0 Butembo<\/strong><\/p>\n","protected":false},"excerpt":{"rendered":"<p>Un nouveau cas de justice populaire a \u00e9t\u00e9 enregistr\u00e9 une fois de plus dans la matin\u00e9e de ce vendredi 09 d\u00e9cembre 2022 dans le quartier Vutetse-Base, commune de Kimemi en<\/p>\n","protected":false},"author":14,"featured_media":35528,"comment_status":"open","ping_status":"open","sticky":false,"template":"","format":"standard","meta":{"footnotes":""},"categories":[32],"tags":[],"class_list":["post-35529","post","type-post","status-publish","format-standard","has-post-thumbnail","hentry","category-securite"],"yoast_head":"<!-- This site is optimized with the Yoast SEO plugin v27.5 - https:\/\/yoast.com\/product\/yoast-seo-wordpress\/ -->\n<title>Nord-Kivu : Un cas de justice populaire fait deux morts \u00e0 Butembo - LES VOLCANS NEWS<\/title>\n<meta name=\"robots\" content=\"index, follow, max-snippet:-1, max-image-preview:large, max-video-preview:-1\" \/>\n<link rel=\"canonical\" href=\"https:\/\/lesvolcansnews.net\/?p=35529\" \/>\n<meta property=\"og:locale\" content=\"fr_FR\" \/>\n<meta property=\"og:type\" content=\"article\" \/>\n<meta property=\"og:title\" content=\"Nord-Kivu : Un cas de justice populaire fait deux morts \u00e0 Butembo - LES VOLCANS NEWS\" \/>\n<meta property=\"og:description\" content=\"Un nouveau cas de justice populaire a \u00e9t\u00e9 enregistr\u00e9 une fois de plus dans la matin\u00e9e de ce vendredi 09 d\u00e9cembre 2022 dans le quartier Vutetse-Base, commune de Kimemi en\" \/>\n<meta property=\"og:url\" content=\"https:\/\/lesvolcansnews.net\/?p=35529\" \/>\n<meta property=\"og:site_name\" content=\"LES VOLCANS NEWS\" \/>\n<meta property=\"article:published_time\" content=\"2022-12-09T17:01:24+00:00\" \/>\n<meta property=\"og:image\" content=\"https:\/\/lesvolcansnews.net\/wp-content\/uploads\/2022\/12\/Justice-populaire-90.jpg\" \/>\n\t<meta property=\"og:image:width\" content=\"500\" \/>\n\t<meta property=\"og:image:height\" content=\"250\" \/>\n\t<meta property=\"og:image:type\" content=\"image\/jpeg\" \/>\n<meta name=\"author\" content=\"R\u00e9daction - Les Volcans News\" \/>\n<meta name=\"twitter:card\" content=\"summary_large_image\" \/>\n<meta name=\"twitter:label1\" content=\"\u00c9crit par\" \/>\n\t<meta name=\"twitter:data1\" content=\"R\u00e9daction - Les Volcans News\" \/>\n\t<meta name=\"twitter:label2\" content=\"Dur\u00e9e de lecture estim\u00e9e\" \/>\n\t<meta name=\"twitter:data2\" content=\"1 minute\" \/>\n<script type=\"application\/ld+json\" class=\"yoast-schema-graph\">{\"@context\":\"https:\\\/\\\/schema.org\",\"@graph\":[{\"@type\":\"Article\",\"@id\":\"https:\\\/\\\/lesvolcansnews.net\\\/?p=35529#article\",\"isPartOf\":{\"@id\":\"https:\\\/\\\/lesvolcansnews.net\\\/?p=35529\"},\"author\":{\"name\":\"R\u00e9daction - Les Volcans News\",\"@id\":\"https:\\\/\\\/lesvolcansnews.net\\\/#\\\/schema\\\/person\\\/82c8bed2e77879ecf6cca63441f57354\"},\"headline\":\"Nord-Kivu : Un cas de justice populaire fait deux morts \u00e0 Butembo\",\"datePublished\":\"2022-12-09T17:01:24+00:00\",\"mainEntityOfPage\":{\"@id\":\"https:\\\/\\\/lesvolcansnews.net\\\/?p=35529\"},\"wordCount\":196,\"commentCount\":0,\"image\":{\"@id\":\"https:\\\/\\\/lesvolcansnews.net\\\/?p=35529#primaryimage\"},\"thumbnailUrl\":\"https:\\\/\\\/lesvolcansnews.net\\\/wp-content\\\/uploads\\\/2022\\\/12\\\/Justice-populaire-90.jpg\",\"articleSection\":[\"S\u00c9CURIT\u00c9\"],\"inLanguage\":\"fr-FR\",\"potentialAction\":[{\"@type\":\"CommentAction\",\"name\":\"Comment\",\"target\":[\"https:\\\/\\\/lesvolcansnews.net\\\/?p=35529#respond\"]}]},{\"@type\":\"WebPage\",\"@id\":\"https:\\\/\\\/lesvolcansnews.net\\\/?p=35529\",\"url\":\"https:\\\/\\\/lesvolcansnews.net\\\/?p=35529\",\"name\":\"Nord-Kivu : Un cas de justice populaire fait deux morts \u00e0 Butembo - LES VOLCANS NEWS\",\"isPartOf\":{\"@id\":\"https:\\\/\\\/lesvolcansnews.net\\\/#website\"},\"primaryImageOfPage\":{\"@id\":\"https:\\\/\\\/lesvolcansnews.net\\\/?p=35529#primaryimage\"},\"image\":{\"@id\":\"https:\\\/\\\/lesvolcansnews.net\\\/?p=35529#primaryimage\"},\"thumbnailUrl\":\"https:\\\/\\\/lesvolcansnews.net\\\/wp-content\\\/uploads\\\/2022\\\/12\\\/Justice-populaire-90.jpg\",\"datePublished\":\"2022-12-09T17:01:24+00:00\",\"author\":{\"@id\":\"https:\\\/\\\/lesvolcansnews.net\\\/#\\\/schema\\\/person\\\/82c8bed2e77879ecf6cca63441f57354\"},\"breadcrumb\":{\"@id\":\"https:\\\/\\\/lesvolcansnews.net\\\/?p=35529#breadcrumb\"},\"inLanguage\":\"fr-FR\",\"potentialAction\":[{\"@type\":\"ReadAction\",\"target\":[\"https:\\\/\\\/lesvolcansnews.net\\\/?p=35529\"]}]},{\"@type\":\"ImageObject\",\"inLanguage\":\"fr-FR\",\"@id\":\"https:\\\/\\\/lesvolcansnews.net\\\/?p=35529#primaryimage\",\"url\":\"https:\\\/\\\/lesvolcansnews.net\\\/wp-content\\\/uploads\\\/2022\\\/12\\\/Justice-populaire-90.jpg\",\"contentUrl\":\"https:\\\/\\\/lesvolcansnews.net\\\/wp-content\\\/uploads\\\/2022\\\/12\\\/Justice-populaire-90.jpg\",\"width\":500,\"height\":250},{\"@type\":\"BreadcrumbList\",\"@id\":\"https:\\\/\\\/lesvolcansnews.net\\\/?p=35529#breadcrumb\",\"itemListElement\":[{\"@type\":\"ListItem\",\"position\":1,\"name\":\"Accueil\",\"item\":\"https:\\\/\\\/lesvolcansnews.net\\\/\"},{\"@type\":\"ListItem\",\"position\":2,\"name\":\"Nord-Kivu : Un cas de justice populaire fait deux morts \u00e0 Butembo\"}]},{\"@type\":\"WebSite\",\"@id\":\"https:\\\/\\\/lesvolcansnews.net\\\/#website\",\"url\":\"https:\\\/\\\/lesvolcansnews.net\\\/\",\"name\":\"LES VOLCANS NEWS\",\"description\":\"L&#039;INFORMATION C&#039;EST NOUS\",\"potentialAction\":[{\"@type\":\"SearchAction\",\"target\":{\"@type\":\"EntryPoint\",\"urlTemplate\":\"https:\\\/\\\/lesvolcansnews.net\\\/?s={search_term_string}\"},\"query-input\":{\"@type\":\"PropertyValueSpecification\",\"valueRequired\":true,\"valueName\":\"search_term_string\"}}],\"inLanguage\":\"fr-FR\"},{\"@type\":\"Person\",\"@id\":\"https:\\\/\\\/lesvolcansnews.net\\\/#\\\/schema\\\/person\\\/82c8bed2e77879ecf6cca63441f57354\",\"name\":\"R\u00e9daction - Les Volcans News\",\"image\":{\"@type\":\"ImageObject\",\"inLanguage\":\"fr-FR\",\"@id\":\"https:\\\/\\\/secure.gravatar.com\\\/avatar\\\/8408942dd851e8a9c09f3d382a661bc05d2b3cd9002139bc1795b9528cdc6c80?s=96&d=mm&r=g\",\"url\":\"https:\\\/\\\/secure.gravatar.com\\\/avatar\\\/8408942dd851e8a9c09f3d382a661bc05d2b3cd9002139bc1795b9528cdc6c80?s=96&d=mm&r=g\",\"contentUrl\":\"https:\\\/\\\/secure.gravatar.com\\\/avatar\\\/8408942dd851e8a9c09f3d382a661bc05d2b3cd9002139bc1795b9528cdc6c80?s=96&d=mm&r=g\",\"caption\":\"R\u00e9daction - Les Volcans News\"},\"url\":\"https:\\\/\\\/lesvolcansnews.net\\\/?author=14\"}]}<\/script>\n<!-- \/ Yoast SEO plugin. -->","yoast_head_json":{"title":"Nord-Kivu : Un cas de justice populaire fait deux morts \u00e0 Butembo - LES VOLCANS NEWS","robots":{"index":"index","follow":"follow","max-snippet":"max-snippet:-1","max-image-preview":"max-image-preview:large","max-video-preview":"max-video-preview:-1"},"canonical":"https:\/\/lesvolcansnews.net\/?p=35529","og_locale":"fr_FR","og_type":"article","og_title":"Nord-Kivu : Un cas de justice populaire fait deux morts \u00e0 Butembo - LES VOLCANS NEWS","og_description":"Un nouveau cas de justice populaire a \u00e9t\u00e9 enregistr\u00e9 une fois de plus dans la matin\u00e9e de ce vendredi 09 d\u00e9cembre 2022 dans le quartier Vutetse-Base, commune de Kimemi en","og_url":"https:\/\/lesvolcansnews.net\/?p=35529","og_site_name":"LES VOLCANS NEWS","article_published_time":"2022-12-09T17:01:24+00:00","og_image":[{"width":500,"height":250,"url":"https:\/\/lesvolcansnews.net\/wp-content\/uploads\/2022\/12\/Justice-populaire-90.jpg","type":"image\/jpeg"}],"author":"R\u00e9daction - Les Volcans News","twitter_card":"summary_large_image","twitter_misc":{"\u00c9crit par":"R\u00e9daction - Les Volcans News","Dur\u00e9e de lecture estim\u00e9e":"1 minute"},"schema":{"@context":"https:\/\/schema.org","@graph":[{"@type":"Article","@id":"https:\/\/lesvolcansnews.net\/?p=35529#article","isPartOf":{"@id":"https:\/\/lesvolcansnews.net\/?p=35529"},"author":{"name":"R\u00e9daction - Les Volcans News","@id":"https:\/\/lesvolcansnews.net\/#\/schema\/person\/82c8bed2e77879ecf6cca63441f57354"},"headline":"Nord-Kivu : Un cas de justice populaire fait deux morts \u00e0 Butembo","datePublished":"2022-12-09T17:01:24+00:00","mainEntityOfPage":{"@id":"https:\/\/lesvolcansnews.net\/?p=35529"},"wordCount":196,"commentCount":0,"image":{"@id":"https:\/\/lesvolcansnews.net\/?p=35529#primaryimage"},"thumbnailUrl":"https:\/\/lesvolcansnews.net\/wp-content\/uploads\/2022\/12\/Justice-populaire-90.jpg","articleSection":["S\u00c9CURIT\u00c9"],"inLanguage":"fr-FR","potentialAction":[{"@type":"CommentAction","name":"Comment","target":["https:\/\/lesvolcansnews.net\/?p=35529#respond"]}]},{"@type":"WebPage","@id":"https:\/\/lesvolcansnews.net\/?p=35529","url":"https:\/\/lesvolcansnews.net\/?p=35529","name":"Nord-Kivu : Un cas de justice populaire fait deux morts \u00e0 Butembo - LES VOLCANS NEWS","isPartOf":{"@id":"https:\/\/lesvolcansnews.net\/#website"},"primaryImageOfPage":{"@id":"https:\/\/lesvolcansnews.net\/?p=35529#primaryimage"},"image":{"@id":"https:\/\/lesvolcansnews.net\/?p=35529#primaryimage"},"thumbnailUrl":"https:\/\/lesvolcansnews.net\/wp-content\/uploads\/2022\/12\/Justice-populaire-90.jpg","datePublished":"2022-12-09T17:01:24+00:00","author":{"@id":"https:\/\/lesvolcansnews.net\/#\/schema\/person\/82c8bed2e77879ecf6cca63441f57354"},"breadcrumb":{"@id":"https:\/\/lesvolcansnews.net\/?p=35529#breadcrumb"},"inLanguage":"fr-FR","potentialAction":[{"@type":"ReadAction","target":["https:\/\/lesvolcansnews.net\/?p=35529"]}]},{"@type":"ImageObject","inLanguage":"fr-FR","@id":"https:\/\/lesvolcansnews.net\/?p=35529#primaryimage","url":"https:\/\/lesvolcansnews.net\/wp-content\/uploads\/2022\/12\/Justice-populaire-90.jpg","contentUrl":"https:\/\/lesvolcansnews.net\/wp-content\/uploads\/2022\/12\/Justice-populaire-90.jpg","width":500,"height":250},{"@type":"BreadcrumbList","@id":"https:\/\/lesvolcansnews.net\/?p=35529#breadcrumb","itemListElement":[{"@type":"ListItem","position":1,"name":"Accueil","item":"https:\/\/lesvolcansnews.net\/"},{"@type":"ListItem","position":2,"name":"Nord-Kivu : Un cas de justice populaire fait deux morts \u00e0 Butembo"}]},{"@type":"WebSite","@id":"https:\/\/lesvolcansnews.net\/#website","url":"https:\/\/lesvolcansnews.net\/","name":"LES VOLCANS NEWS","description":"L&#039;INFORMATION C&#039;EST NOUS","potentialAction":[{"@type":"SearchAction","target":{"@type":"EntryPoint","urlTemplate":"https:\/\/lesvolcansnews.net\/?s={search_term_string}"},"query-input":{"@type":"PropertyValueSpecification","valueRequired":true,"valueName":"search_term_string"}}],"inLanguage":"fr-FR"},{"@type":"Person","@id":"https:\/\/lesvolcansnews.net\/#\/schema\/person\/82c8bed2e77879ecf6cca63441f57354","name":"R\u00e9daction - Les Volcans News","image":{"@type":"ImageObject","inLanguage":"fr-FR","@id":"https:\/\/secure.gravatar.com\/avatar\/8408942dd851e8a9c09f3d382a661bc05d2b3cd9002139bc1795b9528cdc6c80?s=96&d=mm&r=g","url":"https:\/\/secure.gravatar.com\/avatar\/8408942dd851e8a9c09f3d382a661bc05d2b3cd9002139bc1795b9528cdc6c80?s=96&d=mm&r=g","contentUrl":"https:\/\/secure.gravatar.com\/avatar\/8408942dd851e8a9c09f3d382a661bc05d2b3cd9002139bc1795b9528cdc6c80?s=96&d=mm&r=g","caption":"R\u00e9daction - Les Volcans News"},"url":"https:\/\/lesvolcansnews.net\/?author=14"}]}},"_links":{"self":[{"href":"https:\/\/lesvolcansnews.net\/index.php?rest_route=\/wp\/v2\/posts\/35529","targetHints":{"allow":["GET"]}}],"collection":[{"href":"https:\/\/lesvolcansnews.net\/index.php?rest_route=\/wp\/v2\/posts"}],"about":[{"href":"https:\/\/lesvolcansnews.net\/index.php?rest_route=\/wp\/v2\/types\/post"}],"author":[{"embeddable":true,"href":"https:\/\/lesvolcansnews.net\/index.php?rest_route=\/wp\/v2\/users\/14"}],"replies":[{"embeddable":true,"href":"https:\/\/lesvolcansnews.net\/index.php?rest_route=%2Fwp%2Fv2%2Fcomments&post=35529"}],"version-history":[{"count":0,"href":"https:\/\/lesvolcansnews.net\/index.php?rest_route=\/wp\/v2\/posts\/35529\/revisions"}],"wp:featuredmedia":[{"embeddable":true,"href":"https:\/\/lesvolcansnews.net\/index.php?rest_route=\/wp\/v2\/media\/35528"}],"wp:attachment":[{"href":"https:\/\/lesvolcansnews.net\/index.php?rest_route=%2Fwp%2Fv2%2Fmedia&parent=35529"}],"wp:term":[{"taxonomy":"category","embeddable":true,"href":"https:\/\/lesvolcansnews.net\/index.php?rest_route=%2Fwp%2Fv2%2Fcategories&post=35529"},{"taxonomy":"post_tag","embeddable":true,"href":"https:\/\/lesvolcansnews.net\/index.php?rest_route=%2Fwp%2Fv2%2Ftags&post=35529"}],"curies":[{"name":"wp","href":"https:\/\/api.w.org\/{rel}","templated":true}]}}