{"id":35521,"date":"2022-12-09T16:07:21","date_gmt":"2022-12-09T16:07:21","guid":{"rendered":"https:\/\/lesvolcansnews.net\/2022\/12\/09\/rdc-pape-francois-et-denis-mukwege-discutent-autour-de-la-paix-dans-lest\/"},"modified":"2022-12-09T16:07:21","modified_gmt":"2022-12-09T16:07:21","slug":"rdc-pape-francois-et-denis-mukwege-discutent-autour-de-la-paix-dans-lest","status":"publish","type":"post","link":"https:\/\/lesvolcansnews.net\/?p=35521","title":{"rendered":"RDC : Pape Fran\u00e7ois et Denis Mukwege discutent autour de la paix dans l&#8217;est"},"content":{"rendered":"\n<p>Le Dr. Denis Mukwege a \u00e9t\u00e9 l\u2019h\u00f4te du Pape Fran\u00e7ois ce vendredi 9 d\u00e9cembre 2022 au Vatican. Le Prix Nobel de la paix a eu un t\u00eate-\u00e0-t\u00eate avec le Souverain pontife au sujet de l\u2019actualit\u00e9 en RDC qui reste fortement domin\u00e9e par l\u2019ins\u00e9curit\u00e9 dans la r\u00e9gion du Kivu. <br><br>\u00c0 en croire D\u00e9nis Mukwege m\u00e9decin gyn\u00e9cologue de l&#8217;h\u00f4pital Panzi \u00e0 Bukavu , leurs \u00e9changes avec le Saint P\u00e8re a port\u00e9 sur la crise s\u00e9curitaire et humanitaire qui pr\u00e9vaut en RDC, surtout dans sa partie Est.<br><br>\u201cAujourd\u2019hui, j\u2019ai eu l\u2019honneur de rencontrer Sa Saintet\u00e9 le Pape Fran\u00e7ois au Vatican. Nous avons discut\u00e9 de la crise humanitaire en RDC et de l\u2019imp\u00e9ratif de la justice, la consolidation de la d\u00e9mocratie et l\u2019instauration de la paix\u201d, \u00e9crit-il sur son compte Twitter.<br><br>Ainsi, les deux personnalit\u00e9s ont-elles trait\u00e9 de la crise humanitaire qui d\u00e9coule de cette ins\u00e9curit\u00e9.<br><br>Le Pape Fran\u00e7ois a reprogramm\u00e9 sa visite en RDC pour le 31 janvier prochain. L\u2019\u00e9tape de Goma a \u00e9t\u00e9 annul\u00e9e selon le nouveau programme publi\u00e9 par le Vatican.<br><br>Pourtant, le Souverain pontife y \u00e9tait tr\u00e8s attendu pour apporter \u00ab consolation \u00bb et un message de \u00ab de paix, d\u2019unit\u00e9 et d\u2019espoir \u00bb.<br><br>Les 29 et 30 novembre, plus de 130 personnes ont \u00e9t\u00e9 massacr\u00e9es par les rebelles du M23, selon une enqu\u00eate pr\u00e9liminaire de l\u2019ONU. Le gouvernement congolais a avanc\u00e9 un bilan de pr\u00e8s de 300 personnes tu\u00e9es. Le M23, qui rejette et le bilan et les accusations mises \u00e0 sa charge, a laiss\u00e9 entendre qu\u2019il y a eu 8 morts par balles perdues.<br><br>Il est \u00e0 noter que Denis Mukwege est depuis bien longtemps, engag\u00e9 dans des plaidoyers pour la justice aux victimes des violences sous toutes leurs formes commises en RDC, et surtout la publication et la poursuites de leurs auteurs tel que contenu dans le rapport Mapping des Nations-Unies.<br><br><strong>Jackson Luanda Maliyabwana<\/strong><\/p>\n","protected":false},"excerpt":{"rendered":"<p>Le Dr. Denis Mukwege a \u00e9t\u00e9 l\u2019h\u00f4te du Pape Fran\u00e7ois ce vendredi 9 d\u00e9cembre 2022 au Vatican. Le Prix Nobel de la paix a eu un t\u00eate-\u00e0-t\u00eate avec le Souverain<\/p>\n","protected":false},"author":14,"featured_media":35520,"comment_status":"open","ping_status":"open","sticky":false,"template":"","format":"standard","meta":{"footnotes":""},"categories":[1],"tags":[],"class_list":["post-35521","post","type-post","status-publish","format-standard","has-post-thumbnail","hentry","category-actualite"],"yoast_head":"<!-- This site is optimized with the Yoast SEO plugin v27.5 - https:\/\/yoast.com\/product\/yoast-seo-wordpress\/ -->\n<title>RDC : Pape Fran\u00e7ois et Denis Mukwege discutent autour de la paix dans l&#039;est - LES VOLCANS NEWS<\/title>\n<meta name=\"robots\" content=\"index, follow, max-snippet:-1, max-image-preview:large, max-video-preview:-1\" \/>\n<link rel=\"canonical\" href=\"https:\/\/lesvolcansnews.net\/?p=35521\" \/>\n<meta property=\"og:locale\" content=\"fr_FR\" \/>\n<meta property=\"og:type\" content=\"article\" \/>\n<meta property=\"og:title\" content=\"RDC : Pape Fran\u00e7ois et Denis Mukwege discutent autour de la paix dans l&#039;est - LES VOLCANS NEWS\" \/>\n<meta property=\"og:description\" content=\"Le Dr. Denis Mukwege a \u00e9t\u00e9 l\u2019h\u00f4te du Pape Fran\u00e7ois ce vendredi 9 d\u00e9cembre 2022 au Vatican. Le Prix Nobel de la paix a eu un t\u00eate-\u00e0-t\u00eate avec le Souverain\" \/>\n<meta property=\"og:url\" content=\"https:\/\/lesvolcansnews.net\/?p=35521\" \/>\n<meta property=\"og:site_name\" content=\"LES VOLCANS NEWS\" \/>\n<meta property=\"article:published_time\" content=\"2022-12-09T16:07:21+00:00\" \/>\n<meta property=\"og:image\" content=\"https:\/\/lesvolcansnews.net\/wp-content\/uploads\/2022\/12\/IMG-20221209-WA0122.jpg\" \/>\n\t<meta property=\"og:image:width\" content=\"720\" \/>\n\t<meta property=\"og:image:height\" content=\"480\" \/>\n\t<meta property=\"og:image:type\" content=\"image\/jpeg\" \/>\n<meta name=\"author\" content=\"R\u00e9daction - Les Volcans News\" \/>\n<meta name=\"twitter:card\" content=\"summary_large_image\" \/>\n<meta name=\"twitter:label1\" content=\"\u00c9crit par\" \/>\n\t<meta name=\"twitter:data1\" content=\"R\u00e9daction - Les Volcans News\" \/>\n\t<meta name=\"twitter:label2\" content=\"Dur\u00e9e de lecture estim\u00e9e\" \/>\n\t<meta name=\"twitter:data2\" content=\"2 minutes\" \/>\n<script type=\"application\/ld+json\" class=\"yoast-schema-graph\">{\"@context\":\"https:\\\/\\\/schema.org\",\"@graph\":[{\"@type\":\"Article\",\"@id\":\"https:\\\/\\\/lesvolcansnews.net\\\/?p=35521#article\",\"isPartOf\":{\"@id\":\"https:\\\/\\\/lesvolcansnews.net\\\/?p=35521\"},\"author\":{\"name\":\"R\u00e9daction - Les Volcans News\",\"@id\":\"https:\\\/\\\/lesvolcansnews.net\\\/#\\\/schema\\\/person\\\/82c8bed2e77879ecf6cca63441f57354\"},\"headline\":\"RDC : Pape Fran\u00e7ois et Denis Mukwege discutent autour de la paix dans l&#8217;est\",\"datePublished\":\"2022-12-09T16:07:21+00:00\",\"mainEntityOfPage\":{\"@id\":\"https:\\\/\\\/lesvolcansnews.net\\\/?p=35521\"},\"wordCount\":349,\"commentCount\":0,\"image\":{\"@id\":\"https:\\\/\\\/lesvolcansnews.net\\\/?p=35521#primaryimage\"},\"thumbnailUrl\":\"https:\\\/\\\/lesvolcansnews.net\\\/wp-content\\\/uploads\\\/2022\\\/12\\\/IMG-20221209-WA0122.jpg\",\"articleSection\":[\"ACTUALIT\u00c9\"],\"inLanguage\":\"fr-FR\",\"potentialAction\":[{\"@type\":\"CommentAction\",\"name\":\"Comment\",\"target\":[\"https:\\\/\\\/lesvolcansnews.net\\\/?p=35521#respond\"]}]},{\"@type\":\"WebPage\",\"@id\":\"https:\\\/\\\/lesvolcansnews.net\\\/?p=35521\",\"url\":\"https:\\\/\\\/lesvolcansnews.net\\\/?p=35521\",\"name\":\"RDC : Pape Fran\u00e7ois et Denis Mukwege discutent autour de la paix dans l'est - LES VOLCANS NEWS\",\"isPartOf\":{\"@id\":\"https:\\\/\\\/lesvolcansnews.net\\\/#website\"},\"primaryImageOfPage\":{\"@id\":\"https:\\\/\\\/lesvolcansnews.net\\\/?p=35521#primaryimage\"},\"image\":{\"@id\":\"https:\\\/\\\/lesvolcansnews.net\\\/?p=35521#primaryimage\"},\"thumbnailUrl\":\"https:\\\/\\\/lesvolcansnews.net\\\/wp-content\\\/uploads\\\/2022\\\/12\\\/IMG-20221209-WA0122.jpg\",\"datePublished\":\"2022-12-09T16:07:21+00:00\",\"author\":{\"@id\":\"https:\\\/\\\/lesvolcansnews.net\\\/#\\\/schema\\\/person\\\/82c8bed2e77879ecf6cca63441f57354\"},\"breadcrumb\":{\"@id\":\"https:\\\/\\\/lesvolcansnews.net\\\/?p=35521#breadcrumb\"},\"inLanguage\":\"fr-FR\",\"potentialAction\":[{\"@type\":\"ReadAction\",\"target\":[\"https:\\\/\\\/lesvolcansnews.net\\\/?p=35521\"]}]},{\"@type\":\"ImageObject\",\"inLanguage\":\"fr-FR\",\"@id\":\"https:\\\/\\\/lesvolcansnews.net\\\/?p=35521#primaryimage\",\"url\":\"https:\\\/\\\/lesvolcansnews.net\\\/wp-content\\\/uploads\\\/2022\\\/12\\\/IMG-20221209-WA0122.jpg\",\"contentUrl\":\"https:\\\/\\\/lesvolcansnews.net\\\/wp-content\\\/uploads\\\/2022\\\/12\\\/IMG-20221209-WA0122.jpg\",\"width\":720,\"height\":480},{\"@type\":\"BreadcrumbList\",\"@id\":\"https:\\\/\\\/lesvolcansnews.net\\\/?p=35521#breadcrumb\",\"itemListElement\":[{\"@type\":\"ListItem\",\"position\":1,\"name\":\"Accueil\",\"item\":\"https:\\\/\\\/lesvolcansnews.net\\\/\"},{\"@type\":\"ListItem\",\"position\":2,\"name\":\"RDC : Pape Fran\u00e7ois et Denis Mukwege discutent autour de la paix dans l&#8217;est\"}]},{\"@type\":\"WebSite\",\"@id\":\"https:\\\/\\\/lesvolcansnews.net\\\/#website\",\"url\":\"https:\\\/\\\/lesvolcansnews.net\\\/\",\"name\":\"LES VOLCANS NEWS\",\"description\":\"L&#039;INFORMATION C&#039;EST NOUS\",\"potentialAction\":[{\"@type\":\"SearchAction\",\"target\":{\"@type\":\"EntryPoint\",\"urlTemplate\":\"https:\\\/\\\/lesvolcansnews.net\\\/?s={search_term_string}\"},\"query-input\":{\"@type\":\"PropertyValueSpecification\",\"valueRequired\":true,\"valueName\":\"search_term_string\"}}],\"inLanguage\":\"fr-FR\"},{\"@type\":\"Person\",\"@id\":\"https:\\\/\\\/lesvolcansnews.net\\\/#\\\/schema\\\/person\\\/82c8bed2e77879ecf6cca63441f57354\",\"name\":\"R\u00e9daction - Les Volcans News\",\"image\":{\"@type\":\"ImageObject\",\"inLanguage\":\"fr-FR\",\"@id\":\"https:\\\/\\\/secure.gravatar.com\\\/avatar\\\/8408942dd851e8a9c09f3d382a661bc05d2b3cd9002139bc1795b9528cdc6c80?s=96&d=mm&r=g\",\"url\":\"https:\\\/\\\/secure.gravatar.com\\\/avatar\\\/8408942dd851e8a9c09f3d382a661bc05d2b3cd9002139bc1795b9528cdc6c80?s=96&d=mm&r=g\",\"contentUrl\":\"https:\\\/\\\/secure.gravatar.com\\\/avatar\\\/8408942dd851e8a9c09f3d382a661bc05d2b3cd9002139bc1795b9528cdc6c80?s=96&d=mm&r=g\",\"caption\":\"R\u00e9daction - Les Volcans News\"},\"url\":\"https:\\\/\\\/lesvolcansnews.net\\\/?author=14\"}]}<\/script>\n<!-- \/ Yoast SEO plugin. -->","yoast_head_json":{"title":"RDC : Pape Fran\u00e7ois et Denis Mukwege discutent autour de la paix dans l'est - LES VOLCANS NEWS","robots":{"index":"index","follow":"follow","max-snippet":"max-snippet:-1","max-image-preview":"max-image-preview:large","max-video-preview":"max-video-preview:-1"},"canonical":"https:\/\/lesvolcansnews.net\/?p=35521","og_locale":"fr_FR","og_type":"article","og_title":"RDC : Pape Fran\u00e7ois et Denis Mukwege discutent autour de la paix dans l'est - LES VOLCANS NEWS","og_description":"Le Dr. Denis Mukwege a \u00e9t\u00e9 l\u2019h\u00f4te du Pape Fran\u00e7ois ce vendredi 9 d\u00e9cembre 2022 au Vatican. Le Prix Nobel de la paix a eu un t\u00eate-\u00e0-t\u00eate avec le Souverain","og_url":"https:\/\/lesvolcansnews.net\/?p=35521","og_site_name":"LES VOLCANS NEWS","article_published_time":"2022-12-09T16:07:21+00:00","og_image":[{"width":720,"height":480,"url":"https:\/\/lesvolcansnews.net\/wp-content\/uploads\/2022\/12\/IMG-20221209-WA0122.jpg","type":"image\/jpeg"}],"author":"R\u00e9daction - Les Volcans News","twitter_card":"summary_large_image","twitter_misc":{"\u00c9crit par":"R\u00e9daction - Les Volcans News","Dur\u00e9e de lecture estim\u00e9e":"2 minutes"},"schema":{"@context":"https:\/\/schema.org","@graph":[{"@type":"Article","@id":"https:\/\/lesvolcansnews.net\/?p=35521#article","isPartOf":{"@id":"https:\/\/lesvolcansnews.net\/?p=35521"},"author":{"name":"R\u00e9daction - Les Volcans News","@id":"https:\/\/lesvolcansnews.net\/#\/schema\/person\/82c8bed2e77879ecf6cca63441f57354"},"headline":"RDC : Pape Fran\u00e7ois et Denis Mukwege discutent autour de la paix dans l&#8217;est","datePublished":"2022-12-09T16:07:21+00:00","mainEntityOfPage":{"@id":"https:\/\/lesvolcansnews.net\/?p=35521"},"wordCount":349,"commentCount":0,"image":{"@id":"https:\/\/lesvolcansnews.net\/?p=35521#primaryimage"},"thumbnailUrl":"https:\/\/lesvolcansnews.net\/wp-content\/uploads\/2022\/12\/IMG-20221209-WA0122.jpg","articleSection":["ACTUALIT\u00c9"],"inLanguage":"fr-FR","potentialAction":[{"@type":"CommentAction","name":"Comment","target":["https:\/\/lesvolcansnews.net\/?p=35521#respond"]}]},{"@type":"WebPage","@id":"https:\/\/lesvolcansnews.net\/?p=35521","url":"https:\/\/lesvolcansnews.net\/?p=35521","name":"RDC : Pape Fran\u00e7ois et Denis Mukwege discutent autour de la paix dans l'est - LES VOLCANS NEWS","isPartOf":{"@id":"https:\/\/lesvolcansnews.net\/#website"},"primaryImageOfPage":{"@id":"https:\/\/lesvolcansnews.net\/?p=35521#primaryimage"},"image":{"@id":"https:\/\/lesvolcansnews.net\/?p=35521#primaryimage"},"thumbnailUrl":"https:\/\/lesvolcansnews.net\/wp-content\/uploads\/2022\/12\/IMG-20221209-WA0122.jpg","datePublished":"2022-12-09T16:07:21+00:00","author":{"@id":"https:\/\/lesvolcansnews.net\/#\/schema\/person\/82c8bed2e77879ecf6cca63441f57354"},"breadcrumb":{"@id":"https:\/\/lesvolcansnews.net\/?p=35521#breadcrumb"},"inLanguage":"fr-FR","potentialAction":[{"@type":"ReadAction","target":["https:\/\/lesvolcansnews.net\/?p=35521"]}]},{"@type":"ImageObject","inLanguage":"fr-FR","@id":"https:\/\/lesvolcansnews.net\/?p=35521#primaryimage","url":"https:\/\/lesvolcansnews.net\/wp-content\/uploads\/2022\/12\/IMG-20221209-WA0122.jpg","contentUrl":"https:\/\/lesvolcansnews.net\/wp-content\/uploads\/2022\/12\/IMG-20221209-WA0122.jpg","width":720,"height":480},{"@type":"BreadcrumbList","@id":"https:\/\/lesvolcansnews.net\/?p=35521#breadcrumb","itemListElement":[{"@type":"ListItem","position":1,"name":"Accueil","item":"https:\/\/lesvolcansnews.net\/"},{"@type":"ListItem","position":2,"name":"RDC : Pape Fran\u00e7ois et Denis Mukwege discutent autour de la paix dans l&#8217;est"}]},{"@type":"WebSite","@id":"https:\/\/lesvolcansnews.net\/#website","url":"https:\/\/lesvolcansnews.net\/","name":"LES VOLCANS NEWS","description":"L&#039;INFORMATION C&#039;EST NOUS","potentialAction":[{"@type":"SearchAction","target":{"@type":"EntryPoint","urlTemplate":"https:\/\/lesvolcansnews.net\/?s={search_term_string}"},"query-input":{"@type":"PropertyValueSpecification","valueRequired":true,"valueName":"search_term_string"}}],"inLanguage":"fr-FR"},{"@type":"Person","@id":"https:\/\/lesvolcansnews.net\/#\/schema\/person\/82c8bed2e77879ecf6cca63441f57354","name":"R\u00e9daction - Les Volcans News","image":{"@type":"ImageObject","inLanguage":"fr-FR","@id":"https:\/\/secure.gravatar.com\/avatar\/8408942dd851e8a9c09f3d382a661bc05d2b3cd9002139bc1795b9528cdc6c80?s=96&d=mm&r=g","url":"https:\/\/secure.gravatar.com\/avatar\/8408942dd851e8a9c09f3d382a661bc05d2b3cd9002139bc1795b9528cdc6c80?s=96&d=mm&r=g","contentUrl":"https:\/\/secure.gravatar.com\/avatar\/8408942dd851e8a9c09f3d382a661bc05d2b3cd9002139bc1795b9528cdc6c80?s=96&d=mm&r=g","caption":"R\u00e9daction - Les Volcans News"},"url":"https:\/\/lesvolcansnews.net\/?author=14"}]}},"_links":{"self":[{"href":"https:\/\/lesvolcansnews.net\/index.php?rest_route=\/wp\/v2\/posts\/35521","targetHints":{"allow":["GET"]}}],"collection":[{"href":"https:\/\/lesvolcansnews.net\/index.php?rest_route=\/wp\/v2\/posts"}],"about":[{"href":"https:\/\/lesvolcansnews.net\/index.php?rest_route=\/wp\/v2\/types\/post"}],"author":[{"embeddable":true,"href":"https:\/\/lesvolcansnews.net\/index.php?rest_route=\/wp\/v2\/users\/14"}],"replies":[{"embeddable":true,"href":"https:\/\/lesvolcansnews.net\/index.php?rest_route=%2Fwp%2Fv2%2Fcomments&post=35521"}],"version-history":[{"count":0,"href":"https:\/\/lesvolcansnews.net\/index.php?rest_route=\/wp\/v2\/posts\/35521\/revisions"}],"wp:featuredmedia":[{"embeddable":true,"href":"https:\/\/lesvolcansnews.net\/index.php?rest_route=\/wp\/v2\/media\/35520"}],"wp:attachment":[{"href":"https:\/\/lesvolcansnews.net\/index.php?rest_route=%2Fwp%2Fv2%2Fmedia&parent=35521"}],"wp:term":[{"taxonomy":"category","embeddable":true,"href":"https:\/\/lesvolcansnews.net\/index.php?rest_route=%2Fwp%2Fv2%2Fcategories&post=35521"},{"taxonomy":"post_tag","embeddable":true,"href":"https:\/\/lesvolcansnews.net\/index.php?rest_route=%2Fwp%2Fv2%2Ftags&post=35521"}],"curies":[{"name":"wp","href":"https:\/\/api.w.org\/{rel}","templated":true}]}}