{"id":35511,"date":"2022-12-09T13:07:07","date_gmt":"2022-12-09T13:07:07","guid":{"rendered":"https:\/\/lesvolcansnews.net\/?p=35511"},"modified":"2022-12-09T13:08:03","modified_gmt":"2022-12-09T13:08:03","slug":"ituri-le-chef-du-secteur-de-bahema-sud-demande-le-deploiement-de-la-force-fardc-updf-dans-son-entite","status":"publish","type":"post","link":"https:\/\/lesvolcansnews.net\/?p=35511","title":{"rendered":"Ituri : Le chef du secteur de Bahema Sud demande le d\u00e9ploiement de la force FARDC-UPDF dans son entit\u00e9"},"content":{"rendered":"\n<p>Le secteur de Bahema Sud situ\u00e9 \u00e0 une cinquantaine de kilom\u00e8tres au sud de Bunia, dans le territoire d&#8217;Irumu sollicite le d\u00e9ploiement ou l&#8217;\u00e9largissement des op\u00e9rations conjointes FARDC-UPDF dans cette partie de la province de l&#8217;Ituri.<br><br>Le chef de cette entit\u00e9 coutumi\u00e8re qui l&#8217;a fait savoir dans un document sign\u00e9 le 02 d\u00e9cembre 2022, justifie sa demande par la menace s\u00e9curitaire de certains villages de son secteur par les rebelles ADF qui y seraient visibles.<br><br>Dans cette correspondance adress\u00e9e au g\u00e9n\u00e9ral major Camille Bombele, coordonateur des op\u00e9rations conjointes FARDC-UPDF et transmise copie au gouverneur militaire lieutenant g\u00e9n\u00e9ral Luboya N&#8217;kashama Johnny, commandant de la 32 \u00e8me r\u00e9gion militaire Peter Chirimwami et au commandant secteur op\u00e9rationnel Ituri Nyembo Abdallah, Andr\u00e9 Takumara cite nomm\u00e9ment les villages Buguma, Ngabu, Kikoga et Kanzoka comme principaux endroits o\u00f9 cette circulation d&#8217;armes serait constat\u00e9e.<br><br>&#8221; En effet, vu la situation s\u00e9curitaire qui pr\u00e9vaut actuellement dans mon entit\u00e9, il est signal\u00e9 la circulation en arme des ADF dans certains de nos villages, d&#8217;o\u00f9 nous sollicitons aupr\u00e8s de votre Autorit\u00e9 le D\u00e9ploiement de la Force conjointe FARDC-UPDF dans les villages ci-apr\u00e8s pour l&#8217;int\u00e9grit\u00e9 territoriale et une s\u00e9curit\u00e9 de la population et ses biens (Vaches): BUGUMA, NGABU, KANZOKA et KIKOGA. Veuillez agr\u00e9er Monsieur le Coordonateur des Operations conjointes FARDC\/ UPDF l&#8217;expression de nos sentiments les plus patriotiques &#8221; peut-on retenir dans ce document dont une copie est parvenue \u00e0 notre r\u00e9daction.<br><br>Il faut rappeler que cette force mutualis\u00e9e est sur le sol congolais depuis le mois de novembre 2021 et cela dans les territoires d&#8217;Irumu en Ituri et de B\u00e9ni au Nord-Kivu. En Ituri, cette force est plus concentr\u00e9e \u00e0 Burasi pr\u00e8s de Boga dans la chefferie de Bahema Boga, en territoire d&#8217;Irumu.<br><br>Nickson Manzekele depuis Bunia<\/p>\n","protected":false},"excerpt":{"rendered":"<p>Le secteur de Bahema Sud situ\u00e9 \u00e0 une cinquantaine de kilom\u00e8tres au sud de Bunia, dans le territoire d&#8217;Irumu sollicite le d\u00e9ploiement ou l&#8217;\u00e9largissement des op\u00e9rations conjointes FARDC-UPDF dans cette<\/p>\n","protected":false},"author":14,"featured_media":35510,"comment_status":"open","ping_status":"open","sticky":false,"template":"","format":"standard","meta":{"footnotes":""},"categories":[32],"tags":[],"class_list":["post-35511","post","type-post","status-publish","format-standard","has-post-thumbnail","hentry","category-securite"],"yoast_head":"<!-- This site is optimized with the Yoast SEO plugin v27.5 - https:\/\/yoast.com\/product\/yoast-seo-wordpress\/ -->\n<title>Ituri : Le chef du secteur de Bahema Sud demande le d\u00e9ploiement de la force FARDC-UPDF dans son entit\u00e9 - LES VOLCANS NEWS<\/title>\n<meta name=\"robots\" content=\"index, follow, max-snippet:-1, max-image-preview:large, max-video-preview:-1\" \/>\n<link rel=\"canonical\" href=\"https:\/\/lesvolcansnews.net\/?p=35511\" \/>\n<meta property=\"og:locale\" content=\"fr_FR\" \/>\n<meta property=\"og:type\" content=\"article\" \/>\n<meta property=\"og:title\" content=\"Ituri : Le chef du secteur de Bahema Sud demande le d\u00e9ploiement de la force FARDC-UPDF dans son entit\u00e9 - LES VOLCANS NEWS\" \/>\n<meta property=\"og:description\" content=\"Le secteur de Bahema Sud situ\u00e9 \u00e0 une cinquantaine de kilom\u00e8tres au sud de Bunia, dans le territoire d&#8217;Irumu sollicite le d\u00e9ploiement ou l&#8217;\u00e9largissement des op\u00e9rations conjointes FARDC-UPDF dans cette\" \/>\n<meta property=\"og:url\" content=\"https:\/\/lesvolcansnews.net\/?p=35511\" \/>\n<meta property=\"og:site_name\" content=\"LES VOLCANS NEWS\" \/>\n<meta property=\"article:published_time\" content=\"2022-12-09T13:07:07+00:00\" \/>\n<meta property=\"article:modified_time\" content=\"2022-12-09T13:08:03+00:00\" \/>\n<meta property=\"og:image\" content=\"https:\/\/lesvolcansnews.net\/wp-content\/uploads\/2022\/12\/IMG-20221209-WA0001.jpg\" \/>\n\t<meta property=\"og:image:width\" content=\"999\" \/>\n\t<meta property=\"og:image:height\" content=\"562\" \/>\n\t<meta property=\"og:image:type\" content=\"image\/jpeg\" \/>\n<meta name=\"author\" content=\"R\u00e9daction - Les Volcans News\" \/>\n<meta name=\"twitter:card\" content=\"summary_large_image\" \/>\n<meta name=\"twitter:label1\" content=\"\u00c9crit par\" \/>\n\t<meta name=\"twitter:data1\" content=\"R\u00e9daction - Les Volcans News\" \/>\n\t<meta name=\"twitter:label2\" content=\"Dur\u00e9e de lecture estim\u00e9e\" \/>\n\t<meta name=\"twitter:data2\" content=\"2 minutes\" \/>\n<script type=\"application\/ld+json\" class=\"yoast-schema-graph\">{\"@context\":\"https:\\\/\\\/schema.org\",\"@graph\":[{\"@type\":\"Article\",\"@id\":\"https:\\\/\\\/lesvolcansnews.net\\\/?p=35511#article\",\"isPartOf\":{\"@id\":\"https:\\\/\\\/lesvolcansnews.net\\\/?p=35511\"},\"author\":{\"name\":\"R\u00e9daction - Les Volcans News\",\"@id\":\"https:\\\/\\\/lesvolcansnews.net\\\/#\\\/schema\\\/person\\\/82c8bed2e77879ecf6cca63441f57354\"},\"headline\":\"Ituri : Le chef du secteur de Bahema Sud demande le d\u00e9ploiement de la force FARDC-UPDF dans son entit\u00e9\",\"datePublished\":\"2022-12-09T13:07:07+00:00\",\"dateModified\":\"2022-12-09T13:08:03+00:00\",\"mainEntityOfPage\":{\"@id\":\"https:\\\/\\\/lesvolcansnews.net\\\/?p=35511\"},\"wordCount\":337,\"commentCount\":0,\"image\":{\"@id\":\"https:\\\/\\\/lesvolcansnews.net\\\/?p=35511#primaryimage\"},\"thumbnailUrl\":\"https:\\\/\\\/lesvolcansnews.net\\\/wp-content\\\/uploads\\\/2022\\\/12\\\/IMG-20221209-WA0001.jpg\",\"articleSection\":[\"S\u00c9CURIT\u00c9\"],\"inLanguage\":\"fr-FR\",\"potentialAction\":[{\"@type\":\"CommentAction\",\"name\":\"Comment\",\"target\":[\"https:\\\/\\\/lesvolcansnews.net\\\/?p=35511#respond\"]}]},{\"@type\":\"WebPage\",\"@id\":\"https:\\\/\\\/lesvolcansnews.net\\\/?p=35511\",\"url\":\"https:\\\/\\\/lesvolcansnews.net\\\/?p=35511\",\"name\":\"Ituri : Le chef du secteur de Bahema Sud demande le d\u00e9ploiement de la force FARDC-UPDF dans son entit\u00e9 - LES VOLCANS NEWS\",\"isPartOf\":{\"@id\":\"https:\\\/\\\/lesvolcansnews.net\\\/#website\"},\"primaryImageOfPage\":{\"@id\":\"https:\\\/\\\/lesvolcansnews.net\\\/?p=35511#primaryimage\"},\"image\":{\"@id\":\"https:\\\/\\\/lesvolcansnews.net\\\/?p=35511#primaryimage\"},\"thumbnailUrl\":\"https:\\\/\\\/lesvolcansnews.net\\\/wp-content\\\/uploads\\\/2022\\\/12\\\/IMG-20221209-WA0001.jpg\",\"datePublished\":\"2022-12-09T13:07:07+00:00\",\"dateModified\":\"2022-12-09T13:08:03+00:00\",\"author\":{\"@id\":\"https:\\\/\\\/lesvolcansnews.net\\\/#\\\/schema\\\/person\\\/82c8bed2e77879ecf6cca63441f57354\"},\"breadcrumb\":{\"@id\":\"https:\\\/\\\/lesvolcansnews.net\\\/?p=35511#breadcrumb\"},\"inLanguage\":\"fr-FR\",\"potentialAction\":[{\"@type\":\"ReadAction\",\"target\":[\"https:\\\/\\\/lesvolcansnews.net\\\/?p=35511\"]}]},{\"@type\":\"ImageObject\",\"inLanguage\":\"fr-FR\",\"@id\":\"https:\\\/\\\/lesvolcansnews.net\\\/?p=35511#primaryimage\",\"url\":\"https:\\\/\\\/lesvolcansnews.net\\\/wp-content\\\/uploads\\\/2022\\\/12\\\/IMG-20221209-WA0001.jpg\",\"contentUrl\":\"https:\\\/\\\/lesvolcansnews.net\\\/wp-content\\\/uploads\\\/2022\\\/12\\\/IMG-20221209-WA0001.jpg\",\"width\":999,\"height\":562},{\"@type\":\"BreadcrumbList\",\"@id\":\"https:\\\/\\\/lesvolcansnews.net\\\/?p=35511#breadcrumb\",\"itemListElement\":[{\"@type\":\"ListItem\",\"position\":1,\"name\":\"Accueil\",\"item\":\"https:\\\/\\\/lesvolcansnews.net\\\/\"},{\"@type\":\"ListItem\",\"position\":2,\"name\":\"Ituri : Le chef du secteur de Bahema Sud demande le d\u00e9ploiement de la force FARDC-UPDF dans son entit\u00e9\"}]},{\"@type\":\"WebSite\",\"@id\":\"https:\\\/\\\/lesvolcansnews.net\\\/#website\",\"url\":\"https:\\\/\\\/lesvolcansnews.net\\\/\",\"name\":\"LES VOLCANS NEWS\",\"description\":\"L&#039;INFORMATION C&#039;EST NOUS\",\"potentialAction\":[{\"@type\":\"SearchAction\",\"target\":{\"@type\":\"EntryPoint\",\"urlTemplate\":\"https:\\\/\\\/lesvolcansnews.net\\\/?s={search_term_string}\"},\"query-input\":{\"@type\":\"PropertyValueSpecification\",\"valueRequired\":true,\"valueName\":\"search_term_string\"}}],\"inLanguage\":\"fr-FR\"},{\"@type\":\"Person\",\"@id\":\"https:\\\/\\\/lesvolcansnews.net\\\/#\\\/schema\\\/person\\\/82c8bed2e77879ecf6cca63441f57354\",\"name\":\"R\u00e9daction - Les Volcans News\",\"image\":{\"@type\":\"ImageObject\",\"inLanguage\":\"fr-FR\",\"@id\":\"https:\\\/\\\/secure.gravatar.com\\\/avatar\\\/8408942dd851e8a9c09f3d382a661bc05d2b3cd9002139bc1795b9528cdc6c80?s=96&d=mm&r=g\",\"url\":\"https:\\\/\\\/secure.gravatar.com\\\/avatar\\\/8408942dd851e8a9c09f3d382a661bc05d2b3cd9002139bc1795b9528cdc6c80?s=96&d=mm&r=g\",\"contentUrl\":\"https:\\\/\\\/secure.gravatar.com\\\/avatar\\\/8408942dd851e8a9c09f3d382a661bc05d2b3cd9002139bc1795b9528cdc6c80?s=96&d=mm&r=g\",\"caption\":\"R\u00e9daction - Les Volcans News\"},\"url\":\"https:\\\/\\\/lesvolcansnews.net\\\/?author=14\"}]}<\/script>\n<!-- \/ Yoast SEO plugin. -->","yoast_head_json":{"title":"Ituri : Le chef du secteur de Bahema Sud demande le d\u00e9ploiement de la force FARDC-UPDF dans son entit\u00e9 - LES VOLCANS NEWS","robots":{"index":"index","follow":"follow","max-snippet":"max-snippet:-1","max-image-preview":"max-image-preview:large","max-video-preview":"max-video-preview:-1"},"canonical":"https:\/\/lesvolcansnews.net\/?p=35511","og_locale":"fr_FR","og_type":"article","og_title":"Ituri : Le chef du secteur de Bahema Sud demande le d\u00e9ploiement de la force FARDC-UPDF dans son entit\u00e9 - LES VOLCANS NEWS","og_description":"Le secteur de Bahema Sud situ\u00e9 \u00e0 une cinquantaine de kilom\u00e8tres au sud de Bunia, dans le territoire d&#8217;Irumu sollicite le d\u00e9ploiement ou l&#8217;\u00e9largissement des op\u00e9rations conjointes FARDC-UPDF dans cette","og_url":"https:\/\/lesvolcansnews.net\/?p=35511","og_site_name":"LES VOLCANS NEWS","article_published_time":"2022-12-09T13:07:07+00:00","article_modified_time":"2022-12-09T13:08:03+00:00","og_image":[{"width":999,"height":562,"url":"https:\/\/lesvolcansnews.net\/wp-content\/uploads\/2022\/12\/IMG-20221209-WA0001.jpg","type":"image\/jpeg"}],"author":"R\u00e9daction - Les Volcans News","twitter_card":"summary_large_image","twitter_misc":{"\u00c9crit par":"R\u00e9daction - Les Volcans News","Dur\u00e9e de lecture estim\u00e9e":"2 minutes"},"schema":{"@context":"https:\/\/schema.org","@graph":[{"@type":"Article","@id":"https:\/\/lesvolcansnews.net\/?p=35511#article","isPartOf":{"@id":"https:\/\/lesvolcansnews.net\/?p=35511"},"author":{"name":"R\u00e9daction - Les Volcans News","@id":"https:\/\/lesvolcansnews.net\/#\/schema\/person\/82c8bed2e77879ecf6cca63441f57354"},"headline":"Ituri : Le chef du secteur de Bahema Sud demande le d\u00e9ploiement de la force FARDC-UPDF dans son entit\u00e9","datePublished":"2022-12-09T13:07:07+00:00","dateModified":"2022-12-09T13:08:03+00:00","mainEntityOfPage":{"@id":"https:\/\/lesvolcansnews.net\/?p=35511"},"wordCount":337,"commentCount":0,"image":{"@id":"https:\/\/lesvolcansnews.net\/?p=35511#primaryimage"},"thumbnailUrl":"https:\/\/lesvolcansnews.net\/wp-content\/uploads\/2022\/12\/IMG-20221209-WA0001.jpg","articleSection":["S\u00c9CURIT\u00c9"],"inLanguage":"fr-FR","potentialAction":[{"@type":"CommentAction","name":"Comment","target":["https:\/\/lesvolcansnews.net\/?p=35511#respond"]}]},{"@type":"WebPage","@id":"https:\/\/lesvolcansnews.net\/?p=35511","url":"https:\/\/lesvolcansnews.net\/?p=35511","name":"Ituri : Le chef du secteur de Bahema Sud demande le d\u00e9ploiement de la force FARDC-UPDF dans son entit\u00e9 - LES VOLCANS NEWS","isPartOf":{"@id":"https:\/\/lesvolcansnews.net\/#website"},"primaryImageOfPage":{"@id":"https:\/\/lesvolcansnews.net\/?p=35511#primaryimage"},"image":{"@id":"https:\/\/lesvolcansnews.net\/?p=35511#primaryimage"},"thumbnailUrl":"https:\/\/lesvolcansnews.net\/wp-content\/uploads\/2022\/12\/IMG-20221209-WA0001.jpg","datePublished":"2022-12-09T13:07:07+00:00","dateModified":"2022-12-09T13:08:03+00:00","author":{"@id":"https:\/\/lesvolcansnews.net\/#\/schema\/person\/82c8bed2e77879ecf6cca63441f57354"},"breadcrumb":{"@id":"https:\/\/lesvolcansnews.net\/?p=35511#breadcrumb"},"inLanguage":"fr-FR","potentialAction":[{"@type":"ReadAction","target":["https:\/\/lesvolcansnews.net\/?p=35511"]}]},{"@type":"ImageObject","inLanguage":"fr-FR","@id":"https:\/\/lesvolcansnews.net\/?p=35511#primaryimage","url":"https:\/\/lesvolcansnews.net\/wp-content\/uploads\/2022\/12\/IMG-20221209-WA0001.jpg","contentUrl":"https:\/\/lesvolcansnews.net\/wp-content\/uploads\/2022\/12\/IMG-20221209-WA0001.jpg","width":999,"height":562},{"@type":"BreadcrumbList","@id":"https:\/\/lesvolcansnews.net\/?p=35511#breadcrumb","itemListElement":[{"@type":"ListItem","position":1,"name":"Accueil","item":"https:\/\/lesvolcansnews.net\/"},{"@type":"ListItem","position":2,"name":"Ituri : Le chef du secteur de Bahema Sud demande le d\u00e9ploiement de la force FARDC-UPDF dans son entit\u00e9"}]},{"@type":"WebSite","@id":"https:\/\/lesvolcansnews.net\/#website","url":"https:\/\/lesvolcansnews.net\/","name":"LES VOLCANS NEWS","description":"L&#039;INFORMATION C&#039;EST NOUS","potentialAction":[{"@type":"SearchAction","target":{"@type":"EntryPoint","urlTemplate":"https:\/\/lesvolcansnews.net\/?s={search_term_string}"},"query-input":{"@type":"PropertyValueSpecification","valueRequired":true,"valueName":"search_term_string"}}],"inLanguage":"fr-FR"},{"@type":"Person","@id":"https:\/\/lesvolcansnews.net\/#\/schema\/person\/82c8bed2e77879ecf6cca63441f57354","name":"R\u00e9daction - Les Volcans News","image":{"@type":"ImageObject","inLanguage":"fr-FR","@id":"https:\/\/secure.gravatar.com\/avatar\/8408942dd851e8a9c09f3d382a661bc05d2b3cd9002139bc1795b9528cdc6c80?s=96&d=mm&r=g","url":"https:\/\/secure.gravatar.com\/avatar\/8408942dd851e8a9c09f3d382a661bc05d2b3cd9002139bc1795b9528cdc6c80?s=96&d=mm&r=g","contentUrl":"https:\/\/secure.gravatar.com\/avatar\/8408942dd851e8a9c09f3d382a661bc05d2b3cd9002139bc1795b9528cdc6c80?s=96&d=mm&r=g","caption":"R\u00e9daction - Les Volcans News"},"url":"https:\/\/lesvolcansnews.net\/?author=14"}]}},"_links":{"self":[{"href":"https:\/\/lesvolcansnews.net\/index.php?rest_route=\/wp\/v2\/posts\/35511","targetHints":{"allow":["GET"]}}],"collection":[{"href":"https:\/\/lesvolcansnews.net\/index.php?rest_route=\/wp\/v2\/posts"}],"about":[{"href":"https:\/\/lesvolcansnews.net\/index.php?rest_route=\/wp\/v2\/types\/post"}],"author":[{"embeddable":true,"href":"https:\/\/lesvolcansnews.net\/index.php?rest_route=\/wp\/v2\/users\/14"}],"replies":[{"embeddable":true,"href":"https:\/\/lesvolcansnews.net\/index.php?rest_route=%2Fwp%2Fv2%2Fcomments&post=35511"}],"version-history":[{"count":1,"href":"https:\/\/lesvolcansnews.net\/index.php?rest_route=\/wp\/v2\/posts\/35511\/revisions"}],"predecessor-version":[{"id":35512,"href":"https:\/\/lesvolcansnews.net\/index.php?rest_route=\/wp\/v2\/posts\/35511\/revisions\/35512"}],"wp:featuredmedia":[{"embeddable":true,"href":"https:\/\/lesvolcansnews.net\/index.php?rest_route=\/wp\/v2\/media\/35510"}],"wp:attachment":[{"href":"https:\/\/lesvolcansnews.net\/index.php?rest_route=%2Fwp%2Fv2%2Fmedia&parent=35511"}],"wp:term":[{"taxonomy":"category","embeddable":true,"href":"https:\/\/lesvolcansnews.net\/index.php?rest_route=%2Fwp%2Fv2%2Fcategories&post=35511"},{"taxonomy":"post_tag","embeddable":true,"href":"https:\/\/lesvolcansnews.net\/index.php?rest_route=%2Fwp%2Fv2%2Ftags&post=35511"}],"curies":[{"name":"wp","href":"https:\/\/api.w.org\/{rel}","templated":true}]}}