{"id":3136,"date":"2019-05-08T17:05:47","date_gmt":"2019-05-08T17:05:47","guid":{"rendered":"http:\/\/lesvolcansnews.net\/2019\/05\/08\/butembo-apres-une-matinee-tres-agitee-le-calme-est-revenu\/"},"modified":"2019-05-08T17:05:47","modified_gmt":"2019-05-08T17:05:47","slug":"butembo-apres-une-matinee-tres-agitee-le-calme-est-revenu","status":"publish","type":"post","link":"https:\/\/lesvolcansnews.net\/?p=3136","title":{"rendered":"Butembo: apr\u00e8s une matin\u00e9e tr\u00e8s agit\u00e9e,\u00a0 le calme est revenu"},"content":{"rendered":"<p>La population de la ville de Butembo au Nord-Kivu s&#8217;est r\u00e9veill\u00e9e sous le retentissement des couts de balles t\u00f4t le matin de ce mercredi 8 mai 2019 .<\/p>\n<p>Selon les sources locales ,les Mai Mai ont fait une incursion aux environs de 4 heure du matin en plein centre ville au rond-point soficom en direction de la route de la mairie de Butembo.<\/p>\n<p>La police et fardc sont intervenues pour couper court \u00e0 l&#8217;offensive des assaillants;\u00e0 peu de minutes seulement ,les forces loyalistes ont pris la situation sous contr\u00f4le .<\/p>\n<p>Le premier citoyen de la ville de Butembo, ma\u00eetre Sylvain Kandamanya lors de sa descente sur terrian pour constater le fait,annonce le bilan de 9 mort alors que le lieutenant de l&#8217;op\u00e9ration sokola1 dans le grand de la province du Nord-Kivu Mak Hazukayi parle de huit.<\/p>\n<p>Pour l&#8217;instant les activit\u00e9s commerciales reprennent petit \u00e0 petit apr\u00e8s la sortie m\u00e9diatique du maire de Butembo rassurant \u00e0 la population que rien est \u00e0 craindre et que la police et fardc contre d\u00e9j\u00e0 la zone.<\/p>\n<p><strong><em>Lyriciste Fabrice<\/em><\/strong><\/p>\n","protected":false},"excerpt":{"rendered":"<p>La population de la ville de Butembo au Nord-Kivu s&#8217;est r\u00e9veill\u00e9e sous le retentissement des couts de balles t\u00f4t le matin de ce mercredi 8 mai 2019 . Selon les<\/p>\n","protected":false},"author":14,"featured_media":3134,"comment_status":"open","ping_status":"open","sticky":false,"template":"","format":"standard","meta":{"footnotes":""},"categories":[1,9],"tags":[],"class_list":["post-3136","post","type-post","status-publish","format-standard","has-post-thumbnail","hentry","category-actualite","category-societe"],"yoast_head":"<!-- This site is optimized with the Yoast SEO plugin v27.3 - https:\/\/yoast.com\/product\/yoast-seo-wordpress\/ -->\n<title>Butembo: apr\u00e8s une matin\u00e9e tr\u00e8s agit\u00e9e,\u00a0 le calme est revenu - LES VOLCANS NEWS<\/title>\n<meta name=\"robots\" content=\"index, follow, max-snippet:-1, max-image-preview:large, max-video-preview:-1\" \/>\n<link rel=\"canonical\" href=\"https:\/\/lesvolcansnews.net\/?p=3136\" \/>\n<meta property=\"og:locale\" content=\"fr_FR\" \/>\n<meta property=\"og:type\" content=\"article\" \/>\n<meta property=\"og:title\" content=\"Butembo: apr\u00e8s une matin\u00e9e tr\u00e8s agit\u00e9e,\u00a0 le calme est revenu - LES VOLCANS NEWS\" \/>\n<meta property=\"og:description\" content=\"La population de la ville de Butembo au Nord-Kivu s&#8217;est r\u00e9veill\u00e9e sous le retentissement des couts de balles t\u00f4t le matin de ce mercredi 8 mai 2019 . Selon les\" \/>\n<meta property=\"og:url\" content=\"https:\/\/lesvolcansnews.net\/?p=3136\" \/>\n<meta property=\"og:site_name\" content=\"LES VOLCANS NEWS\" \/>\n<meta property=\"article:published_time\" content=\"2019-05-08T17:05:47+00:00\" \/>\n<meta property=\"og:image\" content=\"https:\/\/i0.wp.com\/lesvolcansnews.net\/wp-content\/uploads\/2019\/05\/img-20190508-wa00391440915127.jpg?fit=1040%2C780&ssl=1\" \/>\n\t<meta property=\"og:image:width\" content=\"1040\" \/>\n\t<meta property=\"og:image:height\" content=\"780\" \/>\n\t<meta property=\"og:image:type\" content=\"image\/jpeg\" \/>\n<meta name=\"author\" content=\"R\u00e9daction - Les Volcans News\" \/>\n<meta name=\"twitter:card\" content=\"summary_large_image\" \/>\n<meta name=\"twitter:label1\" content=\"\u00c9crit par\" \/>\n\t<meta name=\"twitter:data1\" content=\"R\u00e9daction - Les Volcans News\" \/>\n\t<meta name=\"twitter:label2\" content=\"Dur\u00e9e de lecture estim\u00e9e\" \/>\n\t<meta name=\"twitter:data2\" content=\"1 minute\" \/>\n<script type=\"application\/ld+json\" class=\"yoast-schema-graph\">{\"@context\":\"https:\\\/\\\/schema.org\",\"@graph\":[{\"@type\":\"Article\",\"@id\":\"https:\\\/\\\/lesvolcansnews.net\\\/?p=3136#article\",\"isPartOf\":{\"@id\":\"https:\\\/\\\/lesvolcansnews.net\\\/?p=3136\"},\"author\":{\"name\":\"R\u00e9daction - Les Volcans News\",\"@id\":\"https:\\\/\\\/lesvolcansnews.net\\\/#\\\/schema\\\/person\\\/82c8bed2e77879ecf6cca63441f57354\"},\"headline\":\"Butembo: apr\u00e8s une matin\u00e9e tr\u00e8s agit\u00e9e,\u00a0 le calme est revenu\",\"datePublished\":\"2019-05-08T17:05:47+00:00\",\"mainEntityOfPage\":{\"@id\":\"https:\\\/\\\/lesvolcansnews.net\\\/?p=3136\"},\"wordCount\":193,\"commentCount\":0,\"image\":{\"@id\":\"https:\\\/\\\/lesvolcansnews.net\\\/?p=3136#primaryimage\"},\"thumbnailUrl\":\"https:\\\/\\\/lesvolcansnews.net\\\/wp-content\\\/uploads\\\/2019\\\/05\\\/img-20190508-wa00391440915127.jpg\",\"articleSection\":[\"ACTUALIT\u00c9\",\"SOCIET\u00c9\"],\"inLanguage\":\"fr-FR\",\"potentialAction\":[{\"@type\":\"CommentAction\",\"name\":\"Comment\",\"target\":[\"https:\\\/\\\/lesvolcansnews.net\\\/?p=3136#respond\"]}]},{\"@type\":\"WebPage\",\"@id\":\"https:\\\/\\\/lesvolcansnews.net\\\/?p=3136\",\"url\":\"https:\\\/\\\/lesvolcansnews.net\\\/?p=3136\",\"name\":\"Butembo: apr\u00e8s une matin\u00e9e tr\u00e8s agit\u00e9e,\u00a0 le calme est revenu - LES VOLCANS NEWS\",\"isPartOf\":{\"@id\":\"https:\\\/\\\/lesvolcansnews.net\\\/#website\"},\"primaryImageOfPage\":{\"@id\":\"https:\\\/\\\/lesvolcansnews.net\\\/?p=3136#primaryimage\"},\"image\":{\"@id\":\"https:\\\/\\\/lesvolcansnews.net\\\/?p=3136#primaryimage\"},\"thumbnailUrl\":\"https:\\\/\\\/lesvolcansnews.net\\\/wp-content\\\/uploads\\\/2019\\\/05\\\/img-20190508-wa00391440915127.jpg\",\"datePublished\":\"2019-05-08T17:05:47+00:00\",\"author\":{\"@id\":\"https:\\\/\\\/lesvolcansnews.net\\\/#\\\/schema\\\/person\\\/82c8bed2e77879ecf6cca63441f57354\"},\"breadcrumb\":{\"@id\":\"https:\\\/\\\/lesvolcansnews.net\\\/?p=3136#breadcrumb\"},\"inLanguage\":\"fr-FR\",\"potentialAction\":[{\"@type\":\"ReadAction\",\"target\":[\"https:\\\/\\\/lesvolcansnews.net\\\/?p=3136\"]}]},{\"@type\":\"ImageObject\",\"inLanguage\":\"fr-FR\",\"@id\":\"https:\\\/\\\/lesvolcansnews.net\\\/?p=3136#primaryimage\",\"url\":\"https:\\\/\\\/lesvolcansnews.net\\\/wp-content\\\/uploads\\\/2019\\\/05\\\/img-20190508-wa00391440915127.jpg\",\"contentUrl\":\"https:\\\/\\\/lesvolcansnews.net\\\/wp-content\\\/uploads\\\/2019\\\/05\\\/img-20190508-wa00391440915127.jpg\",\"width\":1040,\"height\":780},{\"@type\":\"BreadcrumbList\",\"@id\":\"https:\\\/\\\/lesvolcansnews.net\\\/?p=3136#breadcrumb\",\"itemListElement\":[{\"@type\":\"ListItem\",\"position\":1,\"name\":\"Accueil\",\"item\":\"https:\\\/\\\/lesvolcansnews.net\\\/\"},{\"@type\":\"ListItem\",\"position\":2,\"name\":\"Butembo: apr\u00e8s une matin\u00e9e tr\u00e8s agit\u00e9e,\u00a0 le calme est revenu\"}]},{\"@type\":\"WebSite\",\"@id\":\"https:\\\/\\\/lesvolcansnews.net\\\/#website\",\"url\":\"https:\\\/\\\/lesvolcansnews.net\\\/\",\"name\":\"LES VOLCANS NEWS\",\"description\":\"L&#039;INFORMATION C&#039;EST NOUS\",\"potentialAction\":[{\"@type\":\"SearchAction\",\"target\":{\"@type\":\"EntryPoint\",\"urlTemplate\":\"https:\\\/\\\/lesvolcansnews.net\\\/?s={search_term_string}\"},\"query-input\":{\"@type\":\"PropertyValueSpecification\",\"valueRequired\":true,\"valueName\":\"search_term_string\"}}],\"inLanguage\":\"fr-FR\"},{\"@type\":\"Person\",\"@id\":\"https:\\\/\\\/lesvolcansnews.net\\\/#\\\/schema\\\/person\\\/82c8bed2e77879ecf6cca63441f57354\",\"name\":\"R\u00e9daction - Les Volcans News\",\"image\":{\"@type\":\"ImageObject\",\"inLanguage\":\"fr-FR\",\"@id\":\"https:\\\/\\\/secure.gravatar.com\\\/avatar\\\/8408942dd851e8a9c09f3d382a661bc05d2b3cd9002139bc1795b9528cdc6c80?s=96&d=mm&r=g\",\"url\":\"https:\\\/\\\/secure.gravatar.com\\\/avatar\\\/8408942dd851e8a9c09f3d382a661bc05d2b3cd9002139bc1795b9528cdc6c80?s=96&d=mm&r=g\",\"contentUrl\":\"https:\\\/\\\/secure.gravatar.com\\\/avatar\\\/8408942dd851e8a9c09f3d382a661bc05d2b3cd9002139bc1795b9528cdc6c80?s=96&d=mm&r=g\",\"caption\":\"R\u00e9daction - Les Volcans News\"},\"url\":\"https:\\\/\\\/lesvolcansnews.net\\\/?author=14\"}]}<\/script>\n<!-- \/ Yoast SEO plugin. -->","yoast_head_json":{"title":"Butembo: apr\u00e8s une matin\u00e9e tr\u00e8s agit\u00e9e,\u00a0 le calme est revenu - LES VOLCANS NEWS","robots":{"index":"index","follow":"follow","max-snippet":"max-snippet:-1","max-image-preview":"max-image-preview:large","max-video-preview":"max-video-preview:-1"},"canonical":"https:\/\/lesvolcansnews.net\/?p=3136","og_locale":"fr_FR","og_type":"article","og_title":"Butembo: apr\u00e8s une matin\u00e9e tr\u00e8s agit\u00e9e,\u00a0 le calme est revenu - LES VOLCANS NEWS","og_description":"La population de la ville de Butembo au Nord-Kivu s&#8217;est r\u00e9veill\u00e9e sous le retentissement des couts de balles t\u00f4t le matin de ce mercredi 8 mai 2019 . Selon les","og_url":"https:\/\/lesvolcansnews.net\/?p=3136","og_site_name":"LES VOLCANS NEWS","article_published_time":"2019-05-08T17:05:47+00:00","og_image":[{"width":1040,"height":780,"url":"https:\/\/i0.wp.com\/lesvolcansnews.net\/wp-content\/uploads\/2019\/05\/img-20190508-wa00391440915127.jpg?fit=1040%2C780&ssl=1","type":"image\/jpeg"}],"author":"R\u00e9daction - Les Volcans News","twitter_card":"summary_large_image","twitter_misc":{"\u00c9crit par":"R\u00e9daction - Les Volcans News","Dur\u00e9e de lecture estim\u00e9e":"1 minute"},"schema":{"@context":"https:\/\/schema.org","@graph":[{"@type":"Article","@id":"https:\/\/lesvolcansnews.net\/?p=3136#article","isPartOf":{"@id":"https:\/\/lesvolcansnews.net\/?p=3136"},"author":{"name":"R\u00e9daction - Les Volcans News","@id":"https:\/\/lesvolcansnews.net\/#\/schema\/person\/82c8bed2e77879ecf6cca63441f57354"},"headline":"Butembo: apr\u00e8s une matin\u00e9e tr\u00e8s agit\u00e9e,\u00a0 le calme est revenu","datePublished":"2019-05-08T17:05:47+00:00","mainEntityOfPage":{"@id":"https:\/\/lesvolcansnews.net\/?p=3136"},"wordCount":193,"commentCount":0,"image":{"@id":"https:\/\/lesvolcansnews.net\/?p=3136#primaryimage"},"thumbnailUrl":"https:\/\/lesvolcansnews.net\/wp-content\/uploads\/2019\/05\/img-20190508-wa00391440915127.jpg","articleSection":["ACTUALIT\u00c9","SOCIET\u00c9"],"inLanguage":"fr-FR","potentialAction":[{"@type":"CommentAction","name":"Comment","target":["https:\/\/lesvolcansnews.net\/?p=3136#respond"]}]},{"@type":"WebPage","@id":"https:\/\/lesvolcansnews.net\/?p=3136","url":"https:\/\/lesvolcansnews.net\/?p=3136","name":"Butembo: apr\u00e8s une matin\u00e9e tr\u00e8s agit\u00e9e,\u00a0 le calme est revenu - LES VOLCANS NEWS","isPartOf":{"@id":"https:\/\/lesvolcansnews.net\/#website"},"primaryImageOfPage":{"@id":"https:\/\/lesvolcansnews.net\/?p=3136#primaryimage"},"image":{"@id":"https:\/\/lesvolcansnews.net\/?p=3136#primaryimage"},"thumbnailUrl":"https:\/\/lesvolcansnews.net\/wp-content\/uploads\/2019\/05\/img-20190508-wa00391440915127.jpg","datePublished":"2019-05-08T17:05:47+00:00","author":{"@id":"https:\/\/lesvolcansnews.net\/#\/schema\/person\/82c8bed2e77879ecf6cca63441f57354"},"breadcrumb":{"@id":"https:\/\/lesvolcansnews.net\/?p=3136#breadcrumb"},"inLanguage":"fr-FR","potentialAction":[{"@type":"ReadAction","target":["https:\/\/lesvolcansnews.net\/?p=3136"]}]},{"@type":"ImageObject","inLanguage":"fr-FR","@id":"https:\/\/lesvolcansnews.net\/?p=3136#primaryimage","url":"https:\/\/lesvolcansnews.net\/wp-content\/uploads\/2019\/05\/img-20190508-wa00391440915127.jpg","contentUrl":"https:\/\/lesvolcansnews.net\/wp-content\/uploads\/2019\/05\/img-20190508-wa00391440915127.jpg","width":1040,"height":780},{"@type":"BreadcrumbList","@id":"https:\/\/lesvolcansnews.net\/?p=3136#breadcrumb","itemListElement":[{"@type":"ListItem","position":1,"name":"Accueil","item":"https:\/\/lesvolcansnews.net\/"},{"@type":"ListItem","position":2,"name":"Butembo: apr\u00e8s une matin\u00e9e tr\u00e8s agit\u00e9e,\u00a0 le calme est revenu"}]},{"@type":"WebSite","@id":"https:\/\/lesvolcansnews.net\/#website","url":"https:\/\/lesvolcansnews.net\/","name":"LES VOLCANS NEWS","description":"L&#039;INFORMATION C&#039;EST NOUS","potentialAction":[{"@type":"SearchAction","target":{"@type":"EntryPoint","urlTemplate":"https:\/\/lesvolcansnews.net\/?s={search_term_string}"},"query-input":{"@type":"PropertyValueSpecification","valueRequired":true,"valueName":"search_term_string"}}],"inLanguage":"fr-FR"},{"@type":"Person","@id":"https:\/\/lesvolcansnews.net\/#\/schema\/person\/82c8bed2e77879ecf6cca63441f57354","name":"R\u00e9daction - Les Volcans News","image":{"@type":"ImageObject","inLanguage":"fr-FR","@id":"https:\/\/secure.gravatar.com\/avatar\/8408942dd851e8a9c09f3d382a661bc05d2b3cd9002139bc1795b9528cdc6c80?s=96&d=mm&r=g","url":"https:\/\/secure.gravatar.com\/avatar\/8408942dd851e8a9c09f3d382a661bc05d2b3cd9002139bc1795b9528cdc6c80?s=96&d=mm&r=g","contentUrl":"https:\/\/secure.gravatar.com\/avatar\/8408942dd851e8a9c09f3d382a661bc05d2b3cd9002139bc1795b9528cdc6c80?s=96&d=mm&r=g","caption":"R\u00e9daction - Les Volcans News"},"url":"https:\/\/lesvolcansnews.net\/?author=14"}]}},"_links":{"self":[{"href":"https:\/\/lesvolcansnews.net\/index.php?rest_route=\/wp\/v2\/posts\/3136","targetHints":{"allow":["GET"]}}],"collection":[{"href":"https:\/\/lesvolcansnews.net\/index.php?rest_route=\/wp\/v2\/posts"}],"about":[{"href":"https:\/\/lesvolcansnews.net\/index.php?rest_route=\/wp\/v2\/types\/post"}],"author":[{"embeddable":true,"href":"https:\/\/lesvolcansnews.net\/index.php?rest_route=\/wp\/v2\/users\/14"}],"replies":[{"embeddable":true,"href":"https:\/\/lesvolcansnews.net\/index.php?rest_route=%2Fwp%2Fv2%2Fcomments&post=3136"}],"version-history":[{"count":0,"href":"https:\/\/lesvolcansnews.net\/index.php?rest_route=\/wp\/v2\/posts\/3136\/revisions"}],"wp:featuredmedia":[{"embeddable":true,"href":"https:\/\/lesvolcansnews.net\/index.php?rest_route=\/wp\/v2\/media\/3134"}],"wp:attachment":[{"href":"https:\/\/lesvolcansnews.net\/index.php?rest_route=%2Fwp%2Fv2%2Fmedia&parent=3136"}],"wp:term":[{"taxonomy":"category","embeddable":true,"href":"https:\/\/lesvolcansnews.net\/index.php?rest_route=%2Fwp%2Fv2%2Fcategories&post=3136"},{"taxonomy":"post_tag","embeddable":true,"href":"https:\/\/lesvolcansnews.net\/index.php?rest_route=%2Fwp%2Fv2%2Ftags&post=3136"}],"curies":[{"name":"wp","href":"https:\/\/api.w.org\/{rel}","templated":true}]}}